{"id":73496,"date":"2019-03-25T19:26:20","date_gmt":"2019-03-25T22:26:20","guid":{"rendered":"https:\/\/www.jornalja.com.br\/?p=73496"},"modified":"2019-03-25T19:26:20","modified_gmt":"2019-03-25T22:26:20","slug":"morte-de-abelhas-desencadeia-novo-ciclo-do-ambientalismo","status":"publish","type":"post","link":"https:\/\/www.jornalja.com.br\/ambiente\/morte-de-abelhas-desencadeia-novo-ciclo-do-ambientalismo\/","title":{"rendered":"Morte de abelhas desencadeia novo ciclo do ambientalismo"},"content":{"rendered":"<p>Trinta institui\u00e7\u00f5es apoiam o semin\u00e1rio sobre apicultura e agrot\u00f3xicos convocado para a tarde desta quinta-feira (28\/3) em Mata, o munic\u00edpio ga\u00facho mais atingido pela mortandade de abelhas por agrot\u00f3xicos no \u00faltimo ver\u00e3o.<br \/>\nMata, na regi\u00e3o de Santa Maria, tem 5 mil habitantes e fica a 380 km de Porto Alegre. O semin\u00e1rio \u00e9 aberto a interven\u00e7\u00f5es populares, o que o caracteriza como uma audi\u00eancia p\u00fablica.<br \/>\nEst\u00e3o programados relatos e manifesta\u00e7\u00f5es de apicultores, pesquisadores e representantes de \u00f3rg\u00e3os oficiais como a Embrapa e o Minist\u00e9rio da Agricultura. No final, est\u00e1 prevista a funda\u00e7\u00e3o da Apisbio (Articula\u00e7\u00e3o para a Preserva\u00e7\u00e3o da Integridade dos Seres), a mais nova entidade ambiental do pa\u00eds, voltada especialmente para a preserva\u00e7\u00e3o das abelhas como vetor da manuten\u00e7\u00e3o da biodiversidade.<br \/>\nNo encerramento, \u00e0s 18 horas, ser\u00e1 entregue ao Minist\u00e9rio P\u00fablico Estadual o documento oficializando a den\u00fancia da mortandade de abelhas por um cons\u00f3rcio de agricultores usu\u00e1rios de agrot\u00f3xicos fabricados pela ind\u00fastria qu\u00edmica multinacional, vendidos no Estado por 1500 comerciantes de produtos agropecu\u00e1rios e aplicados por empresas de avia\u00e7\u00e3o agr\u00edcola e pe\u00f5es agr\u00edcolas mediante autoriza\u00e7\u00e3o de engenheiros agr\u00f4nomos, a quem cabe assinar as respectivas receitas.<br \/>\nA mortandade das abelhas est\u00e1 abrindo um novo ciclo no movimento ambientalista do Sul. \u00c9 um ciclo mais t\u00e9cnico do que o anterior, liderado pela ONG Amigos da Terra, h\u00e1 15 anos, contra a monocultura do eucalipto. E desta vez, al\u00e9m do apoio de uma institui\u00e7\u00e3o banc\u00e1ria (Sicredi), h\u00e1 novas ferramentais de divulga\u00e7\u00e3o: o encontro de Mata a partir de 13h30m ser\u00e1 transmitido pelo site do Coletivo Catarse no Facebook.<\/p>\n","protected":false},"excerpt":{"rendered":"<p>Trinta institui\u00e7\u00f5es apoiam o semin\u00e1rio sobre apicultura e agrot\u00f3xicos convocado para a tarde desta quinta-feira (28\/3) em Mata, o munic\u00edpio ga\u00facho mais atingido pela mortandade de abelhas por agrot\u00f3xicos no \u00faltimo ver\u00e3o. Mata, na regi\u00e3o de Santa Maria, tem 5 mil habitantes e fica a 380 km de Porto Alegre. O semin\u00e1rio \u00e9 aberto a [&hellip;]<\/p>\n","protected":false},"author":8,"featured_media":71090,"comment_status":"open","ping_status":"closed","sticky":false,"template":"","format":"standard","meta":{"jetpack_post_was_ever_published":false,"_jetpack_newsletter_access":"","_jetpack_dont_email_post_to_subs":false,"_jetpack_newsletter_tier_id":0,"_jetpack_memberships_contains_paywalled_content":false,"_jetpack_memberships_contains_paid_content":false,"footnotes":"","jetpack_publicize_message":"","jetpack_publicize_feature_enabled":true,"jetpack_social_post_already_shared":true,"jetpack_social_options":{"image_generator_settings":{"template":"highway","default_image_id":0,"font":"","enabled":false},"version":2}},"categories":[4],"tags":[90,91,92,82,23,95,57,141],"class_list":["post-73496","post","type-post","status-publish","format-standard","has-post-thumbnail","hentry","category-ambiente-geral","tag-abelhas","tag-agricultura","tag-agrotoxicos","tag-biodiversidade","tag-embrapa","tag-mortandade-de-abelhas","tag-porto-alegre","tag-rios"],"aioseo_notices":[],"jetpack_publicize_connections":[],"jetpack_featured_media_url":"","jetpack-related-posts":[{"id":76379,"url":"https:\/\/www.jornalja.com.br\/ambiente\/mp-pede-suspensao-do-inseticida-responsavel-por-mortandade-de-abelhas-no-estado\/","url_meta":{"origin":73496,"position":0},"title":"MP pede suspens\u00e3o do inseticida respons\u00e1vel por mortandade de abelhas no Estado","author":"Carlos Matsubara","date":"15 de agosto de 2019","format":false,"excerpt":"A Promotoria de Justi\u00e7a de Defesa do Meio Ambiente de Porto Alegre encaminhou nesta quarta-feira, 14, pedido para que o Governo do Estado avalie a possibilidade de restri\u00e7\u00e3o do uso do inseticida Fipronil, na modalidade foliar, no RS, atrav\u00e9s da suspens\u00e3o provis\u00f3ria do registro do produto no Cadastro Estadual de\u2026","rel":"","context":"Em &quot;Ambiente J\u00c1-MAT\u00c9RIA&quot;","block_context":{"text":"Ambiente J\u00c1-MAT\u00c9RIA","link":"https:\/\/www.jornalja.com.br\/ambiente\/category\/ambiente-geral\/"},"img":{"alt_text":"","src":"","width":0,"height":0},"classes":[]},{"id":73571,"url":"https:\/\/www.jornalja.com.br\/ambiente\/morte-das-abelhas-apicultores-querem-levar-agrotoxicos-a-justica\/","url_meta":{"origin":73496,"position":1},"title":"Morte das abelhas: apicultores querem levar agrot\u00f3xicos \u00e0 Justi\u00e7a","author":"Geraldo Hasse","date":"28 de mar\u00e7o de 2019","format":false,"excerpt":"Em evento in\u00e9dito no CTG Cancela da Tradi\u00e7\u00e3o, de Mata, mais de uma centena de apicultores do centro-oeste ga\u00facho prejudicados por venenos agr\u00edcolas autorizaram um grupo de ativistas ambientais e entidades t\u00e9cnicas a processar judicialmente usu\u00e1rios, comerciantes e fabricantes de agrot\u00f3xicos. \u201cEstamos aqui para dar o pontap\u00e9 inicial numa briga\u2026","rel":"","context":"Em &quot;Ambiente J\u00c1-MAT\u00c9RIA&quot;","block_context":{"text":"Ambiente J\u00c1-MAT\u00c9RIA","link":"https:\/\/www.jornalja.com.br\/ambiente\/category\/ambiente-geral\/"},"img":{"alt_text":"","src":"","width":0,"height":0},"classes":[]},{"id":73506,"url":"https:\/\/www.jornalja.com.br\/ambiente\/sebastiao-pinheiro-alerta-para-a-totemizacao-do-veneno-agricola\/","url_meta":{"origin":73496,"position":2},"title":"Sebasti\u00e3o Pinheiro alerta para a &quot;totemiza\u00e7\u00e3o do veneno agr\u00edcola&quot;","author":"Geraldo Hasse","date":"26 de mar\u00e7o de 2019","format":false,"excerpt":"Em evento promovido pela Agapan, o ativista ecol\u00f3gico Sebasti\u00e3o Pinheiro foi aplaudido de p\u00e9 por mais de 200 pessoas reunidas na noite de segunda-feira (25\/3) no audit\u00f3rio da Faculdade de Arquitetura no campus central da UFGRS em Porto Alegre. Ap\u00f3s sua palestra sobre o poder dos agrot\u00f3xicos no Brasil e\u2026","rel":"","context":"Em &quot;Ambiente J\u00c1-MAT\u00c9RIA&quot;","block_context":{"text":"Ambiente J\u00c1-MAT\u00c9RIA","link":"https:\/\/www.jornalja.com.br\/ambiente\/category\/ambiente-geral\/"},"img":{"alt_text":"","src":"","width":0,"height":0},"classes":[]},{"id":77532,"url":"https:\/\/www.jornalja.com.br\/ambiente\/agrotoxicos-e-celulares-fazem-mal-a-saude-diz-agapan\/","url_meta":{"origin":73496,"position":3},"title":"A morte de abelhas por agrot\u00f3xicos e os riscos do celular no debate da Agapan","author":"Geraldo Hasse","date":"17 de setembro de 2019","format":false,"excerpt":"O risco \u00e0 sa\u00fade humana oferecido pelas esta\u00e7\u00f5es de r\u00e1dio-base de telefonia celular \u00e9 compar\u00e1vel \u00e0 contamina\u00e7\u00e3o dos alimentos e do meio ambiente por agrot\u00f3xicos, segundo a farmac\u00eautica\u00a0Ana Maria Dait Valls Atz,\u00a0conselheira da Agapan que atuou como mediadora do evento que na noite de segunda (19) reuniu 52 pessoas no\u2026","rel":"","context":"Em &quot;Ambiente J\u00c1-MAT\u00c9RIA&quot;","block_context":{"text":"Ambiente J\u00c1-MAT\u00c9RIA","link":"https:\/\/www.jornalja.com.br\/ambiente\/category\/ambiente-geral\/"},"img":{"alt_text":"","src":"","width":0,"height":0},"classes":[]},{"id":77518,"url":"https:\/\/www.jornalja.com.br\/ambiente\/governo-autoriza-mais-63-agrotoxicos-sendo-7-novos-total-de-registros-em-2019-chega-a-325\/","url_meta":{"origin":73496,"position":4},"title":"Governo autoriza mais 63 agrot\u00f3xicos, sendo 7 novos; total de registros em 2019 chega a 325","author":"da Reda\u00e7\u00e3o","date":"17 de setembro de 2019","format":false,"excerpt":"\u00a0 O Minist\u00e9rio da Agricultura registrou nesta ter\u00e7a-feira (17) mais 63 agrot\u00f3xicos. Desse total, 2 s\u00e3o princ\u00edpios ativos (que servir\u00e3o de base para produtos in\u00e9ditos) e 5 s\u00e3o novos produtos que estar\u00e3o \u00e0 venda. Os demais 56 s\u00e3o gen\u00e9ricos de pesticidas que j\u00e1 existem no mercado. As autoriza\u00e7\u00f5es foram publicadas\u2026","rel":"","context":"Em &quot;Ambiente J\u00c1-MAT\u00c9RIA&quot;","block_context":{"text":"Ambiente J\u00c1-MAT\u00c9RIA","link":"https:\/\/www.jornalja.com.br\/ambiente\/category\/ambiente-geral\/"},"img":{"alt_text":"","src":"https:\/\/i0.wp.com\/www.jornalja.com.br\/wp-content\/uploads\/2019\/09\/registro-agrotoxicos-brasil-2--287x450.jpg?resize=350%2C200&ssl=1","width":350,"height":200},"classes":[]},{"id":82401,"url":"https:\/\/www.jornalja.com.br\/ambiente\/mais-de-90-da-polinizacao-do-acai-e-realizada-por-abelhas-da-amazonia\/","url_meta":{"origin":73496,"position":5},"title":"Mais de 90% da poliniza\u00e7\u00e3o do a\u00e7a\u00ed \u00e9 realizada por abelhas da Amaz\u00f4nia","author":"da Reda\u00e7\u00e3o","date":"4 de julho de 2020","format":false,"excerpt":"As abelhas nativas s\u00e3o os principais polinizadores do a\u00e7a\u00ed. \u00c9 o que afirma um estudo que acaba de ser publicado na revista cient\u00edfica Neotropical Entomology pela Embrapa em parceria com a Universidade Federal do Par\u00e1 e Universidade Federal Rural da Amaz\u00f4nia (UFRA). O trabalho mostra que elas representam mais de\u2026","rel":"","context":"Em &quot;Ambiente J\u00c1-NOTAS&quot;","block_context":{"text":"Ambiente J\u00c1-NOTAS","link":"https:\/\/www.jornalja.com.br\/ambiente\/category\/notas-ambiente-ja\/"},"img":{"alt_text":"","src":"https:\/\/i0.wp.com\/www.jornalja.com.br\/ambiente\/wp-content\/uploads\/sites\/3\/2020\/08\/2020-sem-data-arte-visitantes-florais-polinizacao-do-acai.jpg?resize=350%2C200&ssl=1","width":350,"height":200,"srcset":"https:\/\/i0.wp.com\/www.jornalja.com.br\/ambiente\/wp-content\/uploads\/sites\/3\/2020\/08\/2020-sem-data-arte-visitantes-florais-polinizacao-do-acai.jpg?resize=350%2C200&ssl=1 1x, https:\/\/i0.wp.com\/www.jornalja.com.br\/ambiente\/wp-content\/uploads\/sites\/3\/2020\/08\/2020-sem-data-arte-visitantes-florais-polinizacao-do-acai.jpg?resize=525%2C300&ssl=1 1.5x, https:\/\/i0.wp.com\/www.jornalja.com.br\/ambiente\/wp-content\/uploads\/sites\/3\/2020\/08\/2020-sem-data-arte-visitantes-florais-polinizacao-do-acai.jpg?resize=700%2C400&ssl=1 2x"},"classes":[]}],"jetpack_shortlink":"https:\/\/wp.me\/pbKnZo-j7q","jetpack_sharing_enabled":true,"_links":{"self":[{"href":"https:\/\/www.jornalja.com.br\/ambiente\/wp-json\/wp\/v2\/posts\/73496","targetHints":{"allow":["GET"]}}],"collection":[{"href":"https:\/\/www.jornalja.com.br\/ambiente\/wp-json\/wp\/v2\/posts"}],"about":[{"href":"https:\/\/www.jornalja.com.br\/ambiente\/wp-json\/wp\/v2\/types\/post"}],"author":[{"embeddable":true,"href":"https:\/\/www.jornalja.com.br\/ambiente\/wp-json\/wp\/v2\/users\/8"}],"replies":[{"embeddable":true,"href":"https:\/\/www.jornalja.com.br\/ambiente\/wp-json\/wp\/v2\/comments?post=73496"}],"version-history":[{"count":0,"href":"https:\/\/www.jornalja.com.br\/ambiente\/wp-json\/wp\/v2\/posts\/73496\/revisions"}],"wp:featuredmedia":[{"embeddable":true,"href":"https:\/\/www.jornalja.com.br\/ambiente\/wp-json\/"}],"wp:attachment":[{"href":"https:\/\/www.jornalja.com.br\/ambiente\/wp-json\/wp\/v2\/media?parent=73496"}],"wp:term":[{"taxonomy":"category","embeddable":true,"href":"https:\/\/www.jornalja.com.br\/ambiente\/wp-json\/wp\/v2\/categories?post=73496"},{"taxonomy":"post_tag","embeddable":true,"href":"https:\/\/www.jornalja.com.br\/ambiente\/wp-json\/wp\/v2\/tags?post=73496"}],"curies":[{"name":"wp","href":"https:\/\/api.w.org\/{rel}","templated":true}]}}