{"id":74239,"date":"2019-04-25T08:49:22","date_gmt":"2019-04-25T11:49:22","guid":{"rendered":"https:\/\/www.jornalja.com.br\/?p=74239"},"modified":"2019-04-25T08:49:22","modified_gmt":"2019-04-25T11:49:22","slug":"pesquisa-detecta-presenca-de-agrotoxicos-na-agua-de-1-400-municipios","status":"publish","type":"post","link":"https:\/\/www.jornalja.com.br\/ambiente\/pesquisa-detecta-presenca-de-agrotoxicos-na-agua-de-1-400-municipios\/","title":{"rendered":"Pesquisa detecta presen\u00e7a de agrot\u00f3xicos na \u00e1gua de 1.400 munic\u00edpios"},"content":{"rendered":"<p class=\" \">A \u00e1gua consumida pelo brasileiro est\u00e1 cada vez mais envenenada. \u00c9 o que revelam dados do Minist\u00e9rio da Sa\u00fade compilados pela ONG Rep\u00f3rter Brasil, pela Ag\u00eancia P\u00fablica\u00a0e a organiza\u00e7\u00e3o su\u00ed\u00e7a Public Eye, que apontaram a\u00a0<a class=\"internal-link\" title=\"\" href=\"http:\/\/www.redebrasilatual.com.br\/saude\/2019\/04\/em-santa-catarina-residuos-de-agrotoxicos-sao-encontrados-em-agua-para-abastecimento\" target=\"_blank\" rel=\"noopener noreferrer\">presen\u00e7a de agrot\u00f3xicos na \u00e1gua<\/a>\u00a0de uma em cada quatro cidades do pa\u00eds.<\/p>\n<p class=\" \">Com base em amostras das empresas de abastecimento de\u00a0<a class=\"external-link\" title=\"\" href=\"http:\/\/portrasdoalimento.info\/agrotoxico-na-agua\/\" target=\"_blank\" rel=\"noopener noreferrer\">1.396 munic\u00edpios<\/a>, 27 pesticidas foram detectados sendo que, desse total, 16 est\u00e3o classificados pela Ag\u00eancia Nacional de Vigil\u00e2ncia Sanit\u00e1ria (Anvisa) como altamente t\u00f3xicos e 11 s\u00e3o associados ao desenvolvimento de doen\u00e7as cr\u00f4nicas como c\u00e2ncer, malforma\u00e7\u00e3o fetal e disfun\u00e7\u00f5es hormonais e reprodutivas.<\/p>\n<p class=\" \">A\u00a0farmac\u00eautica e bioqu\u00edmica Eliane Gandolfi ressalta que h\u00e1 ainda outros\u00a0<a class=\"internal-link\" title=\"\" href=\"http:\/\/www.redebrasilatual.com.br\/ambiente\/2019\/03\/agrotoxicos-contaminam-agua-consumida-por-506-familias-em-assentamento-no-norte-do-rj\" target=\"_blank\" rel=\"noopener noreferrer\">riscos \u00e0 sa\u00fade da popula\u00e7\u00e3o<\/a>\u00a0que passam desde situa\u00e7\u00f5es agudas, com o consumo excessivo de venenos, prejudicando tamb\u00e9m a imunidade das pessoas e favorecendo o surgimento de alergias de dif\u00edcil tratamento pela literatura m\u00e9dica. &#8220;\u00c9 uma gama grande de problemas&#8221;, diz.<\/p>\n<p class=\" \">De acordo com o levantamento, o \u00edndice de<a class=\"internal-link\" title=\"\" href=\"http:\/\/www.redebrasilatual.com.br\/ambiente\/2019\/03\/2018rios-brasileiros-estao-por-um-triz2019-revela-estudo-da-sos-mata-atlantica\" target=\"_blank\" rel=\"noopener noreferrer\">\u00a0contamina\u00e7\u00e3o \u00e9 cada vez mais constante<\/a>, com um aumento significativo entre 2014 a 2017, per\u00edodo de an\u00e1lise das amostras de \u00e1gua. Em 2014, 75% dos testes detectaram agrot\u00f3xicos, \u00edndice que subiu para 84% em 2015, 88% em 2016, chegando a 92% no ano seguinte.<\/p>\n<p class=\" \">Ao menos 11 capitais apresentam ainda dados de contamina\u00e7\u00e3o m\u00faltipla, entre as quais a cidade de\u00a0<a class=\"internal-link\" title=\"\" href=\"http:\/\/www.redebrasilatual.com.br\/ambiente\/2019\/04\/sp-aprova-pacotinho-do-veneno-sem-ter-realizado-audiencias-publicas\" target=\"_blank\" rel=\"noopener noreferrer\">S\u00e3o Paulo<\/a>.<\/p>\n<p class=\" \">(Com informa\u00e7\u00f5es da RBA)<\/p>\n","protected":false},"excerpt":{"rendered":"<p>A \u00e1gua consumida pelo brasileiro est\u00e1 cada vez mais envenenada. \u00c9 o que revelam dados do Minist\u00e9rio da Sa\u00fade compilados pela ONG Rep\u00f3rter Brasil, pela Ag\u00eancia P\u00fablica\u00a0e a organiza\u00e7\u00e3o su\u00ed\u00e7a Public Eye, que apontaram a\u00a0presen\u00e7a de agrot\u00f3xicos na \u00e1gua\u00a0de uma em cada quatro cidades do pa\u00eds. Com base em amostras das empresas de abastecimento de\u00a01.396 [&hellip;]<\/p>\n","protected":false},"author":4,"featured_media":74240,"comment_status":"open","ping_status":"closed","sticky":false,"template":"","format":"standard","meta":{"jetpack_post_was_ever_published":false,"_jetpack_newsletter_access":"","_jetpack_dont_email_post_to_subs":false,"_jetpack_newsletter_tier_id":0,"_jetpack_memberships_contains_paywalled_content":false,"_jetpack_memberships_contains_paid_content":false,"footnotes":"","jetpack_publicize_message":"","jetpack_publicize_feature_enabled":true,"jetpack_social_post_already_shared":true,"jetpack_social_options":{"image_generator_settings":{"template":"highway","default_image_id":0,"font":"","enabled":false},"version":2}},"categories":[4],"tags":[92,59,8],"class_list":["post-74239","post","type-post","status-publish","format-standard","has-post-thumbnail","hentry","category-ambiente-geral","tag-agrotoxicos","tag-agua","tag-saude"],"aioseo_notices":[],"jetpack_publicize_connections":[],"jetpack_featured_media_url":"","jetpack-related-posts":[{"id":77751,"url":"https:\/\/www.jornalja.com.br\/ambiente\/aprovado-o-projeto-de-lei-floripa-zona-livre-de-agrotoxico\/","url_meta":{"origin":74239,"position":0},"title":"Aprovado o Projeto de Lei Floripa Zona Livre de Agrot\u00f3xico","author":"da Reda\u00e7\u00e3o","date":"25 de setembro de 2019","format":false,"excerpt":"\u00a0 Aprovado na C\u00e2mara de Vereadores de Florian\u00f3polis, o projeto de autoria do vereador Marcos Jos\u00e9 de Abreu - Marquito (PSOL), que define como Zona Livre de Agrot\u00f3xico a produ\u00e7\u00e3o agr\u00edcola, pecu\u00e1ria, extrativista e as pr\u00e1ticas de manejo dos recursos naturais na parte insular do munic\u00edpio. A proposi\u00e7\u00e3o vai de\u2026","rel":"","context":"Em &quot;Ambiente J\u00c1-MAT\u00c9RIA&quot;","block_context":{"text":"Ambiente J\u00c1-MAT\u00c9RIA","link":"https:\/\/www.jornalja.com.br\/ambiente\/category\/ambiente-geral\/"},"img":{"alt_text":"","src":"","width":0,"height":0},"classes":[]},{"id":82874,"url":"https:\/\/www.jornalja.com.br\/ambiente\/em-dois-anos-governo-ja-liberou-590-novos-agrotoxicos-para-uso-no-brasil\/","url_meta":{"origin":74239,"position":1},"title":"Em dois anos, governo j\u00e1 liberou 590 novos agrot\u00f3xicos para uso no Brasil","author":"da Reda\u00e7\u00e3o","date":"26 de fevereiro de 2021","format":false,"excerpt":"O Di\u00e1rio Oficial publicou nesta quinta-feira, 25, a lista dos 67 novos agrot\u00f3xicos, autorizados\u00a0 pela Ag\u00eancia Nacional de Vigil\u00e2ncia Sanit\u00e1ria (Anvisa), sete deles classificados como \"extremamente t\u00f3xicos\" Desde o in\u00edcio do governo Bolsonaro, 590 produtos com esta finalidade foram aprovados. O n\u00famero refere-se apenas aos artigos que podem ser vendidos\u2026","rel":"","context":"Em &quot;Ambiente J\u00c1-MAT\u00c9RIA&quot;","block_context":{"text":"Ambiente J\u00c1-MAT\u00c9RIA","link":"https:\/\/www.jornalja.com.br\/ambiente\/category\/ambiente-geral\/"},"img":{"alt_text":"","src":"https:\/\/i0.wp.com\/www.jornalja.com.br\/ambiente\/wp-content\/uploads\/sites\/3\/2021\/02\/agrotoxico-aviao.jpeg?resize=350%2C200&ssl=1","width":350,"height":200,"srcset":"https:\/\/i0.wp.com\/www.jornalja.com.br\/ambiente\/wp-content\/uploads\/sites\/3\/2021\/02\/agrotoxico-aviao.jpeg?resize=350%2C200&ssl=1 1x, https:\/\/i0.wp.com\/www.jornalja.com.br\/ambiente\/wp-content\/uploads\/sites\/3\/2021\/02\/agrotoxico-aviao.jpeg?resize=525%2C300&ssl=1 1.5x, https:\/\/i0.wp.com\/www.jornalja.com.br\/ambiente\/wp-content\/uploads\/sites\/3\/2021\/02\/agrotoxico-aviao.jpeg?resize=700%2C400&ssl=1 2x"},"classes":[]},{"id":83296,"url":"https:\/\/www.jornalja.com.br\/ambiente\/curso-livre-sobre-agrotoxicos-visa-fortalecer-a-vigilancia-popular-em-saude\/","url_meta":{"origin":74239,"position":2},"title":"Curso livre sobre agrot\u00f3xicos visa fortalecer a vigil\u00e2ncia popular em sa\u00fade","author":"da Reda\u00e7\u00e3o","date":"29 de julho de 2021","format":false,"excerpt":"Est\u00e3o abertas at\u00e9 31 de julho, s\u00e1bado, as inscri\u00e7\u00f5es para o Curso de Regula\u00e7\u00e3o dos Agrot\u00f3xicos - forma\u00e7\u00e3o em agrot\u00f3xicos para fortalecimento da vigil\u00e2ncia popular em sa\u00fade. O objetivo do curso \u00e9 dar a compreender o processo de regula\u00e7\u00e3o de agrot\u00f3xicos no Brasil e no mundo na perspectiva do contexto\u2026","rel":"","context":"Em &quot;Ambiente J\u00c1-MAT\u00c9RIA&quot;","block_context":{"text":"Ambiente J\u00c1-MAT\u00c9RIA","link":"https:\/\/www.jornalja.com.br\/ambiente\/category\/ambiente-geral\/"},"img":{"alt_text":"","src":"https:\/\/i0.wp.com\/www.jornalja.com.br\/ambiente\/wp-content\/uploads\/sites\/3\/2021\/07\/agrotoxicos-em-pedro-osorio-foto-mprs.jpg?resize=350%2C200&ssl=1","width":350,"height":200,"srcset":"https:\/\/i0.wp.com\/www.jornalja.com.br\/ambiente\/wp-content\/uploads\/sites\/3\/2021\/07\/agrotoxicos-em-pedro-osorio-foto-mprs.jpg?resize=350%2C200&ssl=1 1x, https:\/\/i0.wp.com\/www.jornalja.com.br\/ambiente\/wp-content\/uploads\/sites\/3\/2021\/07\/agrotoxicos-em-pedro-osorio-foto-mprs.jpg?resize=525%2C300&ssl=1 1.5x"},"classes":[]},{"id":75328,"url":"https:\/\/www.jornalja.com.br\/ambiente\/cereais-com-glifosato-pesquisa-deixa-americanos-em-alerta\/","url_meta":{"origin":74239,"position":3},"title":"Cereais contaminados no caf\u00e9 da manh\u00e3: pesquisa deixa americanos em alerta","author":"da Reda\u00e7\u00e3o","date":"13 de julho de 2019","format":false,"excerpt":"Vinte marcas de cereais matinais comercializadas nos Estados Unidos est\u00e3o contaminadas com glifosato em n\u00edveis mais altos do que o permitido para crian\u00e7as, segundo pesquisa feita pela ONG Environmental Work Group (EWG). O glifosato \u00e9 um agrot\u00f3xico alvo de a\u00e7\u00f5es judiciais sob a acusa\u00e7\u00e3o de ser\u00a0cancer\u00edgeno, estando ligado a alguns\u2026","rel":"","context":"Em &quot;Ambiente J\u00c1-MAT\u00c9RIA&quot;","block_context":{"text":"Ambiente J\u00c1-MAT\u00c9RIA","link":"https:\/\/www.jornalja.com.br\/ambiente\/category\/ambiente-geral\/"},"img":{"alt_text":"","src":"","width":0,"height":0},"classes":[]},{"id":76286,"url":"https:\/\/www.jornalja.com.br\/ambiente\/qualidade-da-agua-tratada-consumida-em-santa-catarina-foi-tema-de-reuniao-no-mpsc\/","url_meta":{"origin":74239,"position":4},"title":"Qualidade da \u00e1gua tratada consumida em Santa Catarina foi tema de reuni\u00e3o no MPSC","author":"Carlos Matsubara","date":"13 de agosto de 2019","format":false,"excerpt":"Objetivo foi dar continuidade \u00e0 articula\u00e7\u00e3o de 30 \u00f3rg\u00e3os que comp\u00f5em o Grupo de Trabalho \u00c1gua (GT \u00c1gua), para estabelecer a atua\u00e7\u00e3o em rede sobre temas espec\u00edficos de regula\u00e7\u00e3o, fiscaliza\u00e7\u00e3o, sistemas de informa\u00e7\u00e3o, diagn\u00f3stico e educa\u00e7\u00e3o. Os representantes dos \u00f3rg\u00e3os que comp\u00f5em o Grupo de Trabalho \u00c1gua (GT \u00c1gua), constitu\u00eddo\u2026","rel":"","context":"Em &quot;Ambiente J\u00c1-MAT\u00c9RIA&quot;","block_context":{"text":"Ambiente J\u00c1-MAT\u00c9RIA","link":"https:\/\/www.jornalja.com.br\/ambiente\/category\/ambiente-geral\/"},"img":{"alt_text":"","src":"","width":0,"height":0},"classes":[]},{"id":76917,"url":"https:\/\/www.jornalja.com.br\/ambiente\/ministerio-publico-pede-a-proibicao-do-glifosato-no-mato-grosso\/","url_meta":{"origin":74239,"position":5},"title":"Minist\u00e9rio P\u00fablico pede a proibi\u00e7\u00e3o do glifosato no Mato Grosso","author":"da Reda\u00e7\u00e3o","date":"2 de setembro de 2019","format":false,"excerpt":"Os Minist\u00e9rios P\u00fablicos Federal,\u00a0 do Trabalho e Estadual de Mato Grosso entraram com uma a\u00e7\u00e3o civil p\u00fablica para proibir que produtores rurais do Estado utilizem qualquer agrot\u00f3xico que contenha o princ\u00edpio ativo glifosato. O prazo sugerido para cumprimento da medida \u00e9 de 12 meses, segundo os autores da a\u00e7\u00e3o, porqu\u00ea\u2026","rel":"","context":"Em &quot;Ambiente J\u00c1-MAT\u00c9RIA&quot;","block_context":{"text":"Ambiente J\u00c1-MAT\u00c9RIA","link":"https:\/\/www.jornalja.com.br\/ambiente\/category\/ambiente-geral\/"},"img":{"alt_text":"","src":"","width":0,"height":0},"classes":[]}],"jetpack_shortlink":"https:\/\/wp.me\/pbKnZo-jjp","jetpack_sharing_enabled":true,"_links":{"self":[{"href":"https:\/\/www.jornalja.com.br\/ambiente\/wp-json\/wp\/v2\/posts\/74239","targetHints":{"allow":["GET"]}}],"collection":[{"href":"https:\/\/www.jornalja.com.br\/ambiente\/wp-json\/wp\/v2\/posts"}],"about":[{"href":"https:\/\/www.jornalja.com.br\/ambiente\/wp-json\/wp\/v2\/types\/post"}],"author":[{"embeddable":true,"href":"https:\/\/www.jornalja.com.br\/ambiente\/wp-json\/wp\/v2\/users\/4"}],"replies":[{"embeddable":true,"href":"https:\/\/www.jornalja.com.br\/ambiente\/wp-json\/wp\/v2\/comments?post=74239"}],"version-history":[{"count":0,"href":"https:\/\/www.jornalja.com.br\/ambiente\/wp-json\/wp\/v2\/posts\/74239\/revisions"}],"wp:featuredmedia":[{"embeddable":true,"href":"https:\/\/www.jornalja.com.br\/ambiente\/wp-json\/"}],"wp:attachment":[{"href":"https:\/\/www.jornalja.com.br\/ambiente\/wp-json\/wp\/v2\/media?parent=74239"}],"wp:term":[{"taxonomy":"category","embeddable":true,"href":"https:\/\/www.jornalja.com.br\/ambiente\/wp-json\/wp\/v2\/categories?post=74239"},{"taxonomy":"post_tag","embeddable":true,"href":"https:\/\/www.jornalja.com.br\/ambiente\/wp-json\/wp\/v2\/tags?post=74239"}],"curies":[{"name":"wp","href":"https:\/\/api.w.org\/{rel}","templated":true}]}}