{"id":74500,"date":"2019-05-14T10:55:18","date_gmt":"2019-05-14T13:55:18","guid":{"rendered":"https:\/\/www.jornalja.com.br\/?p=74500"},"modified":"2019-05-14T10:55:18","modified_gmt":"2019-05-14T13:55:18","slug":"seminario-sobre-carvao-comeca-sob-protesto-de-ambientalistas","status":"publish","type":"post","link":"https:\/\/www.jornalja.com.br\/ambiente\/seminario-sobre-carvao-comeca-sob-protesto-de-ambientalistas\/","title":{"rendered":"Semin\u00e1rio sobre carv\u00e3o come\u00e7a sob protesto de ambientalistas"},"content":{"rendered":"<p>Os participantes do semin\u00e1rio &#8220;Novos Aproveitamentos para do Carv\u00e3o no RS&#8221; foram recebidos com vaias e protestos (&#8220;mercen\u00e1rios!&#8221;, &#8220;carv\u00e3o aqui n\u00e3o!&#8221;) por um grupo de manifestantes ligados ao movimento ambientalista.<br \/>\nCom cartazes e m\u00e1scaras, cerca de 30 militantes postarem-se na entrada do Hotel Plaza S\u00e3o Rafael na manh\u00e3 desta ter\u00e7a-feira, onde se realiza o evento promovido pela Sociedade de Engenharia.<br \/>\nAlguns dos convidados que chegavam para o evento reagiram ao serem abordados na entrada do hotel: &#8220;Desinformados!&#8221;, &#8220;Querem o atraso!&#8221;.<br \/>\nL\u00e1 dentro, num dos audit\u00f3rios, cerca de 200 pessoas ouviam o\u00a0 presidente da Sergs, Luiz Roberto Ponte, dizer que o carv\u00e3o &#8220;\u00e9 uma riqueza extraordin\u00e1ria&#8221; que os ga\u00fachos t\u00eam, se for explorada de forma racional e sustent\u00e1vel.\u00a0 &#8220;Sem produzir riquezas n\u00e3o h\u00e1 como eliminar a pobreza&#8221;, finalizou Ponte, sob aplausos.<br \/>\nQuando come\u00e7ou a parte mais importante do semin\u00e1rio, que vai at\u00e9 o fim da tarde, os manifestantes j\u00e1 haviam deixado o local.<br \/>\nO semin\u00e1rio e os protestos t\u00eam o mesmo alvo: o projeto de um p\u00f3lo carboqu\u00edmico, a partir de uma grande mina de carv\u00e3o \u00e0s margens do Rio Jacu\u00ed, a poucos quil\u00f4metros de Porto Alegre. \u00c0 frente do empreendimento est\u00e1 a mineradora Copelmi, detentora de grandes reservas de carv\u00e3o mineral no Estado.<br \/>\nO governo j\u00e1 aprovou at\u00e9 uma lei para incentivar a carboqu\u00edmica, que pode atrair para o Rio Grande do Sul, dono das maiores reservas carbon\u00edferas do pa\u00eds, investimentos de bilh\u00f5es de d\u00f3lares.<br \/>\nOs ambientalistas atacam o carv\u00e3o como um &#8220;combust\u00edvel do s\u00e9culo retrasado&#8221;, com efeitos nocivos sobre o solo, a \u00e1gua e o ar. Os defensores do projeto invocam os avan\u00e7os tecnol\u00f3gicos que minimizam os impactos da explora\u00e7\u00e3o do carv\u00e3o\u00b4sobre o ambiente.<br \/>\nO semin\u00e1rio no Plaza esquenta um debate que dever\u00e1 mobilizar os ga\u00fachos nos pr\u00f3ximos anos.<br \/>\n&nbsp;<\/p>\n","protected":false},"excerpt":{"rendered":"<p>Os participantes do semin\u00e1rio &#8220;Novos Aproveitamentos para do Carv\u00e3o no RS&#8221; foram recebidos com vaias e protestos (&#8220;mercen\u00e1rios!&#8221;, &#8220;carv\u00e3o aqui n\u00e3o!&#8221;) por um grupo de manifestantes ligados ao movimento ambientalista. Com cartazes e m\u00e1scaras, cerca de 30 militantes postarem-se na entrada do Hotel Plaza S\u00e3o Rafael na manh\u00e3 desta ter\u00e7a-feira, onde se realiza o evento [&hellip;]<\/p>\n","protected":false},"author":5,"featured_media":74504,"comment_status":"open","ping_status":"closed","sticky":false,"template":"","format":"standard","meta":{"jetpack_post_was_ever_published":false,"_jetpack_newsletter_access":"","_jetpack_dont_email_post_to_subs":false,"_jetpack_newsletter_tier_id":0,"_jetpack_memberships_contains_paywalled_content":false,"_jetpack_memberships_contains_paid_content":false,"footnotes":"","jetpack_publicize_message":"","jetpack_publicize_feature_enabled":true,"jetpack_social_post_already_shared":true,"jetpack_social_options":{"image_generator_settings":{"template":"highway","default_image_id":0,"font":"","enabled":false},"version":2}},"categories":[4],"tags":[59,39,16,40,41,200,138,42,57,114,38,141,43],"class_list":["post-74500","post","type-post","status-publish","format-standard","has-post-thumbnail","hentry","category-ambiente-geral","tag-agua","tag-ambientalistas","tag-ambiente","tag-carvao","tag-copelmi","tag-fae","tag-governo","tag-luiz-roberto-ponte","tag-porto-alegre","tag-protestos","tag-rio-grande-do-sul","tag-rios","tag-sergs"],"aioseo_notices":[],"jetpack_publicize_connections":[],"jetpack_featured_media_url":"","jetpack-related-posts":[{"id":74520,"url":"https:\/\/www.jornalja.com.br\/ambiente\/o-carvao-pode-ser-a-chave-de-um-novo-ciclo\/","url_meta":{"origin":74500,"position":0},"title":"O carv\u00e3o pode ser a chave de um novo ciclo?","author":"Geraldo Hasse","date":"14 de maio de 2019","format":false,"excerpt":"\u201cExplorar a riqueza do carv\u00e3o para erradicar a pobreza\u201d, eis o novo mote lan\u00e7ado pelo presidente da\u00a0Sociedade de Engenharia do Rio Grande do Sul (SERGS), Luiz Roberto Ponte, para defender novos aproveitamentos das jazidas do mineral ga\u00facho, cujo potencial energ\u00e9tico seria equivalente a tr\u00eas pr\u00e9-sal. Sem esquecer de mencionar a\u2026","rel":"","context":"Em &quot;Ambiente J\u00c1-MAT\u00c9RIA&quot;","block_context":{"text":"Ambiente J\u00c1-MAT\u00c9RIA","link":"https:\/\/www.jornalja.com.br\/ambiente\/category\/ambiente-geral\/"},"img":{"alt_text":"","src":"","width":0,"height":0},"classes":[]},{"id":83572,"url":"https:\/\/www.jornalja.com.br\/ambiente\/cop26-eduardo-leite-participa-de-debate-sobre-impactos-do-carvao-em-santa-catarina\/","url_meta":{"origin":74500,"position":1},"title":"COP26: Eduardo Leite participa de debate sobre impactos do carv\u00e3o em Santa Catarina","author":"da Reda\u00e7\u00e3o","date":"3 de novembro de 2021","format":false,"excerpt":"O Instituto Internacional Arayara, o Observat\u00f3rio do Carv\u00e3o, o Instituto Clima e Sociedade \u2013 iCS e a organiza\u00e7\u00e3o Coal Watch lan\u00e7am nesta quinta-feira (4), durante a COP26 em Glasgow (Esc\u00f3cia), o relat\u00f3rio t\u00e9cnico \u201cO legado t\u00f3xico da Engie-Diamante-Fram Capital no Brasil: Mapa da Contamina\u00e7\u00e3o e Destrui\u00e7\u00e3o Geradas pelo Complexo Termel\u00e9trico\u2026","rel":"","context":"Em &quot;Ambiente J\u00c1-NOTAS&quot;","block_context":{"text":"Ambiente J\u00c1-NOTAS","link":"https:\/\/www.jornalja.com.br\/ambiente\/category\/notas-ambiente-ja\/"},"img":{"alt_text":"","src":"https:\/\/i0.wp.com\/www.jornalja.com.br\/ambiente\/wp-content\/uploads\/sites\/3\/2021\/11\/rejeitosjorgelacerda-21-980x551-1.jpg?resize=350%2C200&ssl=1","width":350,"height":200,"srcset":"https:\/\/i0.wp.com\/www.jornalja.com.br\/ambiente\/wp-content\/uploads\/sites\/3\/2021\/11\/rejeitosjorgelacerda-21-980x551-1.jpg?resize=350%2C200&ssl=1 1x, https:\/\/i0.wp.com\/www.jornalja.com.br\/ambiente\/wp-content\/uploads\/sites\/3\/2021\/11\/rejeitosjorgelacerda-21-980x551-1.jpg?resize=525%2C300&ssl=1 1.5x, https:\/\/i0.wp.com\/www.jornalja.com.br\/ambiente\/wp-content\/uploads\/sites\/3\/2021\/11\/rejeitosjorgelacerda-21-980x551-1.jpg?resize=700%2C400&ssl=1 2x"},"classes":[]},{"id":75139,"url":"https:\/\/www.jornalja.com.br\/ambiente\/mina-guaiba-mp-nao-descarta-terceira-audiencia-em-porto-alegre\/","url_meta":{"origin":74500,"position":2},"title":"Mina Gua\u00edba: MP n\u00e3o descarta terceira audi\u00eancia, em Porto Alegre","author":"Elmar Bones","date":"28 de junho de 2019","format":false,"excerpt":"A promotora de meio ambiente do Minist\u00e9rio P\u00fablico Estadual, Ana Maria Marchesan, informou, atrav\u00e9s da assessoria de imprensa, que ainda n\u00e3o h\u00e1 decis\u00e3o a respeito de uma nova audi\u00eancia p\u00fablica sobre o projeto da mina Gua\u00edba, em Eldorado do Sul. Uma terceira audi\u00eancia p\u00fablica, em Porto Alegre, foi a principal\u2026","rel":"","context":"Em &quot;Ambiente J\u00c1-MAT\u00c9RIA&quot;","block_context":{"text":"Ambiente J\u00c1-MAT\u00c9RIA","link":"https:\/\/www.jornalja.com.br\/ambiente\/category\/ambiente-geral\/"},"img":{"alt_text":"","src":"","width":0,"height":0},"classes":[]},{"id":80925,"url":"https:\/\/www.jornalja.com.br\/ambiente\/japao-planeja-construir-22-usinas-a-carvao\/","url_meta":{"origin":74500,"position":3},"title":"Jap\u00e3o planeja construir 22 usinas a carv\u00e3o","author":"da Reda\u00e7\u00e3o","date":"4 de fevereiro de 2020","format":false,"excerpt":"Do New York Times \u00c9 uma conseq\u00fc\u00eancia n\u00e3o intencional do desastre nuclear de Fukushima h\u00e1 quase uma d\u00e9cada, que for\u00e7ou o Jap\u00e3o a encerrar seu programa de energia nuclear. O Jap\u00e3o agora planeja construir at\u00e9 22 novas usinas de queima de carv\u00e3o - uma das fontes mais sujas de eletricidade\u2026","rel":"","context":"Em &quot;Ambiente J\u00c1-MAT\u00c9RIA&quot;","block_context":{"text":"Ambiente J\u00c1-MAT\u00c9RIA","link":"https:\/\/www.jornalja.com.br\/ambiente\/category\/ambiente-geral\/"},"img":{"alt_text":"","src":"https:\/\/i0.wp.com\/www.jornalja.com.br\/ambiente\/wp-content\/uploads\/sites\/3\/2020\/02\/Usinas-a-carv%C3%A3o-no-Jap%C3%A3o-Foto-de-Noriko-Hayashi-para-o-New-York-Times.jpg?resize=350%2C200&ssl=1","width":350,"height":200,"srcset":"https:\/\/i0.wp.com\/www.jornalja.com.br\/ambiente\/wp-content\/uploads\/sites\/3\/2020\/02\/Usinas-a-carv%C3%A3o-no-Jap%C3%A3o-Foto-de-Noriko-Hayashi-para-o-New-York-Times.jpg?resize=350%2C200&ssl=1 1x, https:\/\/i0.wp.com\/www.jornalja.com.br\/ambiente\/wp-content\/uploads\/sites\/3\/2020\/02\/Usinas-a-carv%C3%A3o-no-Jap%C3%A3o-Foto-de-Noriko-Hayashi-para-o-New-York-Times.jpg?resize=525%2C300&ssl=1 1.5x, https:\/\/i0.wp.com\/www.jornalja.com.br\/ambiente\/wp-content\/uploads\/sites\/3\/2020\/02\/Usinas-a-carv%C3%A3o-no-Jap%C3%A3o-Foto-de-Noriko-Hayashi-para-o-New-York-Times.jpg?resize=700%2C400&ssl=1 2x, https:\/\/i0.wp.com\/www.jornalja.com.br\/ambiente\/wp-content\/uploads\/sites\/3\/2020\/02\/Usinas-a-carv%C3%A3o-no-Jap%C3%A3o-Foto-de-Noriko-Hayashi-para-o-New-York-Times.jpg?resize=1050%2C600&ssl=1 3x"},"classes":[]},{"id":78989,"url":"https:\/\/www.jornalja.com.br\/ambiente\/pesquisadores-debatem-impactos-ambientais-do-carvao\/","url_meta":{"origin":74500,"position":4},"title":"Pesquisadores debatem impactos ambientais do carv\u00e3o","author":"da Reda\u00e7\u00e3o","date":"7 de novembro de 2019","format":false,"excerpt":"\"Impactos da explora\u00e7\u00e3o e uso do carv\u00e3o e seu monitoramento\", foi o tema abordado por tr\u00eas cientistas ga\u00fachos no centro cultural Erico Verissimo, nesta quarta, 6. O evento faz parte da programa\u00e7\u00e3o da Feira do Livro de Porto Alegre. O professor Heinrich Hasenack, do Instituto de Bioc\u00eancias da UFRGS, fez\u2026","rel":"","context":"Em &quot;Ambiente J\u00c1-MAT\u00c9RIA&quot;","block_context":{"text":"Ambiente J\u00c1-MAT\u00c9RIA","link":"https:\/\/www.jornalja.com.br\/ambiente\/category\/ambiente-geral\/"},"img":{"alt_text":"","src":"","width":0,"height":0},"classes":[]},{"id":81804,"url":"https:\/\/www.jornalja.com.br\/ambiente\/carvao-china-aprova-mina-de-100-milhoes-de-toneladas-no-deserto-de-kumtag\/","url_meta":{"origin":74500,"position":5},"title":"Carv\u00e3o: China aprova mina de 100 milh\u00f5es de toneladas no deserto de Kumtag","author":"da Reda\u00e7\u00e3o","date":"20 de mar\u00e7o de 2020","format":false,"excerpt":"A Comiss\u00e3o Nacional de Desenvolvimento e Reforma aprovou o plano geral para a mina de Kumtag, dimensionada parae produzir 113 milh\u00f5es de toneladas de carv\u00e3o por ano. A informa\u00e7\u00e3o \u00e9 da Xinhua, a ag\u00eancia oficial do governo chin\u00eas. Kumtag \u00e9 uma \u00e1rea des\u00e9rtica no noroeste do pa\u00eds, na regi\u00e3o aut\u00f4noma\u2026","rel":"","context":"Em &quot;Ambiente J\u00c1-MAT\u00c9RIA&quot;","block_context":{"text":"Ambiente J\u00c1-MAT\u00c9RIA","link":"https:\/\/www.jornalja.com.br\/ambiente\/category\/ambiente-geral\/"},"img":{"alt_text":"","src":"https:\/\/i0.wp.com\/www.jornalja.com.br\/ambiente\/wp-content\/uploads\/sites\/3\/2020\/03\/Carv%C3%A3o-mina-de-Kumtag-foto-Xinhua-Ding-Lei.jpg?resize=350%2C200&ssl=1","width":350,"height":200,"srcset":"https:\/\/i0.wp.com\/www.jornalja.com.br\/ambiente\/wp-content\/uploads\/sites\/3\/2020\/03\/Carv%C3%A3o-mina-de-Kumtag-foto-Xinhua-Ding-Lei.jpg?resize=350%2C200&ssl=1 1x, https:\/\/i0.wp.com\/www.jornalja.com.br\/ambiente\/wp-content\/uploads\/sites\/3\/2020\/03\/Carv%C3%A3o-mina-de-Kumtag-foto-Xinhua-Ding-Lei.jpg?resize=525%2C300&ssl=1 1.5x, https:\/\/i0.wp.com\/www.jornalja.com.br\/ambiente\/wp-content\/uploads\/sites\/3\/2020\/03\/Carv%C3%A3o-mina-de-Kumtag-foto-Xinhua-Ding-Lei.jpg?resize=700%2C400&ssl=1 2x"},"classes":[]}],"jetpack_shortlink":"https:\/\/wp.me\/pbKnZo-jnC","jetpack_sharing_enabled":true,"_links":{"self":[{"href":"https:\/\/www.jornalja.com.br\/ambiente\/wp-json\/wp\/v2\/posts\/74500","targetHints":{"allow":["GET"]}}],"collection":[{"href":"https:\/\/www.jornalja.com.br\/ambiente\/wp-json\/wp\/v2\/posts"}],"about":[{"href":"https:\/\/www.jornalja.com.br\/ambiente\/wp-json\/wp\/v2\/types\/post"}],"author":[{"embeddable":true,"href":"https:\/\/www.jornalja.com.br\/ambiente\/wp-json\/wp\/v2\/users\/5"}],"replies":[{"embeddable":true,"href":"https:\/\/www.jornalja.com.br\/ambiente\/wp-json\/wp\/v2\/comments?post=74500"}],"version-history":[{"count":0,"href":"https:\/\/www.jornalja.com.br\/ambiente\/wp-json\/wp\/v2\/posts\/74500\/revisions"}],"wp:featuredmedia":[{"embeddable":true,"href":"https:\/\/www.jornalja.com.br\/ambiente\/wp-json\/"}],"wp:attachment":[{"href":"https:\/\/www.jornalja.com.br\/ambiente\/wp-json\/wp\/v2\/media?parent=74500"}],"wp:term":[{"taxonomy":"category","embeddable":true,"href":"https:\/\/www.jornalja.com.br\/ambiente\/wp-json\/wp\/v2\/categories?post=74500"},{"taxonomy":"post_tag","embeddable":true,"href":"https:\/\/www.jornalja.com.br\/ambiente\/wp-json\/wp\/v2\/tags?post=74500"}],"curies":[{"name":"wp","href":"https:\/\/api.w.org\/{rel}","templated":true}]}}