{"id":74520,"date":"2019-05-14T18:19:13","date_gmt":"2019-05-14T21:19:13","guid":{"rendered":"https:\/\/www.jornalja.com.br\/?p=74520"},"modified":"2019-05-14T18:19:13","modified_gmt":"2019-05-14T21:19:13","slug":"o-carvao-pode-ser-a-chave-de-um-novo-ciclo","status":"publish","type":"post","link":"https:\/\/www.jornalja.com.br\/ambiente\/o-carvao-pode-ser-a-chave-de-um-novo-ciclo\/","title":{"rendered":"O carv\u00e3o pode ser a chave de um novo ciclo?"},"content":{"rendered":"<p style=\"font-weight: 400\">\u201cExplorar a riqueza do carv\u00e3o para erradicar a pobreza\u201d, eis o novo mote lan\u00e7ado pelo presidente da\u00a0<span style=\"color: #333333;font-style: normal;font-weight: 400\">Sociedade de Engenharia do Rio Grande do Su<\/span><span style=\"font-weight: 400\">l (SERGS), Luiz Roberto Ponte, para defender novos aproveitamentos das jazidas do mineral ga\u00facho, cujo potencial energ\u00e9tico seria equivalente a tr\u00eas pr\u00e9-sal.<\/span><\/p>\n<p style=\"font-weight: 400\">Sem esquecer de mencionar a necess\u00e1ria sustentabilidade ambiental de qualquer empreendimento carbon\u00edfero, Ponte encaminhou a abertura do semin\u00e1rio que atraiu cerca de 200 pessoas, principalmente de \u00e1reas t\u00e9cnicas, a um dos audit\u00f3rios do Hotel Plaza S\u00e3o Raphael. Na aus\u00eancia do governador Eduardo Leite, em viagem ao exterior, o evento contou com a presen\u00e7a protocolar do vice Ranolfo Vieira Jr. e de secret\u00e1rios e funcion\u00e1rios de \u00f3rg\u00e3os governamentais, inclusive de munic\u00edpios da regi\u00e3o carbon\u00edfera.<\/p>\n<p style=\"font-weight: 400\">Mobilizados pelo enfoque socioambiental da SERGS, os palestrantes convidados descortinaram um panorama animador sobre as perspectivas de produzir:<\/p>\n<p style=\"font-weight: 400\">1) g\u00e1s sint\u00e9tico para gerar eletricidade;<\/p>\n<p style=\"font-weight: 400\">2) metanol para adicionar ao biodiesel;<\/p>\n<p style=\"font-weight: 400\">3) am\u00f4nia para fazer fertilizantes;<\/p>\n<p style=\"font-weight: 400\">4) insumos para produzir, por exemplo, resinas de origem petroqu\u00edmica;<\/p>\n<p style=\"font-weight: 400\">5) a esc\u00f3ria podendo ser usada para fazer cimento e as cinzas volantes para fabricar argamassa.<\/p>\n<p style=\"font-weight: 400\">Parece f\u00e1cil, mas n\u00e3o \u00e9. Paulo Roberto Dias Pereira, subsecret\u00e1rio do Meio Ambiente, lembrou que o debate t\u00e9cnico sobre o polo carboqu\u00edmico come\u00e7ou no governo de Tarso Genro, foi oficializado pelo governo de Ivo Sartori e agora toma impulso com a converg\u00eancia, na Sema, das a\u00e7\u00f5es relativas ao meio ambiente, \u00e0 minera\u00e7\u00e3o, produ\u00e7\u00e3o de energia e saneamento.<\/p>\n<p style=\"font-weight: 400\">Indo um pouco mais longe, o veterano consultor qu\u00edmico Manuel Louren\u00e7o de Maia Loureiro, que participou dos estudos para a implanta\u00e7\u00e3o da Copesul (hoje Braskem), afirmou que no governo de Amaral de Souza, em 1979, chegou a ser discutido um \u201cplano carboqu\u00edmico\u201d para o Rio Grande do Sul, mas o assunto n\u00e3o avan\u00e7ou porque n\u00e3o havia tecnologia para um desenvolvimento seguro. Tampouco existia mercado para alguns produtos.<\/p>\n<p style=\"font-weight: 400\">\u201cNos \u00faltimos dez anos a China avan\u00e7ou no desenvolvimento de tecnologias de gaseifica\u00e7\u00e3o do carv\u00e3o para gera\u00e7\u00e3o de energia el\u00e9trica\u201d, afirmou ele, lembrando que a instala\u00e7\u00e3o de uma usina termoel\u00e9trica na boca da mina n\u00e3o movimenta cinza, minimizando o maior problema do carv\u00e3o ga\u00facho (o teor de cinza pr\u00f3ximo de 50%). Nesse aspecto, Loureiro foi complementado por uma informa\u00e7\u00e3o de Marcus Silva, representante da Air Products, empresa americana fundada em 1940 para produzir oxig\u00eanio e que tem 16 mil empregados pelo mundo afora: \u201cNuma explora\u00e7\u00e3o como a que se est\u00e1 propondo no Rio Grande do Sul, n\u00e3o h\u00e1 chamin\u00e9 para lan\u00e7amento de cinzas e gases\u201d, disse ele.<\/p>\n<p style=\"font-weight: 400\">Fora a eletricidade, que o Rio Grande importa na propor\u00e7\u00e3o de 70% do que consome, a maior janela de oportunidade da carboqu\u00edmica seria na produ\u00e7\u00e3o de ur\u00e9ia para substituir importa\u00e7\u00f5es anuais de 1 milh\u00e3o de toneladas no RS e 5,5 milh\u00f5es de toneladas pelo Brasil.<\/p>\n<p style=\"font-weight: 400\">O projeto da Copelmi para explorar o carv\u00e3o da mina do Baixo Jacu\u00ed, em Eldorado do Sul, \u00e9 considerado a coloca\u00e7\u00e3o em marcha de um projeto carboqu\u00edmico moderno. Na usina termel\u00e9trica seriam investidos US$ 1,5 bilh\u00e3o; uma planta de am\u00f4nia e ureia custaria US$ 1,6 bilh\u00f5es; e na planta de metanol seria preciso investir US$ 1,2 bilh\u00e3o.<\/p>\n<p style=\"font-weight: 400\">\u201cTodos os projetos da carboqu\u00edmica ga\u00facha n\u00e3o est\u00e3o descolados de pol\u00edticas p\u00fablicas\u201d, advertiu no final de sua palestra o subsecret\u00e1rio Paulo Roberto Dias Pereira.<\/p>\n<p><span class=\"assina\">Por Geraldo Hasse<\/span><\/p>\n","protected":false},"excerpt":{"rendered":"<p>\u201cExplorar a riqueza do carv\u00e3o para erradicar a pobreza\u201d, eis o novo mote lan\u00e7ado pelo presidente da\u00a0Sociedade de Engenharia do Rio Grande do Sul (SERGS), Luiz Roberto Ponte, para defender novos aproveitamentos das jazidas do mineral ga\u00facho, cujo potencial energ\u00e9tico seria equivalente a tr\u00eas pr\u00e9-sal. Sem esquecer de mencionar a necess\u00e1ria sustentabilidade ambiental de qualquer [&hellip;]<\/p>\n","protected":false},"author":8,"featured_media":74522,"comment_status":"open","ping_status":"closed","sticky":false,"template":"","format":"standard","meta":{"jetpack_post_was_ever_published":false,"_jetpack_newsletter_access":"","_jetpack_dont_email_post_to_subs":false,"_jetpack_newsletter_tier_id":0,"_jetpack_memberships_contains_paywalled_content":false,"_jetpack_memberships_contains_paid_content":false,"footnotes":"","jetpack_publicize_message":"","jetpack_publicize_feature_enabled":true,"jetpack_social_post_already_shared":true,"jetpack_social_options":{"image_generator_settings":{"template":"highway","default_image_id":0,"font":"","enabled":false},"version":2}},"categories":[4],"tags":[44,16,45,46,40,41,12,138,42,52,33,47,147,48,38,141,205,43,49,67,119],"class_list":["post-74520","post","type-post","status-publish","format-standard","has-post-thumbnail","hentry","category-ambiente-geral","tag-air-products","tag-ambiente","tag-braskem","tag-carboquimica","tag-carvao","tag-copelmi","tag-energia","tag-governo","tag-luiz-roberto-ponte","tag-meio-ambiente","tag-mineracao","tag-paulo-roberto-dias-pereira","tag-pet","tag-ranolfo-vieira-jr","tag-rio-grande-do-sul","tag-rios","tag-sema","tag-sergs","tag-sociedade-de-engenharia-do-rio-grande-do-sul","tag-socioambiental","tag-sustentabilidade"],"aioseo_notices":[],"jetpack_publicize_connections":[],"jetpack_featured_media_url":"","jetpack-related-posts":[{"id":74500,"url":"https:\/\/www.jornalja.com.br\/ambiente\/seminario-sobre-carvao-comeca-sob-protesto-de-ambientalistas\/","url_meta":{"origin":74520,"position":0},"title":"Semin\u00e1rio sobre carv\u00e3o come\u00e7a sob protesto de ambientalistas","author":"Elmar Bones","date":"14 de maio de 2019","format":false,"excerpt":"Os participantes do semin\u00e1rio \"Novos Aproveitamentos para do Carv\u00e3o no RS\" foram recebidos com vaias e protestos (\"mercen\u00e1rios!\", \"carv\u00e3o aqui n\u00e3o!\") por um grupo de manifestantes ligados ao movimento ambientalista. Com cartazes e m\u00e1scaras, cerca de 30 militantes postarem-se na entrada do Hotel Plaza S\u00e3o Rafael na manh\u00e3 desta ter\u00e7a-feira,\u2026","rel":"","context":"Em &quot;Ambiente J\u00c1-MAT\u00c9RIA&quot;","block_context":{"text":"Ambiente J\u00c1-MAT\u00c9RIA","link":"https:\/\/www.jornalja.com.br\/ambiente\/category\/ambiente-geral\/"},"img":{"alt_text":"","src":"","width":0,"height":0},"classes":[]},{"id":83374,"url":"https:\/\/www.jornalja.com.br\/ambiente\/prefeitura-promove-debates-sobre-regularizacao-fundiaria\/","url_meta":{"origin":74520,"position":1},"title":"Prefeitura promove debates sobre regulariza\u00e7\u00e3o fundi\u00e1ria","author":"da Reda\u00e7\u00e3o","date":"25 de agosto de 2021","format":false,"excerpt":"As Secretaria Municipal do Meio Ambiente, Urbanismo e Sustentabilidade (Smamus) e pela Secretaria Municipal de Habita\u00e7\u00e3o e Regulariza\u00e7\u00e3o Fundi\u00e1ria (SMHARF) promovem a partir de setembro debates\u00a0 e trocas de experi\u00eancias entre Porto Alegre, Rio de Janeiro, S\u00e3o Paulo, Belo Horizonte, Florian\u00f3polis, Recife e Cubat\u00e3o na \u00e1rea de regulariza\u00e7\u00e3o fundi\u00e1ria. Ao\u2026","rel":"","context":"Em &quot;Ambiente J\u00c1-NOTAS&quot;","block_context":{"text":"Ambiente J\u00c1-NOTAS","link":"https:\/\/www.jornalja.com.br\/ambiente\/category\/notas-ambiente-ja\/"},"img":{"alt_text":"","src":"https:\/\/i0.wp.com\/www.jornalja.com.br\/ambiente\/wp-content\/uploads\/sites\/3\/2021\/08\/210709-divulgacao-pmpa-img-9811.jpg?resize=350%2C200&ssl=1","width":350,"height":200,"srcset":"https:\/\/i0.wp.com\/www.jornalja.com.br\/ambiente\/wp-content\/uploads\/sites\/3\/2021\/08\/210709-divulgacao-pmpa-img-9811.jpg?resize=350%2C200&ssl=1 1x, https:\/\/i0.wp.com\/www.jornalja.com.br\/ambiente\/wp-content\/uploads\/sites\/3\/2021\/08\/210709-divulgacao-pmpa-img-9811.jpg?resize=525%2C300&ssl=1 1.5x, https:\/\/i0.wp.com\/www.jornalja.com.br\/ambiente\/wp-content\/uploads\/sites\/3\/2021\/08\/210709-divulgacao-pmpa-img-9811.jpg?resize=700%2C400&ssl=1 2x"},"classes":[]},{"id":79902,"url":"https:\/\/www.jornalja.com.br\/ambiente\/comite-aponta-riscos-ambientais-do-projeto-da-mina-guaiba\/","url_meta":{"origin":74520,"position":2},"title":"Comit\u00ea aponta riscos ambientais do projeto Mina Gua\u00edba","author":"Geraldo Hasse","date":"11 de dezembro de 2019","format":false,"excerpt":"O Comit\u00ea de Combate \u00e0 Megaminera\u00e7\u00e3o no Rio Grande do Sul (CCMRS) lan\u00e7ou na noite de ter\u00e7a-feira (10) no audit\u00f3rio da Faculdade de Economia da UFRGS o livro Painel de Especialistas \u2013 An\u00e1lise Cr\u00edtica do Estudo de Impacto Ambiental da Mina Gua\u00edba, projeto de minera\u00e7\u00e3o de carv\u00e3o em uma \u00e1rea\u2026","rel":"","context":"Em &quot;Ambiente J\u00c1-MAT\u00c9RIA&quot;","block_context":{"text":"Ambiente J\u00c1-MAT\u00c9RIA","link":"https:\/\/www.jornalja.com.br\/ambiente\/category\/ambiente-geral\/"},"img":{"alt_text":"","src":"","width":0,"height":0},"classes":[]},{"id":83572,"url":"https:\/\/www.jornalja.com.br\/ambiente\/cop26-eduardo-leite-participa-de-debate-sobre-impactos-do-carvao-em-santa-catarina\/","url_meta":{"origin":74520,"position":3},"title":"COP26: Eduardo Leite participa de debate sobre impactos do carv\u00e3o em Santa Catarina","author":"da Reda\u00e7\u00e3o","date":"3 de novembro de 2021","format":false,"excerpt":"O Instituto Internacional Arayara, o Observat\u00f3rio do Carv\u00e3o, o Instituto Clima e Sociedade \u2013 iCS e a organiza\u00e7\u00e3o Coal Watch lan\u00e7am nesta quinta-feira (4), durante a COP26 em Glasgow (Esc\u00f3cia), o relat\u00f3rio t\u00e9cnico \u201cO legado t\u00f3xico da Engie-Diamante-Fram Capital no Brasil: Mapa da Contamina\u00e7\u00e3o e Destrui\u00e7\u00e3o Geradas pelo Complexo Termel\u00e9trico\u2026","rel":"","context":"Em &quot;Ambiente J\u00c1-NOTAS&quot;","block_context":{"text":"Ambiente J\u00c1-NOTAS","link":"https:\/\/www.jornalja.com.br\/ambiente\/category\/notas-ambiente-ja\/"},"img":{"alt_text":"","src":"https:\/\/i0.wp.com\/www.jornalja.com.br\/ambiente\/wp-content\/uploads\/sites\/3\/2021\/11\/rejeitosjorgelacerda-21-980x551-1.jpg?resize=350%2C200&ssl=1","width":350,"height":200,"srcset":"https:\/\/i0.wp.com\/www.jornalja.com.br\/ambiente\/wp-content\/uploads\/sites\/3\/2021\/11\/rejeitosjorgelacerda-21-980x551-1.jpg?resize=350%2C200&ssl=1 1x, https:\/\/i0.wp.com\/www.jornalja.com.br\/ambiente\/wp-content\/uploads\/sites\/3\/2021\/11\/rejeitosjorgelacerda-21-980x551-1.jpg?resize=525%2C300&ssl=1 1.5x, https:\/\/i0.wp.com\/www.jornalja.com.br\/ambiente\/wp-content\/uploads\/sites\/3\/2021\/11\/rejeitosjorgelacerda-21-980x551-1.jpg?resize=700%2C400&ssl=1 2x"},"classes":[]},{"id":83905,"url":"https:\/\/www.jornalja.com.br\/ambiente\/associacao-dos-servidores-da-fepam-rebate-candidatos-ao-governo-gaucho\/","url_meta":{"origin":74520,"position":4},"title":"Associa\u00e7\u00e3o dos Servidores da FEPAM rebate candidatos ao governo ga\u00facho\u00a0","author":"Cleber Dioni Tentardini","date":"15 de agosto de 2022","format":false,"excerpt":"NOTA DE ESCLARECIMENTO \u00c0 SOCIEDADE GA\u00daCHA QUANTO \u00c0S CITA\u00c7\u00d5ES SOBRE A FEPAM NO DEBATE ENTRE OS CANDIDATOS AO GOVERNO DO ESTADO DO RIO GRANDE DO SUL Considerando as cita\u00e7\u00f5es \u00e0 FEPAM durante Debate entre os candidatos ao Governo do Estado do Rio Grande do Sul, na emissora Band\/RS, ocorrido no\u2026","rel":"","context":"Em &quot;Ambiente J\u00c1-NOTAS&quot;","block_context":{"text":"Ambiente J\u00c1-NOTAS","link":"https:\/\/www.jornalja.com.br\/ambiente\/category\/notas-ambiente-ja\/"},"img":{"alt_text":"","src":"","width":0,"height":0},"classes":[]},{"id":78989,"url":"https:\/\/www.jornalja.com.br\/ambiente\/pesquisadores-debatem-impactos-ambientais-do-carvao\/","url_meta":{"origin":74520,"position":5},"title":"Pesquisadores debatem impactos ambientais do carv\u00e3o","author":"da Reda\u00e7\u00e3o","date":"7 de novembro de 2019","format":false,"excerpt":"\"Impactos da explora\u00e7\u00e3o e uso do carv\u00e3o e seu monitoramento\", foi o tema abordado por tr\u00eas cientistas ga\u00fachos no centro cultural Erico Verissimo, nesta quarta, 6. O evento faz parte da programa\u00e7\u00e3o da Feira do Livro de Porto Alegre. O professor Heinrich Hasenack, do Instituto de Bioc\u00eancias da UFRGS, fez\u2026","rel":"","context":"Em &quot;Ambiente J\u00c1-MAT\u00c9RIA&quot;","block_context":{"text":"Ambiente J\u00c1-MAT\u00c9RIA","link":"https:\/\/www.jornalja.com.br\/ambiente\/category\/ambiente-geral\/"},"img":{"alt_text":"","src":"","width":0,"height":0},"classes":[]}],"jetpack_shortlink":"https:\/\/wp.me\/pbKnZo-jnW","jetpack_sharing_enabled":true,"_links":{"self":[{"href":"https:\/\/www.jornalja.com.br\/ambiente\/wp-json\/wp\/v2\/posts\/74520","targetHints":{"allow":["GET"]}}],"collection":[{"href":"https:\/\/www.jornalja.com.br\/ambiente\/wp-json\/wp\/v2\/posts"}],"about":[{"href":"https:\/\/www.jornalja.com.br\/ambiente\/wp-json\/wp\/v2\/types\/post"}],"author":[{"embeddable":true,"href":"https:\/\/www.jornalja.com.br\/ambiente\/wp-json\/wp\/v2\/users\/8"}],"replies":[{"embeddable":true,"href":"https:\/\/www.jornalja.com.br\/ambiente\/wp-json\/wp\/v2\/comments?post=74520"}],"version-history":[{"count":0,"href":"https:\/\/www.jornalja.com.br\/ambiente\/wp-json\/wp\/v2\/posts\/74520\/revisions"}],"wp:featuredmedia":[{"embeddable":true,"href":"https:\/\/www.jornalja.com.br\/ambiente\/wp-json\/"}],"wp:attachment":[{"href":"https:\/\/www.jornalja.com.br\/ambiente\/wp-json\/wp\/v2\/media?parent=74520"}],"wp:term":[{"taxonomy":"category","embeddable":true,"href":"https:\/\/www.jornalja.com.br\/ambiente\/wp-json\/wp\/v2\/categories?post=74520"},{"taxonomy":"post_tag","embeddable":true,"href":"https:\/\/www.jornalja.com.br\/ambiente\/wp-json\/wp\/v2\/tags?post=74520"}],"curies":[{"name":"wp","href":"https:\/\/api.w.org\/{rel}","templated":true}]}}