{"id":75990,"date":"2019-08-06T19:01:59","date_gmt":"2019-08-06T22:01:59","guid":{"rendered":"https:\/\/www.jornalja.com.br\/?p=75990"},"modified":"2019-08-06T19:01:59","modified_gmt":"2019-08-06T22:01:59","slug":"inscricoes-para-castracao-de-animais-abrem-nesta-quarta-feira","status":"publish","type":"post","link":"https:\/\/www.jornalja.com.br\/ambiente\/inscricoes-para-castracao-de-animais-abrem-nesta-quarta-feira\/","title":{"rendered":"Inscri\u00e7\u00f5es para castra\u00e7\u00e3o de animais abrem nesta quarta-feira"},"content":{"rendered":"<p>&nbsp;<br \/>\n<figure id=\"attachment_75991\" aria-describedby=\"caption-attachment-75991\" style=\"width: 450px\" class=\"wp-caption alignnone\"><img decoding=\"async\" class=\"size-medium wp-image-75991\" src=\"https:\/\/www.jornalja.com.br\/wp-content\/uploads\/2019\/08\/animais-450x327.jpg\" alt=\"\" width=\"450\" height=\"327\" \/><figcaption id=\"caption-attachment-75991\" class=\"wp-caption-text\">Foto: Ari Teixeira\/SMAMS PMPA<\/figcaption><\/figure><br \/>\nA Diretoria Geral de Direitos Animais (DGDA) abre nesta quarta-feira, 7, acesso a solicita\u00e7\u00f5es para a castra\u00e7\u00e3o de c\u00e3es e felinos (machos e f\u00eameas) que ser\u00e3o realizadas em agosto. Os interessados devem registrar protocolo pelo telefone 156 da Prefeitura de Porto Alegre, e os procedimentos ser\u00e3o realizados na Unidade de Sa\u00fade Animal Vict\u00f3ria (Usav) da Secretaria Municipal do Meio Ambiente e da Sustentabilidade (Smams). A a\u00e7\u00e3o \u00e9 voltada aos animais de fam\u00edlias inscritas no Cadastro \u00danico, mediante apresenta\u00e7\u00e3o do N\u00famero de Identifica\u00e7\u00e3o Social (NIS) ou Bolsa Fam\u00edlia.<br \/>\nO agendamento ser\u00e1 confirmado de acordo com a ordem de entrada dos protocolos. O solicitante ser\u00e1 informado posteriormente sobre a data e o hor\u00e1rio marcado para a realiza\u00e7\u00e3o da esteriliza\u00e7\u00e3o. O transporte dos animais at\u00e9 as instala\u00e7\u00f5es da Usav, na Lomba do Pinheiro (estrada B\u00e9rico Jos\u00e9 Bernardes, 3489), deve ser realizado exclusivamente pelos tutores, que dever\u00e3o assinar termo autorizando a castra\u00e7\u00e3o.<br \/>\nBalan\u00e7o &#8211; O m\u00eas de julho encerrou com um total de 427 animais castrados junto \u00e0 Unidade de Sa\u00fade Animal Vict\u00f3ria (Usav), totalizando 2.697 procedimentos neste ano, 26% a mais do que no mesmo per\u00edodo, em 2018. \u201cA decis\u00e3o de abrir as inscri\u00e7\u00f5es mensalmente reduziu significativamente o n\u00e3o comparecimento dos tutores\u201d, destaca o gestor da DGDA, Bruno Wagner.<br \/>\n(Com informa\u00e7\u00f5es do site da prefeitura de Porto Alegre)<\/p>\n","protected":false},"excerpt":{"rendered":"<p>&nbsp; A Diretoria Geral de Direitos Animais (DGDA) abre nesta quarta-feira, 7, acesso a solicita\u00e7\u00f5es para a castra\u00e7\u00e3o de c\u00e3es e felinos (machos e f\u00eameas) que ser\u00e3o realizadas em agosto. Os interessados devem registrar protocolo pelo telefone 156 da Prefeitura de Porto Alegre, e os procedimentos ser\u00e3o realizados na Unidade de Sa\u00fade Animal Vict\u00f3ria (Usav) [&hellip;]<\/p>\n","protected":false},"author":12,"featured_media":75991,"comment_status":"open","ping_status":"closed","sticky":false,"template":"","format":"standard","meta":{"jetpack_post_was_ever_published":false,"_jetpack_newsletter_access":"","_jetpack_dont_email_post_to_subs":false,"_jetpack_newsletter_tier_id":0,"_jetpack_memberships_contains_paywalled_content":false,"_jetpack_memberships_contains_paid_content":false,"footnotes":"","jetpack_publicize_message":"","jetpack_publicize_feature_enabled":true,"jetpack_social_post_already_shared":true,"jetpack_social_options":{"image_generator_settings":{"template":"highway","default_image_id":0,"font":"","enabled":false},"version":2}},"categories":[4],"tags":[16,54,55,56,52,57,58,8,119],"class_list":["post-75990","post","type-post","status-publish","format-standard","has-post-thumbnail","hentry","category-ambiente-geral","tag-ambiente","tag-animais","tag-caes","tag-caes-gatos-saude-vacina-raiva","tag-meio-ambiente","tag-porto-alegre","tag-prefeitura","tag-saude","tag-sustentabilidade"],"aioseo_notices":[],"jetpack_publicize_connections":[],"jetpack_featured_media_url":"","jetpack-related-posts":[{"id":83259,"url":"https:\/\/www.jornalja.com.br\/ambiente\/pedidos-de-poda-dobram-em-dois-anos-e-ja-sao-quase-15-mil-na-fila\/","url_meta":{"origin":75990,"position":0},"title":"Pedidos de poda dobram em dois anos e j\u00e1 s\u00e3o quase 15 mil na fila","author":"Felipe Uhr","date":"15 de julho de 2021","format":false,"excerpt":"S\u00e3o exatos 14.820 pedidos de poda de \u00e1rvores que se acumulam na Secretaria de Servi\u00e7os Urbanos de Porto Alegre. Houve uma redu\u00e7\u00e3o, pois no inicio do ano, havia quase 18 mil pedidos na fila de espera. Mesmo assim, o n\u00famero\u00a0 dobrou em dois anos. Os dados foram fornecidos pela pr\u00f3pria\u2026","rel":"","context":"Em &quot;Ambiente J\u00c1-MAT\u00c9RIA&quot;","block_context":{"text":"Ambiente J\u00c1-MAT\u00c9RIA","link":"https:\/\/www.jornalja.com.br\/ambiente\/category\/ambiente-geral\/"},"img":{"alt_text":"","src":"https:\/\/i0.wp.com\/www.jornalja.com.br\/ambiente\/wp-content\/uploads\/sites\/3\/2021\/07\/200929-cr-1030-smsurb-041a.jpg?resize=350%2C200&ssl=1","width":350,"height":200,"srcset":"https:\/\/i0.wp.com\/www.jornalja.com.br\/ambiente\/wp-content\/uploads\/sites\/3\/2021\/07\/200929-cr-1030-smsurb-041a.jpg?resize=350%2C200&ssl=1 1x, https:\/\/i0.wp.com\/www.jornalja.com.br\/ambiente\/wp-content\/uploads\/sites\/3\/2021\/07\/200929-cr-1030-smsurb-041a.jpg?resize=525%2C300&ssl=1 1.5x, https:\/\/i0.wp.com\/www.jornalja.com.br\/ambiente\/wp-content\/uploads\/sites\/3\/2021\/07\/200929-cr-1030-smsurb-041a.jpg?resize=700%2C400&ssl=1 2x"},"classes":[]},{"id":77411,"url":"https:\/\/www.jornalja.com.br\/ambiente\/prefeitura-poda-tipuanas-na-goncalo-de-carvalho-patrimonio-ambiental-de-porto-alegre\/","url_meta":{"origin":75990,"position":1},"title":"Prefeitura poda tipuanas na Gon\u00e7alo de Carvalho, patrim\u00f4nio ambiental de Porto Alegre","author":"da Reda\u00e7\u00e3o","date":"14 de setembro de 2019","format":false,"excerpt":"Equipes de \"manejo arb\u00f3reo\", da Secretaria de Servi\u00e7os Urbanos, far\u00e3o interven\u00e7\u00f5es em \u00e1rvores da rua Gon\u00e7alo de Carvalho, no bairro Independ\u00eancia, neste domingo, 15. Mundialmente famosa pelo t\u00fanel verde formado por 96 tipuanas e que j\u00e1 lhe rendeu o t\u00edtulo de \"rua mais bonita do mundo\", a rua Gon\u00e7alo de\u2026","rel":"","context":"Em &quot;Ambiente J\u00c1-MAT\u00c9RIA&quot;","block_context":{"text":"Ambiente J\u00c1-MAT\u00c9RIA","link":"https:\/\/www.jornalja.com.br\/ambiente\/category\/ambiente-geral\/"},"img":{"alt_text":"","src":"","width":0,"height":0},"classes":[]},{"id":83374,"url":"https:\/\/www.jornalja.com.br\/ambiente\/prefeitura-promove-debates-sobre-regularizacao-fundiaria\/","url_meta":{"origin":75990,"position":2},"title":"Prefeitura promove debates sobre regulariza\u00e7\u00e3o fundi\u00e1ria","author":"da Reda\u00e7\u00e3o","date":"25 de agosto de 2021","format":false,"excerpt":"As Secretaria Municipal do Meio Ambiente, Urbanismo e Sustentabilidade (Smamus) e pela Secretaria Municipal de Habita\u00e7\u00e3o e Regulariza\u00e7\u00e3o Fundi\u00e1ria (SMHARF) promovem a partir de setembro debates\u00a0 e trocas de experi\u00eancias entre Porto Alegre, Rio de Janeiro, S\u00e3o Paulo, Belo Horizonte, Florian\u00f3polis, Recife e Cubat\u00e3o na \u00e1rea de regulariza\u00e7\u00e3o fundi\u00e1ria. Ao\u2026","rel":"","context":"Em &quot;Ambiente J\u00c1-NOTAS&quot;","block_context":{"text":"Ambiente J\u00c1-NOTAS","link":"https:\/\/www.jornalja.com.br\/ambiente\/category\/notas-ambiente-ja\/"},"img":{"alt_text":"","src":"https:\/\/i0.wp.com\/www.jornalja.com.br\/ambiente\/wp-content\/uploads\/sites\/3\/2021\/08\/210709-divulgacao-pmpa-img-9811.jpg?resize=350%2C200&ssl=1","width":350,"height":200,"srcset":"https:\/\/i0.wp.com\/www.jornalja.com.br\/ambiente\/wp-content\/uploads\/sites\/3\/2021\/08\/210709-divulgacao-pmpa-img-9811.jpg?resize=350%2C200&ssl=1 1x, https:\/\/i0.wp.com\/www.jornalja.com.br\/ambiente\/wp-content\/uploads\/sites\/3\/2021\/08\/210709-divulgacao-pmpa-img-9811.jpg?resize=525%2C300&ssl=1 1.5x, https:\/\/i0.wp.com\/www.jornalja.com.br\/ambiente\/wp-content\/uploads\/sites\/3\/2021\/08\/210709-divulgacao-pmpa-img-9811.jpg?resize=700%2C400&ssl=1 2x"},"classes":[]},{"id":80206,"url":"https:\/\/www.jornalja.com.br\/ambiente\/relatorio-libera-praias-de-lami-e-belem-novo-para-banho\/","url_meta":{"origin":75990,"position":3},"title":"Orla do Guaiba: Lami e Bel\u00e9m Novo est\u00e3o liberadas para banho","author":"da Reda\u00e7\u00e3o","date":"27 de dezembro de 2019","format":false,"excerpt":"Saiu nesta sexta-feira, 27, o relat\u00f3rio de balneabilidade das praias do Lami e de Bel\u00e9m Novo, na orla sul do Guaiba.. Os dados indicam que todos os pontos est\u00e3o pr\u00f3prios para banho. Os resultados s\u00e3o baseados nas cinco an\u00e1lises realizadas pelo Departamento Municipal de \u00c1gua e Esgotos (Dmae), entre 20\u2026","rel":"","context":"Em &quot;Ambiente J\u00c1-MAT\u00c9RIA&quot;","block_context":{"text":"Ambiente J\u00c1-MAT\u00c9RIA","link":"https:\/\/www.jornalja.com.br\/ambiente\/category\/ambiente-geral\/"},"img":{"alt_text":"","src":"","width":0,"height":0},"classes":[]},{"id":85104,"url":"https:\/\/www.jornalja.com.br\/ambiente\/agricultores-convocam-populacao-para-debater-gestao-das-feiras-ecologicas-na-capital\/","url_meta":{"origin":75990,"position":4},"title":"Agricultores convocam popula\u00e7\u00e3o para debater gest\u00e3o das feiras ecol\u00f3gicas na Capital","author":"Cleber Dioni Tentardini","date":"13 de novembro de 2023","format":false,"excerpt":"O Conselho de Feiras Ecol\u00f3gicas do Munic\u00edpio de Porto Alegre (CFEMPOA) promove nesta ter\u00e7a-feira (14), \u00e0s 19 horas, na C\u00e2mara Municipal, uma audi\u00eancia p\u00fablica para debater com a popula\u00e7\u00e3o o Projeto de Lei 037\/23, proposto pelo Executivo para regulamentar as Feiras Ecol\u00f3gicas realizadas em logradouros p\u00fablico da Capital. \u201cEsse projeto\u2026","rel":"","context":"Em &quot;Ambiente J\u00c1-MAT\u00c9RIA&quot;","block_context":{"text":"Ambiente J\u00c1-MAT\u00c9RIA","link":"https:\/\/www.jornalja.com.br\/ambiente\/category\/ambiente-geral\/"},"img":{"alt_text":"","src":"https:\/\/i0.wp.com\/www.jornalja.com.br\/ambiente\/wp-content\/uploads\/sites\/3\/2023\/10\/img-20231013-wa0017.jpg?resize=350%2C200&ssl=1","width":350,"height":200,"srcset":"https:\/\/i0.wp.com\/www.jornalja.com.br\/ambiente\/wp-content\/uploads\/sites\/3\/2023\/10\/img-20231013-wa0017.jpg?resize=350%2C200&ssl=1 1x, https:\/\/i0.wp.com\/www.jornalja.com.br\/ambiente\/wp-content\/uploads\/sites\/3\/2023\/10\/img-20231013-wa0017.jpg?resize=525%2C300&ssl=1 1.5x, https:\/\/i0.wp.com\/www.jornalja.com.br\/ambiente\/wp-content\/uploads\/sites\/3\/2023\/10\/img-20231013-wa0017.jpg?resize=700%2C400&ssl=1 2x, https:\/\/i0.wp.com\/www.jornalja.com.br\/ambiente\/wp-content\/uploads\/sites\/3\/2023\/10\/img-20231013-wa0017.jpg?resize=1050%2C600&ssl=1 3x"},"classes":[]},{"id":84419,"url":"https:\/\/www.jornalja.com.br\/ambiente\/biologa-encontra-caramujos-africanos-em-porto-alegre-e-alerta-para-os-riscos-a-saude-e-ao-meio-ambiente\/","url_meta":{"origin":75990,"position":5},"title":"Bi\u00f3loga encontra caramujos africanos em Porto Alegre e alerta para os riscos \u00e0 sa\u00fade e ao meio ambiente","author":"Cleber Dioni Tentardini","date":"16 de fevereiro de 2023","format":false,"excerpt":"Por Cleber Dioni Tentardini A bi\u00f3loga Janine Arruda, especialista em moluscos do Museu de Ci\u00eancias Naturais do Rio Grande do Sul\/SEMA, encontrou nesta quinta-feira, 16, v\u00e1rios exemplares do caramujo gigante africano Achatina fulica, no bairro Cristal, em Porto Alegre. Janine gravou um v\u00eddeo no instante em que localizou os caramujos\u2026","rel":"","context":"Em &quot;Ambiente J\u00c1-MAT\u00c9RIA&quot;","block_context":{"text":"Ambiente J\u00c1-MAT\u00c9RIA","link":"https:\/\/www.jornalja.com.br\/ambiente\/category\/ambiente-geral\/"},"img":{"alt_text":"","src":"https:\/\/i0.wp.com\/www.jornalja.com.br\/ambiente\/wp-content\/uploads\/sites\/3\/2023\/02\/2023-02-16-9.jpg?resize=350%2C200&ssl=1","width":350,"height":200},"classes":[]}],"jetpack_shortlink":"https:\/\/wp.me\/pbKnZo-jLE","jetpack_sharing_enabled":true,"_links":{"self":[{"href":"https:\/\/www.jornalja.com.br\/ambiente\/wp-json\/wp\/v2\/posts\/75990","targetHints":{"allow":["GET"]}}],"collection":[{"href":"https:\/\/www.jornalja.com.br\/ambiente\/wp-json\/wp\/v2\/posts"}],"about":[{"href":"https:\/\/www.jornalja.com.br\/ambiente\/wp-json\/wp\/v2\/types\/post"}],"author":[{"embeddable":true,"href":"https:\/\/www.jornalja.com.br\/ambiente\/wp-json\/wp\/v2\/users\/12"}],"replies":[{"embeddable":true,"href":"https:\/\/www.jornalja.com.br\/ambiente\/wp-json\/wp\/v2\/comments?post=75990"}],"version-history":[{"count":0,"href":"https:\/\/www.jornalja.com.br\/ambiente\/wp-json\/wp\/v2\/posts\/75990\/revisions"}],"wp:featuredmedia":[{"embeddable":true,"href":"https:\/\/www.jornalja.com.br\/ambiente\/wp-json\/"}],"wp:attachment":[{"href":"https:\/\/www.jornalja.com.br\/ambiente\/wp-json\/wp\/v2\/media?parent=75990"}],"wp:term":[{"taxonomy":"category","embeddable":true,"href":"https:\/\/www.jornalja.com.br\/ambiente\/wp-json\/wp\/v2\/categories?post=75990"},{"taxonomy":"post_tag","embeddable":true,"href":"https:\/\/www.jornalja.com.br\/ambiente\/wp-json\/wp\/v2\/tags?post=75990"}],"curies":[{"name":"wp","href":"https:\/\/api.w.org\/{rel}","templated":true}]}}