{"id":76049,"date":"2019-08-07T15:41:54","date_gmt":"2019-08-07T18:41:54","guid":{"rendered":"https:\/\/www.jornalja.com.br\/?p=76049"},"modified":"2019-08-07T15:41:54","modified_gmt":"2019-08-07T18:41:54","slug":"agua-desperdicada-no-pais-equivale-a-quase-sete-sistemas-cantareira","status":"publish","type":"post","link":"https:\/\/www.jornalja.com.br\/ambiente\/agua-desperdicada-no-pais-equivale-a-quase-sete-sistemas-cantareira\/","title":{"rendered":"\u00c1gua desperdi\u00e7ada no pa\u00eds equivale a quase sete sistemas Cantareira"},"content":{"rendered":"<p>O volume de \u00e1gua que \u00e9 perdida no sistema de abastecimento vem crescendo no Brasil e chega a mais de 6,5 bilh\u00f5es de metros c\u00fabicos (m\u00b3) por ano, segundo estudo divulgado dia 05\/06 pelo Instituto Trata Brasil e a consultoria GO Associados. A quantidade de \u00e1gua \u00e9 equivalente a quase sete vezes o volume \u00fatil do Sistema Cantareira, principal manancial que abastece a Grande S\u00e3o Paulo. Em termos percentuais, significa que 38,3% da \u00e1gua tratada foi desperdi\u00e7ada antes de chegar aos destinat\u00e1rios finais.<br \/>\nEm algumas partes do pa\u00eds, o problema \u00e9 ainda mais cr\u00edtico. O percentual de perdas na Regi\u00e3o Norte chega a 55,14%. Em Roraima, a cada 100 litros fornecidos pelas companhias de abastecimento, apenas 25 litros chegam aos clientes. No Amazonas, o percentual de perdas \u00e9 de 69% e no Amap\u00e1, de 66%. No Nordeste, 46,25% da \u00e1gua \u00e9 desperdi\u00e7ada. No Maranh\u00e3o, o percentual chega a 60% e em Pernambuco, a 52%. Em S\u00e3o Paulo e no Paran\u00e1, \u00e9 de 35%.<br \/>\nPara efeitos de compara\u00e7\u00e3o, o estudo destaca que na Dinamarca o \u00edndice de perdas \u00e9 de 6,9%; nos Estados Unidos, de 10,3%, e na Coreia do Sul, de 16,3%. O Brasil apresenta resultados piores do que outros pa\u00edses latino-americanos, como o M\u00e9xico, que desperdi\u00e7a 24,1% da \u00e1gua tratada, o Equador, 31,1%, e o Peru, 35,6%.<br \/>\n<strong>Preju\u00edzo crescente<\/strong><br \/>\nAs perdas de \u00e1gua tamb\u00e9m v\u00eam tendo um ligeiro crescimento nos \u00faltimos anos. Os dados de 2015 apontavam para um \u00edndice de 36,7%, em 2016 ficou em 38,1% e em 2017, \u00faltimos n\u00fameros dispon\u00edveis e que embasam a pesquisa do Trata Brasil, chegou a 38,3%. Em valores, o total perdido pelas companhias distribuidoras fica em R$ 11,4 bilh\u00f5es ao ano.<br \/>\nAlguns estados e regi\u00f5es, no entanto, apresentam resultados muito melhores do que a m\u00e9dia nacional. Em Goi\u00e1s, as perdas ficam em 26%, e no Rio de Janeiro em 31%. Em Santos, no litoral paulista, o \u00edndice de perdas \u00e9 de apenas 14,32%, em Limeira, no interior de S\u00e3o Paulo, de 18,62%, e em Campo Grande, capital do Mato Grosso do Sul, de 19,38%.<br \/>\n<strong>Falta de investimento<\/strong><br \/>\nPara o s\u00f3cio da GO Associados Pedro Scazfuca, o cen\u00e1rio demonstra um desinteresse em fazer investimentos que reduzam o desperd\u00edcio nos sistemas de abastecimento. \u201cH\u00e1 uma falta de esfor\u00e7o para reduzir as perdas. N\u00e3o tem sido feito o investimento necess\u00e1rio. A tend\u00eancia natural de um sistema de abastecimento de \u00e1gua \u00e9 aumentar as perdas, porque a estrutura vai ficando mais velha, sujeita a maior desperd\u00edcio\u201d, disse.<br \/>\nAs cidades que conseguem os melhores resultados s\u00e3o aquelas que, segundo o especialista, focam n\u00e3o s\u00f3 na melhoria da estrutura de distribui\u00e7\u00e3o, como tamb\u00e9m no combate a fraudes e liga\u00e7\u00f5es clandestinas. \u201cAs perdas comerciais s\u00e3o muito representativas para as empresas do ponto de vista de receita. Reduzir as fraudes, melhorar a leitura dos hidr\u00f4metros, tudo isso contribui para a redu\u00e7\u00e3o de perdas\u201d.<br \/>\n<strong>Controle<\/strong><br \/>\nO presidente da Ag\u00eancia Reguladora de Saneamento e Energia do Estado de S\u00e3o Paulo (Arsesp), H\u00e9lio de Castro, avalia que uma melhoria no controle dos sistemas pode indicar que as perdas s\u00e3o ainda maiores. \u201cA tend\u00eancia \u00e9 que os indicadores piorem\u201d, ressaltou, ao lembrar que o Sistema Nacional de Informa\u00e7\u00f5es de Saneamento, usado como base do estudo, \u00e9 elaborado a partir de informa\u00e7\u00f5es repassadas pelas pr\u00f3prias empresas de distribui\u00e7\u00e3o de \u00e1gua.<br \/>\nO ex-presidente da Companhia de Saneamento B\u00e1sico do Estado de S\u00e3o Paulo (Sabesp) Gesner Oliveira, avalia que nos locais onde h\u00e1 grandes perdas, o retorno dos investimentos para reduzir o desperd\u00edcio tende a recompensar as companhias. \u201cVoc\u00ea cair de 68% para 48% \u00e9 relativamente f\u00e1cil e os retornos s\u00e3o elevados\u201d, disse. Em sistemas onde as perdas s\u00e3o menores, o esfor\u00e7o das empresas, segundo ele, tem que ser maior.<br \/>\n(Com informa\u00e7\u00f5es da Ag\u00eancia Brasil)<\/p>\n","protected":false},"excerpt":{"rendered":"<p>O volume de \u00e1gua que \u00e9 perdida no sistema de abastecimento vem crescendo no Brasil e chega a mais de 6,5 bilh\u00f5es de metros c\u00fabicos (m\u00b3) por ano, segundo estudo divulgado dia 05\/06 pelo Instituto Trata Brasil e a consultoria GO Associados. A quantidade de \u00e1gua \u00e9 equivalente a quase sete vezes o volume \u00fatil [&hellip;]<\/p>\n","protected":false},"author":12,"featured_media":76050,"comment_status":"open","ping_status":"closed","sticky":false,"template":"","format":"standard","meta":{"jetpack_post_was_ever_published":false,"_jetpack_newsletter_access":"","_jetpack_dont_email_post_to_subs":false,"_jetpack_newsletter_tier_id":0,"_jetpack_memberships_contains_paywalled_content":false,"_jetpack_memberships_contains_paid_content":false,"footnotes":"","jetpack_publicize_message":"","jetpack_publicize_feature_enabled":true,"jetpack_social_post_already_shared":true,"jetpack_social_options":{"image_generator_settings":{"template":"highway","default_image_id":0,"font":"","enabled":false},"version":2}},"categories":[4],"tags":[59,60,12,61,141],"class_list":["post-76049","post","type-post","status-publish","format-standard","has-post-thumbnail","hentry","category-ambiente-geral","tag-agua","tag-desperdicio-de-agua","tag-energia","tag-privatizacao-da-agua","tag-rios"],"aioseo_notices":[],"jetpack_publicize_connections":[],"jetpack_featured_media_url":"","jetpack-related-posts":[{"id":82070,"url":"https:\/\/www.jornalja.com.br\/ambiente\/maior-seca-em-20-anos-ameaca-abastecimento-de-agua-em-sao-paulo\/","url_meta":{"origin":76049,"position":0},"title":"Maior seca em 20 anos amea\u00e7a abastecimento de \u00e1gua em S\u00e3o Paulo","author":"da Reda\u00e7\u00e3o","date":"3 de junho de 2020","format":false,"excerpt":"S\u00e3o Paulo passa pelo outono mais seco em 20 anos e o alerta para uma nova crise de falta de \u00e1gua em toda a regi\u00e3o metropolitana est\u00e1 aceso. Os \u00faltimos dados da Sabesp,\u00a0 registram pouco mais da metade da m\u00e9dia hist\u00f3rica de chuva\u00a0 para o m\u00eas de mar\u00e7o . J\u00e1\u2026","rel":"","context":"Em &quot;Ambiente J\u00c1-MAT\u00c9RIA&quot;","block_context":{"text":"Ambiente J\u00c1-MAT\u00c9RIA","link":"https:\/\/www.jornalja.com.br\/ambiente\/category\/ambiente-geral\/"},"img":{"alt_text":"","src":"https:\/\/i0.wp.com\/www.jornalja.com.br\/ambiente\/wp-content\/uploads\/sites\/3\/2020\/06\/Desmatamento-e-falta-dagua-em-sao-paulo.jpg?resize=350%2C200&ssl=1","width":350,"height":200,"srcset":"https:\/\/i0.wp.com\/www.jornalja.com.br\/ambiente\/wp-content\/uploads\/sites\/3\/2020\/06\/Desmatamento-e-falta-dagua-em-sao-paulo.jpg?resize=350%2C200&ssl=1 1x, https:\/\/i0.wp.com\/www.jornalja.com.br\/ambiente\/wp-content\/uploads\/sites\/3\/2020\/06\/Desmatamento-e-falta-dagua-em-sao-paulo.jpg?resize=525%2C300&ssl=1 1.5x, https:\/\/i0.wp.com\/www.jornalja.com.br\/ambiente\/wp-content\/uploads\/sites\/3\/2020\/06\/Desmatamento-e-falta-dagua-em-sao-paulo.jpg?resize=700%2C400&ssl=1 2x"},"classes":[]},{"id":74239,"url":"https:\/\/www.jornalja.com.br\/ambiente\/pesquisa-detecta-presenca-de-agrotoxicos-na-agua-de-1-400-municipios\/","url_meta":{"origin":76049,"position":1},"title":"Pesquisa detecta presen\u00e7a de agrot\u00f3xicos na \u00e1gua de 1.400 munic\u00edpios","author":"da Reda\u00e7\u00e3o","date":"25 de abril de 2019","format":false,"excerpt":"A \u00e1gua consumida pelo brasileiro est\u00e1 cada vez mais envenenada. \u00c9 o que revelam dados do Minist\u00e9rio da Sa\u00fade compilados pela ONG Rep\u00f3rter Brasil, pela Ag\u00eancia P\u00fablica\u00a0e a organiza\u00e7\u00e3o su\u00ed\u00e7a Public Eye, que apontaram a\u00a0presen\u00e7a de agrot\u00f3xicos na \u00e1gua\u00a0de uma em cada quatro cidades do pa\u00eds. Com base em amostras\u2026","rel":"","context":"Em &quot;Ambiente J\u00c1-MAT\u00c9RIA&quot;","block_context":{"text":"Ambiente J\u00c1-MAT\u00c9RIA","link":"https:\/\/www.jornalja.com.br\/ambiente\/category\/ambiente-geral\/"},"img":{"alt_text":"","src":"","width":0,"height":0},"classes":[]},{"id":76798,"url":"https:\/\/www.jornalja.com.br\/ambiente\/sistema-de-captacao-de-agua-para-acesso-de-todos-e-com-baixo-custo-e-demonstrado-pela-emater\/","url_meta":{"origin":76049,"position":2},"title":"Sistema de capta\u00e7\u00e3o de \u00e1gua para acesso de todos e com baixo custo \u00e9 demonstrado pela Emater","author":"Carlos Matsubara","date":"28 de agosto de 2019","format":false,"excerpt":"A Emater\/RS-Ascar, conveniada da Secretaria da Agricultura, Pecu\u00e1ria e Desenvolvimento Rural (Seapdr), est\u00e1 mostrando na 42\u00aa Expointer como se faz um sistema de capta\u00e7\u00e3o de \u00e1gua de nascentes para abastecimento com baixo custo para as fam\u00edlias rurais, o cercamento e o plantio de esp\u00e9cies nativas neste espa\u00e7o, que constitui uma\u2026","rel":"","context":"Em &quot;Ambiente J\u00c1-MAT\u00c9RIA&quot;","block_context":{"text":"Ambiente J\u00c1-MAT\u00c9RIA","link":"https:\/\/www.jornalja.com.br\/ambiente\/category\/ambiente-geral\/"},"img":{"alt_text":"","src":"","width":0,"height":0},"classes":[]},{"id":77614,"url":"https:\/\/www.jornalja.com.br\/ambiente\/trecho-morto-do-tiete-aumenta-33-e-esta-com-163-quilometros\/","url_meta":{"origin":76049,"position":3},"title":"Trecho morto do Tiet\u00ea aumenta 33% e est\u00e1 com 163 quil\u00f4metros","author":"da Reda\u00e7\u00e3o","date":"20 de setembro de 2019","format":false,"excerpt":"Camila\u00a0Boehm, da Ag\u00eancia Brasil O trecho morto do Tiet\u00ea, maior rio do estado de S\u00e3o Paulo, alcan\u00e7ou a marca de 163 quil\u00f4metros (km) neste ano, o que representa um aumento de 33,6% em rela\u00e7\u00e3o ao ano passado (122 km), deixando a \u00e1gua impr\u00f3pria para uso nessa extens\u00e3o. A menor mancha\u2026","rel":"","context":"Em &quot;Ambiente J\u00c1-MAT\u00c9RIA&quot;","block_context":{"text":"Ambiente J\u00c1-MAT\u00c9RIA","link":"https:\/\/www.jornalja.com.br\/ambiente\/category\/ambiente-geral\/"},"img":{"alt_text":"","src":"","width":0,"height":0},"classes":[]},{"id":85268,"url":"https:\/\/www.jornalja.com.br\/ambiente\/velocidade-do-guaiba-na-enchente-comprova-que-ele-e-um-rio-diz-pesquisador\/","url_meta":{"origin":76049,"position":4},"title":"Velocidade do Gua\u00edba na enchente comprova que ele \u00e9 um rio, diz pesquisador","author":"Cleber Dioni Tentardini","date":"21 de junho de 2024","format":false,"excerpt":"Cleber Dioni Tentardini Nos dias 5 e 6 de maio deste ano, no pico da enchente, uma equipe de pesquisadores dos Institutos de Geoci\u00eancias (IGEO) e de Pesquisas Hidr\u00e1ulicas (IPH), da Universidade Federal do Rio Grande do Sul, mediu a velocidade da corrente de \u00e1gua no Gua\u00edba, pr\u00f3ximo \u00e0 Usina\u2026","rel":"","context":"Em &quot;Ambiente J\u00c1-MAT\u00c9RIA&quot;","block_context":{"text":"Ambiente J\u00c1-MAT\u00c9RIA","link":"https:\/\/www.jornalja.com.br\/ambiente\/category\/ambiente-geral\/"},"img":{"alt_text":"","src":"https:\/\/i0.wp.com\/www.jornalja.com.br\/ambiente\/wp-content\/uploads\/sites\/3\/2024\/06\/20240613-085836-scaled.jpg?resize=350%2C200&ssl=1","width":350,"height":200,"srcset":"https:\/\/i0.wp.com\/www.jornalja.com.br\/ambiente\/wp-content\/uploads\/sites\/3\/2024\/06\/20240613-085836-scaled.jpg?resize=350%2C200&ssl=1 1x, https:\/\/i0.wp.com\/www.jornalja.com.br\/ambiente\/wp-content\/uploads\/sites\/3\/2024\/06\/20240613-085836-scaled.jpg?resize=525%2C300&ssl=1 1.5x, https:\/\/i0.wp.com\/www.jornalja.com.br\/ambiente\/wp-content\/uploads\/sites\/3\/2024\/06\/20240613-085836-scaled.jpg?resize=700%2C400&ssl=1 2x, https:\/\/i0.wp.com\/www.jornalja.com.br\/ambiente\/wp-content\/uploads\/sites\/3\/2024\/06\/20240613-085836-scaled.jpg?resize=1050%2C600&ssl=1 3x, https:\/\/i0.wp.com\/www.jornalja.com.br\/ambiente\/wp-content\/uploads\/sites\/3\/2024\/06\/20240613-085836-scaled.jpg?resize=1400%2C800&ssl=1 4x"},"classes":[]},{"id":76286,"url":"https:\/\/www.jornalja.com.br\/ambiente\/qualidade-da-agua-tratada-consumida-em-santa-catarina-foi-tema-de-reuniao-no-mpsc\/","url_meta":{"origin":76049,"position":5},"title":"Qualidade da \u00e1gua tratada consumida em Santa Catarina foi tema de reuni\u00e3o no MPSC","author":"Carlos Matsubara","date":"13 de agosto de 2019","format":false,"excerpt":"Objetivo foi dar continuidade \u00e0 articula\u00e7\u00e3o de 30 \u00f3rg\u00e3os que comp\u00f5em o Grupo de Trabalho \u00c1gua (GT \u00c1gua), para estabelecer a atua\u00e7\u00e3o em rede sobre temas espec\u00edficos de regula\u00e7\u00e3o, fiscaliza\u00e7\u00e3o, sistemas de informa\u00e7\u00e3o, diagn\u00f3stico e educa\u00e7\u00e3o. Os representantes dos \u00f3rg\u00e3os que comp\u00f5em o Grupo de Trabalho \u00c1gua (GT \u00c1gua), constitu\u00eddo\u2026","rel":"","context":"Em &quot;Ambiente J\u00c1-MAT\u00c9RIA&quot;","block_context":{"text":"Ambiente J\u00c1-MAT\u00c9RIA","link":"https:\/\/www.jornalja.com.br\/ambiente\/category\/ambiente-geral\/"},"img":{"alt_text":"","src":"","width":0,"height":0},"classes":[]}],"jetpack_shortlink":"https:\/\/wp.me\/pbKnZo-jMB","jetpack_sharing_enabled":true,"_links":{"self":[{"href":"https:\/\/www.jornalja.com.br\/ambiente\/wp-json\/wp\/v2\/posts\/76049","targetHints":{"allow":["GET"]}}],"collection":[{"href":"https:\/\/www.jornalja.com.br\/ambiente\/wp-json\/wp\/v2\/posts"}],"about":[{"href":"https:\/\/www.jornalja.com.br\/ambiente\/wp-json\/wp\/v2\/types\/post"}],"author":[{"embeddable":true,"href":"https:\/\/www.jornalja.com.br\/ambiente\/wp-json\/wp\/v2\/users\/12"}],"replies":[{"embeddable":true,"href":"https:\/\/www.jornalja.com.br\/ambiente\/wp-json\/wp\/v2\/comments?post=76049"}],"version-history":[{"count":0,"href":"https:\/\/www.jornalja.com.br\/ambiente\/wp-json\/wp\/v2\/posts\/76049\/revisions"}],"wp:featuredmedia":[{"embeddable":true,"href":"https:\/\/www.jornalja.com.br\/ambiente\/wp-json\/"}],"wp:attachment":[{"href":"https:\/\/www.jornalja.com.br\/ambiente\/wp-json\/wp\/v2\/media?parent=76049"}],"wp:term":[{"taxonomy":"category","embeddable":true,"href":"https:\/\/www.jornalja.com.br\/ambiente\/wp-json\/wp\/v2\/categories?post=76049"},{"taxonomy":"post_tag","embeddable":true,"href":"https:\/\/www.jornalja.com.br\/ambiente\/wp-json\/wp\/v2\/tags?post=76049"}],"curies":[{"name":"wp","href":"https:\/\/api.w.org\/{rel}","templated":true}]}}