{"id":76286,"date":"2019-08-13T15:19:43","date_gmt":"2019-08-13T18:19:43","guid":{"rendered":"https:\/\/www.jornalja.com.br\/?p=76286"},"modified":"2019-08-13T15:19:43","modified_gmt":"2019-08-13T18:19:43","slug":"qualidade-da-agua-tratada-consumida-em-santa-catarina-foi-tema-de-reuniao-no-mpsc","status":"publish","type":"post","link":"https:\/\/www.jornalja.com.br\/ambiente\/qualidade-da-agua-tratada-consumida-em-santa-catarina-foi-tema-de-reuniao-no-mpsc\/","title":{"rendered":"Qualidade da \u00e1gua tratada consumida em Santa Catarina foi tema de reuni\u00e3o no MPSC"},"content":{"rendered":"<p>Objetivo foi dar continuidade \u00e0 articula\u00e7\u00e3o de 30 \u00f3rg\u00e3os que comp\u00f5em o Grupo de Trabalho \u00c1gua (GT \u00c1gua), para estabelecer a atua\u00e7\u00e3o em rede sobre temas espec\u00edficos de regula\u00e7\u00e3o, fiscaliza\u00e7\u00e3o, sistemas de informa\u00e7\u00e3o, diagn\u00f3stico e educa\u00e7\u00e3o.<br \/>\nOs representantes dos \u00f3rg\u00e3os que comp\u00f5em o Grupo de Trabalho \u00c1gua (GT \u00c1gua), constitu\u00eddo pelo Minist\u00e9rio P\u00fablico de Santa Catarina (MPSC) para tratar da qualidade da \u00e1gua fornecida pelos sistemas de tratamentos, reuniram-se nesta segunda-feira (12\/8), em Florian\u00f3polis. O grupo principal foi organizado em subgrupos espec\u00edficos: Regula\u00e7\u00e3o, Fiscaliza\u00e7\u00e3o, Sistemas de Informa\u00e7\u00e3o, Diagn\u00f3stico e Educa\u00e7\u00e3o Ambiental sobre Recursos H\u00eddricos.<br \/>\nNo \u00e2mbito da Regula\u00e7\u00e3o, sob a coordena\u00e7\u00e3o de Luiza Borges (ARESC) e Jaqueline Souza (Secretaria de Estado do Desenvolvimento Econ\u00f4mico Sustent\u00e1vel), foram abordadas quest\u00f5es relativas ao mapeamento das legisla\u00e7\u00f5es federal e estadual, regulamenta\u00e7\u00e3o do pagamento por servi\u00e7os ambientais, gest\u00e3o dos mananciais e pol\u00edtica de recursos h\u00eddricos, pol\u00edtica de potabilidade e zoneamento ecol\u00f3gico-econ\u00f4mico.<br \/>\nNo per\u00edodo matutino, foram realizadas reuni\u00f5es dos subgrupos Fiscaliza\u00e7\u00e3o, sob a coordena\u00e7\u00e3o de Willian Goetten (ARIS) e Liara Padilha (FECAM), e de Educa\u00e7\u00e3o Ambiental dos Recursos H\u00eddricos, conduzido por Patr\u00edcia Moreira (CIDASC) e H\u00e9lia Farias Espinoza (UNIVALI). Foram apresentadas propostas para elabora\u00e7\u00e3o de plano de amostragem integrado, para coopera\u00e7\u00e3o entre as institui\u00e7\u00f5es e para estudo piloto da bacia hidrogr\u00e1fica do Rio Cambori\u00fa.<br \/>\n\u00c0 tarde, aconteceram as reuni\u00f5es dos subgrupos Sistemas de Informa\u00e7\u00e3o, coordenado por R\u00fabia Girardi (ABRHidro) e Paulo Francisco da Silva (EPAGRI), e de Monitoramento e Diagn\u00f3stico, coordenado por Cristine Silveira (Vigil\u00e2ncia Sanit\u00e1ria de SC) e Helo\u00edsa Pereira (Centro de Apoio Operacional do Meio Ambiente (CME).<br \/>\nFoi proposto o levantamento de inqu\u00e9ritos civis e de termos de compromisso de ajustamento de condutas j\u00e1 firmados pelo Minist\u00e9rio P\u00fablico em todo o Estado. Tamb\u00e9m se discutiu a verifica\u00e7\u00e3o das pesquisas acad\u00eamicas a respeito dos recursos h\u00eddricos catarinenses e a coopera\u00e7\u00e3o entre \u00f3rg\u00e3os respons\u00e1veis pela fiscaliza\u00e7\u00e3o ambiental.<br \/>\nCada um dos grupos estabeleceu a metodologia mais adequada ao seu tema, a ser aplicada j\u00e1 a partir do pr\u00f3ximo encontro, marcado para o dia 20 de setembro deste ano.<br \/>\n&#8220;A participa\u00e7\u00e3o efetiva das organiza\u00e7\u00f5es \u00e9 essencial na finalidade de se construir solu\u00e7\u00f5es conjuntas e integradas, com transpar\u00eancia, direito \u00e0 informa\u00e7\u00e3o e medidas no sentido de melhor proteger a qualidade da \u00e1gua distribu\u00edda no Estado&#8221;, avalia o Promotor de Justi\u00e7a Eduardo Paladino, Coordenador do Centro de Apoio Operacional do Consumidor do MPSC.<br \/>\nO GT \u00c1gua foi formado, em abril deste ano, para desenvolver a\u00e7\u00f5es conjuntas de seus integrantes com o objetivo de estudar a redu\u00e7\u00e3o de res\u00edduos de agrot\u00f3xicos, verificar outros par\u00e2metros de ingredientes qu\u00edmicos e propor uma normatiza\u00e7\u00e3o estadual mais restritiva a respeito dos agrot\u00f3xicos e de outros contaminantes que podem afetar a qualidade da \u00e1gua.<\/p>\n","protected":false},"excerpt":{"rendered":"<p>Objetivo foi dar continuidade \u00e0 articula\u00e7\u00e3o de 30 \u00f3rg\u00e3os que comp\u00f5em o Grupo de Trabalho \u00c1gua (GT \u00c1gua), para estabelecer a atua\u00e7\u00e3o em rede sobre temas espec\u00edficos de regula\u00e7\u00e3o, fiscaliza\u00e7\u00e3o, sistemas de informa\u00e7\u00e3o, diagn\u00f3stico e educa\u00e7\u00e3o. Os representantes dos \u00f3rg\u00e3os que comp\u00f5em o Grupo de Trabalho \u00c1gua (GT \u00c1gua), constitu\u00eddo pelo Minist\u00e9rio P\u00fablico de Santa [&hellip;]<\/p>\n","protected":false},"author":12,"featured_media":76287,"comment_status":"open","ping_status":"closed","sticky":false,"template":"","format":"standard","meta":{"_jetpack_newsletter_access":"","_jetpack_dont_email_post_to_subs":false,"_jetpack_newsletter_tier_id":0,"_jetpack_memberships_contains_paywalled_content":false,"_jetpack_feature_clip_id":0,"_jetpack_memberships_contains_paid_content":false,"footnotes":"","jetpack_publicize_message":"","jetpack_publicize_feature_enabled":true,"jetpack_social_post_already_shared":true,"jetpack_social_options":{"image_generator_settings":{"template":"highway","default_image_id":0,"font":"","enabled":false},"version":2},"jetpack_post_was_ever_published":false},"categories":[4],"tags":[92,59,16,157,52,78,79,80,150,81],"class_list":["post-76286","post","type-post","status-publish","format-standard","has-post-thumbnail","hentry","category-ambiente-geral","tag-agrotoxicos","tag-agua","tag-ambiente","tag-florianopolis","tag-meio-ambiente","tag-poluicao","tag-qualidade-da-agua","tag-recursos-hidricos","tag-residuos","tag-santa-catarina"],"aioseo_notices":[],"aioseo_head":"\n\t\t<!-- All in One SEO 5.0.1.1 - aioseo.com -->\n\t<meta name=\"description\" content=\"Objetivo foi dar continuidade \u00e0 articula\u00e7\u00e3o de 30 \u00f3rg\u00e3os que comp\u00f5em o Grupo de Trabalho \u00c1gua (GT \u00c1gua), para estabelecer a atua\u00e7\u00e3o em rede sobre temas espec\u00edficos de regula\u00e7\u00e3o, fiscaliza\u00e7\u00e3o, sistemas de informa\u00e7\u00e3o, diagn\u00f3stico e educa\u00e7\u00e3o. Os representantes dos \u00f3rg\u00e3os que comp\u00f5em o Grupo de Trabalho \u00c1gua (GT \u00c1gua), constitu\u00eddo pelo Minist\u00e9rio P\u00fablico de Santa\" \/>\n\t<meta name=\"robots\" content=\"max-image-preview:large\" \/>\n\t<meta name=\"author\" content=\"Carlos Matsubara\"\/>\n\t<meta name=\"keywords\" content=\"agrot\u00f3xicos,\u00e1gua,ambiente,florian\u00f3polis,meio ambiente,polui\u00e7\u00e3o,qualidade da \u00e1gua,recursos h\u00eddricos,res\u00edduos,santa catarina,ambiente j\u00e1-mat\u00e9ria\" \/>\n\t<link rel=\"canonical\" href=\"https:\/\/www.jornalja.com.br\/ambiente\/qualidade-da-agua-tratada-consumida-em-santa-catarina-foi-tema-de-reuniao-no-mpsc\/\" \/>\n\t<meta name=\"generator\" content=\"All in One SEO (AIOSEO) 5.0.1.1\" \/>\n\t\t<meta property=\"og:locale\" content=\"pt_BR\" \/>\n\t\t<meta property=\"og:site_name\" content=\"Ambiente J\u00c1\" \/>\n\t\t<meta property=\"og:type\" content=\"article\" \/>\n\t\t<meta property=\"og:title\" content=\"Qualidade da \u00e1gua tratada consumida em Santa Catarina foi tema de reuni\u00e3o no MPSC | Ambiente J\u00c1\" \/>\n\t\t<meta property=\"og:description\" content=\"Objetivo foi dar continuidade \u00e0 articula\u00e7\u00e3o de 30 \u00f3rg\u00e3os que comp\u00f5em o Grupo de Trabalho \u00c1gua (GT \u00c1gua), para estabelecer a atua\u00e7\u00e3o em rede sobre temas espec\u00edficos de regula\u00e7\u00e3o, fiscaliza\u00e7\u00e3o, sistemas de informa\u00e7\u00e3o, diagn\u00f3stico e educa\u00e7\u00e3o. Os representantes dos \u00f3rg\u00e3os que comp\u00f5em o Grupo de Trabalho \u00c1gua (GT \u00c1gua), constitu\u00eddo pelo Minist\u00e9rio P\u00fablico de Santa\" \/>\n\t\t<meta property=\"og:url\" content=\"https:\/\/www.jornalja.com.br\/ambiente\/qualidade-da-agua-tratada-consumida-em-santa-catarina-foi-tema-de-reuniao-no-mpsc\/\" \/>\n\t\t<meta property=\"og:image\" content=\"https:\/\/www.jornalja.com.br\/economics\/wp-content\/uploads\/sites\/11\/2026\/08\/ja-folhaderosto-facebook.jpg\" \/>\n\t\t<meta property=\"og:image:secure_url\" content=\"https:\/\/www.jornalja.com.br\/economics\/wp-content\/uploads\/sites\/11\/2026\/08\/ja-folhaderosto-facebook.jpg\" \/>\n\t\t<meta property=\"article:published_time\" content=\"2019-08-13T18:19:43+00:00\" \/>\n\t\t<meta property=\"article:modified_time\" content=\"2019-08-13T18:19:43+00:00\" \/>\n\t\t<meta property=\"article:publisher\" content=\"https:\/\/www.facebook.com\/jornaljanaweb\" \/>\n\t\t<meta name=\"twitter:card\" content=\"summary\" \/>\n\t\t<meta name=\"twitter:site\" content=\"@jornal_ja\" \/>\n\t\t<meta name=\"twitter:title\" content=\"Qualidade da \u00e1gua tratada consumida em Santa Catarina foi tema de reuni\u00e3o no MPSC | Ambiente J\u00c1\" \/>\n\t\t<meta name=\"twitter:description\" content=\"Objetivo foi dar continuidade \u00e0 articula\u00e7\u00e3o de 30 \u00f3rg\u00e3os que comp\u00f5em o Grupo de Trabalho \u00c1gua (GT \u00c1gua), para estabelecer a atua\u00e7\u00e3o em rede sobre temas espec\u00edficos de regula\u00e7\u00e3o, fiscaliza\u00e7\u00e3o, sistemas de informa\u00e7\u00e3o, diagn\u00f3stico e educa\u00e7\u00e3o. Os representantes dos \u00f3rg\u00e3os que comp\u00f5em o Grupo de Trabalho \u00c1gua (GT \u00c1gua), constitu\u00eddo pelo Minist\u00e9rio P\u00fablico de Santa\" \/>\n\t\t<meta name=\"twitter:image\" content=\"https:\/\/www.jornalja.com.br\/economics\/wp-content\/uploads\/sites\/11\/2026\/08\/ja-folhaderosto-facebook.jpg\" \/>\n\t\t<script type=\"application\/ld+json\" class=\"aioseo-schema\">\n\t\t\t{\"@context\":\"https:\\\/\\\/schema.org\",\"@graph\":[{\"@type\":\"Article\",\"@id\":\"https:\\\/\\\/www.jornalja.com.br\\\/ambiente\\\/qualidade-da-agua-tratada-consumida-em-santa-catarina-foi-tema-de-reuniao-no-mpsc\\\/#article\",\"name\":\"Qualidade da \\u00e1gua tratada consumida em Santa Catarina foi tema de reuni\\u00e3o no MPSC | Ambiente J\\u00c1\",\"headline\":\"Qualidade da \\u00e1gua tratada consumida em Santa Catarina foi tema de reuni\\u00e3o no MPSC\",\"author\":{\"@id\":\"https:\\\/\\\/www.jornalja.com.br\\\/ambiente\\\/author\\\/matsubara\\\/#author\"},\"publisher\":{\"@id\":\"https:\\\/\\\/www.jornalja.com.br\\\/ambiente\\\/#organization\"},\"image\":{\"@type\":\"ImageObject\",\"url\":76287},\"datePublished\":\"2019-08-13T15:19:43-03:00\",\"dateModified\":\"2019-08-13T15:19:43-03:00\",\"inLanguage\":\"pt-BR\",\"mainEntityOfPage\":{\"@id\":\"https:\\\/\\\/www.jornalja.com.br\\\/ambiente\\\/qualidade-da-agua-tratada-consumida-em-santa-catarina-foi-tema-de-reuniao-no-mpsc\\\/#webpage\"},\"isPartOf\":{\"@id\":\"https:\\\/\\\/www.jornalja.com.br\\\/ambiente\\\/qualidade-da-agua-tratada-consumida-em-santa-catarina-foi-tema-de-reuniao-no-mpsc\\\/#webpage\"},\"articleSection\":\"Ambiente J\\u00c1-MAT\\u00c9RIA, agrot\\u00f3xicos, \\u00e1gua, ambiente, Florian\\u00f3polis, Meio Ambiente, polui\\u00e7\\u00e3o, qualidade da \\u00e1gua, recursos h\\u00eddricos, res\\u00edduos, santa catarina\"},{\"@type\":\"BreadcrumbList\",\"@id\":\"https:\\\/\\\/www.jornalja.com.br\\\/ambiente\\\/qualidade-da-agua-tratada-consumida-em-santa-catarina-foi-tema-de-reuniao-no-mpsc\\\/#breadcrumblist\",\"itemListElement\":[{\"@type\":\"ListItem\",\"@id\":\"https:\\\/\\\/www.jornalja.com.br\\\/ambiente#listItem\",\"position\":1,\"name\":\"Home\",\"item\":\"https:\\\/\\\/www.jornalja.com.br\\\/ambiente\",\"nextItem\":{\"@type\":\"ListItem\",\"@id\":\"https:\\\/\\\/www.jornalja.com.br\\\/ambiente\\\/category\\\/ambiente-geral\\\/#listItem\",\"name\":\"Ambiente J\\u00c1-MAT\\u00c9RIA\"}},{\"@type\":\"ListItem\",\"@id\":\"https:\\\/\\\/www.jornalja.com.br\\\/ambiente\\\/category\\\/ambiente-geral\\\/#listItem\",\"position\":2,\"name\":\"Ambiente J\\u00c1-MAT\\u00c9RIA\",\"item\":\"https:\\\/\\\/www.jornalja.com.br\\\/ambiente\\\/category\\\/ambiente-geral\\\/\",\"nextItem\":{\"@type\":\"ListItem\",\"@id\":\"https:\\\/\\\/www.jornalja.com.br\\\/ambiente\\\/qualidade-da-agua-tratada-consumida-em-santa-catarina-foi-tema-de-reuniao-no-mpsc\\\/#listItem\",\"name\":\"Qualidade da \\u00e1gua tratada consumida em Santa Catarina foi tema de reuni\\u00e3o no MPSC\"},\"previousItem\":{\"@type\":\"ListItem\",\"@id\":\"https:\\\/\\\/www.jornalja.com.br\\\/ambiente#listItem\",\"name\":\"Home\"}},{\"@type\":\"ListItem\",\"@id\":\"https:\\\/\\\/www.jornalja.com.br\\\/ambiente\\\/qualidade-da-agua-tratada-consumida-em-santa-catarina-foi-tema-de-reuniao-no-mpsc\\\/#listItem\",\"position\":3,\"name\":\"Qualidade da \\u00e1gua tratada consumida em Santa Catarina foi tema de reuni\\u00e3o no MPSC\",\"previousItem\":{\"@type\":\"ListItem\",\"@id\":\"https:\\\/\\\/www.jornalja.com.br\\\/ambiente\\\/category\\\/ambiente-geral\\\/#listItem\",\"name\":\"Ambiente J\\u00c1-MAT\\u00c9RIA\"}}]},{\"@type\":\"Organization\",\"@id\":\"https:\\\/\\\/www.jornalja.com.br\\\/ambiente\\\/#organization\",\"name\":\"Jornal J\\u00c1 Editora\",\"description\":\"Jornal J\\u00c1 | Porto Alegre\",\"url\":\"https:\\\/\\\/www.jornalja.com.br\\\/ambiente\\\/\",\"telephone\":\"+555133307272\",\"logo\":{\"@type\":\"ImageObject\",\"url\":\"https:\\\/\\\/www.jornalja.com.br\\\/ambiente\\\/wp-content\\\/uploads\\\/sites\\\/3\\\/2020\\\/03\\\/cropped-Jah.png\",\"@id\":\"https:\\\/\\\/www.jornalja.com.br\\\/ambiente\\\/qualidade-da-agua-tratada-consumida-em-santa-catarina-foi-tema-de-reuniao-no-mpsc\\\/#organizationLogo\",\"width\":512,\"height\":512},\"image\":{\"@id\":\"https:\\\/\\\/www.jornalja.com.br\\\/ambiente\\\/qualidade-da-agua-tratada-consumida-em-santa-catarina-foi-tema-de-reuniao-no-mpsc\\\/#organizationLogo\"},\"sameAs\":[\"https:\\\/\\\/www.instagram.com\\\/jornaljapoa\",\"https:\\\/\\\/www.youtube.com\\\/c\\\/JornalJ\"]},{\"@type\":\"Person\",\"@id\":\"https:\\\/\\\/www.jornalja.com.br\\\/ambiente\\\/author\\\/matsubara\\\/#author\",\"url\":\"https:\\\/\\\/www.jornalja.com.br\\\/ambiente\\\/author\\\/matsubara\\\/\",\"name\":\"Carlos Matsubara\",\"image\":{\"@type\":\"ImageObject\",\"@id\":\"https:\\\/\\\/www.jornalja.com.br\\\/ambiente\\\/qualidade-da-agua-tratada-consumida-em-santa-catarina-foi-tema-de-reuniao-no-mpsc\\\/#authorImage\",\"url\":\"https:\\\/\\\/secure.gravatar.com\\\/avatar\\\/d7f9add8c1d055c8de739dc03f6c9bacf4954416de0282cacb822a0d1ca9d77f?s=96&d=mm&r=g\",\"width\":96,\"height\":96,\"caption\":\"Carlos Matsubara\"}},{\"@type\":\"WebPage\",\"@id\":\"https:\\\/\\\/www.jornalja.com.br\\\/ambiente\\\/qualidade-da-agua-tratada-consumida-em-santa-catarina-foi-tema-de-reuniao-no-mpsc\\\/#webpage\",\"url\":\"https:\\\/\\\/www.jornalja.com.br\\\/ambiente\\\/qualidade-da-agua-tratada-consumida-em-santa-catarina-foi-tema-de-reuniao-no-mpsc\\\/\",\"name\":\"Qualidade da \\u00e1gua tratada consumida em Santa Catarina foi tema de reuni\\u00e3o no MPSC | Ambiente J\\u00c1\",\"description\":\"Objetivo foi dar continuidade \\u00e0 articula\\u00e7\\u00e3o de 30 \\u00f3rg\\u00e3os que comp\\u00f5em o Grupo de Trabalho \\u00c1gua (GT \\u00c1gua), para estabelecer a atua\\u00e7\\u00e3o em rede sobre temas espec\\u00edficos de regula\\u00e7\\u00e3o, fiscaliza\\u00e7\\u00e3o, sistemas de informa\\u00e7\\u00e3o, diagn\\u00f3stico e educa\\u00e7\\u00e3o. Os representantes dos \\u00f3rg\\u00e3os que comp\\u00f5em o Grupo de Trabalho \\u00c1gua (GT \\u00c1gua), constitu\\u00eddo pelo Minist\\u00e9rio P\\u00fablico de Santa\",\"inLanguage\":\"pt-BR\",\"isPartOf\":{\"@id\":\"https:\\\/\\\/www.jornalja.com.br\\\/ambiente\\\/#website\"},\"breadcrumb\":{\"@id\":\"https:\\\/\\\/www.jornalja.com.br\\\/ambiente\\\/qualidade-da-agua-tratada-consumida-em-santa-catarina-foi-tema-de-reuniao-no-mpsc\\\/#breadcrumblist\"},\"author\":{\"@id\":\"https:\\\/\\\/www.jornalja.com.br\\\/ambiente\\\/author\\\/matsubara\\\/#author\"},\"creator\":{\"@id\":\"https:\\\/\\\/www.jornalja.com.br\\\/ambiente\\\/author\\\/matsubara\\\/#author\"},\"image\":{\"@type\":\"ImageObject\",\"url\":76287,\"@id\":\"https:\\\/\\\/www.jornalja.com.br\\\/ambiente\\\/qualidade-da-agua-tratada-consumida-em-santa-catarina-foi-tema-de-reuniao-no-mpsc\\\/#mainImage\"},\"primaryImageOfPage\":{\"@id\":\"https:\\\/\\\/www.jornalja.com.br\\\/ambiente\\\/qualidade-da-agua-tratada-consumida-em-santa-catarina-foi-tema-de-reuniao-no-mpsc\\\/#mainImage\"},\"datePublished\":\"2019-08-13T15:19:43-03:00\",\"dateModified\":\"2019-08-13T15:19:43-03:00\"},{\"@type\":\"WebSite\",\"@id\":\"https:\\\/\\\/www.jornalja.com.br\\\/ambiente\\\/#website\",\"url\":\"https:\\\/\\\/www.jornalja.com.br\\\/ambiente\\\/\",\"name\":\"Ambiente J\\u00c1\",\"description\":\"Jornal J\\u00c1 | Porto Alegre\",\"inLanguage\":\"pt-BR\",\"publisher\":{\"@id\":\"https:\\\/\\\/www.jornalja.com.br\\\/ambiente\\\/#organization\"}}]}\n\t\t<\/script>\n\t\t<!-- All in One SEO -->\n\n","aioseo_head_json":{"title":"Qualidade da \u00e1gua tratada consumida em Santa Catarina foi tema de reuni\u00e3o no MPSC | Ambiente J\u00c1","description":"Objetivo foi dar continuidade \u00e0 articula\u00e7\u00e3o de 30 \u00f3rg\u00e3os que comp\u00f5em o Grupo de Trabalho \u00c1gua (GT \u00c1gua), para estabelecer a atua\u00e7\u00e3o em rede sobre temas espec\u00edficos de regula\u00e7\u00e3o, fiscaliza\u00e7\u00e3o, sistemas de informa\u00e7\u00e3o, diagn\u00f3stico e educa\u00e7\u00e3o. Os representantes dos \u00f3rg\u00e3os que comp\u00f5em o Grupo de Trabalho \u00c1gua (GT \u00c1gua), constitu\u00eddo pelo Minist\u00e9rio P\u00fablico de Santa","canonical_url":"https:\/\/www.jornalja.com.br\/ambiente\/qualidade-da-agua-tratada-consumida-em-santa-catarina-foi-tema-de-reuniao-no-mpsc\/","robots":"max-image-preview:large","keywords":"agrot\u00f3xicos,\u00e1gua,ambiente,florian\u00f3polis,meio ambiente,polui\u00e7\u00e3o,qualidade da \u00e1gua,recursos h\u00eddricos,res\u00edduos,santa catarina,ambiente j\u00e1-mat\u00e9ria","webmasterTools":{"miscellaneous":""},"schema":{"@context":"https:\/\/schema.org","@graph":[{"@type":"Article","@id":"https:\/\/www.jornalja.com.br\/ambiente\/qualidade-da-agua-tratada-consumida-em-santa-catarina-foi-tema-de-reuniao-no-mpsc\/#article","name":"Qualidade da \u00e1gua tratada consumida em Santa Catarina foi tema de reuni\u00e3o no MPSC | Ambiente J\u00c1","headline":"Qualidade da \u00e1gua tratada consumida em Santa Catarina foi tema de reuni\u00e3o no MPSC","author":{"@id":"https:\/\/www.jornalja.com.br\/ambiente\/author\/matsubara\/#author"},"publisher":{"@id":"https:\/\/www.jornalja.com.br\/ambiente\/#organization"},"image":{"@type":"ImageObject","url":76287},"datePublished":"2019-08-13T15:19:43-03:00","dateModified":"2019-08-13T15:19:43-03:00","inLanguage":"pt-BR","mainEntityOfPage":{"@id":"https:\/\/www.jornalja.com.br\/ambiente\/qualidade-da-agua-tratada-consumida-em-santa-catarina-foi-tema-de-reuniao-no-mpsc\/#webpage"},"isPartOf":{"@id":"https:\/\/www.jornalja.com.br\/ambiente\/qualidade-da-agua-tratada-consumida-em-santa-catarina-foi-tema-de-reuniao-no-mpsc\/#webpage"},"articleSection":"Ambiente J\u00c1-MAT\u00c9RIA, agrot\u00f3xicos, \u00e1gua, ambiente, Florian\u00f3polis, Meio Ambiente, polui\u00e7\u00e3o, qualidade da \u00e1gua, recursos h\u00eddricos, res\u00edduos, santa catarina"},{"@type":"BreadcrumbList","@id":"https:\/\/www.jornalja.com.br\/ambiente\/qualidade-da-agua-tratada-consumida-em-santa-catarina-foi-tema-de-reuniao-no-mpsc\/#breadcrumblist","itemListElement":[{"@type":"ListItem","@id":"https:\/\/www.jornalja.com.br\/ambiente#listItem","position":1,"name":"Home","item":"https:\/\/www.jornalja.com.br\/ambiente","nextItem":{"@type":"ListItem","@id":"https:\/\/www.jornalja.com.br\/ambiente\/category\/ambiente-geral\/#listItem","name":"Ambiente J\u00c1-MAT\u00c9RIA"}},{"@type":"ListItem","@id":"https:\/\/www.jornalja.com.br\/ambiente\/category\/ambiente-geral\/#listItem","position":2,"name":"Ambiente J\u00c1-MAT\u00c9RIA","item":"https:\/\/www.jornalja.com.br\/ambiente\/category\/ambiente-geral\/","nextItem":{"@type":"ListItem","@id":"https:\/\/www.jornalja.com.br\/ambiente\/qualidade-da-agua-tratada-consumida-em-santa-catarina-foi-tema-de-reuniao-no-mpsc\/#listItem","name":"Qualidade da \u00e1gua tratada consumida em Santa Catarina foi tema de reuni\u00e3o no MPSC"},"previousItem":{"@type":"ListItem","@id":"https:\/\/www.jornalja.com.br\/ambiente#listItem","name":"Home"}},{"@type":"ListItem","@id":"https:\/\/www.jornalja.com.br\/ambiente\/qualidade-da-agua-tratada-consumida-em-santa-catarina-foi-tema-de-reuniao-no-mpsc\/#listItem","position":3,"name":"Qualidade da \u00e1gua tratada consumida em Santa Catarina foi tema de reuni\u00e3o no MPSC","previousItem":{"@type":"ListItem","@id":"https:\/\/www.jornalja.com.br\/ambiente\/category\/ambiente-geral\/#listItem","name":"Ambiente J\u00c1-MAT\u00c9RIA"}}]},{"@type":"Organization","@id":"https:\/\/www.jornalja.com.br\/ambiente\/#organization","name":"Jornal J\u00c1 Editora","description":"Jornal J\u00c1 | Porto Alegre","url":"https:\/\/www.jornalja.com.br\/ambiente\/","telephone":"+555133307272","logo":{"@type":"ImageObject","url":"https:\/\/www.jornalja.com.br\/ambiente\/wp-content\/uploads\/sites\/3\/2020\/03\/cropped-Jah.png","@id":"https:\/\/www.jornalja.com.br\/ambiente\/qualidade-da-agua-tratada-consumida-em-santa-catarina-foi-tema-de-reuniao-no-mpsc\/#organizationLogo","width":512,"height":512},"image":{"@id":"https:\/\/www.jornalja.com.br\/ambiente\/qualidade-da-agua-tratada-consumida-em-santa-catarina-foi-tema-de-reuniao-no-mpsc\/#organizationLogo"},"sameAs":["https:\/\/www.instagram.com\/jornaljapoa","https:\/\/www.youtube.com\/c\/JornalJ"]},{"@type":"Person","@id":"https:\/\/www.jornalja.com.br\/ambiente\/author\/matsubara\/#author","url":"https:\/\/www.jornalja.com.br\/ambiente\/author\/matsubara\/","name":"Carlos Matsubara","image":{"@type":"ImageObject","@id":"https:\/\/www.jornalja.com.br\/ambiente\/qualidade-da-agua-tratada-consumida-em-santa-catarina-foi-tema-de-reuniao-no-mpsc\/#authorImage","url":"https:\/\/secure.gravatar.com\/avatar\/d7f9add8c1d055c8de739dc03f6c9bacf4954416de0282cacb822a0d1ca9d77f?s=96&d=mm&r=g","width":96,"height":96,"caption":"Carlos Matsubara"}},{"@type":"WebPage","@id":"https:\/\/www.jornalja.com.br\/ambiente\/qualidade-da-agua-tratada-consumida-em-santa-catarina-foi-tema-de-reuniao-no-mpsc\/#webpage","url":"https:\/\/www.jornalja.com.br\/ambiente\/qualidade-da-agua-tratada-consumida-em-santa-catarina-foi-tema-de-reuniao-no-mpsc\/","name":"Qualidade da \u00e1gua tratada consumida em Santa Catarina foi tema de reuni\u00e3o no MPSC | Ambiente J\u00c1","description":"Objetivo foi dar continuidade \u00e0 articula\u00e7\u00e3o de 30 \u00f3rg\u00e3os que comp\u00f5em o Grupo de Trabalho \u00c1gua (GT \u00c1gua), para estabelecer a atua\u00e7\u00e3o em rede sobre temas espec\u00edficos de regula\u00e7\u00e3o, fiscaliza\u00e7\u00e3o, sistemas de informa\u00e7\u00e3o, diagn\u00f3stico e educa\u00e7\u00e3o. Os representantes dos \u00f3rg\u00e3os que comp\u00f5em o Grupo de Trabalho \u00c1gua (GT \u00c1gua), constitu\u00eddo pelo Minist\u00e9rio P\u00fablico de Santa","inLanguage":"pt-BR","isPartOf":{"@id":"https:\/\/www.jornalja.com.br\/ambiente\/#website"},"breadcrumb":{"@id":"https:\/\/www.jornalja.com.br\/ambiente\/qualidade-da-agua-tratada-consumida-em-santa-catarina-foi-tema-de-reuniao-no-mpsc\/#breadcrumblist"},"author":{"@id":"https:\/\/www.jornalja.com.br\/ambiente\/author\/matsubara\/#author"},"creator":{"@id":"https:\/\/www.jornalja.com.br\/ambiente\/author\/matsubara\/#author"},"image":{"@type":"ImageObject","url":76287,"@id":"https:\/\/www.jornalja.com.br\/ambiente\/qualidade-da-agua-tratada-consumida-em-santa-catarina-foi-tema-de-reuniao-no-mpsc\/#mainImage"},"primaryImageOfPage":{"@id":"https:\/\/www.jornalja.com.br\/ambiente\/qualidade-da-agua-tratada-consumida-em-santa-catarina-foi-tema-de-reuniao-no-mpsc\/#mainImage"},"datePublished":"2019-08-13T15:19:43-03:00","dateModified":"2019-08-13T15:19:43-03:00"},{"@type":"WebSite","@id":"https:\/\/www.jornalja.com.br\/ambiente\/#website","url":"https:\/\/www.jornalja.com.br\/ambiente\/","name":"Ambiente J\u00c1","description":"Jornal J\u00c1 | Porto Alegre","inLanguage":"pt-BR","publisher":{"@id":"https:\/\/www.jornalja.com.br\/ambiente\/#organization"}}]},"og:locale":"pt_BR","og:site_name":"Ambiente J\u00c1","og:type":"article","og:title":"Qualidade da \u00e1gua tratada consumida em Santa Catarina foi tema de reuni\u00e3o no MPSC | Ambiente J\u00c1","og:description":"Objetivo foi dar continuidade \u00e0 articula\u00e7\u00e3o de 30 \u00f3rg\u00e3os que comp\u00f5em o Grupo de Trabalho \u00c1gua (GT \u00c1gua), para estabelecer a atua\u00e7\u00e3o em rede sobre temas espec\u00edficos de regula\u00e7\u00e3o, fiscaliza\u00e7\u00e3o, sistemas de informa\u00e7\u00e3o, diagn\u00f3stico e educa\u00e7\u00e3o. Os representantes dos \u00f3rg\u00e3os que comp\u00f5em o Grupo de Trabalho \u00c1gua (GT \u00c1gua), constitu\u00eddo pelo Minist\u00e9rio P\u00fablico de Santa","og:url":"https:\/\/www.jornalja.com.br\/ambiente\/qualidade-da-agua-tratada-consumida-em-santa-catarina-foi-tema-de-reuniao-no-mpsc\/","og:image":"https:\/\/www.jornalja.com.br\/economics\/wp-content\/uploads\/sites\/11\/2026\/08\/ja-folhaderosto-facebook.jpg","og:image:secure_url":"https:\/\/www.jornalja.com.br\/economics\/wp-content\/uploads\/sites\/11\/2026\/08\/ja-folhaderosto-facebook.jpg","article:published_time":"2019-08-13T18:19:43+00:00","article:modified_time":"2019-08-13T18:19:43+00:00","article:publisher":"https:\/\/www.facebook.com\/jornaljanaweb","twitter:card":"summary","twitter:site":"@jornal_ja","twitter:title":"Qualidade da \u00e1gua tratada consumida em Santa Catarina foi tema de reuni\u00e3o no MPSC | Ambiente J\u00c1","twitter:description":"Objetivo foi dar continuidade \u00e0 articula\u00e7\u00e3o de 30 \u00f3rg\u00e3os que comp\u00f5em o Grupo de Trabalho \u00c1gua (GT \u00c1gua), para estabelecer a atua\u00e7\u00e3o em rede sobre temas espec\u00edficos de regula\u00e7\u00e3o, fiscaliza\u00e7\u00e3o, sistemas de informa\u00e7\u00e3o, diagn\u00f3stico e educa\u00e7\u00e3o. Os representantes dos \u00f3rg\u00e3os que comp\u00f5em o Grupo de Trabalho \u00c1gua (GT \u00c1gua), constitu\u00eddo pelo Minist\u00e9rio P\u00fablico de Santa","twitter:image":"https:\/\/www.jornalja.com.br\/economics\/wp-content\/uploads\/sites\/11\/2026\/08\/ja-folhaderosto-facebook.jpg"},"aioseo_meta_data":{"post_id":"76286","title":null,"description":null,"keywords":null,"keyphrases":null,"primary_term":null,"canonical_url":null,"og_title":null,"og_description":null,"og_object_type":"default","og_image_type":"default","og_image_url":null,"og_image_width":null,"og_image_height":null,"og_image_custom_url":null,"og_image_custom_fields":null,"og_video":null,"og_custom_url":null,"og_article_section":null,"og_article_tags":null,"twitter_use_og":false,"twitter_card":"default","twitter_image_type":"default","twitter_image_url":null,"twitter_image_custom_url":null,"twitter_image_custom_fields":null,"twitter_title":null,"twitter_description":null,"schema":{"blockGraphs":[],"customGraphs":[],"default":{"data":{"Article":[],"Course":[],"Dataset":[],"FAQPage":[],"Movie":[],"Person":[],"Product":[],"ProductReview":[],"Car":[],"Recipe":[],"Service":[],"SoftwareApplication":[],"WebPage":[]},"graphName":"","isEnabled":true},"graphs":[],"defaultGraph":"","defaultPostTypeGraph":""},"schema_type":null,"schema_type_options":null,"pillar_content":false,"robots_default":true,"robots_noindex":false,"robots_noarchive":false,"robots_nosnippet":false,"robots_nofollow":false,"robots_noimageindex":false,"robots_noodp":false,"robots_notranslate":false,"robots_max_snippet":null,"robots_max_videopreview":null,"robots_max_imagepreview":"large","priority":null,"frequency":null,"location":null,"local_seo":null,"breadcrumb_settings":null,"limit_modified_date":false,"ai":null,"created":"2020-12-20 20:12:10","updated":"2025-06-04 02:11:51","seo_analyzer_scan_date":null,"focus_keyword":null,"additional_keywords":null,"truseo_locale":null},"jetpack_publicize_connections":[],"jetpack-related-posts":[{"id":82844,"url":"https:\/\/www.jornalja.com.br\/ambiente\/rs-ja-tem-como-tratar-chorume-antes-mandava-para-santa-catarina\/","url_meta":{"origin":76286,"position":0},"title":"RS j\u00e1 tem como tratar chorume (antes mandava para Santa Catarina)","author":"da Reda\u00e7\u00e3o","date":"11 de fevereiro de 2021","format":false,"excerpt":"Uma iniciativa p\u00fablico-privada entre a Prefeitura de Gravata\u00ed e a Empresa Ga\u00facha de Tratamento de Efluentes \u2013 EGTE, trouxe para o estado do Rio Grande do Sul uma tecnologia pioneira para o tratamento de chorume. Ap\u00f3s cerca de dois anos de pesquisa e desenvolvimento e a realiza\u00e7\u00e3o de investimentos em\u2026","rel":"","context":"Em &quot;Ambiente J\u00c1-MAT\u00c9RIA&quot;","block_context":{"text":"Ambiente J\u00c1-MAT\u00c9RIA","link":"https:\/\/www.jornalja.com.br\/ambiente\/category\/ambiente-geral\/"},"img":{"alt_text":"","src":"https:\/\/i0.wp.com\/www.jornalja.com.br\/ambiente\/wp-content\/uploads\/sites\/3\/2021\/02\/estacao-de-tratamento-em-gravatai-scaled.jpg?resize=350%2C200&ssl=1","width":350,"height":200,"srcset":"https:\/\/i0.wp.com\/www.jornalja.com.br\/ambiente\/wp-content\/uploads\/sites\/3\/2021\/02\/estacao-de-tratamento-em-gravatai-scaled.jpg?resize=350%2C200&ssl=1 1x, https:\/\/i0.wp.com\/www.jornalja.com.br\/ambiente\/wp-content\/uploads\/sites\/3\/2021\/02\/estacao-de-tratamento-em-gravatai-scaled.jpg?resize=525%2C300&ssl=1 1.5x, https:\/\/i0.wp.com\/www.jornalja.com.br\/ambiente\/wp-content\/uploads\/sites\/3\/2021\/02\/estacao-de-tratamento-em-gravatai-scaled.jpg?resize=700%2C400&ssl=1 2x, https:\/\/i0.wp.com\/www.jornalja.com.br\/ambiente\/wp-content\/uploads\/sites\/3\/2021\/02\/estacao-de-tratamento-em-gravatai-scaled.jpg?resize=1050%2C600&ssl=1 3x, https:\/\/i0.wp.com\/www.jornalja.com.br\/ambiente\/wp-content\/uploads\/sites\/3\/2021\/02\/estacao-de-tratamento-em-gravatai-scaled.jpg?resize=1400%2C800&ssl=1 4x"},"classes":[]},{"id":83086,"url":"https:\/\/www.jornalja.com.br\/ambiente\/abes-debate-a-importancia-do-acesso-a-agua-potavel\/","url_meta":{"origin":76286,"position":1},"title":"ABES debate a import\u00e2ncia do acesso \u00e0 \u00e1gua pot\u00e1vel","author":"Guilherme Hagel","date":"22 de abril de 2021","format":false,"excerpt":"\u201c\u00c1gua boa para beber e para todos\" ser\u00e1 tema do webinar gratuito desta quinta-feira, 22 de abril, das 15 \u00e0s 17h, promovido pela Associa\u00e7\u00e3o Brasileira de Engenharia Sanit\u00e1ria e Ambiental - ABES (Diretoria Nacional) e ABES Se\u00e7\u00e3o S\u00e3o Paulo (ABES-SP), em parceria com o Projeto Conex\u00e3o \u00c1gua, do Minist\u00e9rio P\u00fablico\u2026","rel":"","context":"Em &quot;Ambiente J\u00c1-NOTAS&quot;","block_context":{"text":"Ambiente J\u00c1-NOTAS","link":"https:\/\/www.jornalja.com.br\/ambiente\/category\/notas-ambiente-ja\/"},"img":{"alt_text":"","src":"https:\/\/i0.wp.com\/www.jornalja.com.br\/ambiente\/wp-content\/uploads\/sites\/3\/2021\/04\/drop-of-water-578897-1920-1024x683.jpg?resize=350%2C200&ssl=1","width":350,"height":200},"classes":[]},{"id":82070,"url":"https:\/\/www.jornalja.com.br\/ambiente\/maior-seca-em-20-anos-ameaca-abastecimento-de-agua-em-sao-paulo\/","url_meta":{"origin":76286,"position":2},"title":"Maior seca em 20 anos amea\u00e7a abastecimento de \u00e1gua em S\u00e3o Paulo","author":"da Reda\u00e7\u00e3o","date":"3 de junho de 2020","format":false,"excerpt":"S\u00e3o Paulo passa pelo outono mais seco em 20 anos e o alerta para uma nova crise de falta de \u00e1gua em toda a regi\u00e3o metropolitana est\u00e1 aceso. Os \u00faltimos dados da Sabesp,\u00a0 registram pouco mais da metade da m\u00e9dia hist\u00f3rica de chuva\u00a0 para o m\u00eas de mar\u00e7o . J\u00e1\u2026","rel":"","context":"Em &quot;Ambiente J\u00c1-MAT\u00c9RIA&quot;","block_context":{"text":"Ambiente J\u00c1-MAT\u00c9RIA","link":"https:\/\/www.jornalja.com.br\/ambiente\/category\/ambiente-geral\/"},"img":{"alt_text":"","src":"https:\/\/i0.wp.com\/www.jornalja.com.br\/ambiente\/wp-content\/uploads\/sites\/3\/2020\/06\/Desmatamento-e-falta-dagua-em-sao-paulo.jpg?resize=350%2C200&ssl=1","width":350,"height":200,"srcset":"https:\/\/i0.wp.com\/www.jornalja.com.br\/ambiente\/wp-content\/uploads\/sites\/3\/2020\/06\/Desmatamento-e-falta-dagua-em-sao-paulo.jpg?resize=350%2C200&ssl=1 1x, https:\/\/i0.wp.com\/www.jornalja.com.br\/ambiente\/wp-content\/uploads\/sites\/3\/2020\/06\/Desmatamento-e-falta-dagua-em-sao-paulo.jpg?resize=525%2C300&ssl=1 1.5x, https:\/\/i0.wp.com\/www.jornalja.com.br\/ambiente\/wp-content\/uploads\/sites\/3\/2020\/06\/Desmatamento-e-falta-dagua-em-sao-paulo.jpg?resize=700%2C400&ssl=1 2x"},"classes":[]},{"id":83106,"url":"https:\/\/www.jornalja.com.br\/ambiente\/movimento-de-moradores-tenta-barrar-mega-projeto-na-praia-do-santinho\/","url_meta":{"origin":76286,"position":3},"title":"Movimento de moradores tenta barrar megaprojeto na  Praia do Santinho","author":"Elmar Bones","date":"7 de maio de 2021","format":false,"excerpt":"Na semana passada duas m\u00e1quinas perfuradoras fizeram sondagens na \u00fanica \u00e1rea livre, de onde ainda se pode ter ampla vis\u00e3o das dunas e o mar do Santinho, a \u00faltima das 14 praias que desenham a costa norte da ilha de Santa Catarina (a 12, no mapa abaixo). A atividade de\u2026","rel":"","context":"Em &quot;Ambiente J\u00c1-MAT\u00c9RIA&quot;","block_context":{"text":"Ambiente J\u00c1-MAT\u00c9RIA","link":"https:\/\/www.jornalja.com.br\/ambiente\/category\/ambiente-geral\/"},"img":{"alt_text":"","src":"https:\/\/i0.wp.com\/www.jornalja.com.br\/ambiente\/wp-content\/uploads\/sites\/3\/2021\/05\/jacare-area-do-campaop.jpg?resize=350%2C200&ssl=1","width":350,"height":200,"srcset":"https:\/\/i0.wp.com\/www.jornalja.com.br\/ambiente\/wp-content\/uploads\/sites\/3\/2021\/05\/jacare-area-do-campaop.jpg?resize=350%2C200&ssl=1 1x, https:\/\/i0.wp.com\/www.jornalja.com.br\/ambiente\/wp-content\/uploads\/sites\/3\/2021\/05\/jacare-area-do-campaop.jpg?resize=525%2C300&ssl=1 1.5x"},"classes":[]},{"id":76049,"url":"https:\/\/www.jornalja.com.br\/ambiente\/agua-desperdicada-no-pais-equivale-a-quase-sete-sistemas-cantareira\/","url_meta":{"origin":76286,"position":4},"title":"\u00c1gua desperdi\u00e7ada no pa\u00eds equivale a quase sete sistemas Cantareira","author":"Carlos Matsubara","date":"7 de agosto de 2019","format":false,"excerpt":"O volume de \u00e1gua que \u00e9 perdida no sistema de abastecimento vem crescendo no Brasil e chega a mais de 6,5 bilh\u00f5es de metros c\u00fabicos (m\u00b3) por ano, segundo estudo divulgado dia 05\/06 pelo Instituto Trata Brasil e a consultoria GO Associados. A quantidade de \u00e1gua \u00e9 equivalente a quase\u2026","rel":"","context":"Em &quot;Ambiente J\u00c1-MAT\u00c9RIA&quot;","block_context":{"text":"Ambiente J\u00c1-MAT\u00c9RIA","link":"https:\/\/www.jornalja.com.br\/ambiente\/category\/ambiente-geral\/"},"img":{"alt_text":"","src":"","width":0,"height":0},"classes":[]},{"id":85470,"url":"https:\/\/www.jornalja.com.br\/ambiente\/lagoa-da-conceicao-simbolo-da-tragedia-ambiental-anunciada-em-florianopolis\/","url_meta":{"origin":76286,"position":5},"title":"Lagoa da Concei\u00e7\u00e3o, s\u00edmbolo da trag\u00e9dia ambiental anunciada em Florian\u00f3polis","author":"da Reda\u00e7\u00e3o","date":"24 de fevereiro de 2025","format":false,"excerpt":"DUDA HAMILTON* Um dos mais conhecidos cart\u00f5es postais de Florian\u00f3polis, a Lagoa da Concei\u00e7\u00e3o est\u00e1 se tornando tamb\u00e9m um s\u00edmbolo do acelerado processo de degrada\u00e7\u00e3o ambiental que atinge toda a Ilha de Santa Catarina e a parte continental da capital catarinense. Em 2021, a barragem de uma Esta\u00e7\u00e3o de Tratamento\u2026","rel":"","context":"Em &quot;Ambiente J\u00c1-MAT\u00c9RIA&quot;","block_context":{"text":"Ambiente J\u00c1-MAT\u00c9RIA","link":"https:\/\/www.jornalja.com.br\/ambiente\/category\/ambiente-geral\/"},"img":{"alt_text":"","src":"https:\/\/i0.wp.com\/www.jornalja.com.br\/ambiente\/wp-content\/uploads\/sites\/3\/2025\/02\/lagoa-da-conceicao-foto-tomas-walper-ruas-img-2334-1-scaled.jpg?resize=350%2C200&ssl=1","width":350,"height":200,"srcset":"https:\/\/i0.wp.com\/www.jornalja.com.br\/ambiente\/wp-content\/uploads\/sites\/3\/2025\/02\/lagoa-da-conceicao-foto-tomas-walper-ruas-img-2334-1-scaled.jpg?resize=350%2C200&ssl=1 1x, https:\/\/i0.wp.com\/www.jornalja.com.br\/ambiente\/wp-content\/uploads\/sites\/3\/2025\/02\/lagoa-da-conceicao-foto-tomas-walper-ruas-img-2334-1-scaled.jpg?resize=525%2C300&ssl=1 1.5x, https:\/\/i0.wp.com\/www.jornalja.com.br\/ambiente\/wp-content\/uploads\/sites\/3\/2025\/02\/lagoa-da-conceicao-foto-tomas-walper-ruas-img-2334-1-scaled.jpg?resize=700%2C400&ssl=1 2x, https:\/\/i0.wp.com\/www.jornalja.com.br\/ambiente\/wp-content\/uploads\/sites\/3\/2025\/02\/lagoa-da-conceicao-foto-tomas-walper-ruas-img-2334-1-scaled.jpg?resize=1050%2C600&ssl=1 3x, https:\/\/i0.wp.com\/www.jornalja.com.br\/ambiente\/wp-content\/uploads\/sites\/3\/2025\/02\/lagoa-da-conceicao-foto-tomas-walper-ruas-img-2334-1-scaled.jpg?resize=1400%2C800&ssl=1 4x"},"classes":[]}],"jetpack_shortlink":"https:\/\/wp.me\/pbKnZo-jQq","jetpack_sharing_enabled":true,"jetpack_featured_media_url":"","_links":{"self":[{"href":"https:\/\/www.jornalja.com.br\/ambiente\/wp-json\/wp\/v2\/posts\/76286","targetHints":{"allow":["GET"]}}],"collection":[{"href":"https:\/\/www.jornalja.com.br\/ambiente\/wp-json\/wp\/v2\/posts"}],"about":[{"href":"https:\/\/www.jornalja.com.br\/ambiente\/wp-json\/wp\/v2\/types\/post"}],"author":[{"embeddable":true,"href":"https:\/\/www.jornalja.com.br\/ambiente\/wp-json\/wp\/v2\/users\/12"}],"replies":[{"embeddable":true,"href":"https:\/\/www.jornalja.com.br\/ambiente\/wp-json\/wp\/v2\/comments?post=76286"}],"version-history":[{"count":0,"href":"https:\/\/www.jornalja.com.br\/ambiente\/wp-json\/wp\/v2\/posts\/76286\/revisions"}],"wp:attachment":[{"href":"https:\/\/www.jornalja.com.br\/ambiente\/wp-json\/wp\/v2\/media?parent=76286"}],"wp:term":[{"taxonomy":"category","embeddable":true,"href":"https:\/\/www.jornalja.com.br\/ambiente\/wp-json\/wp\/v2\/categories?post=76286"},{"taxonomy":"post_tag","embeddable":true,"href":"https:\/\/www.jornalja.com.br\/ambiente\/wp-json\/wp\/v2\/tags?post=76286"}],"curies":[{"name":"wp","href":"https:\/\/api.w.org\/{rel}","templated":true}]}}