{"id":76891,"date":"2019-08-30T14:46:55","date_gmt":"2019-08-30T17:46:55","guid":{"rendered":"https:\/\/www.jornalja.com.br\/?p=76891"},"modified":"2019-08-30T14:46:55","modified_gmt":"2019-08-30T17:46:55","slug":"filha-de-chico-mendes-diz-que-discurso-de-bolsonaro-incentivou-queimadas","status":"publish","type":"post","link":"https:\/\/www.jornalja.com.br\/ambiente\/filha-de-chico-mendes-diz-que-discurso-de-bolsonaro-incentivou-queimadas\/","title":{"rendered":"Filha de Chico Mendes diz que discurso de Bolsonaro incentivou queimadas"},"content":{"rendered":"<p>&nbsp;<br \/>\nFilha de um dos maiores s\u00edmbolos de luta pela preserva\u00e7\u00e3o da Amaz\u00f4nia, o ambientalista Chico Mendes, Elenira Mendes, 34, fez um apelo, em entrevista ao UOL, para que a sociedade ou\u00e7a a mensagem deixada pelo serigueiro assassinado dentro de casa, em Xapuri (AC), no dia 20 de dezembro de 1988.<br \/>\n&#8220;Devem ser perpetuadas a voz e as mensagens deixadas por meu pai. Elas devem ecoar com mais for\u00e7a no peito daqueles que ainda sonham e acreditam que ainda \u00e9 tempo de mudan\u00e7a&#8221;, disse ela, citando que &#8220;os prop\u00f3sitos&#8221; das queimadas hoje s\u00e3o as mesmas da \u00e9poca em que seu pai era vivo.<br \/>\nChico fez um pedido \u00e0 filha Elenira, ent\u00e3o aos 4 anos, dois dias antes de morrer: que ela se tornasse advogada para defender &#8220;as pessoas da floresta&#8221;.<br \/>\nHoje formada em direito, Elenira acredita que o aumento das queimadas este ano tem rela\u00e7\u00e3o direta com o discurso de explora\u00e7\u00e3o desregulada da Amaz\u00f4nia do presidente Jair Bolsonaro (PSL).<br \/>\n&#8220;A redu\u00e7\u00e3o na \u00e1rea de fiscaliza\u00e7\u00e3o tamb\u00e9m foi um dos fatores preponderantes&#8221;, diz. Para ela, se estivesse vivo, Chico estaria hoje com sua luta contra o desmatamento e explora\u00e7\u00e3o sustent\u00e1vel da \u00e1rea. &#8220;Certamente estaria na sua simplicidade e pacificidade, mais determina\u00e7\u00e3o e ousadia, denunciando e apontando os reais culpados pela destrui\u00e7\u00e3o da Amaz\u00f4nia.&#8221;<br \/>\n<strong>Leia a entrevista: <\/strong><br \/>\nTemos tr\u00eas d\u00e9cadas sem o seu pai na Amaz\u00f4nia, e a luta pela preserva\u00e7\u00e3o ambiental ainda parece longe de ser vencida. A mensagem de seu pai se perdeu nesse tempo?<br \/>\nN\u00e3o se trata de perder a mensagem, mas perceber que ela est\u00e1 mais viva do que nunca. A capacidade que ele teve em lutar contra um sistema de &#8220;desenvolvimento&#8221; que em nada colaborava com a preserva\u00e7\u00e3o da Amaz\u00f4nia ou trazia qualidade de vida para quem nela vive. Devem ser perpetuadas a voz e as mensagens deixadas por meu pai. Elas devem ecoar com mais for\u00e7a no peito daqueles que ainda sonham e acreditam que ainda \u00e9 tempo de mudan\u00e7a.<br \/>\nPor que voc\u00ea acha que houve aumento nas queimadas este ano?<br \/>\nTodos os anos enfrentamos os mesmos problemas ocasionados pelas queimadas.<br \/>\nEste foi um ano diferente, acredito, pelo fato de termos como presidente algu\u00e9m que, desde a campanha eleitoral, j\u00e1 deixava claro em seu discurso que seria permissivo com os desmatamentos e queimadas. A redu\u00e7\u00e3o na \u00e1rea de fiscaliza\u00e7\u00e3o tamb\u00e9m foi um dos fatores preponderantes.<br \/>\nSe ele estivesse aqui hoje, o que voc\u00ea acha que estaria fazendo?<br \/>\nCertamente estaria na sua simplicidade e pacificidade, mais determina\u00e7\u00e3o e ousadia &#8220;empatando&#8221; em todas as \u00e1reas de grande destrui\u00e7\u00e3o, denunciando e apontando os reais culpados pela destrui\u00e7\u00e3o da Amaz\u00f4nia.<br \/>\nQuem desmata hoje s\u00e3o os mesmos daquela \u00e9poca?<br \/>\nA proposta e o prop\u00f3sito certamente s\u00e3o os mesmos. Caso tiv\u00e9ssemos ouvido a mensagem do seu pai, como estaria a Amaz\u00f4nia hoje? Certamente j\u00e1 ter\u00edamos um avan\u00e7o significativo em desenvolvimento. A ideia de desenvolvimento e preserva\u00e7\u00e3o de m\u00e3os dadas de forma mais consolidada. Trinta anos j\u00e1 temos sem meu pai, e todos os anos em que ele e o movimento dos seringueiros e \u00edndios \u2014a alian\u00e7a dos povos da floresta\u2014 buscam alternativas s\u00f3lidas para que exista. Solu\u00e7\u00f5es para problemas que ainda enfrentamos hoje. (Com informa\u00e7\u00f5es do UOL)<\/p>\n","protected":false},"excerpt":{"rendered":"<p>&nbsp; Filha de um dos maiores s\u00edmbolos de luta pela preserva\u00e7\u00e3o da Amaz\u00f4nia, o ambientalista Chico Mendes, Elenira Mendes, 34, fez um apelo, em entrevista ao UOL, para que a sociedade ou\u00e7a a mensagem deixada pelo serigueiro assassinado dentro de casa, em Xapuri (AC), no dia 20 de dezembro de 1988. &#8220;Devem ser perpetuadas a [&hellip;]<\/p>\n","protected":false},"author":12,"featured_media":76892,"comment_status":"open","ping_status":"closed","sticky":false,"template":"","format":"standard","meta":{"jetpack_post_was_ever_published":false,"_jetpack_newsletter_access":"","_jetpack_dont_email_post_to_subs":false,"_jetpack_newsletter_tier_id":0,"_jetpack_memberships_contains_paywalled_content":false,"_jetpack_memberships_contains_paid_content":false,"footnotes":"","jetpack_publicize_message":"","jetpack_publicize_feature_enabled":true,"jetpack_social_post_already_shared":true,"jetpack_social_options":{"image_generator_settings":{"template":"highway","default_image_id":0,"font":"","enabled":false},"version":2}},"categories":[4],"tags":[50,109,129,51,76,69,108,120,147,77,107],"class_list":["post-76891","post","type-post","status-publish","format-standard","has-post-thumbnail","hentry","category-ambiente-geral","tag-amazonia","tag-bolsonaro","tag-chico-mendes","tag-desmatamento","tag-desmatamento-na-amazonia","tag-floresta","tag-governo-bolsonaro","tag-indios","tag-pet","tag-preservacao-ambiental","tag-queimadas"],"aioseo_notices":[],"jetpack_publicize_connections":[],"jetpack_featured_media_url":"","jetpack-related-posts":[{"id":76720,"url":"https:\/\/www.jornalja.com.br\/ambiente\/jornal-do-para-anunciou-dia-do-fogo-patrocinado-produtores-e-grileiros\/","url_meta":{"origin":76891,"position":0},"title":"Jornal do Par\u00e1 anunciou &quot;Dia do Fogo&quot; patrocinado produtores e grileiros","author":"da Reda\u00e7\u00e3o","date":"27 de agosto de 2019","format":false,"excerpt":"A policia federal investiga den\u00fancias de que h\u00e1 \"um mercado de queimadas\" em certas regi\u00f5es da Amaz\u00f4nia: atear fogo em uma \u00e1rea de mil hectares em certas regi\u00f5es da Amaz\u00f4nia custa cerca 1 milh\u00e3o de reais nesse mercado negro. A informa\u00e7\u00e3o \u00e9 do Elpa\u00eds, em reportagem especial nesta segunda-feira. \"O\u2026","rel":"","context":"Em &quot;Ambiente J\u00c1-MAT\u00c9RIA&quot;","block_context":{"text":"Ambiente J\u00c1-MAT\u00c9RIA","link":"https:\/\/www.jornalja.com.br\/ambiente\/category\/ambiente-geral\/"},"img":{"alt_text":"","src":"","width":0,"height":0},"classes":[]},{"id":77714,"url":"https:\/\/www.jornalja.com.br\/ambiente\/operacao-verde-brasil-multas-na-amazonia-somam-r-36-milhoes\/","url_meta":{"origin":76891,"position":1},"title":"Opera\u00e7\u00e3o Verde Brasil: multas na Amaz\u00f4nia somam R$ 36 milh\u00f5es","author":"da Reda\u00e7\u00e3o","date":"24 de setembro de 2019","format":false,"excerpt":"A Opera\u00e7\u00e3o Verde Brasil contabilizou, no primeiro m\u00eas de opera\u00e7\u00f5es, 112 termos de infra\u00e7\u00e3o aplicados, que totalizam R$ 36,37 milh\u00f5es em multas, de acordo com balan\u00e7o divulgado hoje (23) pelo Minist\u00e9rio da Defesa. Os recursos s\u00e3o destinados ao Tesouro Nacional. As multas foram aplicadas principalmente pelo Instituto Brasileiro do Meio\u2026","rel":"","context":"Em &quot;Ambiente J\u00c1-MAT\u00c9RIA&quot;","block_context":{"text":"Ambiente J\u00c1-MAT\u00c9RIA","link":"https:\/\/www.jornalja.com.br\/ambiente\/category\/ambiente-geral\/"},"img":{"alt_text":"","src":"","width":0,"height":0},"classes":[]},{"id":82824,"url":"https:\/\/www.jornalja.com.br\/ambiente\/meio-ambiente-enquanto-bolsonaro-ocupa-as-manchetes-salles-vai-passando-a-boiada\/","url_meta":{"origin":76891,"position":2},"title":"Meio ambiente: enquanto Bolsonaro ocupa as manchetes, Salles &#8220;vai passando a boiada&#8221;","author":"da Reda\u00e7\u00e3o","date":"22 de janeiro de 2021","format":false,"excerpt":"O or\u00e7amento proposto para o Minist\u00e9rio do Meio Ambiente neste ano\u00a0 \u00e9 o menor desde o ano 2.000, segundo relat\u00f3rio da rede Observat\u00f3rio do Clima. Nos \u00faltimos 20 anos, o or\u00e7amento do MMA nunca ficou abaixo de R$ 2,9 bilh\u00f5es, segundo a s\u00e9rie analisada. Em 2021, o or\u00e7amento que est\u00e1\u2026","rel":"","context":"Em &quot;Ambiente J\u00c1-MAT\u00c9RIA&quot;","block_context":{"text":"Ambiente J\u00c1-MAT\u00c9RIA","link":"https:\/\/www.jornalja.com.br\/ambiente\/category\/ambiente-geral\/"},"img":{"alt_text":"","src":"https:\/\/i0.wp.com\/www.jornalja.com.br\/ambiente\/wp-content\/uploads\/sites\/3\/2021\/01\/salles-na-reuniao-ministerial.jpg?resize=350%2C200&ssl=1","width":350,"height":200,"srcset":"https:\/\/i0.wp.com\/www.jornalja.com.br\/ambiente\/wp-content\/uploads\/sites\/3\/2021\/01\/salles-na-reuniao-ministerial.jpg?resize=350%2C200&ssl=1 1x, https:\/\/i0.wp.com\/www.jornalja.com.br\/ambiente\/wp-content\/uploads\/sites\/3\/2021\/01\/salles-na-reuniao-ministerial.jpg?resize=525%2C300&ssl=1 1.5x, https:\/\/i0.wp.com\/www.jornalja.com.br\/ambiente\/wp-content\/uploads\/sites\/3\/2021\/01\/salles-na-reuniao-ministerial.jpg?resize=700%2C400&ssl=1 2x, https:\/\/i0.wp.com\/www.jornalja.com.br\/ambiente\/wp-content\/uploads\/sites\/3\/2021\/01\/salles-na-reuniao-ministerial.jpg?resize=1050%2C600&ssl=1 3x"},"classes":[]},{"id":76273,"url":"https:\/\/www.jornalja.com.br\/ambiente\/governadores-da-amazonia-buscam-doadores-internacionais-para-combater-desmatamento\/","url_meta":{"origin":76891,"position":3},"title":"Governadores da Amaz\u00f4nia buscam doadores internacionais para combater desmatamento","author":"Carlos Matsubara","date":"13 de agosto de 2019","format":false,"excerpt":"Governadores dos estados da Amaz\u00f4nia est\u00e3o buscando parcerias com doadores internacionais para combater o desmatamento. A indefini\u00e7\u00e3o sobre o Fundo Amaz\u00f4nia \u2013 criado em 2008 para financiar projetos de redu\u00e7\u00e3o do desmatamento \u2013 fez com que os estados com as mais altas taxas de desmatamento come\u00e7assem a negociar diretamente com\u2026","rel":"","context":"Em &quot;Ambiente J\u00c1-MAT\u00c9RIA&quot;","block_context":{"text":"Ambiente J\u00c1-MAT\u00c9RIA","link":"https:\/\/www.jornalja.com.br\/ambiente\/category\/ambiente-geral\/"},"img":{"alt_text":"","src":"https:\/\/i0.wp.com\/www.jornalja.com.br\/wp-content\/uploads\/2019\/08\/000-1ja4at-450x300.jpg?resize=350%2C200&ssl=1","width":350,"height":200},"classes":[]},{"id":76703,"url":"https:\/\/www.jornalja.com.br\/ambiente\/bolsonaro-questiona-intencoes-por-tras-de-ajuda-internacional-para-amazonia\/","url_meta":{"origin":76891,"position":4},"title":"Bolsonaro questiona inten\u00e7\u00f5es por tr\u00e1s de ajuda internacional para Amaz\u00f4nia","author":"Carlos Matsubara","date":"26 de agosto de 2019","format":false,"excerpt":"O presidente Jair Bolsonaro questionou nesta segunda-feira as inten\u00e7\u00f5es que estariam por tr\u00e1s das anunciadas ajudas internacionais para combater inc\u00eandios na Amaz\u00f4nia, ap\u00f3s o presidente da Fran\u00e7a, Emmanuel Macron, anunciar que os pa\u00edses do G7 dar\u00e3o ao menos 20 milh\u00f5es de euros para combater as queimadas. \"Macron promete ajuda de\u2026","rel":"","context":"Em &quot;Ambiente J\u00c1-MAT\u00c9RIA&quot;","block_context":{"text":"Ambiente J\u00c1-MAT\u00c9RIA","link":"https:\/\/www.jornalja.com.br\/ambiente\/category\/ambiente-geral\/"},"img":{"alt_text":"","src":"","width":0,"height":0},"classes":[]},{"id":84633,"url":"https:\/\/www.jornalja.com.br\/ambiente\/amazonia-dez-garimpos-ilegais-destruidos-e-r-45-milhoes-em-multas\/","url_meta":{"origin":76891,"position":5},"title":"Amaz\u00f4nia: dez garimpos ilegais destru\u00eddos e R$ 4,5 milh\u00f5es em multas","author":"da Reda\u00e7\u00e3o","date":"12 de junho de 2023","format":false,"excerpt":"Dez garimpos ilegais destru\u00eddos e R$ 4,5 milh\u00f5es em multas aplicadas. Esse \u00e9 o saldo de 17 dias de atua\u00e7\u00e3o da For\u00e7a-Tarefa de Seguran\u00e7a P\u00fablica Ambiental na Floresta Nacional de Urupadi, localizada em Mau\u00e9s (AM), na regi\u00e3o sul do Amazonas, a cerca de 267 quil\u00f4metros de Manaus. Composta por agentes\u2026","rel":"","context":"Em &quot;Ambiente J\u00c1-MAT\u00c9RIA&quot;","block_context":{"text":"Ambiente J\u00c1-MAT\u00c9RIA","link":"https:\/\/www.jornalja.com.br\/ambiente\/category\/ambiente-geral\/"},"img":{"alt_text":"","src":"https:\/\/i0.wp.com\/www.jornalja.com.br\/ambiente\/wp-content\/uploads\/sites\/3\/2023\/06\/amazonia-acao-contra-garimpos-ilegais.jpeg?resize=350%2C200&ssl=1","width":350,"height":200},"classes":[]}],"jetpack_shortlink":"https:\/\/wp.me\/pbKnZo-k0b","jetpack_sharing_enabled":true,"_links":{"self":[{"href":"https:\/\/www.jornalja.com.br\/ambiente\/wp-json\/wp\/v2\/posts\/76891","targetHints":{"allow":["GET"]}}],"collection":[{"href":"https:\/\/www.jornalja.com.br\/ambiente\/wp-json\/wp\/v2\/posts"}],"about":[{"href":"https:\/\/www.jornalja.com.br\/ambiente\/wp-json\/wp\/v2\/types\/post"}],"author":[{"embeddable":true,"href":"https:\/\/www.jornalja.com.br\/ambiente\/wp-json\/wp\/v2\/users\/12"}],"replies":[{"embeddable":true,"href":"https:\/\/www.jornalja.com.br\/ambiente\/wp-json\/wp\/v2\/comments?post=76891"}],"version-history":[{"count":0,"href":"https:\/\/www.jornalja.com.br\/ambiente\/wp-json\/wp\/v2\/posts\/76891\/revisions"}],"wp:featuredmedia":[{"embeddable":true,"href":"https:\/\/www.jornalja.com.br\/ambiente\/wp-json\/"}],"wp:attachment":[{"href":"https:\/\/www.jornalja.com.br\/ambiente\/wp-json\/wp\/v2\/media?parent=76891"}],"wp:term":[{"taxonomy":"category","embeddable":true,"href":"https:\/\/www.jornalja.com.br\/ambiente\/wp-json\/wp\/v2\/categories?post=76891"},{"taxonomy":"post_tag","embeddable":true,"href":"https:\/\/www.jornalja.com.br\/ambiente\/wp-json\/wp\/v2\/tags?post=76891"}],"curies":[{"name":"wp","href":"https:\/\/api.w.org\/{rel}","templated":true}]}}