{"id":76917,"date":"2019-09-02T11:10:46","date_gmt":"2019-09-02T14:10:46","guid":{"rendered":"https:\/\/www.jornalja.com.br\/?p=76917"},"modified":"2019-09-02T11:10:46","modified_gmt":"2019-09-02T14:10:46","slug":"ministerio-publico-pede-a-proibicao-do-glifosato-no-mato-grosso","status":"publish","type":"post","link":"https:\/\/www.jornalja.com.br\/ambiente\/ministerio-publico-pede-a-proibicao-do-glifosato-no-mato-grosso\/","title":{"rendered":"Minist\u00e9rio P\u00fablico pede a proibi\u00e7\u00e3o do glifosato no Mato Grosso"},"content":{"rendered":"<p>Os Minist\u00e9rios P\u00fablicos Federal,\u00a0 do Trabalho e Estadual de Mato Grosso entraram com uma a\u00e7\u00e3o civil p\u00fablica para proibir que produtores rurais do Estado utilizem qualquer agrot\u00f3xico que contenha o princ\u00edpio ativo glifosato.<br \/>\nO prazo sugerido para cumprimento da medida \u00e9 de 12 meses, segundo os autores da a\u00e7\u00e3o, porqu\u00ea o pesticida estaria sendo usado em larga escala nas lavouras de Mato Grosso.<br \/>\nO pedido \u00e9 voltado \u00e0\u00a0prote\u00e7\u00e3o da sa\u00fade dos trabalhadores rurais expostos aos agrot\u00f3xicos e tamb\u00e9m resguardar o meio ambiente. Estudos feitos por empresas ligadas \u00e0\u00a0Organiza\u00e7\u00e3o Mundial da Sa\u00fade alertam que o produto pode causar c\u00e2ncer. Outra justificativa para o pedido de suspens\u00e3o \u00e9 que o uso do glifosato em um sistema aberto impossibilita qualquer medida de controle do agrot\u00f3xico.<br \/>\nNos Estados Unidos, a Monsanto\/Bayer j\u00e1 foi condenada 3 vezes por pessoas que tiveram c\u00e2ncer provocado pelo glifosato. Em uma\u00a0das condena\u00e7\u00f5es, a indeniza\u00e7\u00e3o chegou a 2 bilh\u00f5es de d\u00f3lares. Existem mais de 11 mil processos semelhantes tramitando na justi\u00e7a americana.<br \/>\n(Com informa\u00e7\u00f5es da EBC)<\/p>\n","protected":false},"excerpt":{"rendered":"<p>Os Minist\u00e9rios P\u00fablicos Federal,\u00a0 do Trabalho e Estadual de Mato Grosso entraram com uma a\u00e7\u00e3o civil p\u00fablica para proibir que produtores rurais do Estado utilizem qualquer agrot\u00f3xico que contenha o princ\u00edpio ativo glifosato. O prazo sugerido para cumprimento da medida \u00e9 de 12 meses, segundo os autores da a\u00e7\u00e3o, porqu\u00ea o pesticida estaria sendo usado [&hellip;]<\/p>\n","protected":false},"author":4,"featured_media":76926,"comment_status":"open","ping_status":"closed","sticky":false,"template":"","format":"standard","meta":{"jetpack_post_was_ever_published":false,"_jetpack_newsletter_access":"","_jetpack_dont_email_post_to_subs":false,"_jetpack_newsletter_tier_id":0,"_jetpack_memberships_contains_paywalled_content":false,"_jetpack_memberships_contains_paid_content":false,"footnotes":"","jetpack_publicize_message":"","jetpack_publicize_feature_enabled":true,"jetpack_social_post_already_shared":true,"jetpack_social_options":{"image_generator_settings":{"template":"highway","default_image_id":0,"font":"","enabled":false},"version":2}},"categories":[4],"tags":[92,16,133,52,134,141,8],"class_list":["post-76917","post","type-post","status-publish","format-standard","has-post-thumbnail","hentry","category-ambiente-geral","tag-agrotoxicos","tag-ambiente","tag-glifosato","tag-meio-ambiente","tag-monsanto","tag-rios","tag-saude"],"aioseo_notices":[],"jetpack_publicize_connections":[],"jetpack_featured_media_url":"","jetpack-related-posts":[{"id":77013,"url":"https:\/\/www.jornalja.com.br\/ambiente\/alemanha-quer-banir-o-glifosato-ate-2023\/","url_meta":{"origin":76917,"position":0},"title":"Alemanha quer banir o glifosato at\u00e9 2023","author":"Carlos Matsubara","date":"4 de setembro de 2019","format":false,"excerpt":"A partir de 2020, medidas para redu\u00e7\u00e3o sistem\u00e1tica do herbicida devem ser aplicadas. Alemanha ser\u00e1 o segundo pa\u00eds europeu a restringir a subst\u00e2ncia. O governo alem\u00e3o quer banir o herbicida glifosato do pa\u00eds at\u00e9 2023. A proibi\u00e7\u00e3o faz parte de um programa para a prote\u00e7\u00e3o de insetos acordado nesta quarta-feira\u2026","rel":"","context":"Em &quot;Ambiente J\u00c1-MAT\u00c9RIA&quot;","block_context":{"text":"Ambiente J\u00c1-MAT\u00c9RIA","link":"https:\/\/www.jornalja.com.br\/ambiente\/category\/ambiente-geral\/"},"img":{"alt_text":"","src":"","width":0,"height":0},"classes":[]},{"id":75328,"url":"https:\/\/www.jornalja.com.br\/ambiente\/cereais-com-glifosato-pesquisa-deixa-americanos-em-alerta\/","url_meta":{"origin":76917,"position":1},"title":"Cereais contaminados no caf\u00e9 da manh\u00e3: pesquisa deixa americanos em alerta","author":"da Reda\u00e7\u00e3o","date":"13 de julho de 2019","format":false,"excerpt":"Vinte marcas de cereais matinais comercializadas nos Estados Unidos est\u00e3o contaminadas com glifosato em n\u00edveis mais altos do que o permitido para crian\u00e7as, segundo pesquisa feita pela ONG Environmental Work Group (EWG). O glifosato \u00e9 um agrot\u00f3xico alvo de a\u00e7\u00f5es judiciais sob a acusa\u00e7\u00e3o de ser\u00a0cancer\u00edgeno, estando ligado a alguns\u2026","rel":"","context":"Em &quot;Ambiente J\u00c1-MAT\u00c9RIA&quot;","block_context":{"text":"Ambiente J\u00c1-MAT\u00c9RIA","link":"https:\/\/www.jornalja.com.br\/ambiente\/category\/ambiente-geral\/"},"img":{"alt_text":"","src":"","width":0,"height":0},"classes":[]},{"id":79489,"url":"https:\/\/www.jornalja.com.br\/ambiente\/liberacao-de-agrotoxicos-segue-em-ritmo-recorde-mais-57-autorizados\/","url_meta":{"origin":76917,"position":2},"title":"Libera\u00e7\u00e3o de agrot\u00f3xicos segue em ritmo recorde: mais 57 autorizados","author":"da Reda\u00e7\u00e3o","date":"27 de novembro de 2019","format":false,"excerpt":"O minist\u00e9rio da Agricultura autorizou o registro de mais 57 agrot\u00f3xicos, elevando para 439 o n\u00famero dos novos produtos liberados em 2019. Do total liberado nesta quarta-feira, 27, s\u00e3o 55 gen\u00e9ricos de princ\u00edpios ativos j\u00e1 autorizados no Brasil e 2 produtos in\u00e9ditos (um biol\u00f3gico e outro com baixa toxicidade). \u00a0\u2026","rel":"","context":"Em &quot;Ambiente J\u00c1-MAT\u00c9RIA&quot;","block_context":{"text":"Ambiente J\u00c1-MAT\u00c9RIA","link":"https:\/\/www.jornalja.com.br\/ambiente\/category\/ambiente-geral\/"},"img":{"alt_text":"","src":"","width":0,"height":0},"classes":[]},{"id":74334,"url":"https:\/\/www.jornalja.com.br\/ambiente\/agrotoxicos-acoes-contra-glifosato-comecam-a-abalar-a-basf\/","url_meta":{"origin":76917,"position":3},"title":"Agrot\u00f3xicos: a\u00e7\u00f5es contra glifosato come\u00e7am a abalar a Bayer","author":"da Reda\u00e7\u00e3o","date":"29 de abril de 2019","format":false,"excerpt":"Na reuni\u00e3o anual, em Bonn, na sexta-feira, 26\/4, mais da metade dos acionistas da Bayer manifestaram \"falta de confian\u00e7a na forma como a companhia vem sendo administrada\", segundo a ag\u00eancia Bloomberg. O fato, que levou 55% dos acionistas a questionar os atuais gestores, foi a aquisi\u00e7\u00e3o da Monsanto, no ano\u2026","rel":"","context":"Em &quot;Ambiente J\u00c1-MAT\u00c9RIA&quot;","block_context":{"text":"Ambiente J\u00c1-MAT\u00c9RIA","link":"https:\/\/www.jornalja.com.br\/ambiente\/category\/ambiente-geral\/"},"img":{"alt_text":"","src":"","width":0,"height":0},"classes":[]},{"id":77532,"url":"https:\/\/www.jornalja.com.br\/ambiente\/agrotoxicos-e-celulares-fazem-mal-a-saude-diz-agapan\/","url_meta":{"origin":76917,"position":4},"title":"A morte de abelhas por agrot\u00f3xicos e os riscos do celular no debate da Agapan","author":"Geraldo Hasse","date":"17 de setembro de 2019","format":false,"excerpt":"O risco \u00e0 sa\u00fade humana oferecido pelas esta\u00e7\u00f5es de r\u00e1dio-base de telefonia celular \u00e9 compar\u00e1vel \u00e0 contamina\u00e7\u00e3o dos alimentos e do meio ambiente por agrot\u00f3xicos, segundo a farmac\u00eautica\u00a0Ana Maria Dait Valls Atz,\u00a0conselheira da Agapan que atuou como mediadora do evento que na noite de segunda (19) reuniu 52 pessoas no\u2026","rel":"","context":"Em &quot;Ambiente J\u00c1-MAT\u00c9RIA&quot;","block_context":{"text":"Ambiente J\u00c1-MAT\u00c9RIA","link":"https:\/\/www.jornalja.com.br\/ambiente\/category\/ambiente-geral\/"},"img":{"alt_text":"","src":"","width":0,"height":0},"classes":[]},{"id":83296,"url":"https:\/\/www.jornalja.com.br\/ambiente\/curso-livre-sobre-agrotoxicos-visa-fortalecer-a-vigilancia-popular-em-saude\/","url_meta":{"origin":76917,"position":5},"title":"Curso livre sobre agrot\u00f3xicos visa fortalecer a vigil\u00e2ncia popular em sa\u00fade","author":"da Reda\u00e7\u00e3o","date":"29 de julho de 2021","format":false,"excerpt":"Est\u00e3o abertas at\u00e9 31 de julho, s\u00e1bado, as inscri\u00e7\u00f5es para o Curso de Regula\u00e7\u00e3o dos Agrot\u00f3xicos - forma\u00e7\u00e3o em agrot\u00f3xicos para fortalecimento da vigil\u00e2ncia popular em sa\u00fade. O objetivo do curso \u00e9 dar a compreender o processo de regula\u00e7\u00e3o de agrot\u00f3xicos no Brasil e no mundo na perspectiva do contexto\u2026","rel":"","context":"Em &quot;Ambiente J\u00c1-MAT\u00c9RIA&quot;","block_context":{"text":"Ambiente J\u00c1-MAT\u00c9RIA","link":"https:\/\/www.jornalja.com.br\/ambiente\/category\/ambiente-geral\/"},"img":{"alt_text":"","src":"https:\/\/i0.wp.com\/www.jornalja.com.br\/ambiente\/wp-content\/uploads\/sites\/3\/2021\/07\/agrotoxicos-em-pedro-osorio-foto-mprs.jpg?resize=350%2C200&ssl=1","width":350,"height":200,"srcset":"https:\/\/i0.wp.com\/www.jornalja.com.br\/ambiente\/wp-content\/uploads\/sites\/3\/2021\/07\/agrotoxicos-em-pedro-osorio-foto-mprs.jpg?resize=350%2C200&ssl=1 1x, https:\/\/i0.wp.com\/www.jornalja.com.br\/ambiente\/wp-content\/uploads\/sites\/3\/2021\/07\/agrotoxicos-em-pedro-osorio-foto-mprs.jpg?resize=525%2C300&ssl=1 1.5x"},"classes":[]}],"jetpack_shortlink":"https:\/\/wp.me\/pbKnZo-k0B","jetpack_sharing_enabled":true,"_links":{"self":[{"href":"https:\/\/www.jornalja.com.br\/ambiente\/wp-json\/wp\/v2\/posts\/76917","targetHints":{"allow":["GET"]}}],"collection":[{"href":"https:\/\/www.jornalja.com.br\/ambiente\/wp-json\/wp\/v2\/posts"}],"about":[{"href":"https:\/\/www.jornalja.com.br\/ambiente\/wp-json\/wp\/v2\/types\/post"}],"author":[{"embeddable":true,"href":"https:\/\/www.jornalja.com.br\/ambiente\/wp-json\/wp\/v2\/users\/4"}],"replies":[{"embeddable":true,"href":"https:\/\/www.jornalja.com.br\/ambiente\/wp-json\/wp\/v2\/comments?post=76917"}],"version-history":[{"count":0,"href":"https:\/\/www.jornalja.com.br\/ambiente\/wp-json\/wp\/v2\/posts\/76917\/revisions"}],"wp:featuredmedia":[{"embeddable":true,"href":"https:\/\/www.jornalja.com.br\/ambiente\/wp-json\/"}],"wp:attachment":[{"href":"https:\/\/www.jornalja.com.br\/ambiente\/wp-json\/wp\/v2\/media?parent=76917"}],"wp:term":[{"taxonomy":"category","embeddable":true,"href":"https:\/\/www.jornalja.com.br\/ambiente\/wp-json\/wp\/v2\/categories?post=76917"},{"taxonomy":"post_tag","embeddable":true,"href":"https:\/\/www.jornalja.com.br\/ambiente\/wp-json\/wp\/v2\/tags?post=76917"}],"curies":[{"name":"wp","href":"https:\/\/api.w.org\/{rel}","templated":true}]}}