{"id":77008,"date":"2019-09-04T14:38:38","date_gmt":"2019-09-04T17:38:38","guid":{"rendered":"https:\/\/www.jornalja.com.br\/?p=77008"},"modified":"2019-09-04T14:38:38","modified_gmt":"2019-09-04T17:38:38","slug":"pesquisa-aponta-que-19-dos-brasileiros-consomem-algum-item-organico","status":"publish","type":"post","link":"https:\/\/www.jornalja.com.br\/ambiente\/pesquisa-aponta-que-19-dos-brasileiros-consomem-algum-item-organico\/","title":{"rendered":"Pesquisa aponta que 19% dos brasileiros consomem algum item org\u00e2nico"},"content":{"rendered":"<p>Pesquisa encomendada pelo Conselho Brasileiro da Produ\u00e7\u00e3o Org\u00e2nica e Sustent\u00e1vel (Organis) mostra que 19% dos brasileiros consomem algum produto org\u00e2nico; 35% consumiram produtos org\u00e2nicos nos \u00faltimos seis meses; 67% est\u00e3o dispostos a aumentar compra de produtos. Na Regi\u00e3o Sul est\u00e1 o maior percentual de consumo, 48%, seguido pelo Sudeste, com 42%.<br \/>\nA pesquisa Consumidor Org\u00e2nico 2019 entrevistou 1.027 pessoas em maio e junho nas cidades de S\u00e3o Paulo, Rio de Janeiro, Belo Horizonte, Salvador, Recife, Fortaleza, Porto Alegre, Florian\u00f3polis, Curitiba, Manaus, Goi\u00e2nia e Bras\u00edlia, sendo 56% mulheres e 44% homens, de 18 a 40 anos, com renda de um a dez sal\u00e1rios m\u00ednimos.<br \/>\nA primeira pesquisa Organis, em 2017, registrou 15% de consumidores de produtos org\u00e2nicos &#8211; sem incluir a Regi\u00e3o Norte &#8211; e a deste ano mostra um crescimento para 19%.<br \/>\n\u201cConstatamos que um em cada cinco brasileiros consome algum produto org\u00e2nico com frequ\u00eancia m\u00e9dia de tr\u00eas vezes por semana, em especial hortifrutis. H\u00e1 muitas oportunidades de crescimento, pois a pesquisa aferiu que 88% est\u00e3o dispostos a comprar org\u00e2nico\u201d, disse o diretor executivo do Organis, Ming Liu.<br \/>\nPara Ming Liu, o mercado tende a crescer nos pr\u00f3ximos anos. &#8220;Muitos comentam que o mercado no Brasil \u00e9 muito pequeno, mas eu vejo com outros olhos. O potencial que se pode chegar para um n\u00edvel de consumo de oito a cada dez fam\u00edlias, que \u00e9 o nosso sonho, espelhado no maior mercado mundial [EUA]. A pesquisa vai mostrar que a educa\u00e7\u00e3o para o consumidor \u00e9 a chave de sucesso para o setor&#8221;.<br \/>\nO executivo acredita que a pesquisa vai ajudar os produtores a definirem suas pr\u00f3prias estrat\u00e9gias para aumentar o consumo de org\u00e2nicos. &#8220;A estrat\u00e9gia vir\u00e1 da informa\u00e7\u00e3o, da demanda do consumidor. Por isso n\u00f3s temos que dar esse informa\u00e7\u00e3o para que o produtor possa entender o mercado&#8221;.<br \/>\nMing Liu destaca ainda que a busca pela sa\u00fade \u00e9 o que faz o consumidor comprar produtos org\u00e2nicos. &#8220;\u00c9 uma demanda global de consumidores que est\u00e3o buscando sa\u00fade, preven\u00e7\u00e3o, seguran\u00e7a alimentar e qualidade de vida. A sa\u00fade envolve alimentos saud\u00e1veis, cada vez menos processados, com menos conservantes e produtos qu\u00edmicos&#8221;.<br \/>\nOs hortifrutis se mant\u00eam na lideran\u00e7a de consumo no setor org\u00e2nico, sendo 35% frutas, 24% de verduras, 21% alface, 16% legumes, 15% tomate e 8% de hortali\u00e7as. A pesquisa aponta ainda que 35% dos consumidores brasileiros sabem que existem outros tipos de produtos org\u00e2nicos al\u00e9m dos aliment\u00edcios, como produtos de limpeza, cosm\u00e9ticos e vestu\u00e1rio.<br \/>\n<strong>Pre\u00e7o<\/strong><br \/>\nO pre\u00e7o dos produtos org\u00e2nicos ainda pesa na decis\u00e3o de compra para 65% dos entrevistados, mas para 48% dos que consomem essa diferen\u00e7a \u00e9 justificada. \u201cO que nos anima \u00e9 perceber que uma parcela significativa dos brasileiros j\u00e1 reconhece claramente o valor agregado aos produtos org\u00e2nicos, pois tanto os que consomem como os que n\u00e3o consomem esse tipo de produto, entendem que os custos de produ\u00e7\u00e3o mais elevados justificam o maior pre\u00e7o dos org\u00e2nicos\u201d, disse o diretor de Branding (marca) do Organis, Cobi Cruz.<br \/>\nDe acordo com pesquisa, 84% dos pesquisados que consumiram org\u00e2nicos nos \u00faltimos 30 dias relatam a sa\u00fade como motivo para consumir os produtos. J\u00e1 30% consideram as caracter\u00edsticas do produto, 9% a preocupa\u00e7\u00e3o com o meio ambiente, 9% por curiosidade e 7% por estilo de vida.<br \/>\nA Pesquisa Consumidor Org\u00e2nico 2019 pode ser acessada diretamente no<a href=\"http:\/\/www.organis.org.br%20e%20em%20https\/\/drive.google.com\/open?id=1H_hcdKrFI620Od04Ym84AsOVmnO2RPre\"> site do Organis.<\/a><\/p>\n","protected":false},"excerpt":{"rendered":"<p>Pesquisa encomendada pelo Conselho Brasileiro da Produ\u00e7\u00e3o Org\u00e2nica e Sustent\u00e1vel (Organis) mostra que 19% dos brasileiros consomem algum produto org\u00e2nico; 35% consumiram produtos org\u00e2nicos nos \u00faltimos seis meses; 67% est\u00e3o dispostos a aumentar compra de produtos. Na Regi\u00e3o Sul est\u00e1 o maior percentual de consumo, 48%, seguido pelo Sudeste, com 42%. A pesquisa Consumidor Org\u00e2nico [&hellip;]<\/p>\n","protected":false},"author":12,"featured_media":77009,"comment_status":"open","ping_status":"closed","sticky":false,"template":"","format":"standard","meta":{"jetpack_post_was_ever_published":false,"_jetpack_newsletter_access":"","_jetpack_dont_email_post_to_subs":false,"_jetpack_newsletter_tier_id":0,"_jetpack_memberships_contains_paywalled_content":false,"_jetpack_memberships_contains_paid_content":false,"footnotes":"","jetpack_publicize_message":"","jetpack_publicize_feature_enabled":true,"jetpack_social_post_already_shared":true,"jetpack_social_options":{"image_generator_settings":{"template":"highway","default_image_id":0,"font":"","enabled":false},"version":2}},"categories":[4],"tags":[132,16,157,207,52,105,57,141,8,205],"class_list":["post-77008","post","type-post","status-publish","format-standard","has-post-thumbnail","hentry","category-ambiente-geral","tag-alimentos-organicos","tag-ambiente","tag-florianopolis","tag-horta","tag-meio-ambiente","tag-organicos","tag-porto-alegre","tag-rios","tag-saude","tag-sema"],"aioseo_notices":[],"jetpack_publicize_connections":[],"jetpack_featured_media_url":"","jetpack-related-posts":[{"id":82485,"url":"https:\/\/www.jornalja.com.br\/ambiente\/horta-de-organicos-na-escola-curso-para-professores-das-redes-publicas\/","url_meta":{"origin":77008,"position":0},"title":"Horta de org\u00e2nicos na escola: curso para professores das redes p\u00fablicas","author":"da Reda\u00e7\u00e3o","date":"9 de setembro de 2020","format":false,"excerpt":"Est\u00e3o abertas at\u00e9 dia 14 as inscri\u00e7\u00f5es para o curso de extens\u00e3o da Ufrgs Projeto Horta: aproximando escola e comunidade. S\u00e3o 30 vagas para professores da rede p\u00fablica em Porto Alegre e mais 30 para docentes da rede estadual. Programa\u00e7\u00e3o:","rel":"","context":"Em &quot;Ambiente J\u00c1-MAT\u00c9RIA&quot;","block_context":{"text":"Ambiente J\u00c1-MAT\u00c9RIA","link":"https:\/\/www.jornalja.com.br\/ambiente\/category\/ambiente-geral\/"},"img":{"alt_text":"","src":"https:\/\/i0.wp.com\/www.jornalja.com.br\/ambiente\/wp-content\/uploads\/sites\/3\/2020\/09\/photo-2020-09-03-17-04-49-1.jpg?resize=350%2C200&ssl=1","width":350,"height":200,"srcset":"https:\/\/i0.wp.com\/www.jornalja.com.br\/ambiente\/wp-content\/uploads\/sites\/3\/2020\/09\/photo-2020-09-03-17-04-49-1.jpg?resize=350%2C200&ssl=1 1x, https:\/\/i0.wp.com\/www.jornalja.com.br\/ambiente\/wp-content\/uploads\/sites\/3\/2020\/09\/photo-2020-09-03-17-04-49-1.jpg?resize=525%2C300&ssl=1 1.5x, https:\/\/i0.wp.com\/www.jornalja.com.br\/ambiente\/wp-content\/uploads\/sites\/3\/2020\/09\/photo-2020-09-03-17-04-49-1.jpg?resize=700%2C400&ssl=1 2x"},"classes":[]},{"id":76476,"url":"https:\/\/www.jornalja.com.br\/ambiente\/abertas-inscricoes-para-feira-agroecologica-da-camara-municipal\/","url_meta":{"origin":77008,"position":1},"title":"Abertas inscri\u00e7\u00f5es para Feira Agroecol\u00f3gica da C\u00e2mara Municipal","author":"Carlos Matsubara","date":"19 de agosto de 2019","format":false,"excerpt":"Est\u00e3o abertas as inscri\u00e7\u00f5es \u2013 a partir desta segunda-feira (19\/8) - para associa\u00e7\u00f5es e produtores de alimentos org\u00e2nicos e agroecol\u00f3gicos interessados em participar da Feira Agroecol\u00f3gica de Produtos Org\u00e2nicos Vereador Tarciso Flecha Negra promovida e a ser realizada na C\u00e2mara Municipal de Porto Alegre. Projeto piloto deliberado pela Mesa Diretora\u2026","rel":"","context":"Em &quot;Ambiente J\u00c1-MAT\u00c9RIA&quot;","block_context":{"text":"Ambiente J\u00c1-MAT\u00c9RIA","link":"https:\/\/www.jornalja.com.br\/ambiente\/category\/ambiente-geral\/"},"img":{"alt_text":"","src":"","width":0,"height":0},"classes":[]},{"id":77751,"url":"https:\/\/www.jornalja.com.br\/ambiente\/aprovado-o-projeto-de-lei-floripa-zona-livre-de-agrotoxico\/","url_meta":{"origin":77008,"position":2},"title":"Aprovado o Projeto de Lei Floripa Zona Livre de Agrot\u00f3xico","author":"da Reda\u00e7\u00e3o","date":"25 de setembro de 2019","format":false,"excerpt":"\u00a0 Aprovado na C\u00e2mara de Vereadores de Florian\u00f3polis, o projeto de autoria do vereador Marcos Jos\u00e9 de Abreu - Marquito (PSOL), que define como Zona Livre de Agrot\u00f3xico a produ\u00e7\u00e3o agr\u00edcola, pecu\u00e1ria, extrativista e as pr\u00e1ticas de manejo dos recursos naturais na parte insular do munic\u00edpio. A proposi\u00e7\u00e3o vai de\u2026","rel":"","context":"Em &quot;Ambiente J\u00c1-MAT\u00c9RIA&quot;","block_context":{"text":"Ambiente J\u00c1-MAT\u00c9RIA","link":"https:\/\/www.jornalja.com.br\/ambiente\/category\/ambiente-geral\/"},"img":{"alt_text":"","src":"","width":0,"height":0},"classes":[]},{"id":82201,"url":"https:\/\/www.jornalja.com.br\/ambiente\/distanciamento-deixou-a-feira-de-organicos-da-redencao-mais-espacosa\/","url_meta":{"origin":77008,"position":3},"title":"Distanciamento deixou a feira de org\u00e2nicos da Reden\u00e7\u00e3o mais espa\u00e7osa \u00a0\u00a0","author":"da Reda\u00e7\u00e3o","date":"22 de junho de 2020","format":false,"excerpt":"Acabou o aperto. A dificuldade de transitar entre as bancas era uma reclama\u00e7\u00e3o antiga dos consumidores na mais tradicional feira de hortali\u00e7as org\u00e2nicas de Porto Alegre, nas manh\u00e3s de s\u00e1bado na rua Jos\u00e9 Bonif\u00e1cio, no Bom Fim. Com o espa\u00e7o ampliado, tudo mudou. Por tr\u00eas d\u00e9cadas foram duas fileiras de\u2026","rel":"","context":"Em &quot;Ambiente J\u00c1-MAT\u00c9RIA&quot;","block_context":{"text":"Ambiente J\u00c1-MAT\u00c9RIA","link":"https:\/\/www.jornalja.com.br\/ambiente\/category\/ambiente-geral\/"},"img":{"alt_text":"","src":"https:\/\/i0.wp.com\/www.jornalja.com.br\/ambiente\/wp-content\/uploads\/sites\/3\/2020\/06\/20200620_121238-scaled.jpg?resize=350%2C200&ssl=1","width":350,"height":200,"srcset":"https:\/\/i0.wp.com\/www.jornalja.com.br\/ambiente\/wp-content\/uploads\/sites\/3\/2020\/06\/20200620_121238-scaled.jpg?resize=350%2C200&ssl=1 1x, https:\/\/i0.wp.com\/www.jornalja.com.br\/ambiente\/wp-content\/uploads\/sites\/3\/2020\/06\/20200620_121238-scaled.jpg?resize=525%2C300&ssl=1 1.5x, https:\/\/i0.wp.com\/www.jornalja.com.br\/ambiente\/wp-content\/uploads\/sites\/3\/2020\/06\/20200620_121238-scaled.jpg?resize=700%2C400&ssl=1 2x"},"classes":[]},{"id":83454,"url":"https:\/\/www.jornalja.com.br\/ambiente\/comecam-a-valer-as-novas-regras-que-simplificam-pesquisa-e-registro-de-agrotoxicos\/","url_meta":{"origin":77008,"position":4},"title":"Come\u00e7am a valer as novas regras que simplificam pesquisa e registro de agrot\u00f3xicos","author":"da Reda\u00e7\u00e3o","date":"8 de outubro de 2021","format":false,"excerpt":"O\u00a0 Di\u00e1rio Oficial da Uni\u00e3o publicou nesta sexta, (8) o Decreto 10.833, de 7 de outubro de 2021, que simplifica os processos de pesquisa, an\u00e1lise e registro comercial de defensivos agr\u00edcolas para uso no Brasil. Em nota o Minist\u00e9rio da Agricultura, Pecu\u00e1ria e Abastecimento (Mapa), explica que \"a altera\u00e7\u00e3o nas\u2026","rel":"","context":"Em &quot;Ambiente J\u00c1-MAT\u00c9RIA&quot;","block_context":{"text":"Ambiente J\u00c1-MAT\u00c9RIA","link":"https:\/\/www.jornalja.com.br\/ambiente\/category\/ambiente-geral\/"},"img":{"alt_text":"","src":"https:\/\/i0.wp.com\/www.jornalja.com.br\/ambiente\/wp-content\/uploads\/sites\/3\/2021\/07\/agrotoxicos-em-pedro-osorio-foto-mprs.jpg?resize=350%2C200&ssl=1","width":350,"height":200,"srcset":"https:\/\/i0.wp.com\/www.jornalja.com.br\/ambiente\/wp-content\/uploads\/sites\/3\/2021\/07\/agrotoxicos-em-pedro-osorio-foto-mprs.jpg?resize=350%2C200&ssl=1 1x, https:\/\/i0.wp.com\/www.jornalja.com.br\/ambiente\/wp-content\/uploads\/sites\/3\/2021\/07\/agrotoxicos-em-pedro-osorio-foto-mprs.jpg?resize=525%2C300&ssl=1 1.5x"},"classes":[]},{"id":77345,"url":"https:\/\/www.jornalja.com.br\/ambiente\/pesquisa-revela-contaminacao-por-antibioticos-em-rios-paranaenses\/","url_meta":{"origin":77008,"position":5},"title":"Pesquisa revela contamina\u00e7\u00e3o por antibi\u00f3ticos em rios paranaenses","author":"Carlos Matsubara","date":"12 de setembro de 2019","format":false,"excerpt":"\u00a0 A descoberta dos antibi\u00f3ticos no in\u00edcio do s\u00e9culo XX causou uma verdadeira revolu\u00e7\u00e3o na sa\u00fade. Os medicamentos \u201cmilagrosos\u201d, como eram chamados na \u00e9poca, possibilitaram a cura de doen\u00e7as at\u00e9 ent\u00e3o fatais, como pneumonia, tuberculose e febre reum\u00e1tica. Milh\u00f5es de vidas foram e ainda s\u00e3o salvas gra\u00e7as a eles. O\u2026","rel":"","context":"Em &quot;Ambiente J\u00c1-MAT\u00c9RIA&quot;","block_context":{"text":"Ambiente J\u00c1-MAT\u00c9RIA","link":"https:\/\/www.jornalja.com.br\/ambiente\/category\/ambiente-geral\/"},"img":{"alt_text":"","src":"","width":0,"height":0},"classes":[]}],"jetpack_shortlink":"https:\/\/wp.me\/pbKnZo-k24","jetpack_sharing_enabled":true,"_links":{"self":[{"href":"https:\/\/www.jornalja.com.br\/ambiente\/wp-json\/wp\/v2\/posts\/77008","targetHints":{"allow":["GET"]}}],"collection":[{"href":"https:\/\/www.jornalja.com.br\/ambiente\/wp-json\/wp\/v2\/posts"}],"about":[{"href":"https:\/\/www.jornalja.com.br\/ambiente\/wp-json\/wp\/v2\/types\/post"}],"author":[{"embeddable":true,"href":"https:\/\/www.jornalja.com.br\/ambiente\/wp-json\/wp\/v2\/users\/12"}],"replies":[{"embeddable":true,"href":"https:\/\/www.jornalja.com.br\/ambiente\/wp-json\/wp\/v2\/comments?post=77008"}],"version-history":[{"count":0,"href":"https:\/\/www.jornalja.com.br\/ambiente\/wp-json\/wp\/v2\/posts\/77008\/revisions"}],"wp:featuredmedia":[{"embeddable":true,"href":"https:\/\/www.jornalja.com.br\/ambiente\/wp-json\/"}],"wp:attachment":[{"href":"https:\/\/www.jornalja.com.br\/ambiente\/wp-json\/wp\/v2\/media?parent=77008"}],"wp:term":[{"taxonomy":"category","embeddable":true,"href":"https:\/\/www.jornalja.com.br\/ambiente\/wp-json\/wp\/v2\/categories?post=77008"},{"taxonomy":"post_tag","embeddable":true,"href":"https:\/\/www.jornalja.com.br\/ambiente\/wp-json\/wp\/v2\/tags?post=77008"}],"curies":[{"name":"wp","href":"https:\/\/api.w.org\/{rel}","templated":true}]}}