{"id":77633,"date":"2019-09-22T16:10:08","date_gmt":"2019-09-22T19:10:08","guid":{"rendered":"https:\/\/www.jornalja.com.br\/?p=77633"},"modified":"2019-09-22T16:10:08","modified_gmt":"2019-09-22T19:10:08","slug":"relatorio-alerta-para-o-risco-de-pandemias-globais","status":"publish","type":"post","link":"https:\/\/www.jornalja.com.br\/ambiente\/relatorio-alerta-para-o-risco-de-pandemias-globais\/","title":{"rendered":"Relat\u00f3rio alerta para o risco de pandemias globais"},"content":{"rendered":"<p>Ser\u00e1 apresentado na Assemblea Geral da ONU, na ter\u00e7a-feira, 24, um estudo in\u00e9dito sobre o risco de pandemias globais de doen\u00e7as graves como Ebola, influenza e a S\u00edndrome Respirat\u00f3ria Aguda Grave (SARS).<br \/>\n&#8220;Um mundo em risco&#8221; \u00e9 o t\u00edtulo do relat\u00f3rio, o primeiro preparado pelo Conselho de Monitoramento da Prepara\u00e7\u00e3o Global, (Global Preparedness Monitoring Board &#8211; GPMB), org\u00e3o independente, lan\u00e7ado em maio de 2018, pelo Banco Mundial e pela Organiza\u00e7\u00e3o Mundial da Sa\u00fade (OMS)<br \/>\nSitua\u00e7\u00f5es de conflitos prolongados, estados fr\u00e1geis que n\u00e3o atendem suas popula\u00e7\u00f5es e migra\u00e7\u00f5es for\u00e7adas s\u00e3o fatores apontados como favor\u00e1veis \u00e0 r\u00e1pida circula\u00e7\u00e3o de v\u00edrus letais em todo o mundo. As mudan\u00e7as clim\u00e1ticas, a crescente urbaniza\u00e7\u00e3o e a falta de \u00e1gua tratada e de saneamento b\u00e1sico, tamb\u00e9m elevam o risco..<br \/>\nDe acordo com a co-presidente do GPMB, Gro Harlem Brundtland, os l\u00edderes mundiais at\u00e9 agora t\u00eam respondido \u00e0s emerg\u00eancias em sa\u00fade com &#8220;ciclos de p\u00e2nico e neglig\u00eancia&#8221;.<\/p>\n<h2>A\u00e7\u00f5es urgentes<\/h2>\n<p>\u201cEst\u00e1 mais do que na hora de trabalhar em a\u00e7\u00f5es urgentes e continuadas. Isso deve incluir aumento do financiamento em n\u00edveis locais, nacionais e internacionais para evitar a propaga\u00e7\u00e3o de surtos. Tamb\u00e9m exige que os l\u00edderes tomem medidas proativas para fortalecer os mecanismos de coordena\u00e7\u00e3o e de prepara\u00e7\u00e3o entre os governos e a sociedade para responder rapidamente a uma emerg\u00eancia.\u201d<br \/>\nSegundo o documento, se o mundo enfrentasse um surto como a pandemia de Influenza de 1918, o v\u00edrus poderia se espalhar globalmente em 36 horas e o n\u00famero de v\u00edtimas fatais poderia chegar a 80 milh\u00f5es de pessoas.<br \/>\nConhecida como Gripe Espanhola, estima-se que a pandemia de 1918 infectou 500 milh\u00f5es de pessoas, um\u00a0<span id=\"OBJ_PREFIX_DWT648_com_zimbra_date\" role=\"link\"><span id=\"OBJ_PREFIX_DWT660_com_zimbra_date\" role=\"link\">ter<\/span><\/span>\u00e7o da popula\u00e7\u00e3o mundial na \u00e9poca, com 50 milh\u00f5es de mortes, o equivalente a cerca de 3% da popula\u00e7\u00e3o.<br \/>\nO relat\u00f3rio alerta que uma pandemia nessas propor\u00e7\u00f5es na atualidade pode destruir 5% da economia global, al\u00e9m de colapsar muitos sistemas nacionais de sa\u00fade, atingindo as comunidades mais pobres.<br \/>\nDe acordo com o levantamento, entre 2011 e 2018 a OMS acompanhou 1.483 eventos epid\u00eamicos em 172 pa\u00edses, de doen\u00e7as como Ebola, Zika, SARS e febre amarela.<br \/>\nNo Brasil, foram detectadas no per\u00edodo epidemias de febre amarela, mal\u00e1ria e Zika.<br \/>\nO diretor-geral da OMS, Tedros Adhanom Ghebreyesus, afirmou que os surtos mais graves de doen\u00e7as como Ebola, c\u00f3lera e sarampo geralmente ocorrem nos locais que possuem os sistemas de sa\u00fade mais fracos.<br \/>\n\u201cComo l\u00edderes de na\u00e7\u00f5es, comunidades e ag\u00eancias internacionais, devemos assumir a responsabilidade pela prepara\u00e7\u00e3o de emerg\u00eancias e prestar aten\u00e7\u00e3o \u00e0s li\u00e7\u00f5es que esses surtos est\u00e3o nos ensinando. Temos que tomar medidas preventivas antes que eles aconte\u00e7am.\u201d<br \/>\nO texto destaca que algumas provid\u00eancias foram tomadas ap\u00f3s o surto de Ebola de 2014 na \u00c1frica Ocidental, que infectou 28,6 mil pessoas e fez 11,3 mil v\u00edtimas fatais, principalmente em Serra Leoa, Guin\u00e9 e Lib\u00e9ria.<br \/>\nSegundo o\u00a0<a href=\"http:\/\/www.who.int\/news-room\/fact-sheets\/detail\/ebola-virus-disease\" target=\"_blank\" rel=\"noopener noreferrer\">relat\u00f3rio<\/a>, o custo econ\u00f4mico e social da epidemia na regi\u00e3o foi de 53 bilh\u00f5es de d\u00f3lares.<br \/>\nA OMS decretou o fim do surto em janeiro de 2016, por\u00e9m, um novo foi detectado em agosto de 2018 na Rep\u00fablica Democr\u00e1tica do Congo e j\u00e1 registrou 2,6 mil casos, com 1,8 mil mortes, segundo\u00a0<a href=\"http:\/\/nacoesunidas.org\/surto-de-ebola-completa-um-ano-na-rd-congo-onu-pede-intensificacao-da-resposta-global\/\" target=\"_blank\" rel=\"noopener noreferrer\">dados<\/a>\u00a0da OMS.<br \/>\nO relat\u00f3rio A World At Risk diz que, em julho de 2019, 59 pa\u00edses desenvolveram um Plano de A\u00e7\u00e3o Nacional para Seguran\u00e7a da Sa\u00fade, mas, at\u00e9 o momento, nenhum deles foi totalmente financiado.<br \/>\n<strong>Brasil<\/strong><br \/>\nNo Brasil, ap\u00f3s a pandemia de influenza de 2009, o governo lan\u00e7ou, em 2010, a Estrat\u00e9gia Nacional de Vacina\u00e7\u00e3o Contra o V\u00edrus da Influenza Pand\u00eamica (H1N1). Na \u00e9poca, chamada de gripe su\u00edna, a pandemia de 2009 matou 18,5 mil pessoas no mundo todo. Por\u00e9m, um<a href=\"http:\/\/www.thelancet.com\/journals\/laninf\/article\/PIIS1473-3099(12)70342-0\/fulltext\" target=\"_blank\" rel=\"noopener noreferrer\">\u00a0estudo<\/a>\u00a0publicado pela revista m\u00e9dica\u00a0<em>The Lancet Infectious Diseases<\/em>\u00a0aponta que o n\u00famero de mortes pode estar entre 151,7 mil e 575,4 mil entre os anos de 2009 e 2010.<br \/>\nO Brasil registrou 50.482 casos em 2009, com 2.060 mortes por influenza A\/H1N1, segundo\u00a0<a href=\"http:\/\/portalarquivos2.saude.gov.br\/images\/pdf\/2014\/maio\/22\/informe-influenza-2009-2010-2011-220514.pdf\" target=\"_blank\" rel=\"noopener noreferrer\">dados do Minist\u00e9rio da Sa\u00fade<\/a>. Ap\u00f3s o in\u00edcio da vacina\u00e7\u00e3o, em 2010 foram 973 casos da doen\u00e7a e 113 mortes. Em 2011, os n\u00fameros ca\u00edram para 181 casos e 21 mortes.<br \/>\nO diretor da Divis\u00e3o de Ensaios Cl\u00ednicos e Farmacovigil\u00e2ncia do Instituto Butantan, Alexander Precioso, destaca a import\u00e2ncia da estrat\u00e9gia brasileira de imuniza\u00e7\u00e3o para controlar os surtos de doen\u00e7as infectocontagiosas transmitidas por v\u00edrus.<br \/>\n\u201cO Instituto Butantan foi identificado como um produtor de vacinas de influenza estrat\u00e9gico e recebe apoio t\u00e9cnico e financeiro para produzir lotes de vacinas de determinadas cepas de v\u00edrus influenza que teriam o potencial de causar pandemia. Ocorreu no passado com o v\u00edrus Influenza H5N1, depois com o H1N1 e finalizamos este ano o estudo cl\u00ednico de outro v\u00edrus influenza potencialmente pand\u00eamico que \u00e9 o H7N9\u201d.<br \/>\nSegundo Precioso, o v\u00edrus H7N9 ainda n\u00e3o se disseminou de forma alarmante entre seres humanos, tendo ocorrido predominantemente entre animais. Por\u00e9m, o monitoramento internacional da OMS identificou o H7N9 como tendo potencial para desenvolver um comportamento de r\u00e1pida dissemina\u00e7\u00e3o levando a uma potencial pandemia.<br \/>\nO diretor reitera que a vacina\u00e7\u00e3o \u00e9 uma a\u00e7\u00e3o emergencial para ajudar a conter surtos, mas deve ser coordenada com outras medidas importantes para evitar uma epidemia.<br \/>\n\u201cN\u00e3o \u00e9 s\u00f3\u00a0<span id=\"OBJ_PREFIX_DWT653_com_zimbra_date\" role=\"link\"><span id=\"OBJ_PREFIX_DWT665_com_zimbra_date\" role=\"link\">ter<\/span><\/span>\u00a0a capacidade de produzir vacinas, mas \u00e9\u00a0<span id=\"OBJ_PREFIX_DWT654_com_zimbra_date\" role=\"link\"><span id=\"OBJ_PREFIX_DWT666_com_zimbra_date\" role=\"link\">ter<\/span><\/span>\u00a0todo um contexto de pol\u00edticas de sa\u00fade que v\u00e3o abordar as diversas \u00e1reas que possam contribuir para o controle de uma determinada pandemia. Exemplos: disponibilidade de\u00a0<span id=\"OBJ_PREFIX_DWT655_com_zimbra_date\" role=\"link\"><span id=\"OBJ_PREFIX_DWT667_com_zimbra_date\" role=\"link\">ter<\/span><\/span>\u00a0a vacina, acesso aos servi\u00e7os que podem imunizar, condi\u00e7\u00f5es mais gerais que a popula\u00e7\u00e3o se encontra. \u00c9 muito mais f\u00e1cil voc\u00ea controlar uma pandemia em uma sociedade onde quest\u00f5es de saneamento e nutri\u00e7\u00e3o s\u00e3o adequados do que em regi\u00f5es prec\u00e1rias.\u201d<br \/>\nAtualmente, o Brasil tem enfrentado o aumento de casos de sarampo e de dengue, iinformou.<br \/>\n<strong>Recomenda\u00e7\u00f5es<\/strong><br \/>\nO relat\u00f3rio A World At Risk traz sete recomenda\u00e7\u00f5es urgentes para os l\u00edderes mundiais se prepararem para enfrentar emerg\u00eancias em sa\u00fade. A primeira \u00e9 se \u201ccomprometer com a preven\u00e7\u00e3o, implementando integralmente o Regulamento Sanit\u00e1rio Internacional e aumentando o investimento em preven\u00e7\u00e3o como parte integrante da seguran\u00e7a nacional e internacional.\u201d<br \/>\nA\u00a0<span id=\"OBJ_PREFIX_DWT656_com_zimbra_date\" role=\"link\"><span id=\"OBJ_PREFIX_DWT668_com_zimbra_date\" role=\"link\">segunda<\/span><\/span>\u00a0\u00e9 o compromisso pol\u00edtico de pa\u00edses e de organiza\u00e7\u00f5es intergovernamentais regionais para cumprir o financiamento para preven\u00e7\u00e3o e monitorar o progresso nas reuni\u00f5es anuais. O relat\u00f3rio indica que todos os pa\u00edses construam \u201csistemas resistentes de preven\u00e7\u00e3o\u201d, com coordenadores de alto n\u00edvel e prioridade para o envolvimento da comunidade.<br \/>\nOs pa\u00edses, doadores e institui\u00e7\u00f5es multilaterais \u201cdevem se preparar para o pior cen\u00e1rio de uma pandemia de v\u00edrus respirat\u00f3rio em r\u00e1pida evolu\u00e7\u00e3o\u201d, promovendo pesquisas e o desenvolvimento de novas vacinas e medicamentos, com compartilhamento r\u00e1pido de informa\u00e7\u00f5es. As organiza\u00e7\u00f5es internacionais de financiamento devem integrar o tema a seus planejamentos e sistemas de incentivos, assim como os financiadores de assist\u00eancia ao desenvolvimento de pa\u00edses mais pobres e vulner\u00e1veis.<br \/>\nO relat\u00f3rio recomenda que a ONU fortale\u00e7a a preven\u00e7\u00e3o e a coordena\u00e7\u00e3o da resposta a epidemias internacionalmente.<\/p>\n","protected":false},"excerpt":{"rendered":"<p>Ser\u00e1 apresentado na Assemblea Geral da ONU, na ter\u00e7a-feira, 24, um estudo in\u00e9dito sobre o risco de pandemias globais de doen\u00e7as graves como Ebola, influenza e a S\u00edndrome Respirat\u00f3ria Aguda Grave (SARS). &#8220;Um mundo em risco&#8221; \u00e9 o t\u00edtulo do relat\u00f3rio, o primeiro preparado pelo Conselho de Monitoramento da Prepara\u00e7\u00e3o Global, (Global Preparedness Monitoring Board [&hellip;]<\/p>\n","protected":false},"author":4,"featured_media":77634,"comment_status":"open","ping_status":"closed","sticky":false,"template":"","format":"standard","meta":{"jetpack_post_was_ever_published":false,"_jetpack_newsletter_access":"","_jetpack_dont_email_post_to_subs":false,"_jetpack_newsletter_tier_id":0,"_jetpack_memberships_contains_paywalled_content":false,"_jetpack_memberships_contains_paid_content":false,"footnotes":"","jetpack_publicize_message":"","jetpack_publicize_feature_enabled":true,"jetpack_social_post_already_shared":true,"jetpack_social_options":{"image_generator_settings":{"template":"highway","default_image_id":0,"font":"","enabled":false},"version":2}},"categories":[4],"tags":[59,54,165,7,138,87,201,8],"class_list":["post-77633","post","type-post","status-publish","format-standard","has-post-thumbnail","hentry","category-ambiente-geral","tag-agua","tag-animais","tag-banco-mundial","tag-epidemia","tag-governo","tag-mudancas-climaticas","tag-pandemia","tag-saude"],"aioseo_notices":[],"jetpack_publicize_connections":[],"jetpack_featured_media_url":"","jetpack-related-posts":[{"id":83340,"url":"https:\/\/www.jornalja.com.br\/ambiente\/o-aquecimento-global-e-as-mudancas-do-ciclo-da-agua-no-planeta\/","url_meta":{"origin":77633,"position":0},"title":"O aquecimento global e as mudan\u00e7as do ciclo da \u00e1gua no planeta","author":"da Reda\u00e7\u00e3o","date":"18 de agosto de 2021","format":false,"excerpt":"The Guardian Os problemas da \u00e1gua - seca, com os inc\u00eandios florestais que a acompanham, e inunda\u00e7\u00f5es - provavelmente se agravar\u00e3o em todo o mundo \u00e0 medida que o colapso do clima se estabelecer, de acordo com a maior avalia\u00e7\u00e3o da ci\u00eancia do clima at\u00e9 hoje . O aquecimento global\u2026","rel":"","context":"Em &quot;Ambiente J\u00c1-MAT\u00c9RIA&quot;","block_context":{"text":"Ambiente J\u00c1-MAT\u00c9RIA","link":"https:\/\/www.jornalja.com.br\/ambiente\/category\/ambiente-geral\/"},"img":{"alt_text":"","src":"","width":0,"height":0},"classes":[]},{"id":85210,"url":"https:\/\/www.jornalja.com.br\/ambiente\/aquecimento-global-aumenta-risco-de-expansao-da-dengue-segundo-oms\/","url_meta":{"origin":77633,"position":1},"title":"Aquecimento global aumenta risco de expans\u00e3o da dengue, segundo OMS","author":"Cleber Dioni Tentardini","date":"10 de janeiro de 2024","format":false,"excerpt":"Genebra (EFE) Mais de 5 milh\u00f5es de casos de dengue foram registrados em todo o mundo em 2023, incluindo 5 mil mortes, informou nesta sexta-feira a Organiza\u00e7\u00e3o Mundial da Sa\u00fade (OMS), o que elevou para alto o risco dessa doen\u00e7a, cujo raio de expans\u00e3o est\u00e1 aumentando devido a fatores como\u2026","rel":"","context":"Em &quot;Ambiente J\u00c1-MAT\u00c9RIA&quot;","block_context":{"text":"Ambiente J\u00c1-MAT\u00c9RIA","link":"https:\/\/www.jornalja.com.br\/ambiente\/category\/ambiente-geral\/"},"img":{"alt_text":"","src":"https:\/\/i0.wp.com\/www.jornalja.com.br\/ambiente\/wp-content\/uploads\/sites\/3\/2024\/01\/dengue-3.jpg?resize=350%2C200&ssl=1","width":350,"height":200,"srcset":"https:\/\/i0.wp.com\/www.jornalja.com.br\/ambiente\/wp-content\/uploads\/sites\/3\/2024\/01\/dengue-3.jpg?resize=350%2C200&ssl=1 1x, https:\/\/i0.wp.com\/www.jornalja.com.br\/ambiente\/wp-content\/uploads\/sites\/3\/2024\/01\/dengue-3.jpg?resize=525%2C300&ssl=1 1.5x, https:\/\/i0.wp.com\/www.jornalja.com.br\/ambiente\/wp-content\/uploads\/sites\/3\/2024\/01\/dengue-3.jpg?resize=700%2C400&ssl=1 2x"},"classes":[]},{"id":81244,"url":"https:\/\/www.jornalja.com.br\/ambiente\/coronavirus-ja-e-uma-pandemia-mas-organizacao-mundial-da-saude-hesita-em-declarar\/","url_meta":{"origin":77633,"position":2},"title":"Coronavirus j\u00e1 \u00e9 uma pandemia, mas Organiza\u00e7\u00e3o Mundial da Sa\u00fade hesita em declarar","author":"da Reda\u00e7\u00e3o","date":"25 de fevereiro de 2020","format":false,"excerpt":"Em dez dias, a epidemia provocada pelo novo coronavirus numa prov\u00edncia da China evoluiu para tornar-se uma amea\u00e7a real de pandemia global. Na China, nesta segunda feira, o total de mortes chega a 2.595, num total de 77 mil casos confirmados. Tamb\u00e9m foram confirmados 409 novos casos de cont\u00e1gio nas\u2026","rel":"","context":"Em &quot;Ambiente J\u00c1-MAT\u00c9RIA&quot;","block_context":{"text":"Ambiente J\u00c1-MAT\u00c9RIA","link":"https:\/\/www.jornalja.com.br\/ambiente\/category\/ambiente-geral\/"},"img":{"alt_text":"","src":"","width":0,"height":0},"classes":[]},{"id":85583,"url":"https:\/\/www.jornalja.com.br\/ambiente\/aquecimento-global-pode-inviabilizar-a-vida-na-terra\/","url_meta":{"origin":77633,"position":3},"title":"Aquecimento global pode inviabilizar a vida na Terra","author":"Elmar Bones","date":"21 de maio de 2025","format":false,"excerpt":"M\u00e1rcia Turcato Dois dias de intensos debates sobre mudan\u00e7a clim\u00e1tica mobilizaram 1.200 participantes e cerca de 60 palestrantes no Sal\u00e3o Nobre da UFRGS- Universidade Federal do Rio Grande do Sul. O Climate Change Summit foi realizado no m\u00eas de maio e culminou com a divulga\u00e7\u00e3o da Carta de Porto Alegre*,\u2026","rel":"","context":"Em &quot;Ambiente J\u00c1-MAT\u00c9RIA&quot;","block_context":{"text":"Ambiente J\u00c1-MAT\u00c9RIA","link":"https:\/\/www.jornalja.com.br\/ambiente\/category\/ambiente-geral\/"},"img":{"alt_text":"","src":"https:\/\/i0.wp.com\/www.jornalja.com.br\/ambiente\/wp-content\/uploads\/sites\/3\/2025\/05\/clima-abertura.jpg?resize=350%2C200&ssl=1","width":350,"height":200,"srcset":"https:\/\/i0.wp.com\/www.jornalja.com.br\/ambiente\/wp-content\/uploads\/sites\/3\/2025\/05\/clima-abertura.jpg?resize=350%2C200&ssl=1 1x, https:\/\/i0.wp.com\/www.jornalja.com.br\/ambiente\/wp-content\/uploads\/sites\/3\/2025\/05\/clima-abertura.jpg?resize=525%2C300&ssl=1 1.5x, https:\/\/i0.wp.com\/www.jornalja.com.br\/ambiente\/wp-content\/uploads\/sites\/3\/2025\/05\/clima-abertura.jpg?resize=700%2C400&ssl=1 2x"},"classes":[]},{"id":79820,"url":"https:\/\/www.jornalja.com.br\/ambiente\/universidades-formam-frente-para-tentar-conter-aquecimento-global\/","url_meta":{"origin":77633,"position":4},"title":"Universidades formam frente para tentar conter aquecimento global","author":"da Reda\u00e7\u00e3o","date":"8 de dezembro de 2019","format":false,"excerpt":"Treze universidades de diversos pa\u00edses, incluindo o Brasil, participam nesta semana da reuni\u00e3o da Alian\u00e7a Global de Universidades sobre o Clima, dentro da 25\u00ba Confer\u00eancia da Organiza\u00e7\u00e3o das Na\u00e7\u00f5es Unidas \u00a0sobre as Mudan\u00e7as Clim\u00e1ticas (COP 25). O objetivo \u00e9 conhecer as tecnologias que cada pa\u00eds tem dispon\u00edveis \u00a0para reduzir as\u2026","rel":"","context":"Em &quot;Ambiente J\u00c1-MAT\u00c9RIA&quot;","block_context":{"text":"Ambiente J\u00c1-MAT\u00c9RIA","link":"https:\/\/www.jornalja.com.br\/ambiente\/category\/ambiente-geral\/"},"img":{"alt_text":"","src":"","width":0,"height":0},"classes":[]}],"jetpack_shortlink":"https:\/\/wp.me\/pbKnZo-kc9","jetpack_sharing_enabled":true,"_links":{"self":[{"href":"https:\/\/www.jornalja.com.br\/ambiente\/wp-json\/wp\/v2\/posts\/77633","targetHints":{"allow":["GET"]}}],"collection":[{"href":"https:\/\/www.jornalja.com.br\/ambiente\/wp-json\/wp\/v2\/posts"}],"about":[{"href":"https:\/\/www.jornalja.com.br\/ambiente\/wp-json\/wp\/v2\/types\/post"}],"author":[{"embeddable":true,"href":"https:\/\/www.jornalja.com.br\/ambiente\/wp-json\/wp\/v2\/users\/4"}],"replies":[{"embeddable":true,"href":"https:\/\/www.jornalja.com.br\/ambiente\/wp-json\/wp\/v2\/comments?post=77633"}],"version-history":[{"count":0,"href":"https:\/\/www.jornalja.com.br\/ambiente\/wp-json\/wp\/v2\/posts\/77633\/revisions"}],"wp:featuredmedia":[{"embeddable":true,"href":"https:\/\/www.jornalja.com.br\/ambiente\/wp-json\/"}],"wp:attachment":[{"href":"https:\/\/www.jornalja.com.br\/ambiente\/wp-json\/wp\/v2\/media?parent=77633"}],"wp:term":[{"taxonomy":"category","embeddable":true,"href":"https:\/\/www.jornalja.com.br\/ambiente\/wp-json\/wp\/v2\/categories?post=77633"},{"taxonomy":"post_tag","embeddable":true,"href":"https:\/\/www.jornalja.com.br\/ambiente\/wp-json\/wp\/v2\/tags?post=77633"}],"curies":[{"name":"wp","href":"https:\/\/api.w.org\/{rel}","templated":true}]}}