{"id":77829,"date":"2019-09-27T19:15:34","date_gmt":"2019-09-27T22:15:34","guid":{"rendered":"https:\/\/www.jornalja.com.br\/?p=77829"},"modified":"2019-09-27T19:15:34","modified_gmt":"2019-09-27T22:15:34","slug":"projeto-de-novo-codigo-simplifica-licenciamento-ambiental-no-rs","status":"publish","type":"post","link":"https:\/\/www.jornalja.com.br\/ambiente\/projeto-de-novo-codigo-simplifica-licenciamento-ambiental-no-rs\/","title":{"rendered":"Projeto de novo c\u00f3digo simplifica licenciamento ambiental no RS"},"content":{"rendered":"<p>Foi apresentado nesta sexta-feira (27), o novo C\u00f3digo Ambiental do Rio Grande do Sul, proposto pelo governo.<br \/>\nSegundo o governador Eduardo Leite, o projeto de lei encaminhado ao legislativo &#8220;moderniza a legisla\u00e7\u00e3o vigente&#8221; (Lei n\u00ba 11.520, de 3 de agosto de 2000).<br \/>\nO objetivo \u00e9 &#8220;desburocratizar o processo para quem quer empreender no RS sem descuidar do ambiente&#8221;. .<br \/>\n\u201cO governo do Estado tem um forte compromisso com o meio ambiente e com as futuras gera\u00e7\u00f5es, e, portanto, compreende o papel que tem na preserva\u00e7\u00e3o aliada \u00e0 gera\u00e7\u00e3o de riqueza, ao empreendedorismo, ao espa\u00e7o para investimento privado, para que se gerem os recursos que v\u00e3o permitir \u00e0 nossa sociedade ser mais pr\u00f3spera com respeito ao ambiente\u201d, disse o governador.<br \/>\n\u201cTer certeza de que suas decis\u00f5es e seu neg\u00f3cio n\u00e3o ser\u00e3o questionados ou punidos no futuro, por interpreta\u00e7\u00f5es diversas, \u00e9 essencial no momento em que um empreendedor vai decidir onde se instalar\u201d, esclareceu Leite.<br \/>\nAl\u00e9m disso, as normas sugeridas permitem uma maior participa\u00e7\u00e3o da sociedade no processo. Com a implementa\u00e7\u00e3o da Licen\u00e7a Ambiental por Compromisso (LAC) \u2013 que \u00e9 diferente do autolicenciamento ambiental, porque, nesse caso, o empres\u00e1rio faria tudo sozinho \u2013, ressaltou o governador, as atividades de menor impacto ambiental poder\u00e3o obter a autoriza\u00e7\u00e3o mediante encaminhamento dos documentos exigidos.<br \/>\nCaber\u00e1 ao Conselho Estadual de Meio Ambiente, composto por membros da sociedade, decidir quais atividades poder\u00e3o obter a LAC e, ao Estado, a fiscaliza\u00e7\u00e3o dos empreendimentos.<br \/>\n\u201cVai conferir maior agilidade tanto aos de baixo impacto quanto aos de grande, que ter\u00e3o mais aten\u00e7\u00e3o dos t\u00e9cnicos, sem perder o rigor e o cuidado com o meio ambiente, premiando aqueles que tiverem boas pr\u00e1ticas\u201d, disse Leite.<br \/>\nAp\u00f3s a apresenta\u00e7\u00e3o no Sal\u00e3o Alberto Pasqualini, com presen\u00e7a de secret\u00e1rios e t\u00e9cnicos do governo, deputados e imprensa, o governador assinou o of\u00edcio encaminhando a proposta em car\u00e1ter de urg\u00eancia para a Assembleia Legislativa.<br \/>\nTrajet\u00f3ria da nova lei<br \/>\nA elabora\u00e7\u00e3o do novo c\u00f3digo teve como base as discuss\u00f5es que uma subcomiss\u00e3o da Assembleia realizou durante quatro meses na legislatura anterior para tratar o assunto. Ap\u00f3s, o governo buscou ouvir considera\u00e7\u00f5es e recomenda\u00e7\u00f5es de diversos segmentos da sociedade. A an\u00e1lise levou a mais de 480 altera\u00e7\u00f5es, entre modifica\u00e7\u00f5es, inser\u00e7\u00f5es e supress\u00f5es de trechos da antiga legisla\u00e7\u00e3o ambiental, fazendo o governo propor a revoga\u00e7\u00e3o da Lei 11.520 e propor uma nova reda\u00e7\u00e3o do C\u00f3digo Ambiental.<br \/>\nA minuta do projeto foi apresentada a deputados estaduais e l\u00edderes de bancada no fim de agosto. Nas semanas seguintes, o Estado coletou novas sugest\u00f5es dos parlamentares e chegou \u00e0 reda\u00e7\u00e3o final da proposta.<br \/>\n\u201cS\u00e3o 19 anos (da cria\u00e7\u00e3o do C\u00f3digo Ambiental). N\u00e3o se pode acreditar que a vida n\u00e3o mudou, que novas tecnologias n\u00e3o vieram e que n\u00e3o temos de ter uma atualiza\u00e7\u00e3o da legisla\u00e7\u00e3o. O projeto que fizemos de maneira conjunta \u00e9 uma evolu\u00e7\u00e3o da lei vigente, acompanhando as transforma\u00e7\u00f5es da sociedade\u201d, afirmou o secret\u00e1rio Artur Lemos.<br \/>\n.(Com informa\u00e7\u00f5es da Assessoria de Imprensa)<br \/>\n&nbsp;<\/p>\n","protected":false},"excerpt":{"rendered":"<p>Foi apresentado nesta sexta-feira (27), o novo C\u00f3digo Ambiental do Rio Grande do Sul, proposto pelo governo. Segundo o governador Eduardo Leite, o projeto de lei encaminhado ao legislativo &#8220;moderniza a legisla\u00e7\u00e3o vigente&#8221; (Lei n\u00ba 11.520, de 3 de agosto de 2000). O objetivo \u00e9 &#8220;desburocratizar o processo para quem quer empreender no RS sem [&hellip;]<\/p>\n","protected":false},"author":4,"featured_media":77832,"comment_status":"open","ping_status":"closed","sticky":false,"template":"","format":"standard","meta":{"jetpack_post_was_ever_published":false,"_jetpack_newsletter_access":"","_jetpack_dont_email_post_to_subs":false,"_jetpack_newsletter_tier_id":0,"_jetpack_memberships_contains_paywalled_content":false,"_jetpack_memberships_contains_paid_content":false,"footnotes":"","jetpack_publicize_message":"","jetpack_publicize_feature_enabled":true,"jetpack_social_post_already_shared":true,"jetpack_social_options":{"image_generator_settings":{"template":"highway","default_image_id":0,"font":"","enabled":false},"version":2}},"categories":[4],"tags":[16,32,138,52,38,141,205],"class_list":["post-77829","post","type-post","status-publish","format-standard","has-post-thumbnail","hentry","category-ambiente-geral","tag-ambiente","tag-assembleia-legislativa","tag-governo","tag-meio-ambiente","tag-rio-grande-do-sul","tag-rios","tag-sema"],"aioseo_notices":[],"jetpack_publicize_connections":[],"jetpack_featured_media_url":"","jetpack-related-posts":[{"id":78671,"url":"https:\/\/www.jornalja.com.br\/ambiente\/entidades-repudiam-agressoes-a-ex-titular-do-meio-ambiente\/","url_meta":{"origin":77829,"position":0},"title":"Entidades repudiam agress\u00f5es a ex-titular do Meio Ambiente","author":"Cleber Dioni Tentardini","date":"28 de outubro de 2019","format":false,"excerpt":"O Semapi Sindicato e a Associa\u00e7\u00e3o dos Servidores da Fepam assinam nota, publicada nos jornais nesta segunda-feira, 28, em que repudiam as agress\u00f5es sofridas pelo analista ambiental da Fepam, Jos\u00e9 Alberto Wenzel, por seguran\u00e7as da Assembleia Legislativa, durante audi\u00eancia p\u00fablica sobre o novo c\u00f3digo ambiental, e criticam as propostas de\u2026","rel":"","context":"Em &quot;Ambiente J\u00c1-MAT\u00c9RIA&quot;","block_context":{"text":"Ambiente J\u00c1-MAT\u00c9RIA","link":"https:\/\/www.jornalja.com.br\/ambiente\/category\/ambiente-geral\/"},"img":{"alt_text":"","src":"https:\/\/i0.wp.com\/www.jornalja.com.br\/wp-content\/uploads\/2019\/10\/WhatsApp-Image-2019-10-28-at-12.04.24.jpeg?resize=350%2C200&ssl=1","width":350,"height":200,"srcset":"https:\/\/i0.wp.com\/www.jornalja.com.br\/wp-content\/uploads\/2019\/10\/WhatsApp-Image-2019-10-28-at-12.04.24.jpeg?resize=350%2C200&ssl=1 1x, https:\/\/i0.wp.com\/www.jornalja.com.br\/wp-content\/uploads\/2019\/10\/WhatsApp-Image-2019-10-28-at-12.04.24.jpeg?resize=525%2C300&ssl=1 1.5x, https:\/\/i0.wp.com\/www.jornalja.com.br\/wp-content\/uploads\/2019\/10\/WhatsApp-Image-2019-10-28-at-12.04.24.jpeg?resize=700%2C400&ssl=1 2x"},"classes":[]},{"id":77851,"url":"https:\/\/www.jornalja.com.br\/ambiente\/agapan-diz-que-nao-teve-acesso-ao-texto-do-novo-codigo-ambiental\/","url_meta":{"origin":77829,"position":1},"title":"Agapan diz que s\u00f3 teve acesso ao texto do novo C\u00f3digo Ambiental na sexta-feira","author":"da Reda\u00e7\u00e3o","date":"30 de setembro de 2019","format":false,"excerpt":"Nota da Agapan: A Associa\u00e7\u00e3o Ga\u00facha de Prote\u00e7\u00e3o ao Ambiente Natural (Agapan) vem a p\u00fablico informar que s\u00f3 teve acesso ao Projeto de Lei (PL) 431\/2019, que altera o C\u00f3digo Estadual de Meio Ambiente do RS, na tarde desta sexta-feira, dia 27 de setembro de 2019, e que, portanto, est\u00e1\u2026","rel":"","context":"Em &quot;Ambiente J\u00c1-MAT\u00c9RIA&quot;","block_context":{"text":"Ambiente J\u00c1-MAT\u00c9RIA","link":"https:\/\/www.jornalja.com.br\/ambiente\/category\/ambiente-geral\/"},"img":{"alt_text":"","src":"","width":0,"height":0},"classes":[]},{"id":83905,"url":"https:\/\/www.jornalja.com.br\/ambiente\/associacao-dos-servidores-da-fepam-rebate-candidatos-ao-governo-gaucho\/","url_meta":{"origin":77829,"position":2},"title":"Associa\u00e7\u00e3o dos Servidores da FEPAM rebate candidatos ao governo ga\u00facho\u00a0","author":"Cleber Dioni Tentardini","date":"15 de agosto de 2022","format":false,"excerpt":"NOTA DE ESCLARECIMENTO \u00c0 SOCIEDADE GA\u00daCHA QUANTO \u00c0S CITA\u00c7\u00d5ES SOBRE A FEPAM NO DEBATE ENTRE OS CANDIDATOS AO GOVERNO DO ESTADO DO RIO GRANDE DO SUL Considerando as cita\u00e7\u00f5es \u00e0 FEPAM durante Debate entre os candidatos ao Governo do Estado do Rio Grande do Sul, na emissora Band\/RS, ocorrido no\u2026","rel":"","context":"Em &quot;Ambiente J\u00c1-NOTAS&quot;","block_context":{"text":"Ambiente J\u00c1-NOTAS","link":"https:\/\/www.jornalja.com.br\/ambiente\/category\/notas-ambiente-ja\/"},"img":{"alt_text":"","src":"","width":0,"height":0},"classes":[]},{"id":74500,"url":"https:\/\/www.jornalja.com.br\/ambiente\/seminario-sobre-carvao-comeca-sob-protesto-de-ambientalistas\/","url_meta":{"origin":77829,"position":3},"title":"Semin\u00e1rio sobre carv\u00e3o come\u00e7a sob protesto de ambientalistas","author":"Elmar Bones","date":"14 de maio de 2019","format":false,"excerpt":"Os participantes do semin\u00e1rio \"Novos Aproveitamentos para do Carv\u00e3o no RS\" foram recebidos com vaias e protestos (\"mercen\u00e1rios!\", \"carv\u00e3o aqui n\u00e3o!\") por um grupo de manifestantes ligados ao movimento ambientalista. Com cartazes e m\u00e1scaras, cerca de 30 militantes postarem-se na entrada do Hotel Plaza S\u00e3o Rafael na manh\u00e3 desta ter\u00e7a-feira,\u2026","rel":"","context":"Em &quot;Ambiente J\u00c1-MAT\u00c9RIA&quot;","block_context":{"text":"Ambiente J\u00c1-MAT\u00c9RIA","link":"https:\/\/www.jornalja.com.br\/ambiente\/category\/ambiente-geral\/"},"img":{"alt_text":"","src":"","width":0,"height":0},"classes":[]},{"id":84161,"url":"https:\/\/www.jornalja.com.br\/ambiente\/governo-vai-leiloar-jardim-botanico-de-porto-alegre-e-museu-de-ciencias-naturais-do-rs-no-dia-8-de-dezembro\/","url_meta":{"origin":77829,"position":4},"title":"Governo vai leiloar Jardim Bot\u00e2nico de Porto Alegre e Museu de Ci\u00eancias Naturais do RS no dia 8 de dezembro","author":"Cleber Dioni Tentardini","date":"30 de novembro de 2022","format":false,"excerpt":"O governo do Estado marcou o leil\u00e3o do\u200b Jardim Bot\u00e2nico de Porto Alegre e do Museu de Ci\u00eancias Naturais do Rio Grande do Sul para o dia 8 de dezembro, com in\u00edcio \u00e0s 10 horas, no Pal\u00e1cio Piratini, em Porto Alegre. Os interessados em obter a concess\u00e3o para explora\u00e7\u00e3o das\u2026","rel":"","context":"Em &quot;Ambiente J\u00c1-MAT\u00c9RIA&quot;","block_context":{"text":"Ambiente J\u00c1-MAT\u00c9RIA","link":"https:\/\/www.jornalja.com.br\/ambiente\/category\/ambiente-geral\/"},"img":{"alt_text":"","src":"https:\/\/i0.wp.com\/www.jornalja.com.br\/ambiente\/wp-content\/uploads\/sites\/3\/2022\/11\/jardim-botanico-fzb-cleberdionitentardini-4.jpg?resize=350%2C200&ssl=1","width":350,"height":200,"srcset":"https:\/\/i0.wp.com\/www.jornalja.com.br\/ambiente\/wp-content\/uploads\/sites\/3\/2022\/11\/jardim-botanico-fzb-cleberdionitentardini-4.jpg?resize=350%2C200&ssl=1 1x, https:\/\/i0.wp.com\/www.jornalja.com.br\/ambiente\/wp-content\/uploads\/sites\/3\/2022\/11\/jardim-botanico-fzb-cleberdionitentardini-4.jpg?resize=525%2C300&ssl=1 1.5x, https:\/\/i0.wp.com\/www.jornalja.com.br\/ambiente\/wp-content\/uploads\/sites\/3\/2022\/11\/jardim-botanico-fzb-cleberdionitentardini-4.jpg?resize=700%2C400&ssl=1 2x, https:\/\/i0.wp.com\/www.jornalja.com.br\/ambiente\/wp-content\/uploads\/sites\/3\/2022\/11\/jardim-botanico-fzb-cleberdionitentardini-4.jpg?resize=1050%2C600&ssl=1 3x, https:\/\/i0.wp.com\/www.jornalja.com.br\/ambiente\/wp-content\/uploads\/sites\/3\/2022\/11\/jardim-botanico-fzb-cleberdionitentardini-4.jpg?resize=1400%2C800&ssl=1 4x"},"classes":[]},{"id":83627,"url":"https:\/\/www.jornalja.com.br\/ambiente\/governo-abre-concurso-para-preencher-56-vagas-na-fundacao-de-protecao-ambiental\/","url_meta":{"origin":77829,"position":5},"title":"Governo abre concurso para preencher 56 vagas na Funda\u00e7\u00e3o de Prote\u00e7\u00e3o Ambiental","author":"da Reda\u00e7\u00e3o","date":"30 de novembro de 2021","format":false,"excerpt":"A Funda\u00e7\u00e3o Estadual de Prote\u00e7\u00e3o Ambiental (Fepam) vai realizar concurso p\u00fablico para o preenchimento de 56 vagas do quadro permanente de funcion\u00e1rios. Dos 56 cargos a serem ocupados, est\u00e3o previstas 38 vagas para analistas, 6 para agentes t\u00e9cnicos e 12 para agentes administrativos. Os novos servidores dever\u00e3o integrar as equipes\u2026","rel":"","context":"Em &quot;Ambiente J\u00c1-NOTAS&quot;","block_context":{"text":"Ambiente J\u00c1-NOTAS","link":"https:\/\/www.jornalja.com.br\/ambiente\/category\/notas-ambiente-ja\/"},"img":{"alt_text":"","src":"","width":0,"height":0},"classes":[]}],"jetpack_shortlink":"https:\/\/wp.me\/pbKnZo-kfj","jetpack_sharing_enabled":true,"_links":{"self":[{"href":"https:\/\/www.jornalja.com.br\/ambiente\/wp-json\/wp\/v2\/posts\/77829","targetHints":{"allow":["GET"]}}],"collection":[{"href":"https:\/\/www.jornalja.com.br\/ambiente\/wp-json\/wp\/v2\/posts"}],"about":[{"href":"https:\/\/www.jornalja.com.br\/ambiente\/wp-json\/wp\/v2\/types\/post"}],"author":[{"embeddable":true,"href":"https:\/\/www.jornalja.com.br\/ambiente\/wp-json\/wp\/v2\/users\/4"}],"replies":[{"embeddable":true,"href":"https:\/\/www.jornalja.com.br\/ambiente\/wp-json\/wp\/v2\/comments?post=77829"}],"version-history":[{"count":0,"href":"https:\/\/www.jornalja.com.br\/ambiente\/wp-json\/wp\/v2\/posts\/77829\/revisions"}],"wp:featuredmedia":[{"embeddable":true,"href":"https:\/\/www.jornalja.com.br\/ambiente\/wp-json\/"}],"wp:attachment":[{"href":"https:\/\/www.jornalja.com.br\/ambiente\/wp-json\/wp\/v2\/media?parent=77829"}],"wp:term":[{"taxonomy":"category","embeddable":true,"href":"https:\/\/www.jornalja.com.br\/ambiente\/wp-json\/wp\/v2\/categories?post=77829"},{"taxonomy":"post_tag","embeddable":true,"href":"https:\/\/www.jornalja.com.br\/ambiente\/wp-json\/wp\/v2\/tags?post=77829"}],"curies":[{"name":"wp","href":"https:\/\/api.w.org\/{rel}","templated":true}]}}