{"id":77916,"date":"2019-09-30T09:35:24","date_gmt":"2019-09-30T12:35:24","guid":{"rendered":"https:\/\/www.jornalja.com.br\/?p=77916"},"modified":"2019-09-30T09:35:24","modified_gmt":"2019-09-30T12:35:24","slug":"governo-cria-grupo-tecnico-para-estudar-a-construcao-de-seis-usinas-nucleares","status":"publish","type":"post","link":"https:\/\/www.jornalja.com.br\/ambiente\/governo-cria-grupo-tecnico-para-estudar-a-construcao-de-seis-usinas-nucleares\/","title":{"rendered":"Governo cria grupo t\u00e9cnico para estudar a constru\u00e7\u00e3o de seis usinas nucleares"},"content":{"rendered":"<p>Um grupo t\u00e9cnico foi criado pelo governo com o objetivo de &#8220;dinamizar a \u00e1rea regulat\u00f3ria para o desenvolvimento do setor nuclear do pa\u00eds&#8221;.<br \/>\nA decis\u00e3o foi publicada no<a href=\"http:\/\/www.in.gov.br\/en\/web\/dou\/-\/resolucao-n-15-de-27-de-setembro-de-2019-218827998\" target=\"_blank\" rel=\"noopener noreferrer\"><em>\u00a0Di\u00e1rio Oficial da Uni\u00e3o<\/em><\/a> desta segunda-feira (30).<br \/>\nO grupo ser\u00e1 integrado por representantes dos minist\u00e9rios de Minas e Energia; Ci\u00eancia, Tecnologia, Inova\u00e7\u00f5es e Comunica\u00e7\u00f5es; Meio Ambiente; e do Gabinete de Seguran\u00e7a Institucional (GSI) da Presid\u00eancia da Rep\u00fablica.<br \/>\nO Centro Tecnol\u00f3gico da Marinha, em S\u00e3o Paulo; a Secretaria Especial da Receita Federal; A Comiss\u00e3o Nacional de Energia Nuclear; a Eletrobras- Eletronuclear; o Instituto Brasileiro do Meio Ambiente e dos Recursos Naturais Renov\u00e1veis; as ag\u00eancias Nacional de Vigil\u00e2ncia Sanit\u00e1ria; Nacional de Sa\u00fade Suplementar; Nacional de Minera\u00e7\u00e3o; e Naval de Seguran\u00e7a Nuclear e Qualidade integrar\u00e3o tamb\u00e9m o grupo, cabendo a coordena\u00e7\u00e3o das atividades ao representante do GSI.<br \/>\nO grupo t\u00e9cnico ter\u00e1 por objetivo preparar em 180 dias, a contar de hoje, podendo ser prorrogado por mais 180 dias, um relat\u00f3rio propondo diretrizes e metas para viabilizar a dinamiza\u00e7\u00e3o da \u00e1rea regulat\u00f3ria para o desenvolvimento do setor nuclear brasileiro, concluso ao Coordenador do Comit\u00ea de Desenvolvimento do Programa Nuclear<br \/>\nNa semana passada, o secret\u00e1rio do Minist\u00e9rio de Minas e Energia, Reive Barros, confirmou a inten\u00e7\u00e3o do governo nessa \u00e1rea: \u201cPretendemos considerar a oportunidade de se fazer mais seis reatores nucleares\u201d, disse ele.<br \/>\nA declara\u00e7\u00e3o do secret\u00e1rio, seguida da publica\u00e7\u00e3o no Di\u00e1rio Oficial que cria um grupo t\u00e9cnico para estudar o assunto, d\u00e1 sentido \u00e0s informa\u00e7\u00f5es extra-oficias de que o\u00a0governo Jair Bolsonaro planeja a constru\u00e7\u00e3o de mais seis centrais nucleares at\u00e9 2050, al\u00e9m da usina de Angra 3, que est\u00e1 inacabada.<br \/>\nPrevis\u00f5es preliminares apontam que as usinas demandariam investimentos de US$ 30 bilh\u00f5es e poderiam agregar ao sistema uma capacidade de 6,6 GW de energia.<br \/>\nDurante evento no Rio de Janeiro, Barros declarou:<br \/>\n\u201c\u00c9 fundamental que os investidores tenham uma no\u00e7\u00e3o do Brasil para os pr\u00f3ximos anos. [\u2026] Pretendemos considerar a oportunidade de se fazer mais seis reatores nucleares. O PNE 2050 vai dar essa sinaliza\u00e7\u00e3o.\u201d<br \/>\nBarros frisou que a expans\u00e3o na gera\u00e7\u00e3o nuclear vai al\u00e9m do setor el\u00e9trico:<br \/>\n\u201cA gera\u00e7\u00e3o nuclear ancora desenvolvimento tecnol\u00f3gico, incluindo setores como agricultura, medicina e outros.\u201d<\/p>\n<p class=\"identifica\"><strong class=\"dou-strong\">RESOLU\u00c7\u00c3O N\u00ba 15, DE 27 DE SETEMBRO DE 2019<\/strong><\/p>\n<p class=\"ementa\">Disp\u00f5e sobre a cria\u00e7\u00e3o de grupo t\u00e9cnico para dinamizar a \u00e1rea regulat\u00f3ria para o desenvolvimento do setor nuclear brasileiro.<\/p>\n<p>A \u00edntegra do ato publicado no Di\u00e1rio Oficial:<\/p>\n<p class=\"dou-paragraph\"><strong class=\"dou-strong\">O MINISTRO DE ESTADO CHEFE DO GABINETE DE SEGURAN\u00c7A INSTITUCIONAL DA PRESID\u00caNCIA DA REP\u00daBLICA<\/strong>,na condi\u00e7\u00e3o de COORDENADOR DO COMIT\u00ca DE DESENVOLVIMENTO DO PROGRAMA NUCLEAR BRASILEIRO, no uso da atribui\u00e7\u00e3o que lhe confere o art. 87 da Constitui\u00e7\u00e3o e tendo em vista o disposto nos arts. 8\u00ba e 9\u00ba do Decreto n\u00ba 9.828, de 10 de junho de 2019, cumulado com os arts. 12 e 25 do Regimento Interno do Comit\u00ea de Desenvolvimento do Programa Nuclear Brasileiro, aprovado pela Resolu\u00e7\u00e3o n\u00ba 1, de 18 de outubro de 2017, torna p\u00fablico que o Comit\u00ea de Desenvolvimento do Programa Nuclear Brasileiro, na 4\u00aa Reuni\u00e3o Plen\u00e1ria realizada em 9 de maio de 2019, resolveu:<\/p>\n<div class=\"texto-dou\">\n<p class=\"dou-paragraph\">Art. 1\u00ba Criar grupo t\u00e9cnico com o prop\u00f3sito de dinamizar a \u00e1rea regulat\u00f3ria para o desenvolvimento do setor nuclear brasileiro.<\/p>\n<p class=\"dou-paragraph\">Art. 2\u00ba O grupo t\u00e9cnico ser\u00e1 integrado por representantes, titulares e suplentes, dos seguintes \u00f3rg\u00e3os:<\/p>\n<p class=\"dou-paragraph\">I &#8211; Minist\u00e9rio de Minas e Energia;<\/p>\n<p class=\"dou-paragraph\">II &#8211; Minist\u00e9rio da Ci\u00eancia, Tecnologia, Inova\u00e7\u00f5es e Comunica\u00e7\u00f5es;<\/p>\n<p class=\"dou-paragraph\">III &#8211; Minist\u00e9rio do Meio Ambiente;<\/p>\n<p class=\"dou-paragraph\">IV &#8211; Gabinete de Seguran\u00e7a Institucional da Presid\u00eancia da Rep\u00fablica;<\/p>\n<p class=\"dou-paragraph\">V &#8211; Centro Tecnol\u00f3gico da Marinha em S\u00e3o Paulo;<\/p>\n<p class=\"dou-paragraph\">VI &#8211; Secretaria Especial da Receita Federal;<\/p>\n<p class=\"dou-paragraph\">VII &#8211; Comiss\u00e3o Nacional de Energia Nuclear;<\/p>\n<p class=\"dou-paragraph\">VIII &#8211; Eletrobras &#8211; Eletronuclear;<\/p>\n<p class=\"dou-paragraph\">IX &#8211; Ind\u00fastrias Nucleares do Brasil;<\/p>\n<p class=\"dou-paragraph\">X &#8211; Instituto de Pesquisas Energ\u00e9ticas e Nucleares;<\/p>\n<p class=\"dou-paragraph\">XI &#8211; Centro de Desenvolvimento da Tecnologia Nuclear;<\/p>\n<p class=\"dou-paragraph\">XII &#8211; Instituto Brasileiro do Meio Ambiente e dos Recursos Naturais Renov\u00e1veis;<\/p>\n<p class=\"dou-paragraph\">XIII &#8211; Ag\u00eancia Nacional de Vigil\u00e2ncia Sanit\u00e1ria;<\/p>\n<p class=\"dou-paragraph\">XIV &#8211; Ag\u00eancia Nacional de Sa\u00fade Suplementar;<\/p>\n<p class=\"dou-paragraph\">XV &#8211; Ag\u00eancia Nacional de Minera\u00e7\u00e3o; e<\/p>\n<p class=\"dou-paragraph\">XVI &#8211; Ag\u00eancia Naval de Seguran\u00e7a Nuclear e Qualidade.<\/p>\n<p class=\"dou-paragraph\">\u00a7 1\u00ba O grupo t\u00e9cnico ser\u00e1 coordenado por representante do Gabinete de Seguran\u00e7a Institucional da Presid\u00eancia da Rep\u00fablica.<\/p>\n<p class=\"dou-paragraph\">\u00a7 2\u00ba O grupo t\u00e9cnico poder\u00e1 convidar representantes de outros \u00f3rg\u00e3os e entidades cuja participa\u00e7\u00e3o seja considerada indispens\u00e1vel ao estrito cumprimento do disposto nesta Resolu\u00e7\u00e3o.<\/p>\n<p class=\"dou-paragraph\">Art. 3\u00ba O grupo t\u00e9cnico ter\u00e1 dura\u00e7\u00e3o de cento e oitenta dias corridos, contados a partir da data de publica\u00e7\u00e3o desta Resolu\u00e7\u00e3o.<\/p>\n<p class=\"dou-paragraph\">Par\u00e1grafo \u00fanico. Por solicita\u00e7\u00e3o do coordenador do grupo t\u00e9cnico, o prazo para a conclus\u00e3o dos seus trabalhos poder\u00e1 ser prorrogado, uma \u00fanica vez, por igual per\u00edodo.<\/p>\n<p class=\"dou-paragraph\">Art. 4\u00ba O produto final do grupo t\u00e9cnico ser\u00e1 um relat\u00f3rio propondo diretrizes e metas para viabilizar a dinamiza\u00e7\u00e3o da \u00e1rea regulat\u00f3ria para o desenvolvimento do setor nuclear brasileiro, concluso ao Coordenador do Comit\u00ea de Desenvolvimento do Programa Nuclear Brasileiro.<\/p>\n<p class=\"dou-paragraph\">Art. 5\u00ba O grupo t\u00e9cnico poder\u00e1 estabelecer entregas de produtos intermedi\u00e1rios que estejam dentro do seu escopo de trabalho e atendam ao prop\u00f3sito definido no art. 1\u00ba desta Resolu\u00e7\u00e3o.<\/p>\n<p class=\"dou-paragraph\">Art. 6\u00ba As orienta\u00e7\u00f5es espec\u00edficas e complementares ao Regimento Interno do Comit\u00ea de Desenvolvimento do Programa Nuclear Brasileiro, quanto ao funcionamento desse grupo t\u00e9cnico, ser\u00e3o publicadas em Portaria do Ministro de Estado Chefe do Gabinete de Seguran\u00e7a Institucional da Presid\u00eancia da Rep\u00fablica.<\/p>\n<p class=\"dou-paragraph\">Art. 7\u00ba Esta Resolu\u00e7\u00e3o entra em vigor na data de sua publica\u00e7\u00e3o.<\/p>\n<p class=\"assina\">AUGUSTO HELENO RIBEIRO PEREIRA<\/p>\n<\/div>\n<div class=\"informacao-conteudo-dou\"><\/div>\n<p>Com informa\u00e7\u00f5es do DOU, Uol, EBC e Renova M\u00eddia)<br \/>\n.<\/p>\n","protected":false},"excerpt":{"rendered":"<p>Um grupo t\u00e9cnico foi criado pelo governo com o objetivo de &#8220;dinamizar a \u00e1rea regulat\u00f3ria para o desenvolvimento do setor nuclear do pa\u00eds&#8221;. A decis\u00e3o foi publicada no\u00a0Di\u00e1rio Oficial da Uni\u00e3o desta segunda-feira (30). O grupo ser\u00e1 integrado por representantes dos minist\u00e9rios de Minas e Energia; Ci\u00eancia, Tecnologia, Inova\u00e7\u00f5es e Comunica\u00e7\u00f5es; Meio Ambiente; e do [&hellip;]<\/p>\n","protected":false},"author":4,"featured_media":77919,"comment_status":"open","ping_status":"closed","sticky":false,"template":"","format":"standard","meta":{"jetpack_post_was_ever_published":false,"_jetpack_newsletter_access":"","_jetpack_dont_email_post_to_subs":false,"_jetpack_newsletter_tier_id":0,"_jetpack_memberships_contains_paywalled_content":false,"_jetpack_memberships_contains_paid_content":false,"footnotes":"","jetpack_publicize_message":"","jetpack_publicize_feature_enabled":true,"jetpack_social_post_already_shared":true,"jetpack_social_options":{"image_generator_settings":{"template":"highway","default_image_id":0,"font":"","enabled":false},"version":2}},"categories":[4],"tags":[91,16,109,12,172,138,52,33,34,141,8,205],"class_list":["post-77916","post","type-post","status-publish","format-standard","has-post-thumbnail","hentry","category-ambiente-geral","tag-agricultura","tag-ambiente","tag-bolsonaro","tag-energia","tag-energia-nuclear","tag-governo","tag-meio-ambiente","tag-mineracao","tag-ministerio-do-meio-ambiente","tag-rios","tag-saude","tag-sema"],"aioseo_notices":[],"jetpack_publicize_connections":[],"jetpack_featured_media_url":"","jetpack-related-posts":[{"id":80161,"url":"https:\/\/www.jornalja.com.br\/ambiente\/agua-acumulada-na-usina-nucler-de-fukushima-e-desafio-para-cientistas\/","url_meta":{"origin":77916,"position":0},"title":"\u00c1gua acumulada na usina nuclear de Fukushima \u00e9 desafio para cientistas","author":"da Reda\u00e7\u00e3o","date":"26 de dezembro de 2019","format":false,"excerpt":"Um painel de especialistas foi criado pelo governo do Jap\u00e3o, para estudar como deve ser feito o descarte de \u00e1gua radioativa acumulada na usina nuclear Fukushima. Os t\u00e9cnicos trabalham com duas op\u00e7\u00f5es para o descarte da \u00e1gua contaminada: nos oceanos ou no ar. O painel de especialistas criado pelo Minist\u00e9rio\u2026","rel":"","context":"Em &quot;Ambiente J\u00c1-MAT\u00c9RIA&quot;","block_context":{"text":"Ambiente J\u00c1-MAT\u00c9RIA","link":"https:\/\/www.jornalja.com.br\/ambiente\/category\/ambiente-geral\/"},"img":{"alt_text":"","src":"","width":0,"height":0},"classes":[]},{"id":80925,"url":"https:\/\/www.jornalja.com.br\/ambiente\/japao-planeja-construir-22-usinas-a-carvao\/","url_meta":{"origin":77916,"position":1},"title":"Jap\u00e3o planeja construir 22 usinas a carv\u00e3o","author":"da Reda\u00e7\u00e3o","date":"4 de fevereiro de 2020","format":false,"excerpt":"Do New York Times \u00c9 uma conseq\u00fc\u00eancia n\u00e3o intencional do desastre nuclear de Fukushima h\u00e1 quase uma d\u00e9cada, que for\u00e7ou o Jap\u00e3o a encerrar seu programa de energia nuclear. O Jap\u00e3o agora planeja construir at\u00e9 22 novas usinas de queima de carv\u00e3o - uma das fontes mais sujas de eletricidade\u2026","rel":"","context":"Em &quot;Ambiente J\u00c1-MAT\u00c9RIA&quot;","block_context":{"text":"Ambiente J\u00c1-MAT\u00c9RIA","link":"https:\/\/www.jornalja.com.br\/ambiente\/category\/ambiente-geral\/"},"img":{"alt_text":"","src":"https:\/\/i0.wp.com\/www.jornalja.com.br\/ambiente\/wp-content\/uploads\/sites\/3\/2020\/02\/Usinas-a-carv%C3%A3o-no-Jap%C3%A3o-Foto-de-Noriko-Hayashi-para-o-New-York-Times.jpg?resize=350%2C200&ssl=1","width":350,"height":200,"srcset":"https:\/\/i0.wp.com\/www.jornalja.com.br\/ambiente\/wp-content\/uploads\/sites\/3\/2020\/02\/Usinas-a-carv%C3%A3o-no-Jap%C3%A3o-Foto-de-Noriko-Hayashi-para-o-New-York-Times.jpg?resize=350%2C200&ssl=1 1x, https:\/\/i0.wp.com\/www.jornalja.com.br\/ambiente\/wp-content\/uploads\/sites\/3\/2020\/02\/Usinas-a-carv%C3%A3o-no-Jap%C3%A3o-Foto-de-Noriko-Hayashi-para-o-New-York-Times.jpg?resize=525%2C300&ssl=1 1.5x, https:\/\/i0.wp.com\/www.jornalja.com.br\/ambiente\/wp-content\/uploads\/sites\/3\/2020\/02\/Usinas-a-carv%C3%A3o-no-Jap%C3%A3o-Foto-de-Noriko-Hayashi-para-o-New-York-Times.jpg?resize=700%2C400&ssl=1 2x, https:\/\/i0.wp.com\/www.jornalja.com.br\/ambiente\/wp-content\/uploads\/sites\/3\/2020\/02\/Usinas-a-carv%C3%A3o-no-Jap%C3%A3o-Foto-de-Noriko-Hayashi-para-o-New-York-Times.jpg?resize=1050%2C600&ssl=1 3x"},"classes":[]},{"id":82866,"url":"https:\/\/www.jornalja.com.br\/ambiente\/energia-nuclear-edital-para-retomada-das-obras-de-angra-3-suspensas-em-2015\/","url_meta":{"origin":77916,"position":2},"title":"Energia Nuclear: edital para retomada das obras de Angra 3, suspensas em 2015","author":"da Reda\u00e7\u00e3o","date":"25 de fevereiro de 2021","format":false,"excerpt":"Eletronuclear lan\u00e7a\u00a0hoje (25) o edital de licita\u00e7\u00e3o da empresa que retomar\u00e1 as obras da usina nuclear Angra 3, no Rio de Janeiro. A constru\u00e7\u00e3o da usina est\u00e1 paralisada desde 2015, com 65% das obras conclu\u00eddas e R$ 7,8 bilh\u00f5es gastos, de acordo com a estatal de energia nuclear. Para os\u2026","rel":"","context":"Em &quot;Ambiente J\u00c1-MAT\u00c9RIA&quot;","block_context":{"text":"Ambiente J\u00c1-MAT\u00c9RIA","link":"https:\/\/www.jornalja.com.br\/ambiente\/category\/ambiente-geral\/"},"img":{"alt_text":"","src":"https:\/\/i0.wp.com\/www.jornalja.com.br\/ambiente\/wp-content\/uploads\/sites\/3\/2021\/02\/ambiente-ja-usina-de-angra.jpg?resize=350%2C200&ssl=1","width":350,"height":200},"classes":[]},{"id":78581,"url":"https:\/\/www.jornalja.com.br\/ambiente\/greenpeace-protesta-em-brasilia-com-cenario-de-praia-suja-de-oleo\/","url_meta":{"origin":77916,"position":3},"title":"Greenpeace protesta em Bras\u00edlia com cen\u00e1rio de praia suja de \u00f3leo","author":"da Reda\u00e7\u00e3o","date":"23 de outubro de 2019","format":false,"excerpt":"Ativistas da organiza\u00e7\u00e3o Greenpeace protestaram hoje (23), em Bras\u00edlia, contra a neglig\u00eancia do governo federal em rela\u00e7\u00e3o ao maior desastre ambiental no litoral brasileiro: o \u00f3leo cru que se espalha pelas praias de nove estados do Nordeste.\u00a0At\u00e9 agora, o Minist\u00e9rio do Meio Ambiente desconhece as origens do \u00f3leo. \"Tampouco tem\u2026","rel":"","context":"Em &quot;Ambiente J\u00c1-MAT\u00c9RIA&quot;","block_context":{"text":"Ambiente J\u00c1-MAT\u00c9RIA","link":"https:\/\/www.jornalja.com.br\/ambiente\/category\/ambiente-geral\/"},"img":{"alt_text":"","src":"","width":0,"height":0},"classes":[]},{"id":82078,"url":"https:\/\/www.jornalja.com.br\/ambiente\/manifesto-denuncia-tentativa-de-destruir-legado-ambiental\/","url_meta":{"origin":77916,"position":4},"title":"Manifesto denuncia tentativa de destruir &#8220;legado ambiental&#8221;","author":"da Reda\u00e7\u00e3o","date":"5 de junho de 2020","format":false,"excerpt":"Vinte grupos que se dedicam ao jornalismo ambiental\u00a0 lan\u00e7aram um manifesto nesta sexta-feira, 5 de junho,\u00a0 Dia Mundial do Meio Ambiente: \"O trabalho iniciado pelo professor Paulo Nogueira Neto no Governo Federal, de 1975 a 1985, criou as bases da institucionalidade e da miss\u00e3o do que viria a ser o\u2026","rel":"","context":"Em &quot;Ambiente J\u00c1-NOTAS&quot;","block_context":{"text":"Ambiente J\u00c1-NOTAS","link":"https:\/\/www.jornalja.com.br\/ambiente\/category\/notas-ambiente-ja\/"},"img":{"alt_text":"","src":"","width":0,"height":0},"classes":[]},{"id":79690,"url":"https:\/\/www.jornalja.com.br\/ambiente\/china-anuncia-estacao-de-energia-solar-no-espaco-ate-2035\/","url_meta":{"origin":77916,"position":5},"title":"China anuncia esta\u00e7\u00e3o de energia solar no espa\u00e7o at\u00e9 2035","author":"da Reda\u00e7\u00e3o","date":"2 de dezembro de 2019","format":false,"excerpt":"A China planeja construir at\u00e9 2035 uma esta\u00e7\u00e3o de energia solar de 200 MW,\u00a0 no espa\u00e7o, de acordo com a Academia Chinesa de Tecnologia Espacial (ACTE). O projeto est\u00e1 em estudos desde 2008 e est\u00e3o previstos os primeiros testes em 2025. A instala\u00e7\u00e3o capturar\u00e1 a energia solar que nunca atinge\u2026","rel":"","context":"Em &quot;Ambiente J\u00c1-MAT\u00c9RIA&quot;","block_context":{"text":"Ambiente J\u00c1-MAT\u00c9RIA","link":"https:\/\/www.jornalja.com.br\/ambiente\/category\/ambiente-geral\/"},"img":{"alt_text":"","src":"","width":0,"height":0},"classes":[]}],"jetpack_shortlink":"https:\/\/wp.me\/pbKnZo-kgI","jetpack_sharing_enabled":true,"_links":{"self":[{"href":"https:\/\/www.jornalja.com.br\/ambiente\/wp-json\/wp\/v2\/posts\/77916","targetHints":{"allow":["GET"]}}],"collection":[{"href":"https:\/\/www.jornalja.com.br\/ambiente\/wp-json\/wp\/v2\/posts"}],"about":[{"href":"https:\/\/www.jornalja.com.br\/ambiente\/wp-json\/wp\/v2\/types\/post"}],"author":[{"embeddable":true,"href":"https:\/\/www.jornalja.com.br\/ambiente\/wp-json\/wp\/v2\/users\/4"}],"replies":[{"embeddable":true,"href":"https:\/\/www.jornalja.com.br\/ambiente\/wp-json\/wp\/v2\/comments?post=77916"}],"version-history":[{"count":0,"href":"https:\/\/www.jornalja.com.br\/ambiente\/wp-json\/wp\/v2\/posts\/77916\/revisions"}],"wp:featuredmedia":[{"embeddable":true,"href":"https:\/\/www.jornalja.com.br\/ambiente\/wp-json\/"}],"wp:attachment":[{"href":"https:\/\/www.jornalja.com.br\/ambiente\/wp-json\/wp\/v2\/media?parent=77916"}],"wp:term":[{"taxonomy":"category","embeddable":true,"href":"https:\/\/www.jornalja.com.br\/ambiente\/wp-json\/wp\/v2\/categories?post=77916"},{"taxonomy":"post_tag","embeddable":true,"href":"https:\/\/www.jornalja.com.br\/ambiente\/wp-json\/wp\/v2\/tags?post=77916"}],"curies":[{"name":"wp","href":"https:\/\/api.w.org\/{rel}","templated":true}]}}