{"id":77989,"date":"2019-10-02T11:38:52","date_gmt":"2019-10-02T14:38:52","guid":{"rendered":"https:\/\/www.jornalja.com.br\/?p=77989"},"modified":"2019-10-02T11:38:52","modified_gmt":"2019-10-02T14:38:52","slug":"onibus-eletricos-comecam-a-circular-em-sao-paulo-este-mes","status":"publish","type":"post","link":"https:\/\/www.jornalja.com.br\/ambiente\/onibus-eletricos-comecam-a-circular-em-sao-paulo-este-mes\/","title":{"rendered":"Quinze \u00f4nibus el\u00e9tricos come\u00e7am a circular em S\u00e3o Paulo este m\u00eas"},"content":{"rendered":"<p>Abriu nesta ter\u00e7a-feira em S\u00e3o Paulo o 15\u00ba Congresso Ve\u00edculo El\u00e9trico Latino-Americano, no Transamerica Expo Center.<br \/>\nNa abertura, o secret\u00e1rio municipal de Mobilidade e Transporte da cidade de S\u00e3o Paulo, Edson Caram. anunciou que, em 20 dias, come\u00e7ar\u00e3o a circular na cidade 15 \u00f4nibus totalmente el\u00e9tricos..<br \/>\nOs ve\u00edculos foram adquiridos por uma empresa local, com energia 100% limpa, proveniente de uma fazenda de sistema de energia solar. O excedente \u00e9 compartilhado na rede, aumentando a sua capacidade.<br \/>\nO secret\u00e1rio apontou ainda que a cidade possui metas claras e ousadas para a redu\u00e7\u00e3o de emiss\u00f5es, que est\u00e3o previstas na pol\u00edtica municipal de mudan\u00e7a clim\u00e1tica e nos contratos que acabaram de assinar na nova concess\u00e3o de transporte municipal.<br \/>\nAs expectativas para 2020 s\u00e3o: reduzir 24,8% nas emiss\u00f5es de material particulado; 20,5% nas emiss\u00f5es de oxido de nitrog\u00eanio e 13,6% nas emiss\u00f5es de di\u00f3xido de carbono. Em 2030, a redu\u00e7\u00e3o dever\u00e1 ser de 91,3% em material particulado, 90,7% nas emiss\u00f5es de oxido de nitrog\u00eanio e 60,3% nas emiss\u00f5es de di\u00f3xido de carbono.<br \/>\n\u201cO Ve\u00edculo El\u00e9trico Latino-Americamo \u00e9 um evento muito importante para a cidade de S\u00e3o Paulo e para quem pensa em mobilidade no futuro. O que n\u00f3s precisamos realmente \u00e9 trabalhar e incentivar a vinda do ve\u00edculo el\u00e9trico para a cidade, pensando nas emiss\u00f5es de gases e na redu\u00e7\u00e3o. Se poss\u00edvel zer\u00e1-la\u201d, conta Caram.<br \/>\nAl\u00e9m do secret\u00e1rio, estavam presentes Henrique Domakiski, superintentede geral da inova\u00e7\u00e3o do Estado do Panar\u00e1; Police Neto, vereador do Munic\u00edpio de S\u00e3o Paulo e entusiasta da Micromobilidade; Gilberto Natalini, m\u00e9dico e vereador do Munic\u00edpio de S\u00e3o Paulo; Ricardo Guggisberg, presidente da ABVE (Associa\u00e7\u00e3o Brasileira de Ve\u00edculos El\u00e9tricos); Diego Carvalho, diretor do portf\u00f3lio da N\u00fcrnbergMesse Brasil; Jorge Tomasi, presidente da FIA Regi\u00e3o IV \u2013 LATAM e VP mundial para mobilidade e turismo; Roberto Braun, diretor de Rela\u00e7\u00f5es Governamentais e Regulamenta\u00e7\u00e3o da Toyota do Brasil; Sergio Habib, presidente do Grupo SFH; Marcos Aguiar, diretor de rela\u00e7\u00f5es institucionais da Renault. A apresenta\u00e7\u00e3o foi moderada por Vinnicius Vieira, curador do C-MOVE e s\u00f3cio da Hiria.<br \/>\nPainel do Ve\u00edculo El\u00e9trico discute cidades inteligentes e sustent\u00e1veis<br \/>\nNo Ve\u00edculo El\u00e9trico Latino-Americano, Diego Conti, professor e pesquisador da PUC-SP e UNINOVE; Caio Castro, s\u00f3cio do ICities e l\u00edder no Smart City Expo World Congress Brasil; e Tamar Roitman, pesquisadora na FGV (Funda\u00e7\u00e3o Get\u00falio Vargas) discutiram sobre o que s\u00e3o cidades inteligentes e como alcan\u00e7\u00e1-las.<br \/>\nConti conta que algumas cidades do Brasil j\u00e1 apresentam boas pr\u00e1ticas, apesar da pol\u00edtica do asfalto. O professor apontou tamb\u00e9m que alguns prefeitos discutem a expans\u00e3o de ciclovias, visando tornar as viagens mais sustent\u00e1veis, enquanto outros debatem as pol\u00edticas de cal\u00e7adas, j\u00e1 que, em termos de mobilidade urbana, a maior parte dos cidad\u00e3os realiza seu deslocamento a p\u00e9.<br \/>\nJ\u00e1 Castro aponta que temos tecnologia em abundancia, e precisamos aprender a utiliz\u00e1-la. Para isso, \u00e9 necess\u00e1rio se preparar para um novo\u00a0mindset\u00a0de mudan\u00e7as, a fim de atingir a qualidade de vida desejada. O especialista ainda afirma que n\u00e3o teremos uma troca de ve\u00edculos a combust\u00e3o por el\u00e9tricos, mas sim uma revolu\u00e7\u00e3o urbana com as cidades inteligentes, integrando tecnologias como intelig\u00eancia artificial e internet das coisas, entre outras.<br \/>\nCongresso discute Brasil versus China e aponta desafios para eletrifica\u00e7\u00e3o<br \/>\nO C-Move, Congresso da Mobilidade e Ve\u00edculos El\u00e9tricos, apresentou cen\u00e1rios e perspectivas para o ecossistema da mobilidade el\u00e9trica no Brasil e no Mundo. Bernardo Ferreira e Felipe Fava,\u00a0associate partners\u00a0da Mckinsey, trouxeram comparativos do mercado brasileiro com outras regi\u00f5es de desenvolvimento el\u00e9trico no mundo, como a China.<br \/>\nDevido aos subs\u00eddios do governo, a China \u00e9 o pa\u00eds com maior n\u00famero de postos de recarga, viabilizando modelos 100% eletrificados. J\u00e1 o Brasil, por conta da sua infraestrutura em desenvolvimento, deve atingir, por exemplo, o patamar de 1% de caminh\u00f5es el\u00e9tricos somente em 2030. Vinte anos depois, em 2050, a perspectiva \u00e9 que este n\u00famero suba para 11%.<br \/>\nO mercado de ve\u00edculos comerciais pesados foi destaque tamb\u00e9m quando o assunto \u00e9 custo dos caminh\u00f5es. Por conta do peso da bateria, dist\u00e2ncias percorridas e do valor do combust\u00edvel, a paridade de pre\u00e7os com os modelos movidos a diesel \u00e9 ainda um desafio. H\u00e1 tamb\u00e9m a barreira da infraestrutura de postos de recarga em um territ\u00f3rio t\u00e3o grande.<br \/>\nP\u00fablico testa modelos el\u00e9tricos e h\u00edbridos em primeira m\u00e3o no Ve\u00edculo El\u00e9trico Latino-Americano<br \/>\nOs visitantes do Ve\u00edculo El\u00e9trico Latino-Americano aproveitaram o primeiro dia do evento para dirigirem os diversos h\u00edbridos e el\u00e9tricos dispon\u00edveis no local. O destaque ficou por conta da pista de testes ser dentro do pavilh\u00e3o. Afinal, com o avan\u00e7o da tecnologia, os modelos do futuro n\u00e3o emitem ru\u00eddos e nem fuma\u00e7a. A feira acontece at\u00e9 3 de outubro, no Transamerica Expo Center, em S\u00e3o Paulo (SP).<br \/>\nEntre os ve\u00edculos dispon\u00edveis, est\u00e3o as novidades do momento, o novo Corolla H\u00edbrido Flex, da Toyota, primeiro modelo do mundo a contar com essa tecnologia, e o Arrizo 5e, rec\u00e9m-lan\u00e7ado pela CAOA CHERY, que tamb\u00e9m disponibiliza o Tiggo 2e para test drive.\u00a0 A Renault, com os modelos Zoe, Kangoo e Twizzy; e a JAC, com iEV20 e iEV40, completam a gama.<br \/>\n\u201c\u00c9 um prazer ver que esse evento est\u00e1 tendo um mercado correspondente ao esfor\u00e7o realizado pelas montadoras. O Corolla \u00e9 um exemplo, fechando o m\u00eas de setembro com quase 2.500 vendas da nova vers\u00e3o h\u00edbrida. As pessoas podem vir at\u00e9 a feira para conhecer e testar os carros, sendo uma oportunidade para um primeiro contato com a nova mobilidade e com a eletrifica\u00e7\u00e3o\u201d, destaca Miguel Fonseca, vice-presidente da Toyota do Brasil.<br \/>\nIPSOS apresenta pesquisa in\u00e9dita sobre o comportamento\u00a0do consumidor x ve\u00edculos h\u00edbridos el\u00e9tricos<br \/>\nHoje, 01 de outubro, durante o C-Move (Congresso Brasileiro de Mobilidade e Ve\u00edculos El\u00e9tricos), que acontece paralelamente ao Ve\u00edculo El\u00e9trico Latino-Americano, no Transamerica Expo Center, em S\u00e3o Paulo, at\u00e9 o dia 03 de outubro, a Ipsos est\u00e1 apresentou um estudo in\u00e9dito, focado no comportamento do consumidor em rela\u00e7\u00e3o aos ve\u00edculos h\u00edbridos el\u00e9tricos.<br \/>\nSegundo dados da pesquisa divulgada pela Ipsos, atualmente, os dois fatores que mais incomodam os motoristas nos ve\u00edculos movidos a combust\u00e3o s\u00e3o a emiss\u00e3o de poluentes e o elevado pre\u00e7o do combust\u00edvel. Ainda de acordo com o estudo, entre o p\u00fablico entrevistado ficou evidente que os homens, da gera\u00e7\u00e3o Z e com maior renda s\u00e3o os mais familiarizados com o tema.<br \/>\nOutro dado relevante da pesquisa mostra que 80% dos entrevistados compraram ve\u00edculo h\u00edbrido devido \u00e0 economia de combust\u00edvel. Al\u00e9m disso, 55% dos que j\u00e1 possuem um h\u00edbrido afirmam que na pr\u00f3xima troca de carro ser\u00e1 por um novo h\u00edbrido ou el\u00e9trico.<br \/>\nCom base nessa pesquisa, tamb\u00e9m foi poss\u00edvel identificar que o ve\u00edculo el\u00e9trico ideal para o brasileiro deve contemplar alguns atributos, como ter tempo de carregamento entre 20 e 30 minutos, autonomia entre 200 Km e 300 Km, ser carregado uma vez ao dia, ter a mesma linha de design em rela\u00e7\u00e3o aos carros a combust\u00e3o e ter a energia el\u00e9trica como fonte prim\u00e1ria, entre outros.<br \/>\nOs tipos de empresa que mover\u00e3o esse setor, pelo estudo, est\u00e3o divididos da seguinte forma: 80% pelas montadoras tradicionais, 28% por empresas de tecnologia e 19% por empresas de\u00a0car sharing.<br \/>\nO estudo tamb\u00e9m detectou alguns pontos que devem ser avaliados para melhorar as condi\u00e7\u00f5es e estimular a maior demanda por autom\u00f3veis el\u00e9tricos no Brasil. Confira os principais:<br \/>\n&#8211; para 35% dos participantes da pesquisa n\u00e3o h\u00e1 facilidade para encontr\u00e1-los no mercado<br \/>\n&#8211; 33% afirmam que n\u00e3o \u00e9 f\u00e1cil encontrar esta\u00e7\u00f5es de carregamento<br \/>\n&#8211; 32% avaliam como de alto custo geral<br \/>\n&#8211; para 30% os modelos atrativos s\u00e3o muito caros<br \/>\n&#8211; 29% acreditam que a autonomia n\u00e3o \u00e9 adequada para percorrer longas dist\u00e2ncias<br \/>\nPara mais detalhes sobre os dados da pesquisa, est\u00e1 presente no C-MOVE Marcelo Pereira, diretor da IPSOS.<br \/>\n(Com informa\u00e7\u00f5es da Assesoria de Imprensa)<\/p>\n","protected":false},"excerpt":{"rendered":"<p>Abriu nesta ter\u00e7a-feira em S\u00e3o Paulo o 15\u00ba Congresso Ve\u00edculo El\u00e9trico Latino-Americano, no Transamerica Expo Center. Na abertura, o secret\u00e1rio municipal de Mobilidade e Transporte da cidade de S\u00e3o Paulo, Edson Caram. anunciou que, em 20 dias, come\u00e7ar\u00e3o a circular na cidade 15 \u00f4nibus totalmente el\u00e9tricos.. Os ve\u00edculos foram adquiridos por uma empresa local, com [&hellip;]<\/p>\n","protected":false},"author":4,"featured_media":77990,"comment_status":"open","ping_status":"closed","sticky":false,"template":"","format":"standard","meta":{"jetpack_post_was_ever_published":false,"_jetpack_newsletter_access":"","_jetpack_dont_email_post_to_subs":false,"_jetpack_newsletter_tier_id":0,"_jetpack_memberships_contains_paywalled_content":false,"_jetpack_memberships_contains_paid_content":false,"footnotes":"","jetpack_publicize_message":"","jetpack_publicize_feature_enabled":true,"jetpack_social_post_already_shared":true,"jetpack_social_options":{"image_generator_settings":{"template":"highway","default_image_id":0,"font":"","enabled":false},"version":2}},"categories":[4],"tags":[163,12,160,138,141,14],"class_list":["post-77989","post","type-post","status-publish","format-standard","has-post-thumbnail","hentry","category-ambiente-geral","tag-emissoes","tag-energia","tag-energia-solar","tag-governo","tag-rios","tag-solar"],"aioseo_notices":[],"jetpack_publicize_connections":[],"jetpack_featured_media_url":"","jetpack-related-posts":[{"id":82563,"url":"https:\/\/www.jornalja.com.br\/ambiente\/cai-pela-metade-a-poluicao-do-ar-com-reducao-de-onibus-nas-ruas-de-sao-paulo\/","url_meta":{"origin":77989,"position":0},"title":"Cai pela metade a polui\u00e7\u00e3o do ar com redu\u00e7\u00e3o de \u00f4nibus nas ruas de S\u00e3o Paulo","author":"da Reda\u00e7\u00e3o","date":"22 de setembro de 2020","format":false,"excerpt":"Caiu pela metade a emiss\u00e3o de poluentes pelos \u00f4nibus do transporte p\u00fablico na cidade de S\u00e3o Paulo no per\u00edodo da pandemia de covid-19, iniciada em mar\u00e7o. A constata\u00e7\u00e3o \u00e9 do Instituto de Energia e Meio Ambiente. Os dados foram divulgados hoje (22), Dia Mundial Sem Carro. O estudo compara os\u2026","rel":"","context":"Em &quot;Ambiente J\u00c1-MAT\u00c9RIA&quot;","block_context":{"text":"Ambiente J\u00c1-MAT\u00c9RIA","link":"https:\/\/www.jornalja.com.br\/ambiente\/category\/ambiente-geral\/"},"img":{"alt_text":"","src":"https:\/\/i0.wp.com\/www.jornalja.com.br\/ambiente\/wp-content\/uploads\/sites\/3\/2020\/09\/ambiente-poluicao-em-sp-foto-rba.jpg?resize=350%2C200&ssl=1","width":350,"height":200,"srcset":"https:\/\/i0.wp.com\/www.jornalja.com.br\/ambiente\/wp-content\/uploads\/sites\/3\/2020\/09\/ambiente-poluicao-em-sp-foto-rba.jpg?resize=350%2C200&ssl=1 1x, https:\/\/i0.wp.com\/www.jornalja.com.br\/ambiente\/wp-content\/uploads\/sites\/3\/2020\/09\/ambiente-poluicao-em-sp-foto-rba.jpg?resize=525%2C300&ssl=1 1.5x, https:\/\/i0.wp.com\/www.jornalja.com.br\/ambiente\/wp-content\/uploads\/sites\/3\/2020\/09\/ambiente-poluicao-em-sp-foto-rba.jpg?resize=700%2C400&ssl=1 2x, https:\/\/i0.wp.com\/www.jornalja.com.br\/ambiente\/wp-content\/uploads\/sites\/3\/2020\/09\/ambiente-poluicao-em-sp-foto-rba.jpg?resize=1050%2C600&ssl=1 3x"},"classes":[]},{"id":80299,"url":"https:\/\/www.jornalja.com.br\/ambiente\/diplomatas-britanicos-so-usarao-carros-eletricos-ou-hibridos\/","url_meta":{"origin":77989,"position":1},"title":"Diplomatas brit\u00e2nicos s\u00f3 usar\u00e3o carros el\u00e9tricos ou h\u00edbridos","author":"da Reda\u00e7\u00e3o","date":"2 de janeiro de 2020","format":false,"excerpt":"O Minist\u00e9rio das Rela\u00e7\u00f5es Exteriores do Reino Unido (Foreign Commonwealth Office) est\u00e1 substituindo os autom\u00f3veis oficiais dos diplomatas no Brasil e no mundo por ve\u00edculos h\u00edbridos ou totalmente el\u00e9tricos. A iniciativa, que ocorrer\u00e1 inicialmente em 30 postos ao redor do mundo, \u00e9 parte de um ambicioso programa para reduzir as\u2026","rel":"","context":"Em &quot;Ambiente J\u00c1-MAT\u00c9RIA&quot;","block_context":{"text":"Ambiente J\u00c1-MAT\u00c9RIA","link":"https:\/\/www.jornalja.com.br\/ambiente\/category\/ambiente-geral\/"},"img":{"alt_text":"","src":"","width":0,"height":0},"classes":[]},{"id":77834,"url":"https:\/\/www.jornalja.com.br\/ambiente\/gigantes-da-industria-e-da-energia-debatem-o-carro-eletrico-no-brasil\/","url_meta":{"origin":77989,"position":2},"title":"Gigantes da ind\u00fastria e da energia debatem o carro el\u00e9trico no Brasil","author":"da Reda\u00e7\u00e3o","date":"27 de setembro de 2019","format":false,"excerpt":"O futuro dos carros el\u00e9tricos ser\u00e1 o tema central do Congresso da Mobilidade e Ve\u00edculos El\u00e9tricos (C-Move), que acontece de ter\u00e7a-feira (01) at\u00e9 quinta-feira (03\/10) em S\u00e3o Paulo. Ser\u00e1 no Transam\u00e9rica Expo Center, com os grandes nomes da ind\u00fastria para\u00a0 debater\u00a0 o presente e futuro da mobilidade por meio da\u2026","rel":"","context":"Em &quot;Ambiente J\u00c1-MAT\u00c9RIA&quot;","block_context":{"text":"Ambiente J\u00c1-MAT\u00c9RIA","link":"https:\/\/www.jornalja.com.br\/ambiente\/category\/ambiente-geral\/"},"img":{"alt_text":"","src":"","width":0,"height":0},"classes":[]},{"id":79772,"url":"https:\/\/www.jornalja.com.br\/ambiente\/energia-solar-geracao-distribuida-reduz-custo-do-sistema-eletrico\/","url_meta":{"origin":77989,"position":3},"title":"Energia Solar: gera\u00e7\u00e3o distribu\u00edda reduz custo do sistema el\u00e9trico","author":"da Reda\u00e7\u00e3o","date":"5 de dezembro de 2019","format":false,"excerpt":"O professor do Departamento de Economia da Universidade da Calif\u00f3rnia (UCLA), Rodrigo Pinto, apresentou em audi\u00eancia p\u00fablica na Comiss\u00e3o de Assuntos Econ\u00f4micos (CAE), do Senado Federal, um c\u00e1culo mostrando que a produ\u00e7\u00e3o de energia solar em forma de gera\u00e7\u00e3o distribu\u00edda gerou, apenas no m\u00eas de novembro, redu\u00e7\u00e3o de custo da\u2026","rel":"","context":"Em &quot;Ambiente J\u00c1-MAT\u00c9RIA&quot;","block_context":{"text":"Ambiente J\u00c1-MAT\u00c9RIA","link":"https:\/\/www.jornalja.com.br\/ambiente\/category\/ambiente-geral\/"},"img":{"alt_text":"","src":"","width":0,"height":0},"classes":[]},{"id":78899,"url":"https:\/\/www.jornalja.com.br\/ambiente\/associacao-afirma-que-mudar-regras-para-energia-solar-agora-e-prematuro\/","url_meta":{"origin":77989,"position":4},"title":"Associa\u00e7\u00e3o alerta que mudar regras para energia solar \u00e9 prematuro","author":"da Reda\u00e7\u00e3o","date":"4 de novembro de 2019","format":false,"excerpt":"As mudan\u00e7as na resolu\u00e7\u00e3o da gera\u00e7\u00e3o distribu\u00edda no Brasil, propostas pela Ag\u00eancia Nacional de Energia El\u00e9trica (Aneel) para 2020, s\u00e3o extremamente prematuras diante do atual cen\u00e1rio brasileiro da modalidade, em compara\u00e7\u00e3o com as experi\u00eancias internacionais ao redor mundo. A avalia\u00e7\u00e3o \u00e9 da Associa\u00e7\u00e3o Brasileira de Energia Solar Fotovoltaica (Absolar). Segundo\u2026","rel":"","context":"Em &quot;Ambiente J\u00c1-MAT\u00c9RIA&quot;","block_context":{"text":"Ambiente J\u00c1-MAT\u00c9RIA","link":"https:\/\/www.jornalja.com.br\/ambiente\/category\/ambiente-geral\/"},"img":{"alt_text":"","src":"","width":0,"height":0},"classes":[]},{"id":79161,"url":"https:\/\/www.jornalja.com.br\/ambiente\/evento-em-curitiba-debate-inovacao-e-energias-renovaveis\/","url_meta":{"origin":77989,"position":5},"title":"Evento em Curitiba debate inova\u00e7\u00e3o e energias renov\u00e1veis","author":"da Reda\u00e7\u00e3o","date":"13 de novembro de 2019","format":false,"excerpt":"Para incentivar o debate e a busca por solu\u00e7\u00f5es e inova\u00e7\u00f5es em energias renov\u00e1veis, a Confer\u00eancia Smart Energy chega a sua sexta edi\u00e7\u00e3o nos dias 19 e 20 de novembro, no Centro de Eventos da Fiep em Curitiba (PR). \u201cA confer\u00eancia proporciona a discuss\u00e3o de projetos sobre o setor de\u2026","rel":"","context":"Em &quot;Ambiente J\u00c1-MAT\u00c9RIA&quot;","block_context":{"text":"Ambiente J\u00c1-MAT\u00c9RIA","link":"https:\/\/www.jornalja.com.br\/ambiente\/category\/ambiente-geral\/"},"img":{"alt_text":"","src":"","width":0,"height":0},"classes":[]}],"jetpack_shortlink":"https:\/\/wp.me\/pbKnZo-khT","jetpack_sharing_enabled":true,"_links":{"self":[{"href":"https:\/\/www.jornalja.com.br\/ambiente\/wp-json\/wp\/v2\/posts\/77989","targetHints":{"allow":["GET"]}}],"collection":[{"href":"https:\/\/www.jornalja.com.br\/ambiente\/wp-json\/wp\/v2\/posts"}],"about":[{"href":"https:\/\/www.jornalja.com.br\/ambiente\/wp-json\/wp\/v2\/types\/post"}],"author":[{"embeddable":true,"href":"https:\/\/www.jornalja.com.br\/ambiente\/wp-json\/wp\/v2\/users\/4"}],"replies":[{"embeddable":true,"href":"https:\/\/www.jornalja.com.br\/ambiente\/wp-json\/wp\/v2\/comments?post=77989"}],"version-history":[{"count":0,"href":"https:\/\/www.jornalja.com.br\/ambiente\/wp-json\/wp\/v2\/posts\/77989\/revisions"}],"wp:featuredmedia":[{"embeddable":true,"href":"https:\/\/www.jornalja.com.br\/ambiente\/wp-json\/"}],"wp:attachment":[{"href":"https:\/\/www.jornalja.com.br\/ambiente\/wp-json\/wp\/v2\/media?parent=77989"}],"wp:term":[{"taxonomy":"category","embeddable":true,"href":"https:\/\/www.jornalja.com.br\/ambiente\/wp-json\/wp\/v2\/categories?post=77989"},{"taxonomy":"post_tag","embeddable":true,"href":"https:\/\/www.jornalja.com.br\/ambiente\/wp-json\/wp\/v2\/tags?post=77989"}],"curies":[{"name":"wp","href":"https:\/\/api.w.org\/{rel}","templated":true}]}}