{"id":78461,"date":"2019-10-20T13:01:20","date_gmt":"2019-10-20T16:01:20","guid":{"rendered":"https:\/\/www.jornalja.com.br\/?p=78461"},"modified":"2019-10-20T13:01:20","modified_gmt":"2019-10-20T16:01:20","slug":"mais-de-500-milhoes-de-dolares-em-prejuizos-no-rastro-do-tufao-hagibis","status":"publish","type":"post","link":"https:\/\/www.jornalja.com.br\/ambiente\/mais-de-500-milhoes-de-dolares-em-prejuizos-no-rastro-do-tufao-hagibis\/","title":{"rendered":"Mais de 500 milh\u00f5es de d\u00f3lares de preju\u00edzos no rastro do tuf\u00e3o Hagibis"},"content":{"rendered":"<p>O governo do Jap\u00e3o anunciou que os danos causados pelo tuf\u00e3o Hagibis \u00e0s ind\u00fastrias agropecu\u00e1ria, silv\u00edcola e pesqueira giram em torno de US$ 527 milh\u00f5es.<br \/>\nA estimativa do preju\u00edzo total, at\u00e9 esse s\u00e1bado (19), em 35 prov\u00edncias foi feita pelo Minist\u00e9rio da Agricultura, Silvicultura e Pesca e dever\u00e1 aumentar.<br \/>\nPreju\u00edzos em instala\u00e7\u00f5es agropecu\u00e1rias, como armaz\u00e9ns e sistemas de irriga\u00e7\u00e3o chegaram a cerca de US$ 224 milh\u00f5es, e estragos em planta\u00e7\u00f5es de arroz, ma\u00e7\u00e3 e outros produtos agr\u00edcolas foram de aproximadamente US$ 57 milh\u00f5es.<br \/>\nDeslizamentos que atingiram estradas florestais causaram cerca de US$ 95 milh\u00f5es em danos.<br \/>\nO n\u00famero em v\u00e1rias prov\u00edncias, onde rios transbordaram em decorr\u00eancia do tuf\u00e3o, ainda n\u00e3o foi totalmente contabilizado.<br \/>\n<strong>Shinzo Abe<\/strong><br \/>\nO primeiro-ministro do Jap\u00e3o, Shinzo Abe, visitou a prov\u00edncia de Nagano, na regi\u00e3o central do Jap\u00e3o, para ver as regi\u00f5es inundadas pelo tuf\u00e3o Hagibis.<br \/>\nAbe foi de helic\u00f3ptero ver as comunidades que ficaram inundadas, quando um dique \u00e0 margem do rio Chikuma se rompeu na semana passada.<br \/>\nEle esteve em um distrito onde duas pessoas morreram por causa das inunda\u00e7\u00f5es e, depois de fazer um minuto de sil\u00eancio, ouviu relat\u00f3rio sobre o desastre, lido pelo governador da prov\u00edncia.<br \/>\nNa quinta-feira (17), o primeiro-ministro tinha ido tamb\u00e9m \u00e0s prov\u00edncias de Miyagi e Fukushima, no nordeste do pa\u00eds, para inspecionar regi\u00f5es que foram inundadas pelo mesmo tuf\u00e3o.<br \/>\n<em>*Emissora p\u00fablica de televis\u00e3o do Jap\u00e3o<\/em><\/p>\n","protected":false},"excerpt":{"rendered":"<p>O governo do Jap\u00e3o anunciou que os danos causados pelo tuf\u00e3o Hagibis \u00e0s ind\u00fastrias agropecu\u00e1ria, silv\u00edcola e pesqueira giram em torno de US$ 527 milh\u00f5es. A estimativa do preju\u00edzo total, at\u00e9 esse s\u00e1bado (19), em 35 prov\u00edncias foi feita pelo Minist\u00e9rio da Agricultura, Silvicultura e Pesca e dever\u00e1 aumentar. Preju\u00edzos em instala\u00e7\u00f5es agropecu\u00e1rias, como armaz\u00e9ns [&hellip;]<\/p>\n","protected":false},"author":4,"featured_media":78462,"comment_status":"open","ping_status":"closed","sticky":false,"template":"","format":"standard","meta":{"jetpack_post_was_ever_published":false,"_jetpack_newsletter_access":"","_jetpack_dont_email_post_to_subs":false,"_jetpack_newsletter_tier_id":0,"_jetpack_memberships_contains_paywalled_content":false,"_jetpack_memberships_contains_paid_content":false,"footnotes":"","jetpack_publicize_message":"","jetpack_publicize_feature_enabled":true,"jetpack_social_post_already_shared":true,"jetpack_social_options":{"image_generator_settings":{"template":"highway","default_image_id":0,"font":"","enabled":false},"version":2}},"categories":[4],"tags":[91,69,138,176,70,141,205],"class_list":["post-78461","post","type-post","status-publish","format-standard","has-post-thumbnail","hentry","category-ambiente-geral","tag-agricultura","tag-floresta","tag-governo","tag-japao","tag-pecuaria","tag-rios","tag-sema"],"aioseo_notices":[],"jetpack_publicize_connections":[],"jetpack_featured_media_url":"","jetpack-related-posts":[{"id":85174,"url":"https:\/\/www.jornalja.com.br\/ambiente\/pecuaria-e-principal-causa-do-desmatamento-na-amazonia-diz-estudo-lancado-na-cop28\/","url_meta":{"origin":78461,"position":0},"title":"Pecu\u00e1ria \u00e9 principal causa do desmatamento na Amaz\u00f4nia, diz estudo lan\u00e7ado na Cop28","author":"da Reda\u00e7\u00e3o","date":"8 de dezembro de 2023","format":false,"excerpt":"Um mapeamento in\u00e9dito do MapBiomas Amaz\u00f4nia, divulgado nesta sexta-feira (8) na 28\u00aa Confer\u00eancia das Na\u00e7\u00f5es Unidas para Mudan\u00e7a do Clima (COP 28), em Dubai, mostra que a pecu\u00e1ria foi o principal vetor de derrubada de vegeta\u00e7\u00e3o na Am\u00e9rica do Sul, no per\u00edodo de 1985 a 2022. O mapeamento\u00a0levou em considera\u00e7\u00e3o\u2026","rel":"","context":"Em &quot;Ambiente J\u00c1-MAT\u00c9RIA&quot;","block_context":{"text":"Ambiente J\u00c1-MAT\u00c9RIA","link":"https:\/\/www.jornalja.com.br\/ambiente\/category\/ambiente-geral\/"},"img":{"alt_text":"Foto: Marcello Casal Jr.\/Ag\u00eancia Brasil","src":"https:\/\/i0.wp.com\/www.jornalja.com.br\/ambiente\/wp-content\/uploads\/sites\/3\/2023\/12\/pecuaria.png?resize=350%2C200&ssl=1","width":350,"height":200,"srcset":"https:\/\/i0.wp.com\/www.jornalja.com.br\/ambiente\/wp-content\/uploads\/sites\/3\/2023\/12\/pecuaria.png?resize=350%2C200&ssl=1 1x, https:\/\/i0.wp.com\/www.jornalja.com.br\/ambiente\/wp-content\/uploads\/sites\/3\/2023\/12\/pecuaria.png?resize=525%2C300&ssl=1 1.5x"},"classes":[]},{"id":82220,"url":"https:\/\/www.jornalja.com.br\/ambiente\/argentina-alerta-municipios-da-fronteira-gaucha-por-nuvem-de-gafanhotos\/","url_meta":{"origin":78461,"position":1},"title":"Argentina alerta munic\u00edpios da fronteira ga\u00facha por nuvem de gafanhotos","author":"da Reda\u00e7\u00e3o","date":"23 de junho de 2020","format":false,"excerpt":"O Servi\u00e7o Nacional de Sa\u00fade e Qualidade Agro-Alimentar (SENASA), do governo da Argentina, confirmou que uma nuvem enorme de gafanhotos vinda do Paraguai avan\u00e7a por prov\u00edncias da Argentina. A nuvem \u00e9 monitorada desde o dia 28 de maio. VEJA O VIDEO. A praga avan\u00e7ou da prov\u00edncia argentina de Formosa, onde\u2026","rel":"","context":"Em &quot;Ambiente J\u00c1-MAT\u00c9RIA&quot;","block_context":{"text":"Ambiente J\u00c1-MAT\u00c9RIA","link":"https:\/\/www.jornalja.com.br\/ambiente\/category\/ambiente-geral\/"},"img":{"alt_text":"","src":"https:\/\/i0.wp.com\/www.jornalja.com.br\/ambiente\/wp-content\/uploads\/sites\/3\/2020\/06\/gafanhotos-1.jpg?resize=350%2C200&ssl=1","width":350,"height":200,"srcset":"https:\/\/i0.wp.com\/www.jornalja.com.br\/ambiente\/wp-content\/uploads\/sites\/3\/2020\/06\/gafanhotos-1.jpg?resize=350%2C200&ssl=1 1x, https:\/\/i0.wp.com\/www.jornalja.com.br\/ambiente\/wp-content\/uploads\/sites\/3\/2020\/06\/gafanhotos-1.jpg?resize=525%2C300&ssl=1 1.5x, https:\/\/i0.wp.com\/www.jornalja.com.br\/ambiente\/wp-content\/uploads\/sites\/3\/2020\/06\/gafanhotos-1.jpg?resize=700%2C400&ssl=1 2x"},"classes":[]},{"id":82578,"url":"https:\/\/www.jornalja.com.br\/ambiente\/pericia-inedita-conclui-que-158-hectares-desmatados-no-rs-causaram-perdas-de-r-163-milhoes\/","url_meta":{"origin":78461,"position":2},"title":"Per\u00edcia in\u00e9dita conclui que 158 hectares desmatados no RS causaram perdas de R$ 16,3 milh\u00f5es","author":"da Reda\u00e7\u00e3o","date":"27 de setembro de 2020","format":false,"excerpt":"Com base em 105 laudos de infra\u00e7\u00e3o emitidos entre setembro passado e este, o Instituto Geral de Per\u00edcias estimou em R$ 16,3 milh\u00f5es o preju\u00edzo ambiental causado com o desmatamento ilegal de 158 hectares de florestas no Rio Grande do Sul, em um ano. A \u00e1rea devastada corresponde a 205\u2026","rel":"","context":"Em &quot;Ambiente J\u00c1-MAT\u00c9RIA&quot;","block_context":{"text":"Ambiente J\u00c1-MAT\u00c9RIA","link":"https:\/\/www.jornalja.com.br\/ambiente\/category\/ambiente-geral\/"},"img":{"alt_text":"","src":"https:\/\/i0.wp.com\/www.jornalja.com.br\/ambiente\/wp-content\/uploads\/sites\/3\/2020\/09\/ambiente-desmatamento-no-rs-igp.jpg?resize=350%2C200&ssl=1","width":350,"height":200,"srcset":"https:\/\/i0.wp.com\/www.jornalja.com.br\/ambiente\/wp-content\/uploads\/sites\/3\/2020\/09\/ambiente-desmatamento-no-rs-igp.jpg?resize=350%2C200&ssl=1 1x, https:\/\/i0.wp.com\/www.jornalja.com.br\/ambiente\/wp-content\/uploads\/sites\/3\/2020\/09\/ambiente-desmatamento-no-rs-igp.jpg?resize=525%2C300&ssl=1 1.5x, https:\/\/i0.wp.com\/www.jornalja.com.br\/ambiente\/wp-content\/uploads\/sites\/3\/2020\/09\/ambiente-desmatamento-no-rs-igp.jpg?resize=700%2C400&ssl=1 2x"},"classes":[]},{"id":82240,"url":"https:\/\/www.jornalja.com.br\/ambiente\/gafanhotos-ministerio-da-agricultura-decreta-emergencia-no-rs-e-sc\/","url_meta":{"origin":78461,"position":3},"title":"Gafanhotos: Minist\u00e9rio da Agricultura decreta emerg\u00eancia no RS e SC","author":"da Reda\u00e7\u00e3o","date":"25 de junho de 2020","format":false,"excerpt":"O Minist\u00e9rio da Agricultura declarou estado de emerg\u00eancia fitossanit\u00e1ria no Rio Grande do Sul e em Santa Catarina devido ao risco de surto da praga de gafanhotos (Schistocerca cancellata) nas \u00e1reas produtoras dos dois estados. A portaria com a medida est\u00e1 publicada no\u00a0Di\u00e1rio Oficial da Uni\u00e3o\u00a0desta quinta-feira (25). O estado\u2026","rel":"","context":"Em &quot;Ambiente J\u00c1-MAT\u00c9RIA&quot;","block_context":{"text":"Ambiente J\u00c1-MAT\u00c9RIA","link":"https:\/\/www.jornalja.com.br\/ambiente\/category\/ambiente-geral\/"},"img":{"alt_text":"","src":"https:\/\/i0.wp.com\/www.jornalja.com.br\/ambiente\/wp-content\/uploads\/sites\/3\/2020\/06\/gafanhotos-1.jpg?resize=350%2C200&ssl=1","width":350,"height":200,"srcset":"https:\/\/i0.wp.com\/www.jornalja.com.br\/ambiente\/wp-content\/uploads\/sites\/3\/2020\/06\/gafanhotos-1.jpg?resize=350%2C200&ssl=1 1x, https:\/\/i0.wp.com\/www.jornalja.com.br\/ambiente\/wp-content\/uploads\/sites\/3\/2020\/06\/gafanhotos-1.jpg?resize=525%2C300&ssl=1 1.5x, https:\/\/i0.wp.com\/www.jornalja.com.br\/ambiente\/wp-content\/uploads\/sites\/3\/2020\/06\/gafanhotos-1.jpg?resize=700%2C400&ssl=1 2x"},"classes":[]},{"id":85038,"url":"https:\/\/www.jornalja.com.br\/ambiente\/brasil-perde-15-de-florestas-naturais-em-quase-40-anos-diz-mapbiomas\/","url_meta":{"origin":78461,"position":4},"title":"Brasil perde 15% de florestas naturais em quase 40 anos, diz MapBiomas","author":"Cleber Dioni Tentardini","date":"20 de outubro de 2023","format":false,"excerpt":"Em novo levantamento, a rede MapBiomas constatou que, entre 1985 e 2022, houve redu\u00e7\u00e3o de 15% da \u00e1rea ocupada por florestas naturais no pa\u00eds, passando de 581,6 milh\u00f5es de hectares para 494,1 milh\u00f5es de hectares. O principal fator de devasta\u00e7\u00e3o foi a apropria\u00e7\u00e3o da agropecu\u00e1ria, e os \u00faltimos cinco anos\u2026","rel":"","context":"Em &quot;Ambiente J\u00c1-MAT\u00c9RIA&quot;","block_context":{"text":"Ambiente J\u00c1-MAT\u00c9RIA","link":"https:\/\/www.jornalja.com.br\/ambiente\/category\/ambiente-geral\/"},"img":{"alt_text":"","src":"https:\/\/i0.wp.com\/www.jornalja.com.br\/ambiente\/wp-content\/uploads\/sites\/3\/2020\/09\/amazonia-desmatamento-cresce-40.jpg?resize=350%2C200&ssl=1","width":350,"height":200,"srcset":"https:\/\/i0.wp.com\/www.jornalja.com.br\/ambiente\/wp-content\/uploads\/sites\/3\/2020\/09\/amazonia-desmatamento-cresce-40.jpg?resize=350%2C200&ssl=1 1x, https:\/\/i0.wp.com\/www.jornalja.com.br\/ambiente\/wp-content\/uploads\/sites\/3\/2020\/09\/amazonia-desmatamento-cresce-40.jpg?resize=525%2C300&ssl=1 1.5x, https:\/\/i0.wp.com\/www.jornalja.com.br\/ambiente\/wp-content\/uploads\/sites\/3\/2020\/09\/amazonia-desmatamento-cresce-40.jpg?resize=700%2C400&ssl=1 2x"},"classes":[]},{"id":82957,"url":"https:\/\/www.jornalja.com.br\/ambiente\/iniciativa-quer-ampliar-renda-compativel-com-a-floresta\/","url_meta":{"origin":78461,"position":5},"title":"Iniciativa quer ampliar renda compat\u00edvel com a floresta","author":"da Reda\u00e7\u00e3o","date":"8 de abril de 2021","format":false,"excerpt":"O potencial de produtos extra\u00eddos na Amaz\u00f4nia \u00e9 muito maior do que se pensa. Entre 2017 e 2019, 64 produtos compat\u00edveis com a floresta foram produzidos e exportados por empresas dos nove Estados da Amaz\u00f4nia Legal, gerando uma receita anual de US\ufe69 298 milh\u00f5es. Embora a receita pare\u00e7a significativa, \u00e9\u2026","rel":"","context":"Em &quot;Ambiente J\u00c1-MAT\u00c9RIA&quot;","block_context":{"text":"Ambiente J\u00c1-MAT\u00c9RIA","link":"https:\/\/www.jornalja.com.br\/ambiente\/category\/ambiente-geral\/"},"img":{"alt_text":"","src":"https:\/\/i0.wp.com\/www.jornalja.com.br\/ambiente\/wp-content\/uploads\/sites\/3\/2021\/04\/pimenta-do-reino-1200x800-1.jpg?resize=350%2C200&ssl=1","width":350,"height":200,"srcset":"https:\/\/i0.wp.com\/www.jornalja.com.br\/ambiente\/wp-content\/uploads\/sites\/3\/2021\/04\/pimenta-do-reino-1200x800-1.jpg?resize=350%2C200&ssl=1 1x, https:\/\/i0.wp.com\/www.jornalja.com.br\/ambiente\/wp-content\/uploads\/sites\/3\/2021\/04\/pimenta-do-reino-1200x800-1.jpg?resize=525%2C300&ssl=1 1.5x, https:\/\/i0.wp.com\/www.jornalja.com.br\/ambiente\/wp-content\/uploads\/sites\/3\/2021\/04\/pimenta-do-reino-1200x800-1.jpg?resize=700%2C400&ssl=1 2x, https:\/\/i0.wp.com\/www.jornalja.com.br\/ambiente\/wp-content\/uploads\/sites\/3\/2021\/04\/pimenta-do-reino-1200x800-1.jpg?resize=1050%2C600&ssl=1 3x"},"classes":[]}],"jetpack_shortlink":"https:\/\/wp.me\/pbKnZo-kpv","jetpack_sharing_enabled":true,"_links":{"self":[{"href":"https:\/\/www.jornalja.com.br\/ambiente\/wp-json\/wp\/v2\/posts\/78461","targetHints":{"allow":["GET"]}}],"collection":[{"href":"https:\/\/www.jornalja.com.br\/ambiente\/wp-json\/wp\/v2\/posts"}],"about":[{"href":"https:\/\/www.jornalja.com.br\/ambiente\/wp-json\/wp\/v2\/types\/post"}],"author":[{"embeddable":true,"href":"https:\/\/www.jornalja.com.br\/ambiente\/wp-json\/wp\/v2\/users\/4"}],"replies":[{"embeddable":true,"href":"https:\/\/www.jornalja.com.br\/ambiente\/wp-json\/wp\/v2\/comments?post=78461"}],"version-history":[{"count":0,"href":"https:\/\/www.jornalja.com.br\/ambiente\/wp-json\/wp\/v2\/posts\/78461\/revisions"}],"wp:featuredmedia":[{"embeddable":true,"href":"https:\/\/www.jornalja.com.br\/ambiente\/wp-json\/"}],"wp:attachment":[{"href":"https:\/\/www.jornalja.com.br\/ambiente\/wp-json\/wp\/v2\/media?parent=78461"}],"wp:term":[{"taxonomy":"category","embeddable":true,"href":"https:\/\/www.jornalja.com.br\/ambiente\/wp-json\/wp\/v2\/categories?post=78461"},{"taxonomy":"post_tag","embeddable":true,"href":"https:\/\/www.jornalja.com.br\/ambiente\/wp-json\/wp\/v2\/tags?post=78461"}],"curies":[{"name":"wp","href":"https:\/\/api.w.org\/{rel}","templated":true}]}}