{"id":78899,"date":"2019-11-04T20:05:23","date_gmt":"2019-11-04T23:05:23","guid":{"rendered":"https:\/\/www.jornalja.com.br\/?p=78899"},"modified":"2019-11-04T20:05:23","modified_gmt":"2019-11-04T23:05:23","slug":"associacao-afirma-que-mudar-regras-para-energia-solar-agora-e-prematuro","status":"publish","type":"post","link":"https:\/\/www.jornalja.com.br\/ambiente\/associacao-afirma-que-mudar-regras-para-energia-solar-agora-e-prematuro\/","title":{"rendered":"Associa\u00e7\u00e3o alerta que mudar regras para energia solar \u00e9 prematuro"},"content":{"rendered":"<p>As mudan\u00e7as na resolu\u00e7\u00e3o da gera\u00e7\u00e3o distribu\u00edda no Brasil, propostas pela Ag\u00eancia Nacional de Energia El\u00e9trica (Aneel) para 2020, s\u00e3o extremamente prematuras diante do atual cen\u00e1rio brasileiro da modalidade, em compara\u00e7\u00e3o com as experi\u00eancias internacionais ao redor mundo.<br \/>\nA avalia\u00e7\u00e3o \u00e9 da Associa\u00e7\u00e3o Brasileira de Energia Solar Fotovoltaica (Absolar). Segundo a entidade, a gera\u00e7\u00e3o distribu\u00edda solar fotovoltaica ainda \u00e9 muito pequena e est\u00e1 em fase de desenvolvimento inicial no Brasil. Atualmente, dos mais de 84,4 milh\u00f5es de consumidores cativos brasileiros atendidos pelas distribuidoras de energia el\u00e9trica, apenas de 163 mil (equivalente a 0,2%) desfrutam desta tecnologia.<br \/>\nA Calif\u00f3rnia (EUA), refer\u00eancia mundial nas regulamenta\u00e7\u00f5es para o segmento, s\u00f3 come\u00e7ou a mudar as regras &#8211; e a taxar os geradores de energia solar &#8211; quando esta modalidade j\u00e1 tinha 5% de participa\u00e7\u00e3o na matriz energ\u00e9tica.<br \/>\nAo atingir este patamar, o regulador estabeleceu que, quando injetar energia na rede, os consumidores com gera\u00e7\u00e3o distribu\u00edda devem pagar US$ 0,02\/kWh (R$ 0,08\/kWh). Tal pagamento equivale a apenas 10,5% da tarifa de energia el\u00e9trica dos consumidores residenciais e comerciais da Calif\u00f3rnia, valor muito inferior \u00e0s propostas da Aneel para o Brasil, que variam entre 34% e 60%.<br \/>\nO estado californiano tamb\u00e9m garantiu ao setor estabilidade e previsibilidade nas mudan\u00e7as, reduzindo riscos e evitando inseguran\u00e7a jur\u00eddica e regulat\u00f3ria aos consumidores, empreendedores e investidores do mercado.<br \/>\nA Absolar tamb\u00e9m cita o caso da Espanha, como alerta \u00e0s autoridades brasileiras. Em 2010, o governo espanhol alterou as regras para energia solar fotovoltaica, com impactos profundos aos consumidores com gera\u00e7\u00e3o distribu\u00edda e demais agentes do setor. A medida, fora dos padr\u00f5es internacionais, inviabilizou a energia solar no pa\u00eds durante mais de 8 anos.<br \/>\nS\u00f3 depois anos de paralisa\u00e7\u00e3o e retrocesso, novas autoridades espanholas corrigiram os erros do passado. Em 2018, voltaram a viabilizar a energia solar fotovoltaica, adotando um sistema de compensa\u00e7\u00e3o de energia el\u00e9trica equivalente ao utilizado atualmente no Brasil. A nova regra recuperou a confian\u00e7a dos consumidores, do mercado e dos investidores, abrindo caminho para a atra\u00e7\u00e3o de milh\u00f5es de euros em novos projetos e a gera\u00e7\u00e3o de milhares de empregos de qualidade \u00e0 popula\u00e7\u00e3o espanhola.<br \/>\nEstes s\u00e3o alguns dos diversos exemplos de pa\u00edses que adotaram medidas bem-sucedidas para o desenvolvimento da energia solar distribu\u00edda, com resultados importantes para suas sociedades. Como consequ\u00eancia destes programas, pa\u00edses como Austr\u00e1lia, China, EUA e Jap\u00e3o, por exemplo, j\u00e1 ultrapassaram a marca de 2 milh\u00f5es de sistemas solares fotovoltaicos distribu\u00eddos, enquanto que na Alemanha, \u00cdndia, Reino Unido e outros, o quantidade supera 1 milh\u00e3o de conex\u00f5es.<br \/>\nEm resumo, a Absolar recomenda ao regulador e ao governo brasileiro que incorpore as melhores pr\u00e1ticas internacionais de gera\u00e7\u00e3o distribu\u00edda em suas propostas para o Brasil, evitando retrocessos e riscos econ\u00f4micos e jur\u00eddicos vivenciados em outras economias. S\u00f3 assim este mercado pode continuar se desenvolvendo e se consolidar, trazendo vantagens econ\u00f4micas e ambientais para os consumidores e o pa\u00eds.<br \/>\n&nbsp;<\/p>\n","protected":false},"excerpt":{"rendered":"<p>As mudan\u00e7as na resolu\u00e7\u00e3o da gera\u00e7\u00e3o distribu\u00edda no Brasil, propostas pela Ag\u00eancia Nacional de Energia El\u00e9trica (Aneel) para 2020, s\u00e3o extremamente prematuras diante do atual cen\u00e1rio brasileiro da modalidade, em compara\u00e7\u00e3o com as experi\u00eancias internacionais ao redor mundo. A avalia\u00e7\u00e3o \u00e9 da Associa\u00e7\u00e3o Brasileira de Energia Solar Fotovoltaica (Absolar). Segundo a entidade, a gera\u00e7\u00e3o distribu\u00edda [&hellip;]<\/p>\n","protected":false},"author":4,"featured_media":78903,"comment_status":"open","ping_status":"closed","sticky":false,"template":"","format":"standard","meta":{"jetpack_post_was_ever_published":false,"_jetpack_newsletter_access":"","_jetpack_dont_email_post_to_subs":false,"_jetpack_newsletter_tier_id":0,"_jetpack_memberships_contains_paywalled_content":false,"_jetpack_memberships_contains_paid_content":false,"footnotes":"","jetpack_publicize_message":"","jetpack_publicize_feature_enabled":true,"jetpack_social_post_already_shared":true,"jetpack_social_options":{"image_generator_settings":{"template":"highway","default_image_id":0,"font":"","enabled":false},"version":2}},"categories":[4],"tags":[161,12,160,186,138,176,14],"class_list":["post-78899","post","type-post","status-publish","format-standard","has-post-thumbnail","hentry","category-ambiente-geral","tag-alemanha","tag-energia","tag-energia-solar","tag-geracao-distribuida","tag-governo","tag-japao","tag-solar"],"aioseo_notices":[],"jetpack_publicize_connections":[],"jetpack_featured_media_url":"","jetpack-related-posts":[{"id":79772,"url":"https:\/\/www.jornalja.com.br\/ambiente\/energia-solar-geracao-distribuida-reduz-custo-do-sistema-eletrico\/","url_meta":{"origin":78899,"position":0},"title":"Energia Solar: gera\u00e7\u00e3o distribu\u00edda reduz custo do sistema el\u00e9trico","author":"da Reda\u00e7\u00e3o","date":"5 de dezembro de 2019","format":false,"excerpt":"O professor do Departamento de Economia da Universidade da Calif\u00f3rnia (UCLA), Rodrigo Pinto, apresentou em audi\u00eancia p\u00fablica na Comiss\u00e3o de Assuntos Econ\u00f4micos (CAE), do Senado Federal, um c\u00e1culo mostrando que a produ\u00e7\u00e3o de energia solar em forma de gera\u00e7\u00e3o distribu\u00edda gerou, apenas no m\u00eas de novembro, redu\u00e7\u00e3o de custo da\u2026","rel":"","context":"Em &quot;Ambiente J\u00c1-MAT\u00c9RIA&quot;","block_context":{"text":"Ambiente J\u00c1-MAT\u00c9RIA","link":"https:\/\/www.jornalja.com.br\/ambiente\/category\/ambiente-geral\/"},"img":{"alt_text":"","src":"","width":0,"height":0},"classes":[]},{"id":80172,"url":"https:\/\/www.jornalja.com.br\/ambiente\/energia-solar-geracao-distribuida-traz-economia-nao-custos\/","url_meta":{"origin":78899,"position":1},"title":"Energia solar: gera\u00e7\u00e3o distribu\u00edda traz economia, n\u00e3o custos","author":"da Reda\u00e7\u00e3o","date":"26 de dezembro de 2019","format":false,"excerpt":"Nota em resposta \u00e0s afirma\u00e7\u00f5es do diretor-geral da Aneel de que o incentivo \u00e0 energia solar gera aumento nas contas de luz: \"Ao contr\u00e1rio do que afirmou o diretor-geral da Aneel, Andr\u00e9 Pepitone em recente entrevista ao G1, o setor de energia solar no Brasil gera redu\u00e7\u00e3o de custos para\u2026","rel":"","context":"Em &quot;Ambiente J\u00c1-MAT\u00c9RIA&quot;","block_context":{"text":"Ambiente J\u00c1-MAT\u00c9RIA","link":"https:\/\/www.jornalja.com.br\/ambiente\/category\/ambiente-geral\/"},"img":{"alt_text":"","src":"","width":0,"height":0},"classes":[]},{"id":83720,"url":"https:\/\/www.jornalja.com.br\/ambiente\/geracao-de-energia-solar-vai-dobrar-em-um-ano-o-que-produziu-em-uma-decada\/","url_meta":{"origin":78899,"position":2},"title":"Energia solar vai dobrar este ano a capacidade de gera\u00e7\u00e3o acumulada em uma d\u00e9cada","author":"da Reda\u00e7\u00e3o","date":"12 de janeiro de 2022","format":false,"excerpt":"O ano de 2022 tem tudo para ser o melhor ano da energia solar no Brasil desde 2012. A Associa\u00e7\u00e3o Brasileira de Energia Solar Fotovoltaica, que congrega empresas e profissionais do setor, estima que, somente neste ano, esta fonte dever\u00e1 gerar mais de 357 mil novos empregos, por todas as\u2026","rel":"","context":"Em &quot;Ambiente J\u00c1-MAT\u00c9RIA&quot;","block_context":{"text":"Ambiente J\u00c1-MAT\u00c9RIA","link":"https:\/\/www.jornalja.com.br\/ambiente\/category\/ambiente-geral\/"},"img":{"alt_text":"","src":"https:\/\/i0.wp.com\/www.jornalja.com.br\/ambiente\/wp-content\/uploads\/sites\/3\/2022\/01\/pexels-vivint-solar-2850347-scaled.jpg?resize=350%2C200&ssl=1","width":350,"height":200,"srcset":"https:\/\/i0.wp.com\/www.jornalja.com.br\/ambiente\/wp-content\/uploads\/sites\/3\/2022\/01\/pexels-vivint-solar-2850347-scaled.jpg?resize=350%2C200&ssl=1 1x, https:\/\/i0.wp.com\/www.jornalja.com.br\/ambiente\/wp-content\/uploads\/sites\/3\/2022\/01\/pexels-vivint-solar-2850347-scaled.jpg?resize=525%2C300&ssl=1 1.5x, https:\/\/i0.wp.com\/www.jornalja.com.br\/ambiente\/wp-content\/uploads\/sites\/3\/2022\/01\/pexels-vivint-solar-2850347-scaled.jpg?resize=700%2C400&ssl=1 2x, https:\/\/i0.wp.com\/www.jornalja.com.br\/ambiente\/wp-content\/uploads\/sites\/3\/2022\/01\/pexels-vivint-solar-2850347-scaled.jpg?resize=1050%2C600&ssl=1 3x, https:\/\/i0.wp.com\/www.jornalja.com.br\/ambiente\/wp-content\/uploads\/sites\/3\/2022\/01\/pexels-vivint-solar-2850347-scaled.jpg?resize=1400%2C800&ssl=1 4x"},"classes":[]},{"id":78808,"url":"https:\/\/www.jornalja.com.br\/ambiente\/aneel-recua-no-plano-de-taxar-energia-solar-para-contratos-ja-em-vigor\/","url_meta":{"origin":78899,"position":3},"title":"Aneel recua no plano de taxar energia solar para contratos j\u00e1 em vigor","author":"da Reda\u00e7\u00e3o","date":"1 de novembro de 2019","format":false,"excerpt":"A rea\u00e7\u00e3o foi tamanha que a Ag\u00eancia Nacional de Energia El\u00e9trica (Aneel) j\u00e1 cogita deixar como est\u00e3o as regras para a gera\u00e7\u00e3o distribu\u00edda de energia el\u00e9trica. A ag\u00eancia abriu dia 29 uma consulta p\u00fablica sobre retirada de subs\u00eddios e taxa\u00e7\u00e3o, que atinge principalmente a gera\u00e7\u00e3o de energia solar fotovoltaica. A\u2026","rel":"","context":"Em &quot;Ambiente J\u00c1-MAT\u00c9RIA&quot;","block_context":{"text":"Ambiente J\u00c1-MAT\u00c9RIA","link":"https:\/\/www.jornalja.com.br\/ambiente\/category\/ambiente-geral\/"},"img":{"alt_text":"","src":"","width":0,"height":0},"classes":[]},{"id":77771,"url":"https:\/\/www.jornalja.com.br\/ambiente\/usina-de-energia-solar-completa-cinco-anos-superando-expectativas\/","url_meta":{"origin":78899,"position":4},"title":"Usina de energia solar completa cinco anos superando expectativas","author":"da Reda\u00e7\u00e3o","date":"25 de setembro de 2019","format":false,"excerpt":"Refer\u00eancia nacional em gera\u00e7\u00e3o de energia fotovoltaica e com produ\u00e7\u00e3o superior \u00e0 expectativa inicial, a Usina Megawatt Solar celebra cinco anos hoje (25\/09). A Eletrosul transformou sua sede administrativa, em Florian\u00f3polis (SC), em um complexo integrado de gera\u00e7\u00e3o fotovoltaica e vitrine tecnol\u00f3gica para o setor el\u00e9trico brasileiro. Com pot\u00eancia instalada\u2026","rel":"","context":"Em &quot;Ambiente J\u00c1-MAT\u00c9RIA&quot;","block_context":{"text":"Ambiente J\u00c1-MAT\u00c9RIA","link":"https:\/\/www.jornalja.com.br\/ambiente\/category\/ambiente-geral\/"},"img":{"alt_text":"","src":"","width":0,"height":0},"classes":[]},{"id":79295,"url":"https:\/\/www.jornalja.com.br\/ambiente\/aneel-prorroga-prazo-da-consulta-publica-sobre-geracao-de-energia-distribuida\/","url_meta":{"origin":78899,"position":5},"title":"Aneel prorroga prazo da consulta p\u00fablica sobre gera\u00e7\u00e3o de energia distribu\u00edda","author":"da Reda\u00e7\u00e3o","date":"19 de novembro de 2019","format":false,"excerpt":"A Aneel (Ag\u00eancia Nacional de Energia El\u00e9trica), reguladora do setor el\u00e9trico,\u00a0 prorrogou por mais 30 dias o prazo da consulta p\u00fablica da revis\u00e3o das regras da micro e mini gera\u00e7\u00e3o distribu\u00edda. Basicamente, atinge a gera\u00e7\u00e3o de energia solar. O prazo anterior da consulta se encerraria no dia 30 de novembro,\u2026","rel":"","context":"Em &quot;Ambiente J\u00c1-MAT\u00c9RIA&quot;","block_context":{"text":"Ambiente J\u00c1-MAT\u00c9RIA","link":"https:\/\/www.jornalja.com.br\/ambiente\/category\/ambiente-geral\/"},"img":{"alt_text":"","src":"","width":0,"height":0},"classes":[]}],"jetpack_shortlink":"https:\/\/wp.me\/pbKnZo-kwz","jetpack_sharing_enabled":true,"_links":{"self":[{"href":"https:\/\/www.jornalja.com.br\/ambiente\/wp-json\/wp\/v2\/posts\/78899","targetHints":{"allow":["GET"]}}],"collection":[{"href":"https:\/\/www.jornalja.com.br\/ambiente\/wp-json\/wp\/v2\/posts"}],"about":[{"href":"https:\/\/www.jornalja.com.br\/ambiente\/wp-json\/wp\/v2\/types\/post"}],"author":[{"embeddable":true,"href":"https:\/\/www.jornalja.com.br\/ambiente\/wp-json\/wp\/v2\/users\/4"}],"replies":[{"embeddable":true,"href":"https:\/\/www.jornalja.com.br\/ambiente\/wp-json\/wp\/v2\/comments?post=78899"}],"version-history":[{"count":0,"href":"https:\/\/www.jornalja.com.br\/ambiente\/wp-json\/wp\/v2\/posts\/78899\/revisions"}],"wp:featuredmedia":[{"embeddable":true,"href":"https:\/\/www.jornalja.com.br\/ambiente\/wp-json\/"}],"wp:attachment":[{"href":"https:\/\/www.jornalja.com.br\/ambiente\/wp-json\/wp\/v2\/media?parent=78899"}],"wp:term":[{"taxonomy":"category","embeddable":true,"href":"https:\/\/www.jornalja.com.br\/ambiente\/wp-json\/wp\/v2\/categories?post=78899"},{"taxonomy":"post_tag","embeddable":true,"href":"https:\/\/www.jornalja.com.br\/ambiente\/wp-json\/wp\/v2\/tags?post=78899"}],"curies":[{"name":"wp","href":"https:\/\/api.w.org\/{rel}","templated":true}]}}