{"id":79161,"date":"2019-11-13T12:08:33","date_gmt":"2019-11-13T15:08:33","guid":{"rendered":"https:\/\/www.jornalja.com.br\/?p=79161"},"modified":"2019-11-13T12:08:33","modified_gmt":"2019-11-13T15:08:33","slug":"evento-em-curitiba-debate-inovacao-e-energias-renovaveis","status":"publish","type":"post","link":"https:\/\/www.jornalja.com.br\/ambiente\/evento-em-curitiba-debate-inovacao-e-energias-renovaveis\/","title":{"rendered":"Evento em Curitiba debate inova\u00e7\u00e3o e energias renov\u00e1veis"},"content":{"rendered":"<p style=\"font-weight: 400\">Para incentivar o debate e a busca por solu\u00e7\u00f5es e inova\u00e7\u00f5es em energias renov\u00e1veis, a Confer\u00eancia Smart Energy chega a sua sexta edi\u00e7\u00e3o nos dias 19 e 20 de novembro, no Centro de Eventos da Fiep em Curitiba (PR).<\/p>\n<p style=\"font-weight: 400\">\u201cA confer\u00eancia proporciona a discuss\u00e3o de projetos sobre o setor de energias renov\u00e1veis e inteligentes que est\u00e3o em andamento no cen\u00e1rio nacional e internacional.<\/p>\n<p style=\"font-weight: 400\">Trata-se de uma oportunidade para conhecer os trabalhos que apresentam resultados pr\u00e1ticos, para fomentar e motivar a inser\u00e7\u00e3o dessas tecnologias no setor de energias paranaense e brasileiro\u201d, aponta Jorge Callado, diretor-presidente do Instituto de Tecnologia do Paran\u00e1 (Tecpar), organizador do evento.<\/p>\n<p style=\"font-weight: 400\">O objetivo do evento \u00e9 unir gestores p\u00fablicos, ag\u00eancias e entidades de governo, profissionais do setor el\u00e9trico, empreendedores, startups, consultores, pesquisadores, estudantes e consumidores para debater os temas e problem\u00e1ticas atuais mais relevantes, apresentar os avan\u00e7os e tend\u00eancias tecnol\u00f3gicas, al\u00e9m das oportunidades que o mercado oferece para a inova\u00e7\u00e3o.<\/p>\n<p style=\"font-weight: 400\">\u201c\u00c9 fundamental estimular toda essa intera\u00e7\u00e3o, pois com ela aumenta-se cada vez mais o entendimento da import\u00e2ncia da utiliza\u00e7\u00e3o de fontes renov\u00e1veis para gera\u00e7\u00e3o de energia\u201d, ressalta Celso Kloss, diretor-superintendente da Paran\u00e1 Metrologia, tamb\u00e9m organizadora da Confer\u00eancia Smart Energy.<\/p>\n<p style=\"font-weight: 400\">A programa\u00e7\u00e3o foi baseada em temas que refletem todos os processos e mudan\u00e7as que o setor tem atravessado e a transi\u00e7\u00e3o energ\u00e9tica que est\u00e1 ocorrendo nos \u00faltimos anos, que impactam todo o sistema el\u00e9trico, desde a produ\u00e7\u00e3o at\u00e9 o consumidor final.<\/p>\n<p style=\"font-weight: 400\">O evento conta com sess\u00f5es sobre gest\u00e3o de energia e efici\u00eancia energ\u00e9tica, fontes alternativas, smart grids e microgrids, smart cities, armazenamento de energia e ve\u00edculos el\u00e9tricos.<\/p>\n<p style=\"font-weight: 400\">Entre os assuntos das palestras est\u00e3o o papel das energias renov\u00e1veis na transi\u00e7\u00e3o energ\u00e9tica nas cidades, a\u00e7\u00f5es para dissemina\u00e7\u00e3o dessas energias, a efici\u00eancia energ\u00e9tica na ind\u00fastria, incluindo linhas de financiamento, projetos que promovem a pesquisa e o desenvolvimento de tecnologias inovadoras, os avan\u00e7os na implementa\u00e7\u00e3o de smart grids, cases de sucesso de produ\u00e7\u00e3o de energia a partir de biomassa, o uso do biog\u00e1s e a pol\u00edtica nacional do g\u00e1s natural, o impacto da gera\u00e7\u00e3o distribu\u00edda no sistema de energia, a transforma\u00e7\u00e3o digital das ind\u00fastrias e cidades inteligentes, o futuro da mobilidade el\u00e9trica, entre outras quest\u00f5es apresentadas por especialistas e profissionais do mercado, incluindo a presen\u00e7a do diretor da Ag\u00eancia Nacional de Energia El\u00e9trica (Aneel) e da Associa\u00e7\u00e3o Brasileira das Ag\u00eancias de Regula\u00e7\u00e3o (Abar), Sandoval Feitosa Neto na palestra de abertura.<\/p>\n<p style=\"font-weight: 400\">O coordenador da programa\u00e7\u00e3o cient\u00edfica da Smart Energy, prof. Dr. Alexandre Aoki, explica que alguns temas que ser\u00e3o debatidos s\u00e3o de \u00e1reas em que j\u00e1 h\u00e1 alguns avan\u00e7os, como a\u00a0 gest\u00e3o de energia e efici\u00eancia energ\u00e9tica, impulsionadas pela Copel Distribui\u00e7\u00e3o atrav\u00e9s do Programa de Efici\u00eancia Energ\u00e9tica e a micro e minigera\u00e7\u00e3o distribu\u00edda, que possuem isen\u00e7\u00e3o do ICMS na energia injetada na rede.<\/p>\n<p style=\"font-weight: 400\">As inscri\u00e7\u00f5es podem ser feitas no site\u00a0<a href=\"http:\/\/www.smartenergy.org.br\/ciexpo-2019\/\" data-saferedirecturl=\"http:\/\/www.google.com\/url?q=http:\/\/www.smartenergy.org.br\/ciexpo-2019\/&amp;source=gmail&amp;ust=1573740951912000&amp;usg=AFQjCNFhFJOs2Ihvee5Al80YxYULZFUlHg\">www.smartenergy.org.br\/ciexpo-2019\/<\/a>, onde a programa\u00e7\u00e3o completa tamb\u00e9m est\u00e1 dispon\u00edvel.<\/p>\n<p style=\"font-weight: 400\"><strong>Inova\u00e7\u00e3o e ci\u00eancia<\/strong><\/p>\n<p style=\"font-weight: 400\">Segundo o diretor de Ind\u00fastria e Inova\u00e7\u00e3o do Tecpar, Rafael Rodrigues, o setor ainda tem muito espa\u00e7o para o desenvolvimento de novas tecnologias. \u201cA inova\u00e7\u00e3o no setor el\u00e9trico brasileiro ainda est\u00e1 engatinhando&#8221;.<\/p>\n<p style=\"font-weight: 400\">&#8220;Todo o processo de acelera\u00e7\u00e3o, incuba\u00e7\u00e3o e cria\u00e7\u00e3o de ecossistema de inova\u00e7\u00e3o nessa \u00e1rea come\u00e7ou somente de uns cinco anos para c\u00e1, principalmente, com hackatons dos principais agentes, com aplicabilidade de startups vocacionadas \u00e0s necessidades do setor\u201d, revela.<\/p>\n<p style=\"font-weight: 400\">As lacunas que ainda existem no setor podem ser preenchidas justamente por startups, ajudando a acelerar o processo.<\/p>\n<p style=\"font-weight: 400\">A pesquisa cient\u00edfica \u00e9 um dos suportes da inova\u00e7\u00e3o e novamente ter\u00e1 espa\u00e7o na Smart Energy 2019, com apresenta\u00e7\u00f5es de artigos durante todo o evento.<\/p>\n<p style=\"font-weight: 400\">A energia solar foi o tema mais abordado, segundo o prof. Aoki.<\/p>\n<p style=\"font-weight: 400\">\u201cOs sistemas com armazenamento de energia em baterias, incluindo microrredes, tamb\u00e9m foram bastante abordados. No aspecto pr\u00e1tico, acredito que s\u00e3o \u00e1reas que est\u00e3o demandando mais conhecimentos e estudos no momento, inclusive pelo interesse na aplica\u00e7\u00e3o real desses sistemas. Por outro lado, ainda h\u00e1 lacunas interessantes para pesquisa, desenvolvimento tecnol\u00f3gico e inova\u00e7\u00e3o nessas \u00e1reas\u201d, considera.<\/p>\n<p style=\"font-weight: 400\">A Smart Energy 2019 \u00e9 uma iniciativa do Tecpar, organizada em parceria com a Paran\u00e1 Metrologia, Universidade Federal do Paran\u00e1 (UFPR), Superintend\u00eancia de Ci\u00eancia, Tecnologia e Ensino Superior e demais institui\u00e7\u00f5es que comp\u00f5e o comit\u00ea gestor do projeto Smart Energy Paran\u00e1.<\/p>\n<p style=\"font-weight: 400\">O evento tem o patroc\u00ednio da Federa\u00e7\u00e3o das Ind\u00fastrias do Estado do Paran\u00e1 (Fiep), Funda\u00e7\u00e3o Arauc\u00e1ria, ENGIE Brasil, Itaipu Binacional, Banco Regional de Desenvolvimento do Extremo Sul (BRDE), Klabin, Fomento Paran\u00e1, L8 Energy, Rumo Log\u00edstica, Compagas e Sanepar e apoio da Copel, WEG, Siemens, iCities, Instituto de Engenharia do Paran\u00e1 (IEP), Lactec, Comerc Energia e Ribeiro Solar.<\/p>\n<p style=\"font-weight: 400\">(Com informa\u00e7\u00f5es da Assessoria de Imprensa)<\/p>\n","protected":false},"excerpt":{"rendered":"<p>Para incentivar o debate e a busca por solu\u00e7\u00f5es e inova\u00e7\u00f5es em energias renov\u00e1veis, a Confer\u00eancia Smart Energy chega a sua sexta edi\u00e7\u00e3o nos dias 19 e 20 de novembro, no Centro de Eventos da Fiep em Curitiba (PR). \u201cA confer\u00eancia proporciona a discuss\u00e3o de projetos sobre o setor de energias renov\u00e1veis e inteligentes que [&hellip;]<\/p>\n","protected":false},"author":4,"featured_media":79162,"comment_status":"open","ping_status":"closed","sticky":false,"template":"","format":"standard","meta":{"jetpack_post_was_ever_published":false,"_jetpack_newsletter_access":"","_jetpack_dont_email_post_to_subs":false,"_jetpack_newsletter_tier_id":0,"_jetpack_memberships_contains_paywalled_content":false,"_jetpack_memberships_contains_paid_content":false,"footnotes":"","jetpack_publicize_message":"","jetpack_publicize_feature_enabled":true,"jetpack_social_post_already_shared":true,"jetpack_social_options":{"image_generator_settings":{"template":"highway","default_image_id":0,"font":"","enabled":false},"version":2}},"categories":[4],"tags":[168,12,160,200,186,138,14],"class_list":["post-79161","post","type-post","status-publish","format-standard","has-post-thumbnail","hentry","category-ambiente-geral","tag-brde","tag-energia","tag-energia-solar","tag-fae","tag-geracao-distribuida","tag-governo","tag-solar"],"aioseo_notices":[],"jetpack_publicize_connections":[],"jetpack_featured_media_url":"","jetpack-related-posts":[{"id":82848,"url":"https:\/\/www.jornalja.com.br\/ambiente\/energia-solar-no-brasil-deve-chegar-a-125-gw-quase-uma-itaipu-de-capacidade-instalada\/","url_meta":{"origin":79161,"position":0},"title":"Energia Solar no Brasil deve chegar a 12,5 GW, quase uma Itaipu, de capacidade instalada","author":"da Reda\u00e7\u00e3o","date":"23 de fevereiro de 2021","format":false,"excerpt":"As empresas do setor de energia solar fotovoltaica trabalham com perspectivas otimistas em 2021. Estima-se que o Brasil deve atingir 12,56 gigawatts (GW) de capacidade instalada, o que representa um crescimento de 68% em rela\u00e7\u00e3o \u00e0 pot\u00eancia registrada no final de 2020, de 7,46 GW. Para dar uma ideia: a\u2026","rel":"","context":"Em &quot;Ambiente J\u00c1-MAT\u00c9RIA&quot;","block_context":{"text":"Ambiente J\u00c1-MAT\u00c9RIA","link":"https:\/\/www.jornalja.com.br\/ambiente\/category\/ambiente-geral\/"},"img":{"alt_text":"","src":"https:\/\/i0.wp.com\/www.jornalja.com.br\/ambiente\/wp-content\/uploads\/sites\/3\/2021\/02\/jc-ministro-minas-e-energia-fernando-coelho-inaugura-usina-solar-predio-governo-federal-00211172016-scaled.jpg?resize=350%2C200&ssl=1","width":350,"height":200,"srcset":"https:\/\/i0.wp.com\/www.jornalja.com.br\/ambiente\/wp-content\/uploads\/sites\/3\/2021\/02\/jc-ministro-minas-e-energia-fernando-coelho-inaugura-usina-solar-predio-governo-federal-00211172016-scaled.jpg?resize=350%2C200&ssl=1 1x, https:\/\/i0.wp.com\/www.jornalja.com.br\/ambiente\/wp-content\/uploads\/sites\/3\/2021\/02\/jc-ministro-minas-e-energia-fernando-coelho-inaugura-usina-solar-predio-governo-federal-00211172016-scaled.jpg?resize=525%2C300&ssl=1 1.5x, https:\/\/i0.wp.com\/www.jornalja.com.br\/ambiente\/wp-content\/uploads\/sites\/3\/2021\/02\/jc-ministro-minas-e-energia-fernando-coelho-inaugura-usina-solar-predio-governo-federal-00211172016-scaled.jpg?resize=700%2C400&ssl=1 2x, https:\/\/i0.wp.com\/www.jornalja.com.br\/ambiente\/wp-content\/uploads\/sites\/3\/2021\/02\/jc-ministro-minas-e-energia-fernando-coelho-inaugura-usina-solar-predio-governo-federal-00211172016-scaled.jpg?resize=1050%2C600&ssl=1 3x, https:\/\/i0.wp.com\/www.jornalja.com.br\/ambiente\/wp-content\/uploads\/sites\/3\/2021\/02\/jc-ministro-minas-e-energia-fernando-coelho-inaugura-usina-solar-predio-governo-federal-00211172016-scaled.jpg?resize=1400%2C800&ssl=1 4x"},"classes":[]},{"id":82099,"url":"https:\/\/www.jornalja.com.br\/ambiente\/hidrogenio-verde-barato-e-estavel-para-garantir-a-transicao-energetica\/","url_meta":{"origin":79161,"position":1},"title":"Hidrog\u00eanio verde barato e est\u00e1vel para garantir a transi\u00e7\u00e3o energ\u00e9tica","author":"da Reda\u00e7\u00e3o","date":"16 de junho de 2020","format":false,"excerpt":"Avan\u00e7am os investimentos mundiais em projetos de hidrog\u00eanio verde a partir de fontes de energia renov\u00e1veis (solar fotovoltaica e e\u00f3lica) - Alemanha, Fran\u00e7a, Holanda, \u00c1ustria, Jap\u00e3o, Austr\u00e1lia, Canad\u00e1, China, Reino Unido e Estados Unidos. O Alemanha anunciou o plano de investir \u20ac 9 bilh\u00f5es at\u00e9 2030 no desenvolvimento da tecnologia\u2026","rel":"","context":"Em &quot;Ambiente J\u00c1-MAT\u00c9RIA&quot;","block_context":{"text":"Ambiente J\u00c1-MAT\u00c9RIA","link":"https:\/\/www.jornalja.com.br\/ambiente\/category\/ambiente-geral\/"},"img":{"alt_text":"","src":"","width":0,"height":0},"classes":[]},{"id":79322,"url":"https:\/\/www.jornalja.com.br\/ambiente\/mudancas-na-geracao-na-distribuicao-e-no-consumo-caracterizam-revolucao-da-energia\/","url_meta":{"origin":79161,"position":2},"title":"Mudan\u00e7as na gera\u00e7\u00e3o, na distribui\u00e7\u00e3o e no consumo caracterizam revolu\u00e7\u00e3o da energia","author":"Elmar Bones","date":"20 de novembro de 2019","format":false,"excerpt":"Um painel amplo da revolu\u00e7\u00e3o que est\u00e1 em andamento no mercado de energia\u00a0 pode ser visto no Congresso Smart Energy Paran\u00e1, nestas ter\u00e7a e quarta em Curitiba. Duas dezenas de palestrantes e projetos de inova\u00e7\u00e3o passaram pelo palco no audit\u00f3rio da FIEP. Foram ouvidas por cerca de 200 pessoas -\u2026","rel":"","context":"Em &quot;Ambiente J\u00c1-MAT\u00c9RIA&quot;","block_context":{"text":"Ambiente J\u00c1-MAT\u00c9RIA","link":"https:\/\/www.jornalja.com.br\/ambiente\/category\/ambiente-geral\/"},"img":{"alt_text":"","src":"","width":0,"height":0},"classes":[]},{"id":85540,"url":"https:\/\/www.jornalja.com.br\/ambiente\/transicao-energetica-por-hidrogenio-verde-avanca-no-rio-grande-do-sul\/","url_meta":{"origin":79161,"position":3},"title":"Transi\u00e7\u00e3o energ\u00e9tica por Hidrog\u00eanio Verde avan\u00e7a no Rio Grande do Sul","author":"S\u00e9rgio Lagranha","date":"2 de abril de 2025","format":false,"excerpt":"A transi\u00e7\u00e3o energ\u00e9tica atrav\u00e9s do Hidrog\u00eanio Verde (H2V) est\u00e1 avan\u00e7ando no Rio Grande do Sul. Produzido principalmente por meio da eletr\u00f3lise da \u00e1gua, \u00e9 um processo que separa as mol\u00e9culas de hidrog\u00eanio (H\u2082) e oxig\u00eanio (O\u2082) utilizando eletricidade. Para que o hidrog\u00eanio seja considerado \"verde\", a eletricidade usada nesse processo\u2026","rel":"","context":"Em &quot;Ambiente J\u00c1-MAT\u00c9RIA&quot;","block_context":{"text":"Ambiente J\u00c1-MAT\u00c9RIA","link":"https:\/\/www.jornalja.com.br\/ambiente\/category\/ambiente-geral\/"},"img":{"alt_text":"","src":"https:\/\/i0.wp.com\/www.jornalja.com.br\/ambiente\/wp-content\/uploads\/sites\/3\/2025\/04\/20250402-170240-rotated.jpg?resize=350%2C200&ssl=1","width":350,"height":200,"srcset":"https:\/\/i0.wp.com\/www.jornalja.com.br\/ambiente\/wp-content\/uploads\/sites\/3\/2025\/04\/20250402-170240-rotated.jpg?resize=350%2C200&ssl=1 1x, https:\/\/i0.wp.com\/www.jornalja.com.br\/ambiente\/wp-content\/uploads\/sites\/3\/2025\/04\/20250402-170240-rotated.jpg?resize=525%2C300&ssl=1 1.5x, https:\/\/i0.wp.com\/www.jornalja.com.br\/ambiente\/wp-content\/uploads\/sites\/3\/2025\/04\/20250402-170240-rotated.jpg?resize=700%2C400&ssl=1 2x, https:\/\/i0.wp.com\/www.jornalja.com.br\/ambiente\/wp-content\/uploads\/sites\/3\/2025\/04\/20250402-170240-rotated.jpg?resize=1050%2C600&ssl=1 3x, https:\/\/i0.wp.com\/www.jornalja.com.br\/ambiente\/wp-content\/uploads\/sites\/3\/2025\/04\/20250402-170240-rotated.jpg?resize=1400%2C800&ssl=1 4x"},"classes":[]},{"id":79772,"url":"https:\/\/www.jornalja.com.br\/ambiente\/energia-solar-geracao-distribuida-reduz-custo-do-sistema-eletrico\/","url_meta":{"origin":79161,"position":4},"title":"Energia Solar: gera\u00e7\u00e3o distribu\u00edda reduz custo do sistema el\u00e9trico","author":"da Reda\u00e7\u00e3o","date":"5 de dezembro de 2019","format":false,"excerpt":"O professor do Departamento de Economia da Universidade da Calif\u00f3rnia (UCLA), Rodrigo Pinto, apresentou em audi\u00eancia p\u00fablica na Comiss\u00e3o de Assuntos Econ\u00f4micos (CAE), do Senado Federal, um c\u00e1culo mostrando que a produ\u00e7\u00e3o de energia solar em forma de gera\u00e7\u00e3o distribu\u00edda gerou, apenas no m\u00eas de novembro, redu\u00e7\u00e3o de custo da\u2026","rel":"","context":"Em &quot;Ambiente J\u00c1-MAT\u00c9RIA&quot;","block_context":{"text":"Ambiente J\u00c1-MAT\u00c9RIA","link":"https:\/\/www.jornalja.com.br\/ambiente\/category\/ambiente-geral\/"},"img":{"alt_text":"","src":"","width":0,"height":0},"classes":[]},{"id":79598,"url":"https:\/\/www.jornalja.com.br\/ambiente\/credito-alavanca-investimentos-em-energias-renovaveis\/","url_meta":{"origin":79161,"position":5},"title":"Cr\u00e9dito alavanca investimentos em energias renov\u00e1veis","author":"da Reda\u00e7\u00e3o","date":"29 de novembro de 2019","format":false,"excerpt":"O\u00a0 Fundo Clima, linha de cr\u00e9dito do Banco Mundial, repassada no Brasil pelo BNDES, est\u00e1 na origem da expans\u00e3o geom\u00e9trica de projetos de energia e\u00f3lica e solar, nos \u00faltimos cinco anos. Com juros de 3,4% ao ano, \u00e9 um cr\u00e9dito para pequenos projetos, com limite de valores para pessoas jur\u00eddicas:\u2026","rel":"","context":"Em &quot;Ambiente J\u00c1-MAT\u00c9RIA&quot;","block_context":{"text":"Ambiente J\u00c1-MAT\u00c9RIA","link":"https:\/\/www.jornalja.com.br\/ambiente\/category\/ambiente-geral\/"},"img":{"alt_text":"","src":"","width":0,"height":0},"classes":[]}],"jetpack_shortlink":"https:\/\/wp.me\/pbKnZo-kAN","jetpack_sharing_enabled":false,"_links":{"self":[{"href":"https:\/\/www.jornalja.com.br\/ambiente\/wp-json\/wp\/v2\/posts\/79161","targetHints":{"allow":["GET"]}}],"collection":[{"href":"https:\/\/www.jornalja.com.br\/ambiente\/wp-json\/wp\/v2\/posts"}],"about":[{"href":"https:\/\/www.jornalja.com.br\/ambiente\/wp-json\/wp\/v2\/types\/post"}],"author":[{"embeddable":true,"href":"https:\/\/www.jornalja.com.br\/ambiente\/wp-json\/wp\/v2\/users\/4"}],"replies":[{"embeddable":true,"href":"https:\/\/www.jornalja.com.br\/ambiente\/wp-json\/wp\/v2\/comments?post=79161"}],"version-history":[{"count":0,"href":"https:\/\/www.jornalja.com.br\/ambiente\/wp-json\/wp\/v2\/posts\/79161\/revisions"}],"wp:featuredmedia":[{"embeddable":true,"href":"https:\/\/www.jornalja.com.br\/ambiente\/wp-json\/"}],"wp:attachment":[{"href":"https:\/\/www.jornalja.com.br\/ambiente\/wp-json\/wp\/v2\/media?parent=79161"}],"wp:term":[{"taxonomy":"category","embeddable":true,"href":"https:\/\/www.jornalja.com.br\/ambiente\/wp-json\/wp\/v2\/categories?post=79161"},{"taxonomy":"post_tag","embeddable":true,"href":"https:\/\/www.jornalja.com.br\/ambiente\/wp-json\/wp\/v2\/tags?post=79161"}],"curies":[{"name":"wp","href":"https:\/\/api.w.org\/{rel}","templated":true}]}}