{"id":79295,"date":"2019-11-19T12:08:23","date_gmt":"2019-11-19T15:08:23","guid":{"rendered":"https:\/\/www.jornalja.com.br\/?p=79295"},"modified":"2019-11-19T12:08:23","modified_gmt":"2019-11-19T15:08:23","slug":"aneel-prorroga-prazo-da-consulta-publica-sobre-geracao-de-energia-distribuida","status":"publish","type":"post","link":"https:\/\/www.jornalja.com.br\/ambiente\/aneel-prorroga-prazo-da-consulta-publica-sobre-geracao-de-energia-distribuida\/","title":{"rendered":"Aneel prorroga prazo da consulta p\u00fablica sobre gera\u00e7\u00e3o de energia distribu\u00edda"},"content":{"rendered":"<p>A Aneel (Ag\u00eancia Nacional de Energia El\u00e9trica), reguladora do setor el\u00e9trico,\u00a0 prorrogou por mais 30 dias o prazo da consulta p\u00fablica da revis\u00e3o das regras da micro e mini gera\u00e7\u00e3o distribu\u00edda. Basicamente, atinge a gera\u00e7\u00e3o de energia solar. O prazo anterior da consulta se encerraria no dia 30 de novembro, agora ser\u00e1 30 de dezembro.<br \/>\nA prorroga\u00e7\u00e3o do prazo por mais 30 dias foi proposta nesta ter\u00e7a-feira, 19, pelo diretor da Aneel Rodrigo Limp, relator do tema, e aprovada pelos demais diretores na Reuni\u00e3o P\u00fablica Ordin\u00e1ria da diretoria colegiada da ag\u00eancia.<br \/>\nA proposta da Aneel\u00a0 prev\u00ea a revis\u00e3o dos subs\u00eddios no atual sistema de compensa\u00e7\u00e3o da energia injetada na rede por consumidores que produzem a pr\u00f3pria energia. Ela estabelece um per\u00edodo de transi\u00e7\u00e3o para\u00a0 instala\u00e7\u00f5es j\u00e1 existentes ou com autoriza\u00e7\u00e3o de acesso \u00e0 rede de distribui\u00e7\u00e3o at\u00e9 a mudan\u00e7a da norma.<br \/>\nPara novos sistemas de gera\u00e7\u00e3o que atendam consumidores remotos, a\u00a0 tarifa de uso da rede seria cobrada em sua totalidade j\u00e1 a partir de 2020. Para os novos sistemas de microgera\u00e7\u00e3o local, parte desse custo seria cobrado no ano que vem, e a totalidade quando a capacidade instalada atingir determinado patamar dentro da \u00e1rea da concess\u00e3o de cada distribuidora.<br \/>\nOs interessados em participar da consulta p\u00fablica devem encaminhar suas contribui\u00e7\u00f5es ao e-mail <a href=\"mailto:cp025_2019@aneel.gov.br\">cp025_2019@aneel.gov.br<\/a>\u00a0ou por correspond\u00eancia para o endere\u00e7o da ANEEL: SGAN, Quadra 603, M\u00f3dulo I, T\u00e9rreo, Protocolo Geral, CEP: 70830-110), em Bras\u00edlia-DF.<br \/>\n<em>(Fonte: Aneel)<\/em><\/p>\n","protected":false},"excerpt":{"rendered":"<p>A Aneel (Ag\u00eancia Nacional de Energia El\u00e9trica), reguladora do setor el\u00e9trico,\u00a0 prorrogou por mais 30 dias o prazo da consulta p\u00fablica da revis\u00e3o das regras da micro e mini gera\u00e7\u00e3o distribu\u00edda. Basicamente, atinge a gera\u00e7\u00e3o de energia solar. O prazo anterior da consulta se encerraria no dia 30 de novembro, agora ser\u00e1 30 de dezembro. [&hellip;]<\/p>\n","protected":false},"author":4,"featured_media":79296,"comment_status":"open","ping_status":"closed","sticky":false,"template":"","format":"standard","meta":{"jetpack_post_was_ever_published":false,"_jetpack_newsletter_access":"","_jetpack_dont_email_post_to_subs":false,"_jetpack_newsletter_tier_id":0,"_jetpack_memberships_contains_paywalled_content":false,"_jetpack_memberships_contains_paid_content":false,"footnotes":"","jetpack_publicize_message":"","jetpack_publicize_feature_enabled":true,"jetpack_social_post_already_shared":true,"jetpack_social_options":{"image_generator_settings":{"template":"highway","default_image_id":0,"font":"","enabled":false},"version":2}},"categories":[4],"tags":[12,160,186,14],"class_list":["post-79295","post","type-post","status-publish","format-standard","has-post-thumbnail","hentry","category-ambiente-geral","tag-energia","tag-energia-solar","tag-geracao-distribuida","tag-solar"],"aioseo_notices":[],"jetpack_publicize_connections":[],"jetpack_featured_media_url":"","jetpack-related-posts":[{"id":78808,"url":"https:\/\/www.jornalja.com.br\/ambiente\/aneel-recua-no-plano-de-taxar-energia-solar-para-contratos-ja-em-vigor\/","url_meta":{"origin":79295,"position":0},"title":"Aneel recua no plano de taxar energia solar para contratos j\u00e1 em vigor","author":"da Reda\u00e7\u00e3o","date":"1 de novembro de 2019","format":false,"excerpt":"A rea\u00e7\u00e3o foi tamanha que a Ag\u00eancia Nacional de Energia El\u00e9trica (Aneel) j\u00e1 cogita deixar como est\u00e3o as regras para a gera\u00e7\u00e3o distribu\u00edda de energia el\u00e9trica. A ag\u00eancia abriu dia 29 uma consulta p\u00fablica sobre retirada de subs\u00eddios e taxa\u00e7\u00e3o, que atinge principalmente a gera\u00e7\u00e3o de energia solar fotovoltaica. A\u2026","rel":"","context":"Em &quot;Ambiente J\u00c1-MAT\u00c9RIA&quot;","block_context":{"text":"Ambiente J\u00c1-MAT\u00c9RIA","link":"https:\/\/www.jornalja.com.br\/ambiente\/category\/ambiente-geral\/"},"img":{"alt_text":"","src":"","width":0,"height":0},"classes":[]},{"id":79772,"url":"https:\/\/www.jornalja.com.br\/ambiente\/energia-solar-geracao-distribuida-reduz-custo-do-sistema-eletrico\/","url_meta":{"origin":79295,"position":1},"title":"Energia Solar: gera\u00e7\u00e3o distribu\u00edda reduz custo do sistema el\u00e9trico","author":"da Reda\u00e7\u00e3o","date":"5 de dezembro de 2019","format":false,"excerpt":"O professor do Departamento de Economia da Universidade da Calif\u00f3rnia (UCLA), Rodrigo Pinto, apresentou em audi\u00eancia p\u00fablica na Comiss\u00e3o de Assuntos Econ\u00f4micos (CAE), do Senado Federal, um c\u00e1culo mostrando que a produ\u00e7\u00e3o de energia solar em forma de gera\u00e7\u00e3o distribu\u00edda gerou, apenas no m\u00eas de novembro, redu\u00e7\u00e3o de custo da\u2026","rel":"","context":"Em &quot;Ambiente J\u00c1-MAT\u00c9RIA&quot;","block_context":{"text":"Ambiente J\u00c1-MAT\u00c9RIA","link":"https:\/\/www.jornalja.com.br\/ambiente\/category\/ambiente-geral\/"},"img":{"alt_text":"","src":"","width":0,"height":0},"classes":[]},{"id":80172,"url":"https:\/\/www.jornalja.com.br\/ambiente\/energia-solar-geracao-distribuida-traz-economia-nao-custos\/","url_meta":{"origin":79295,"position":2},"title":"Energia solar: gera\u00e7\u00e3o distribu\u00edda traz economia, n\u00e3o custos","author":"da Reda\u00e7\u00e3o","date":"26 de dezembro de 2019","format":false,"excerpt":"Nota em resposta \u00e0s afirma\u00e7\u00f5es do diretor-geral da Aneel de que o incentivo \u00e0 energia solar gera aumento nas contas de luz: \"Ao contr\u00e1rio do que afirmou o diretor-geral da Aneel, Andr\u00e9 Pepitone em recente entrevista ao G1, o setor de energia solar no Brasil gera redu\u00e7\u00e3o de custos para\u2026","rel":"","context":"Em &quot;Ambiente J\u00c1-MAT\u00c9RIA&quot;","block_context":{"text":"Ambiente J\u00c1-MAT\u00c9RIA","link":"https:\/\/www.jornalja.com.br\/ambiente\/category\/ambiente-geral\/"},"img":{"alt_text":"","src":"","width":0,"height":0},"classes":[]},{"id":78899,"url":"https:\/\/www.jornalja.com.br\/ambiente\/associacao-afirma-que-mudar-regras-para-energia-solar-agora-e-prematuro\/","url_meta":{"origin":79295,"position":3},"title":"Associa\u00e7\u00e3o alerta que mudar regras para energia solar \u00e9 prematuro","author":"da Reda\u00e7\u00e3o","date":"4 de novembro de 2019","format":false,"excerpt":"As mudan\u00e7as na resolu\u00e7\u00e3o da gera\u00e7\u00e3o distribu\u00edda no Brasil, propostas pela Ag\u00eancia Nacional de Energia El\u00e9trica (Aneel) para 2020, s\u00e3o extremamente prematuras diante do atual cen\u00e1rio brasileiro da modalidade, em compara\u00e7\u00e3o com as experi\u00eancias internacionais ao redor mundo. A avalia\u00e7\u00e3o \u00e9 da Associa\u00e7\u00e3o Brasileira de Energia Solar Fotovoltaica (Absolar). Segundo\u2026","rel":"","context":"Em &quot;Ambiente J\u00c1-MAT\u00c9RIA&quot;","block_context":{"text":"Ambiente J\u00c1-MAT\u00c9RIA","link":"https:\/\/www.jornalja.com.br\/ambiente\/category\/ambiente-geral\/"},"img":{"alt_text":"","src":"","width":0,"height":0},"classes":[]},{"id":78438,"url":"https:\/\/www.jornalja.com.br\/ambiente\/eolica-e-solar-representam-um-terco-da-energia-comprada-no-leilao-da-aneel\/","url_meta":{"origin":79295,"position":4},"title":"E\u00f3lica e solar representam um ter\u00e7o da energia contratada no leil\u00e3o da Aneel","author":"da Reda\u00e7\u00e3o","date":"20 de outubro de 2019","format":false,"excerpt":"Contratos de R$ 44 bilh\u00f5es foram firmados na sexta-feira, 18, no leil\u00e3o da Ag\u00eancia de Energia El\u00e9trica, envolvendo projetos que v\u00e3o acrescentar ao sistema el\u00e9trico brasileiro cerca de 1,7 mil megawatts para atender \u00e0 demanda a partir de 2025. A maioria, quase a metade dos 91 projetos contratados, s\u00e3o de\u2026","rel":"","context":"Em &quot;Ambiente J\u00c1-MAT\u00c9RIA&quot;","block_context":{"text":"Ambiente J\u00c1-MAT\u00c9RIA","link":"https:\/\/www.jornalja.com.br\/ambiente\/category\/ambiente-geral\/"},"img":{"alt_text":"","src":"","width":0,"height":0},"classes":[]},{"id":79161,"url":"https:\/\/www.jornalja.com.br\/ambiente\/evento-em-curitiba-debate-inovacao-e-energias-renovaveis\/","url_meta":{"origin":79295,"position":5},"title":"Evento em Curitiba debate inova\u00e7\u00e3o e energias renov\u00e1veis","author":"da Reda\u00e7\u00e3o","date":"13 de novembro de 2019","format":false,"excerpt":"Para incentivar o debate e a busca por solu\u00e7\u00f5es e inova\u00e7\u00f5es em energias renov\u00e1veis, a Confer\u00eancia Smart Energy chega a sua sexta edi\u00e7\u00e3o nos dias 19 e 20 de novembro, no Centro de Eventos da Fiep em Curitiba (PR). \u201cA confer\u00eancia proporciona a discuss\u00e3o de projetos sobre o setor de\u2026","rel":"","context":"Em &quot;Ambiente J\u00c1-MAT\u00c9RIA&quot;","block_context":{"text":"Ambiente J\u00c1-MAT\u00c9RIA","link":"https:\/\/www.jornalja.com.br\/ambiente\/category\/ambiente-geral\/"},"img":{"alt_text":"","src":"","width":0,"height":0},"classes":[]}],"jetpack_shortlink":"https:\/\/wp.me\/pbKnZo-kCX","jetpack_sharing_enabled":true,"_links":{"self":[{"href":"https:\/\/www.jornalja.com.br\/ambiente\/wp-json\/wp\/v2\/posts\/79295","targetHints":{"allow":["GET"]}}],"collection":[{"href":"https:\/\/www.jornalja.com.br\/ambiente\/wp-json\/wp\/v2\/posts"}],"about":[{"href":"https:\/\/www.jornalja.com.br\/ambiente\/wp-json\/wp\/v2\/types\/post"}],"author":[{"embeddable":true,"href":"https:\/\/www.jornalja.com.br\/ambiente\/wp-json\/wp\/v2\/users\/4"}],"replies":[{"embeddable":true,"href":"https:\/\/www.jornalja.com.br\/ambiente\/wp-json\/wp\/v2\/comments?post=79295"}],"version-history":[{"count":0,"href":"https:\/\/www.jornalja.com.br\/ambiente\/wp-json\/wp\/v2\/posts\/79295\/revisions"}],"wp:featuredmedia":[{"embeddable":true,"href":"https:\/\/www.jornalja.com.br\/ambiente\/wp-json\/"}],"wp:attachment":[{"href":"https:\/\/www.jornalja.com.br\/ambiente\/wp-json\/wp\/v2\/media?parent=79295"}],"wp:term":[{"taxonomy":"category","embeddable":true,"href":"https:\/\/www.jornalja.com.br\/ambiente\/wp-json\/wp\/v2\/categories?post=79295"},{"taxonomy":"post_tag","embeddable":true,"href":"https:\/\/www.jornalja.com.br\/ambiente\/wp-json\/wp\/v2\/tags?post=79295"}],"curies":[{"name":"wp","href":"https:\/\/api.w.org\/{rel}","templated":true}]}}