{"id":79531,"date":"2019-11-27T21:05:35","date_gmt":"2019-11-28T00:05:35","guid":{"rendered":"https:\/\/www.jornalja.com.br\/?p=79531"},"modified":"2019-11-27T21:05:35","modified_gmt":"2019-11-28T00:05:35","slug":"china-corta-subsidios-para-energia-limpa-e-prioriza-o-carvao","status":"publish","type":"post","link":"https:\/\/www.jornalja.com.br\/ambiente\/china-corta-subsidios-para-energia-limpa-e-prioriza-o-carvao\/","title":{"rendered":"China corta subs\u00eddios para energia limpa e prioriza o carv\u00e3o"},"content":{"rendered":"<p>Depois de ter superado suas metas em energias renov\u00e1veis, a China muda o planejamento energ\u00e9tico para o pa\u00eds.<br \/>\nOs subs\u00eddios para energia solar, que duraram mais de uma d\u00e9cada, foram cortados em 2018, e os incentivos para energia e\u00f3lica sendo reduzidos. O crescimento desordenado fez o governo recuar.<br \/>\nNo m\u00eas passado o primeiro-ministro chin\u00eas, Li Keqiang, disse que o carv\u00e3o \u00e9 \u00e1rea priorit\u00e1ria.<br \/>\nA China \u00e9 o maior produtor mundial. De 60% a 70% da energia consumida na China v\u00eam de usinas a carv\u00e3o mineral, e novas usinas vem sendo constru\u00eddas.<br \/>\nAs\u00a0 pol\u00edticas para as energias renov\u00e1veis incluem s\u00f3 construir mais solar e e\u00f3lica se o pre\u00e7o da energia puder competir com o carv\u00e3o.<br \/>\nO investimento chin\u00eas em energia limpa no primeiro semestre deste ano foi 39% menor que no mesmo per\u00edodo de 2018.<br \/>\nA realidade come\u00e7ou a mudar h\u00e1 dois anos. Caiu de\u00a0 76 bilh\u00f5es de d\u00f3lares no primeiro semestre de 2017 para 29 bilh\u00f5es de d\u00f3lares no primeiro semestre deste ano. Os dados est\u00e3o no relat\u00f3rio da Bloomberg New Energy Finance divulgado esta semana.<br \/>\nA chinesa Yingli Solar, que j\u00e1 foi a maior fabricante de pain\u00e9is solares do mundo em 2012 e 2013, com exporta\u00e7\u00f5es para todos os continentes, est\u00e1 insolvente. Teve vinte mil funcion\u00e1rios, hoje s\u00e3o seis mil.<br \/>\nA crise j\u00e1 ficou evidente em 2016, quando n\u00e3o conseguiu pagar um empr\u00e9stimo de 270 milh\u00f5es de d\u00f3lares. Endividada, n\u00e3o resistiu \u00e0 queda dos pre\u00e7os dos pain\u00e9is. Os cortes recentes do governo chin\u00eas s\u00f3 agravaram o problema.<br \/>\nEm 2018, a Yingli foi exclu\u00edda da Bolsa de Valores de Nova York. Sua capitaliza\u00e7\u00e3o j\u00e1 n\u00e3o alcan\u00e7ava o limite m\u00ednimo de 50 milh\u00f5es de d\u00f3lares para participar. A sede da Yingli fica em Baoding, a cidade mais polu\u00edda do pa\u00eds. Por sediar muitos fabricantes de pain\u00e9is solares, intitulou-se Vale da Energia.<br \/>\n(Fonte: Bloomberg\/Financial Times\/Valor)<br \/>\n&nbsp;<\/p>\n","protected":false},"excerpt":{"rendered":"<p>Depois de ter superado suas metas em energias renov\u00e1veis, a China muda o planejamento energ\u00e9tico para o pa\u00eds. Os subs\u00eddios para energia solar, que duraram mais de uma d\u00e9cada, foram cortados em 2018, e os incentivos para energia e\u00f3lica sendo reduzidos. O crescimento desordenado fez o governo recuar. No m\u00eas passado o primeiro-ministro chin\u00eas, Li [&hellip;]<\/p>\n","protected":false},"author":4,"featured_media":79533,"comment_status":"open","ping_status":"closed","sticky":false,"template":"","format":"standard","meta":{"jetpack_post_was_ever_published":false,"_jetpack_newsletter_access":"","_jetpack_dont_email_post_to_subs":false,"_jetpack_newsletter_tier_id":0,"_jetpack_memberships_contains_paywalled_content":false,"_jetpack_memberships_contains_paid_content":false,"footnotes":"","jetpack_publicize_message":"","jetpack_publicize_feature_enabled":true,"jetpack_social_post_already_shared":true,"jetpack_social_options":{"image_generator_settings":{"template":"highway","default_image_id":0,"font":"","enabled":false},"version":2}},"categories":[4],"tags":[40,12,160,13,138,147,141,205,14],"class_list":["post-79531","post","type-post","status-publish","format-standard","has-post-thumbnail","hentry","category-ambiente-geral","tag-carvao","tag-energia","tag-energia-solar","tag-eolica","tag-governo","tag-pet","tag-rios","tag-sema","tag-solar"],"aioseo_notices":[],"jetpack_publicize_connections":[],"jetpack_featured_media_url":"","jetpack-related-posts":[{"id":85336,"url":"https:\/\/www.jornalja.com.br\/ambiente\/relatorio-ganhou-manchete-china-dispara-em-energia-solar-e-eolica\/","url_meta":{"origin":79531,"position":0},"title":"Relat\u00f3rio ganhou manchete: China dispara em energia solar e e\u00f3lica","author":"da Reda\u00e7\u00e3o","date":"11 de julho de 2024","format":false,"excerpt":"O Guardian destaca, nesta quinta-feira, um relat\u00f3rio da Global Energy Monitor (GEM) sobre a expans\u00e3o das energias e\u00f3lica e solar ao redor do mundo. Chama aten\u00e7\u00e3o a posi\u00e7\u00e3o da China que tem, segundo a pesquisa, 180 gigawatts (GW) de energia solar em constru\u00e7\u00e3o e 15 GW de energia e\u00f3lica. \"Isso\u2026","rel":"","context":"Em &quot;Ambiente J\u00c1-MAT\u00c9RIA&quot;","block_context":{"text":"Ambiente J\u00c1-MAT\u00c9RIA","link":"https:\/\/www.jornalja.com.br\/ambiente\/category\/ambiente-geral\/"},"img":{"alt_text":"","src":"https:\/\/i0.wp.com\/www.jornalja.com.br\/ambiente\/wp-content\/uploads\/sites\/3\/2024\/07\/china-e-a-energia-solar.png?resize=350%2C200&ssl=1","width":350,"height":200,"srcset":"https:\/\/i0.wp.com\/www.jornalja.com.br\/ambiente\/wp-content\/uploads\/sites\/3\/2024\/07\/china-e-a-energia-solar.png?resize=350%2C200&ssl=1 1x, https:\/\/i0.wp.com\/www.jornalja.com.br\/ambiente\/wp-content\/uploads\/sites\/3\/2024\/07\/china-e-a-energia-solar.png?resize=525%2C300&ssl=1 1.5x, https:\/\/i0.wp.com\/www.jornalja.com.br\/ambiente\/wp-content\/uploads\/sites\/3\/2024\/07\/china-e-a-energia-solar.png?resize=700%2C400&ssl=1 2x"},"classes":[]},{"id":80925,"url":"https:\/\/www.jornalja.com.br\/ambiente\/japao-planeja-construir-22-usinas-a-carvao\/","url_meta":{"origin":79531,"position":1},"title":"Jap\u00e3o planeja construir 22 usinas a carv\u00e3o","author":"da Reda\u00e7\u00e3o","date":"4 de fevereiro de 2020","format":false,"excerpt":"Do New York Times \u00c9 uma conseq\u00fc\u00eancia n\u00e3o intencional do desastre nuclear de Fukushima h\u00e1 quase uma d\u00e9cada, que for\u00e7ou o Jap\u00e3o a encerrar seu programa de energia nuclear. O Jap\u00e3o agora planeja construir at\u00e9 22 novas usinas de queima de carv\u00e3o - uma das fontes mais sujas de eletricidade\u2026","rel":"","context":"Em &quot;Ambiente J\u00c1-MAT\u00c9RIA&quot;","block_context":{"text":"Ambiente J\u00c1-MAT\u00c9RIA","link":"https:\/\/www.jornalja.com.br\/ambiente\/category\/ambiente-geral\/"},"img":{"alt_text":"","src":"https:\/\/i0.wp.com\/www.jornalja.com.br\/ambiente\/wp-content\/uploads\/sites\/3\/2020\/02\/Usinas-a-carv%C3%A3o-no-Jap%C3%A3o-Foto-de-Noriko-Hayashi-para-o-New-York-Times.jpg?resize=350%2C200&ssl=1","width":350,"height":200,"srcset":"https:\/\/i0.wp.com\/www.jornalja.com.br\/ambiente\/wp-content\/uploads\/sites\/3\/2020\/02\/Usinas-a-carv%C3%A3o-no-Jap%C3%A3o-Foto-de-Noriko-Hayashi-para-o-New-York-Times.jpg?resize=350%2C200&ssl=1 1x, https:\/\/i0.wp.com\/www.jornalja.com.br\/ambiente\/wp-content\/uploads\/sites\/3\/2020\/02\/Usinas-a-carv%C3%A3o-no-Jap%C3%A3o-Foto-de-Noriko-Hayashi-para-o-New-York-Times.jpg?resize=525%2C300&ssl=1 1.5x, https:\/\/i0.wp.com\/www.jornalja.com.br\/ambiente\/wp-content\/uploads\/sites\/3\/2020\/02\/Usinas-a-carv%C3%A3o-no-Jap%C3%A3o-Foto-de-Noriko-Hayashi-para-o-New-York-Times.jpg?resize=700%2C400&ssl=1 2x, https:\/\/i0.wp.com\/www.jornalja.com.br\/ambiente\/wp-content\/uploads\/sites\/3\/2020\/02\/Usinas-a-carv%C3%A3o-no-Jap%C3%A3o-Foto-de-Noriko-Hayashi-para-o-New-York-Times.jpg?resize=1050%2C600&ssl=1 3x"},"classes":[]},{"id":81313,"url":"https:\/\/www.jornalja.com.br\/ambiente\/china-retoma-producao-de-carvao-1274-minas-ja-voltaram-a-operacao-normal\/","url_meta":{"origin":79531,"position":2},"title":"China retoma produ\u00e7\u00e3o de carv\u00e3o; 1274 minas j\u00e1 voltaram \u00e0 opera\u00e7\u00e3o normal","author":"da Reda\u00e7\u00e3o","date":"19 de fevereiro de 2020","format":false,"excerpt":"A China retomou 70,2% da sua capacidade de produ\u00e7\u00e3o de carv\u00e3o, que foi reduzida por causa da epidemia do novo coronav\u00edrus, informou hoje a Administra\u00e7\u00e3o Nacional de Energia (ANE). Desde a segunda-feira, 1.274 minas em todo o pa\u00eds haviam retomado a produ\u00e7\u00e3o,\u00a0 atingindo 7,12 milh\u00f5es de toneladas por dia, ultrapassando\u2026","rel":"","context":"Em &quot;Ambiente J\u00c1-MAT\u00c9RIA&quot;","block_context":{"text":"Ambiente J\u00c1-MAT\u00c9RIA","link":"https:\/\/www.jornalja.com.br\/ambiente\/category\/ambiente-geral\/"},"img":{"alt_text":"","src":"https:\/\/i0.wp.com\/www.jornalja.com.br\/ambiente\/wp-content\/uploads\/sites\/3\/2020\/02\/Coronavirus-governo-estimula-retomada-da-produ%C3%A7%C3%A3o.jpg?resize=350%2C200&ssl=1","width":350,"height":200,"srcset":"https:\/\/i0.wp.com\/www.jornalja.com.br\/ambiente\/wp-content\/uploads\/sites\/3\/2020\/02\/Coronavirus-governo-estimula-retomada-da-produ%C3%A7%C3%A3o.jpg?resize=350%2C200&ssl=1 1x, https:\/\/i0.wp.com\/www.jornalja.com.br\/ambiente\/wp-content\/uploads\/sites\/3\/2020\/02\/Coronavirus-governo-estimula-retomada-da-produ%C3%A7%C3%A3o.jpg?resize=525%2C300&ssl=1 1.5x, https:\/\/i0.wp.com\/www.jornalja.com.br\/ambiente\/wp-content\/uploads\/sites\/3\/2020\/02\/Coronavirus-governo-estimula-retomada-da-produ%C3%A7%C3%A3o.jpg?resize=700%2C400&ssl=1 2x"},"classes":[]},{"id":82099,"url":"https:\/\/www.jornalja.com.br\/ambiente\/hidrogenio-verde-barato-e-estavel-para-garantir-a-transicao-energetica\/","url_meta":{"origin":79531,"position":3},"title":"Hidrog\u00eanio verde barato e est\u00e1vel para garantir a transi\u00e7\u00e3o energ\u00e9tica","author":"da Reda\u00e7\u00e3o","date":"16 de junho de 2020","format":false,"excerpt":"Avan\u00e7am os investimentos mundiais em projetos de hidrog\u00eanio verde a partir de fontes de energia renov\u00e1veis (solar fotovoltaica e e\u00f3lica) - Alemanha, Fran\u00e7a, Holanda, \u00c1ustria, Jap\u00e3o, Austr\u00e1lia, Canad\u00e1, China, Reino Unido e Estados Unidos. O Alemanha anunciou o plano de investir \u20ac 9 bilh\u00f5es at\u00e9 2030 no desenvolvimento da tecnologia\u2026","rel":"","context":"Em &quot;Ambiente J\u00c1-MAT\u00c9RIA&quot;","block_context":{"text":"Ambiente J\u00c1-MAT\u00c9RIA","link":"https:\/\/www.jornalja.com.br\/ambiente\/category\/ambiente-geral\/"},"img":{"alt_text":"","src":"","width":0,"height":0},"classes":[]},{"id":79690,"url":"https:\/\/www.jornalja.com.br\/ambiente\/china-anuncia-estacao-de-energia-solar-no-espaco-ate-2035\/","url_meta":{"origin":79531,"position":4},"title":"China anuncia esta\u00e7\u00e3o de energia solar no espa\u00e7o at\u00e9 2035","author":"da Reda\u00e7\u00e3o","date":"2 de dezembro de 2019","format":false,"excerpt":"A China planeja construir at\u00e9 2035 uma esta\u00e7\u00e3o de energia solar de 200 MW,\u00a0 no espa\u00e7o, de acordo com a Academia Chinesa de Tecnologia Espacial (ACTE). O projeto est\u00e1 em estudos desde 2008 e est\u00e3o previstos os primeiros testes em 2025. A instala\u00e7\u00e3o capturar\u00e1 a energia solar que nunca atinge\u2026","rel":"","context":"Em &quot;Ambiente J\u00c1-MAT\u00c9RIA&quot;","block_context":{"text":"Ambiente J\u00c1-MAT\u00c9RIA","link":"https:\/\/www.jornalja.com.br\/ambiente\/category\/ambiente-geral\/"},"img":{"alt_text":"","src":"","width":0,"height":0},"classes":[]},{"id":82147,"url":"https:\/\/www.jornalja.com.br\/ambiente\/uma-itaipu-movida-a-vento-brasil-completa-16gw-de-energia-eolica\/","url_meta":{"origin":79531,"position":5},"title":"Uma Itaipu movida a vento: Brasil completa 16 GW de energia e\u00f3lica","author":"da Reda\u00e7\u00e3o","date":"23 de junho de 2020","format":false,"excerpt":"Cleber Dioni Tentardini Os parques e\u00f3licos em funcionamento no Brasil garantiram a marca de 16 Gigawatts de capacidade instalada de energia e\u00f3lica, pot\u00eancia superior \u00e0 produ\u00e7\u00e3o da Usina Hidrel\u00e9trica de Itaipu, que \u00e9 de 14 GW. Desde o ano passado, a energia e\u00f3lica \u00e9 a segunda fonte da matriz el\u00e9trica\u2026","rel":"","context":"Em &quot;Ambiente J\u00c1-MAT\u00c9RIA&quot;","block_context":{"text":"Ambiente J\u00c1-MAT\u00c9RIA","link":"https:\/\/www.jornalja.com.br\/ambiente\/category\/ambiente-geral\/"},"img":{"alt_text":"","src":"https:\/\/i0.wp.com\/www.jornalja.com.br\/ambiente\/wp-content\/uploads\/sites\/3\/2020\/06\/Foto-Nelio-Chatarina-Pinto_Divulga%C3%A7%C3%A3o-DSC02908-scaled.jpg?resize=350%2C200&ssl=1","width":350,"height":200,"srcset":"https:\/\/i0.wp.com\/www.jornalja.com.br\/ambiente\/wp-content\/uploads\/sites\/3\/2020\/06\/Foto-Nelio-Chatarina-Pinto_Divulga%C3%A7%C3%A3o-DSC02908-scaled.jpg?resize=350%2C200&ssl=1 1x, https:\/\/i0.wp.com\/www.jornalja.com.br\/ambiente\/wp-content\/uploads\/sites\/3\/2020\/06\/Foto-Nelio-Chatarina-Pinto_Divulga%C3%A7%C3%A3o-DSC02908-scaled.jpg?resize=525%2C300&ssl=1 1.5x, https:\/\/i0.wp.com\/www.jornalja.com.br\/ambiente\/wp-content\/uploads\/sites\/3\/2020\/06\/Foto-Nelio-Chatarina-Pinto_Divulga%C3%A7%C3%A3o-DSC02908-scaled.jpg?resize=700%2C400&ssl=1 2x"},"classes":[]}],"jetpack_shortlink":"https:\/\/wp.me\/pbKnZo-kGL","jetpack_sharing_enabled":true,"_links":{"self":[{"href":"https:\/\/www.jornalja.com.br\/ambiente\/wp-json\/wp\/v2\/posts\/79531","targetHints":{"allow":["GET"]}}],"collection":[{"href":"https:\/\/www.jornalja.com.br\/ambiente\/wp-json\/wp\/v2\/posts"}],"about":[{"href":"https:\/\/www.jornalja.com.br\/ambiente\/wp-json\/wp\/v2\/types\/post"}],"author":[{"embeddable":true,"href":"https:\/\/www.jornalja.com.br\/ambiente\/wp-json\/wp\/v2\/users\/4"}],"replies":[{"embeddable":true,"href":"https:\/\/www.jornalja.com.br\/ambiente\/wp-json\/wp\/v2\/comments?post=79531"}],"version-history":[{"count":0,"href":"https:\/\/www.jornalja.com.br\/ambiente\/wp-json\/wp\/v2\/posts\/79531\/revisions"}],"wp:featuredmedia":[{"embeddable":true,"href":"https:\/\/www.jornalja.com.br\/ambiente\/wp-json\/"}],"wp:attachment":[{"href":"https:\/\/www.jornalja.com.br\/ambiente\/wp-json\/wp\/v2\/media?parent=79531"}],"wp:term":[{"taxonomy":"category","embeddable":true,"href":"https:\/\/www.jornalja.com.br\/ambiente\/wp-json\/wp\/v2\/categories?post=79531"},{"taxonomy":"post_tag","embeddable":true,"href":"https:\/\/www.jornalja.com.br\/ambiente\/wp-json\/wp\/v2\/tags?post=79531"}],"curies":[{"name":"wp","href":"https:\/\/api.w.org\/{rel}","templated":true}]}}