{"id":79613,"date":"2019-11-29T17:21:08","date_gmt":"2019-11-29T20:21:08","guid":{"rendered":"https:\/\/www.jornalja.com.br\/?p=79613"},"modified":"2019-11-29T17:21:08","modified_gmt":"2019-11-29T20:21:08","slug":"oleo-que-aparece-em-praias-do-rio-nao-e-o-mesmo-que-atingiu-o-nordeste","status":"publish","type":"post","link":"https:\/\/www.jornalja.com.br\/ambiente\/oleo-que-aparece-em-praias-do-rio-nao-e-o-mesmo-que-atingiu-o-nordeste\/","title":{"rendered":"\u00d3leo que aparece em praias do Rio n\u00e3o \u00e9 o mesmo que atingiu o Nordeste"},"content":{"rendered":"<p>Os pequenos fragmentos de \u00f3leo encontrados nas praias das Conchas e do Per\u00f3, em Cabo Frio, na Regi\u00e3o dos Lagos, no Rio de Janeiro, n\u00e3o s\u00e3o compat\u00edveis com os que apareceram em praias do Nordeste.<br \/>\nA informa\u00e7\u00e3o foi dada nesta sexta-feira (29) pelo secret\u00e1rio de Meio Ambiente de Cabo Frio, M\u00e1rio Fl\u00e1vio, com base em laudo da Marinha.<br \/>\nSegundo M\u00e1rio Fl\u00e1vio, o material, encontrado na tarde de quinta-feira (28), foi recolhido por agentes da guarda marinha ambiental do munic\u00edpio, e encaminhado para a Capitania dos Portos, que levou para an\u00e1lise na Marinha.<br \/>\nDe acordo com o secret\u00e1rio, os fragmentos de \u00f3leo podem ser de um vazamento ocorrido em abril ap\u00f3s um incidente em uma plataforma da Petrobras na Bacia de Campos.<br \/>\nO \u00f3leo teria ficado nos cost\u00f5es e agora teria se soltado devido a ressaca do mar em Cabo Frio. A prefeitura anunciou, em nota, que nesta sexta-feira n\u00e3o foram encontrados mais fragmentos.<br \/>\nAgora, conforme explicou, a Petrobras ser\u00e1 acionada para um posicionamento.<br \/>\nM\u00e1rio Fl\u00e1vio destacou que a prefeitura de Cabo Frio, junto com o Inea e a Marinha mant\u00eam um plano de conting\u00eancia para garantir a preserva\u00e7\u00e3o das praias da Regi\u00e3o dos Lagos caso o \u00f3leo que atingiu o Nordeste chegue no litoral norte do estado.<br \/>\nDesde agosto, manchas de \u00f3leo bruto est\u00e3o chegando em praias da regi\u00e3o Nordeste.<br \/>\nDe acordo com o Ibama, o Instituto Brasileiro do Meio Ambiente e dos Recursos Naturais Renov\u00e1veis, atualmente o \u00f3leo j\u00e1 afetou 803 localidades em 126 munic\u00edpios.<br \/>\nA origem do produto ainda n\u00e3o foi identificada.<br \/>\n&nbsp;<\/p>\n","protected":false},"excerpt":{"rendered":"<p>Os pequenos fragmentos de \u00f3leo encontrados nas praias das Conchas e do Per\u00f3, em Cabo Frio, na Regi\u00e3o dos Lagos, no Rio de Janeiro, n\u00e3o s\u00e3o compat\u00edveis com os que apareceram em praias do Nordeste. A informa\u00e7\u00e3o foi dada nesta sexta-feira (29) pelo secret\u00e1rio de Meio Ambiente de Cabo Frio, M\u00e1rio Fl\u00e1vio, com base em [&hellip;]<\/p>\n","protected":false},"author":4,"featured_media":79621,"comment_status":"open","ping_status":"closed","sticky":false,"template":"","format":"standard","meta":{"jetpack_post_was_ever_published":false,"_jetpack_newsletter_access":"","_jetpack_dont_email_post_to_subs":false,"_jetpack_newsletter_tier_id":0,"_jetpack_memberships_contains_paywalled_content":false,"_jetpack_memberships_contains_paid_content":false,"footnotes":"","jetpack_publicize_message":"","jetpack_publicize_feature_enabled":true,"jetpack_social_post_already_shared":true,"jetpack_social_options":{"image_generator_settings":{"template":"highway","default_image_id":0,"font":"","enabled":false},"version":2}},"categories":[4],"tags":[16,177,52,178,147,179,58],"class_list":["post-79613","post","type-post","status-publish","format-standard","has-post-thumbnail","hentry","category-ambiente-geral","tag-ambiente","tag-cabo-frio","tag-meio-ambiente","tag-oleo-nas-praias","tag-pet","tag-petrobras","tag-prefeitura"],"aioseo_notices":[],"jetpack_publicize_connections":[],"jetpack_featured_media_url":"","jetpack-related-posts":[{"id":78521,"url":"https:\/\/www.jornalja.com.br\/ambiente\/derrame-de-oleo-toma-proporcoes-de-calamidade-900-toneladas-recolhidas\/","url_meta":{"origin":79613,"position":0},"title":"Derrame de \u00f3leo toma propor\u00e7\u00f5es de calamidade: 900 toneladas recolhidas","author":"da Reda\u00e7\u00e3o","date":"22 de outubro de 2019","format":false,"excerpt":"A Marinha informou que, at\u00e9 esta segunda-feira (21), foram recolhidas 900 toneladas de res\u00edduos de \u00f3leo cru nas praias do Nordeste. Segundo o Instituto Brasileiro do Meio Ambiente e dos Recursos Naturais Renov\u00e1veis (Ibama), 72 munic\u00edpios de nove estados tiveram suas praias afetadas pelo material. A Marinha informou no domingo\u2026","rel":"","context":"Em &quot;Ambiente J\u00c1-MAT\u00c9RIA&quot;","block_context":{"text":"Ambiente J\u00c1-MAT\u00c9RIA","link":"https:\/\/www.jornalja.com.br\/ambiente\/category\/ambiente-geral\/"},"img":{"alt_text":"","src":"","width":0,"height":0},"classes":[]},{"id":77995,"url":"https:\/\/www.jornalja.com.br\/ambiente\/petroleiros-podem-ter-despejado-o-oleo-que-ja-atinge-115-praias-no-nordeste\/","url_meta":{"origin":79613,"position":1},"title":"Navios podem ter despejado \u00f3leo que j\u00e1 atinge 115 praias no Nordeste","author":"da Reda\u00e7\u00e3o","date":"2 de outubro de 2019","format":false,"excerpt":"J\u00e1 s\u00e3o 115\u00a0 as localidades atingidas por manchas de \u00f3leo em 55 munic\u00edpios de oito Estados do Nordeste, segundo o \u00faltimo balan\u00e7o do Ibama. Dessas localidades, 26 j\u00e1 est\u00e3o livres de \u00f3leo na areia. Na maior parte dos locais a limpeza ocorreu de forma natural, com o efeito das mar\u00e9s\u2026","rel":"","context":"Em &quot;Ambiente J\u00c1-MAT\u00c9RIA&quot;","block_context":{"text":"Ambiente J\u00c1-MAT\u00c9RIA","link":"https:\/\/www.jornalja.com.br\/ambiente\/category\/ambiente-geral\/"},"img":{"alt_text":"","src":"","width":0,"height":0},"classes":[]},{"id":79357,"url":"https:\/\/www.jornalja.com.br\/ambiente\/balanco-do-ibama-aponta-720-praias-atingidas-por-mancha-de-oleo\/","url_meta":{"origin":79613,"position":2},"title":"Balan\u00e7o do Ibama aponta 720 praias atingidas por mancha de \u00f3leo","author":"da Reda\u00e7\u00e3o","date":"22 de novembro de 2019","format":false,"excerpt":"As manchas de \u00f3leo que contaminam o litoral brasileiro desde o final de agosto chegaram a\u00a0720 localidades. \u00c9 o que revela o \u00faltimo levantamento do Instituto Brasileiro do Meio Ambiente e dos Recursos Naturais Renov\u00e1veis (Ibama), divulgado nesta quinta-feira (21). Esse n\u00famero indica que mais de 70% dos munic\u00edpios do\u2026","rel":"","context":"Em &quot;Ambiente J\u00c1-MAT\u00c9RIA&quot;","block_context":{"text":"Ambiente J\u00c1-MAT\u00c9RIA","link":"https:\/\/www.jornalja.com.br\/ambiente\/category\/ambiente-geral\/"},"img":{"alt_text":"","src":"","width":0,"height":0},"classes":[]},{"id":77879,"url":"https:\/\/www.jornalja.com.br\/ambiente\/oleo-cru-de-origem-desconhecida-polui-praias-em-53-cidades-do-nordeste\/","url_meta":{"origin":79613,"position":3},"title":"\u00d3leo que polui praias em oito Estados vem do exterior, segundo a Petrobras","author":"da Reda\u00e7\u00e3o","date":"29 de setembro de 2019","format":false,"excerpt":"Pesquisadores ainda n\u00e3o chegaram a uma conclus\u00e3o sobre a origem do \u00f3leo cru que j\u00e1 atinge praias de 53 cidades do Nordeste, desde o in\u00edcio deste m\u00eas. Segundo o Ibama, que monitora a situa\u00e7\u00e3o desde o in\u00edcio de setembro, 112 localidades em oito estados foram afetadas pela mancha. No nordeste,\u2026","rel":"","context":"Em &quot;Ambiente J\u00c1-MAT\u00c9RIA&quot;","block_context":{"text":"Ambiente J\u00c1-MAT\u00c9RIA","link":"https:\/\/www.jornalja.com.br\/ambiente\/category\/ambiente-geral\/"},"img":{"alt_text":"","src":"","width":0,"height":0},"classes":[]},{"id":78169,"url":"https:\/\/www.jornalja.com.br\/ambiente\/nao-ha-sinais-de-que-esteja-retrocedendo-diz-presidente-da-petrobras\/","url_meta":{"origin":79613,"position":4},"title":"&quot;N\u00e3o h\u00e1 sinais de que esteja retrocedendo&quot;, diz presidente da Petrobras","author":"da Reda\u00e7\u00e3o","date":"8 de outubro de 2019","format":false,"excerpt":"A Petrobras j\u00e1 recolheu 133 toneladas de res\u00edduos contaminados pela mancha de \u00f3leo de origem indeterminada que atinge diversas praias do Nordeste. Segundo o Instituto Brasileiro do Meio Ambiente e dos Recursos Naturais Renov\u00e1veis (Ibama), o material oleoso \u00e9 petr\u00f3leo cru que, desde o dia 2 de setembro, se espalhou\u2026","rel":"","context":"Em &quot;Ambiente J\u00c1-MAT\u00c9RIA&quot;","block_context":{"text":"Ambiente J\u00c1-MAT\u00c9RIA","link":"https:\/\/www.jornalja.com.br\/ambiente\/category\/ambiente-geral\/"},"img":{"alt_text":"","src":"","width":0,"height":0},"classes":[]},{"id":78581,"url":"https:\/\/www.jornalja.com.br\/ambiente\/greenpeace-protesta-em-brasilia-com-cenario-de-praia-suja-de-oleo\/","url_meta":{"origin":79613,"position":5},"title":"Greenpeace protesta em Bras\u00edlia com cen\u00e1rio de praia suja de \u00f3leo","author":"da Reda\u00e7\u00e3o","date":"23 de outubro de 2019","format":false,"excerpt":"Ativistas da organiza\u00e7\u00e3o Greenpeace protestaram hoje (23), em Bras\u00edlia, contra a neglig\u00eancia do governo federal em rela\u00e7\u00e3o ao maior desastre ambiental no litoral brasileiro: o \u00f3leo cru que se espalha pelas praias de nove estados do Nordeste.\u00a0At\u00e9 agora, o Minist\u00e9rio do Meio Ambiente desconhece as origens do \u00f3leo. \"Tampouco tem\u2026","rel":"","context":"Em &quot;Ambiente J\u00c1-MAT\u00c9RIA&quot;","block_context":{"text":"Ambiente J\u00c1-MAT\u00c9RIA","link":"https:\/\/www.jornalja.com.br\/ambiente\/category\/ambiente-geral\/"},"img":{"alt_text":"","src":"","width":0,"height":0},"classes":[]}],"jetpack_shortlink":"https:\/\/wp.me\/pbKnZo-kI5","jetpack_sharing_enabled":true,"_links":{"self":[{"href":"https:\/\/www.jornalja.com.br\/ambiente\/wp-json\/wp\/v2\/posts\/79613","targetHints":{"allow":["GET"]}}],"collection":[{"href":"https:\/\/www.jornalja.com.br\/ambiente\/wp-json\/wp\/v2\/posts"}],"about":[{"href":"https:\/\/www.jornalja.com.br\/ambiente\/wp-json\/wp\/v2\/types\/post"}],"author":[{"embeddable":true,"href":"https:\/\/www.jornalja.com.br\/ambiente\/wp-json\/wp\/v2\/users\/4"}],"replies":[{"embeddable":true,"href":"https:\/\/www.jornalja.com.br\/ambiente\/wp-json\/wp\/v2\/comments?post=79613"}],"version-history":[{"count":0,"href":"https:\/\/www.jornalja.com.br\/ambiente\/wp-json\/wp\/v2\/posts\/79613\/revisions"}],"wp:featuredmedia":[{"embeddable":true,"href":"https:\/\/www.jornalja.com.br\/ambiente\/wp-json\/"}],"wp:attachment":[{"href":"https:\/\/www.jornalja.com.br\/ambiente\/wp-json\/wp\/v2\/media?parent=79613"}],"wp:term":[{"taxonomy":"category","embeddable":true,"href":"https:\/\/www.jornalja.com.br\/ambiente\/wp-json\/wp\/v2\/categories?post=79613"},{"taxonomy":"post_tag","embeddable":true,"href":"https:\/\/www.jornalja.com.br\/ambiente\/wp-json\/wp\/v2\/tags?post=79613"}],"curies":[{"name":"wp","href":"https:\/\/api.w.org\/{rel}","templated":true}]}}