{"id":79849,"date":"2019-12-10T00:44:43","date_gmt":"2019-12-10T03:44:43","guid":{"rendered":"https:\/\/www.jornalja.com.br\/?p=79849"},"modified":"2019-12-10T00:44:43","modified_gmt":"2019-12-10T03:44:43","slug":"depois-de-tres-guajajaras-mortos-moro-autoriza-forca-nacional-de-seguranca","status":"publish","type":"post","link":"https:\/\/www.jornalja.com.br\/ambiente\/depois-de-tres-guajajaras-mortos-moro-autoriza-forca-nacional-de-seguranca\/","title":{"rendered":"Depois de tr\u00eas guajajaras mortos, Moro autoriza For\u00e7a Nacional de Seguran\u00e7a"},"content":{"rendered":"<p>O ministro S\u00e9rgio Moro autorizou\u00a0 nesta segunda-feira,9, o envio da For\u00e7a Nacional de Seguran\u00e7a P\u00fablica em apoio \u00e0 Funai, nas a\u00e7\u00f5es de seguran\u00e7a p\u00fablica, na Terra Ind\u00edgena Cana Brava Guajajara, no Maranh\u00e3o.<br \/>\nNo s\u00e1bado, dois ind\u00edgenas da etnia guajajara foram assassinados \u00e0s margens da BR-226, no munic\u00edpio de Jenipapo das Vieiras.<br \/>\nSegundo a Pol\u00edcia Rodovi\u00e1ria Federal (PRF) os tiros partiram de um autom\u00f3vel.<br \/>\nRaimundo e Firmino Guajajara morreram no local. Outras quatro pessoas ficaram feridas. O crime ocorreu por volta de 12h30 \u00e0s margens da rodovia BR-226, entre as aldeias Boa Vista e El Betel, a 506 quil\u00f4metros ao sul da capital S\u00e3o Lu\u00eds.<br \/>\nJ\u00e1 s\u00e3o tr\u00eas ind\u00edgenas Guajajara foram assasinados neste ano. No come\u00e7o de novembro, o l\u00edder Paulino Guajajara, de 26 anos, foi assassinado na terra Arariboia Terra Ind\u00edgena Arariboia enquanto ca\u00e7ava.<br \/>\nSegundo a portaria do Minist\u00e9rio da Justi\u00e7a, a For\u00e7a Nacional ficar\u00e1 na \u00e1rea por 90 dias, a contar desta ter\u00e7a-feira, dia 10, para garantir a integridade f\u00edsica e moral dos povos ind\u00edgenas, dos servidores da Funai e dos n\u00e3o \u00edndios, da regi\u00e3o.<br \/>\nGil Rodrigues, do Conselho Indigenista Mission\u00e1rio, no Maranh\u00e3o, afirma que a tens\u00e3o na \u00e1rea \u00e9 constante.<br \/>\nDe acordo com a Funai, integrantes da For\u00e7a Nacional e da Pol\u00edcia Federal j\u00e1 est\u00e3o sendo mobilizados para a regi\u00e3o. Acrescentou que apesar do clima de consterna\u00e7\u00e3o entre os ind\u00edgenas, a situa\u00e7\u00e3o \u00e9 considerada calma.<br \/>\nOs corpos dos caciques Firmino Silvino Guajajara e Raimundo Bernice Guajajara foram enterrados nesta segunda-feira, dia 9.<br \/>\n&nbsp;<\/p>\n","protected":false},"excerpt":{"rendered":"<p>O ministro S\u00e9rgio Moro autorizou\u00a0 nesta segunda-feira,9, o envio da For\u00e7a Nacional de Seguran\u00e7a P\u00fablica em apoio \u00e0 Funai, nas a\u00e7\u00f5es de seguran\u00e7a p\u00fablica, na Terra Ind\u00edgena Cana Brava Guajajara, no Maranh\u00e3o. No s\u00e1bado, dois ind\u00edgenas da etnia guajajara foram assassinados \u00e0s margens da BR-226, no munic\u00edpio de Jenipapo das Vieiras. Segundo a Pol\u00edcia Rodovi\u00e1ria [&hellip;]<\/p>\n","protected":false},"author":4,"featured_media":79850,"comment_status":"open","ping_status":"closed","sticky":false,"template":"","format":"standard","meta":{"jetpack_post_was_ever_published":false,"_jetpack_newsletter_access":"","_jetpack_dont_email_post_to_subs":false,"_jetpack_newsletter_tier_id":0,"_jetpack_memberships_contains_paywalled_content":false,"_jetpack_memberships_contains_paid_content":false,"footnotes":"","jetpack_publicize_message":"","jetpack_publicize_feature_enabled":true,"jetpack_social_post_already_shared":true,"jetpack_social_options":{"image_generator_settings":{"template":"highway","default_image_id":0,"font":"","enabled":false},"version":2}},"categories":[4],"tags":[180,181,139,120,182,212],"class_list":["post-79849","post","type-post","status-publish","format-standard","has-post-thumbnail","hentry","category-ambiente-geral","tag-forca-nacional","tag-guajajaras","tag-indigenas","tag-indios","tag-moro","tag-policia-federal"],"aioseo_notices":[],"jetpack_publicize_connections":[],"jetpack_featured_media_url":"","jetpack-related-posts":[{"id":81879,"url":"https:\/\/www.jornalja.com.br\/ambiente\/mais-uma-lideranca-indigena-assassinada-no-maranhao\/","url_meta":{"origin":79849,"position":0},"title":"Mais uma lideran\u00e7a ind\u00edgena assassinada no Maranh\u00e3o","author":"da Reda\u00e7\u00e3o","date":"1 de abril de 2020","format":false,"excerpt":"Um professor da rede p\u00fablica que denunciava invas\u00f5es e extra\u00e7\u00e3o ilegal de madeira da Terra Ind\u00edgena Arariboia, no Maranh\u00e3o, foi morto a tiros nesta ter\u00e7a-feira, 31. Zezico Rodrigues Guajajara era diretor do Centro de Educa\u00e7\u00e3o Escolar Ind\u00edgena Azuru e vivia na aldeia Zut\u00edua, a cerca de 270 quil\u00f4metros de Imperatriz\u2026","rel":"","context":"Em &quot;Ambiente J\u00c1-MAT\u00c9RIA&quot;","block_context":{"text":"Ambiente J\u00c1-MAT\u00c9RIA","link":"https:\/\/www.jornalja.com.br\/ambiente\/category\/ambiente-geral\/"},"img":{"alt_text":"","src":"","width":0,"height":0},"classes":[]},{"id":77326,"url":"https:\/\/www.jornalja.com.br\/ambiente\/indigenista-que-defendia-com-tribos-isoladas-foi-assassinado-na-amazonia\/","url_meta":{"origin":79849,"position":1},"title":"Indigenista que defendia tribos isoladas na Amaz\u00f4nia foi assassinado","author":"da Reda\u00e7\u00e3o","date":"11 de setembro de 2019","format":false,"excerpt":"A Reuters informou que o indigenista Maxciel Pereira dos Santos foi assassinado\u00a0na frente de seus familiares no munic\u00edpio deTabatinga,\u00a0pr\u00f3ximo da fronteira da\u00a0Amaz\u00f4nia\u00a0brasileira com a Col\u00f4mbia e o Peru. O fato teria ocorrido domingo, segundo a Indigenistas Associados (INA), associa\u00e7\u00e3o de servidores da Funda\u00e7\u00e3o Nacional do \u00cdndio (Funai). Santos foi assassinado\u2026","rel":"","context":"Em &quot;Ambiente J\u00c1-MAT\u00c9RIA&quot;","block_context":{"text":"Ambiente J\u00c1-MAT\u00c9RIA","link":"https:\/\/www.jornalja.com.br\/ambiente\/category\/ambiente-geral\/"},"img":{"alt_text":"","src":"","width":0,"height":0},"classes":[]},{"id":83393,"url":"https:\/\/www.jornalja.com.br\/ambiente\/justica-autoriza-forca-nacional-para-combater-crimes-ambientais-na-amazonia\/","url_meta":{"origin":79849,"position":2},"title":"Justi\u00e7a autoriza For\u00e7a Nacional para combater crimes ambientais na Amaz\u00f4nia","author":"da Reda\u00e7\u00e3o","date":"3 de setembro de 2021","format":false,"excerpt":"O Minist\u00e9rio da Justi\u00e7a e Seguran\u00e7a P\u00fablica autorizou o emprego de agentes da For\u00e7a Nacional de Seguran\u00e7a P\u00fablica nos combates a queimadas e inc\u00eandios florestais no Amazonas e em Mato Grosso. Duas portarias, publicadas no Di\u00e1rio Oficial da Uni\u00e3o de hoje (3), estabelecem que os agentes empregados nas a\u00e7\u00f5es atuar\u00e3o\u2026","rel":"","context":"Em &quot;Ambiente J\u00c1-NOTAS&quot;","block_context":{"text":"Ambiente J\u00c1-NOTAS","link":"https:\/\/www.jornalja.com.br\/ambiente\/category\/notas-ambiente-ja\/"},"img":{"alt_text":"","src":"","width":0,"height":0},"classes":[]},{"id":75816,"url":"https:\/\/www.jornalja.com.br\/ambiente\/policia-federal-investiga-a-morte-de-cacique-na-reserva-dos-waiapi\/","url_meta":{"origin":79849,"position":3},"title":"Pol\u00edcia Federal investiga a morte de cacique na reserva dos Waj\u00e3pi","author":"da Reda\u00e7\u00e3o","date":"30 de julho de 2019","format":false,"excerpt":"O porta-voz da Presid\u00eancia da Rep\u00fablica, Ot\u00e1vio R\u00eago Barros, disse hoje (29) que n\u00e3o h\u00e1 evid\u00eancias de atua\u00e7\u00e3o de garimpeiros na \u00e1rea do povo Wai\u00e3pi, no Amap\u00e1. Uma equipe da Policia Federal est\u00e1 na \u00e1rea desde s\u00e1bado. Os ind\u00edgenas denunciam a presen\u00e7a de invasores armados, que teriam assassinado o chefe\u2026","rel":"","context":"Em &quot;Ambiente J\u00c1-MAT\u00c9RIA&quot;","block_context":{"text":"Ambiente J\u00c1-MAT\u00c9RIA","link":"https:\/\/www.jornalja.com.br\/ambiente\/category\/ambiente-geral\/"},"img":{"alt_text":"","src":"","width":0,"height":0},"classes":[]},{"id":75915,"url":"https:\/\/www.jornalja.com.br\/ambiente\/investigadores-nao-tem-pistas-sobre-morte-do-cacique-wajapi-corpo-sera-exumado\/","url_meta":{"origin":79849,"position":4},"title":"Investigadores n\u00e3o tem pistas sobre morte do cacique Waj\u00e3pi; corpo ser\u00e1 exumado","author":"da Reda\u00e7\u00e3o","date":"2 de agosto de 2019","format":false,"excerpt":"Os dois procuradores que conduzem as investiga\u00e7\u00f5es sobre a morte do cacique Emyra Waj\u00e3pi, no Amap\u00e1, Rodolfo Lopes e Joaquim Cabral, se reuniram na sede do Minist\u00e9rio P\u00fablico Federal com o vereador Jawaruwa Waj\u00e3pi e o ind\u00edgena Japu Waj\u00e3pi. Os ind\u00edgenas contaram como foi a morte do cacique e tamb\u00e9m\u2026","rel":"","context":"Em &quot;Ambiente J\u00c1-MAT\u00c9RIA&quot;","block_context":{"text":"Ambiente J\u00c1-MAT\u00c9RIA","link":"https:\/\/www.jornalja.com.br\/ambiente\/category\/ambiente-geral\/"},"img":{"alt_text":"","src":"","width":0,"height":0},"classes":[]},{"id":84633,"url":"https:\/\/www.jornalja.com.br\/ambiente\/amazonia-dez-garimpos-ilegais-destruidos-e-r-45-milhoes-em-multas\/","url_meta":{"origin":79849,"position":5},"title":"Amaz\u00f4nia: dez garimpos ilegais destru\u00eddos e R$ 4,5 milh\u00f5es em multas","author":"da Reda\u00e7\u00e3o","date":"12 de junho de 2023","format":false,"excerpt":"Dez garimpos ilegais destru\u00eddos e R$ 4,5 milh\u00f5es em multas aplicadas. Esse \u00e9 o saldo de 17 dias de atua\u00e7\u00e3o da For\u00e7a-Tarefa de Seguran\u00e7a P\u00fablica Ambiental na Floresta Nacional de Urupadi, localizada em Mau\u00e9s (AM), na regi\u00e3o sul do Amazonas, a cerca de 267 quil\u00f4metros de Manaus. Composta por agentes\u2026","rel":"","context":"Em &quot;Ambiente J\u00c1-MAT\u00c9RIA&quot;","block_context":{"text":"Ambiente J\u00c1-MAT\u00c9RIA","link":"https:\/\/www.jornalja.com.br\/ambiente\/category\/ambiente-geral\/"},"img":{"alt_text":"","src":"https:\/\/i0.wp.com\/www.jornalja.com.br\/ambiente\/wp-content\/uploads\/sites\/3\/2023\/06\/amazonia-acao-contra-garimpos-ilegais.jpeg?resize=350%2C200&ssl=1","width":350,"height":200},"classes":[]}],"jetpack_shortlink":"https:\/\/wp.me\/pbKnZo-kLT","jetpack_sharing_enabled":true,"_links":{"self":[{"href":"https:\/\/www.jornalja.com.br\/ambiente\/wp-json\/wp\/v2\/posts\/79849","targetHints":{"allow":["GET"]}}],"collection":[{"href":"https:\/\/www.jornalja.com.br\/ambiente\/wp-json\/wp\/v2\/posts"}],"about":[{"href":"https:\/\/www.jornalja.com.br\/ambiente\/wp-json\/wp\/v2\/types\/post"}],"author":[{"embeddable":true,"href":"https:\/\/www.jornalja.com.br\/ambiente\/wp-json\/wp\/v2\/users\/4"}],"replies":[{"embeddable":true,"href":"https:\/\/www.jornalja.com.br\/ambiente\/wp-json\/wp\/v2\/comments?post=79849"}],"version-history":[{"count":0,"href":"https:\/\/www.jornalja.com.br\/ambiente\/wp-json\/wp\/v2\/posts\/79849\/revisions"}],"wp:featuredmedia":[{"embeddable":true,"href":"https:\/\/www.jornalja.com.br\/ambiente\/wp-json\/"}],"wp:attachment":[{"href":"https:\/\/www.jornalja.com.br\/ambiente\/wp-json\/wp\/v2\/media?parent=79849"}],"wp:term":[{"taxonomy":"category","embeddable":true,"href":"https:\/\/www.jornalja.com.br\/ambiente\/wp-json\/wp\/v2\/categories?post=79849"},{"taxonomy":"post_tag","embeddable":true,"href":"https:\/\/www.jornalja.com.br\/ambiente\/wp-json\/wp\/v2\/tags?post=79849"}],"curies":[{"name":"wp","href":"https:\/\/api.w.org\/{rel}","templated":true}]}}