{"id":80172,"date":"2019-12-26T11:37:06","date_gmt":"2019-12-26T14:37:06","guid":{"rendered":"https:\/\/www.jornalja.com.br\/?p=80172"},"modified":"2019-12-26T11:37:06","modified_gmt":"2019-12-26T14:37:06","slug":"energia-solar-geracao-distribuida-traz-economia-nao-custos","status":"publish","type":"post","link":"https:\/\/www.jornalja.com.br\/ambiente\/energia-solar-geracao-distribuida-traz-economia-nao-custos\/","title":{"rendered":"Energia solar: gera\u00e7\u00e3o distribu\u00edda traz economia, n\u00e3o custos"},"content":{"rendered":"<p>Nota em resposta \u00e0s afirma\u00e7\u00f5es do diretor-geral da Aneel de que o incentivo \u00e0 energia solar gera aumento nas contas de luz:<br \/>\n&#8220;Ao contr\u00e1rio do que afirmou o diretor-geral da Aneel, Andr\u00e9 Pepitone em recente entrevista ao G1, o setor de energia solar no Brasil gera redu\u00e7\u00e3o de custos para o sistema, n\u00e3o sendo um dos principais respons\u00e1veis pelo aumento das contas de luz.<br \/>\nSegundo estimativas realizadas pelo professor do Departamento de Economia da Universidade da Calif\u00f3rnia (UCLA), Rodrigo Pinto, a produ\u00e7\u00e3o de energia solar em forma de gera\u00e7\u00e3o distribu\u00edda foi respons\u00e1vel, apenas no m\u00eas de novembro, pela diminui\u00e7\u00e3o no custo da ordem de R$ 66 milh\u00f5es para o sistema el\u00e9trico brasileiro.<br \/>\n\u201cEsta argumenta\u00e7\u00e3o cria confus\u00e3o no entendimento do papel do produtor solar no mercado de energia el\u00e9trica, pois ele n\u00e3o recebe subs\u00eddio algum. Simplesmente efetua uma troca de energia que permite que a distribuidora substitua o fluxo de energia de um per\u00edodo de alta demanda para um per\u00edodo de baixa demanda\u201d, explica Rodrigo.<br \/>\nImportante ressaltar que, desde o in\u00edcio da operacionaliza\u00e7\u00e3o da gera\u00e7\u00e3o distribu\u00edda no Pa\u00eds, j\u00e1 foram investidos R$ 7 bilh\u00f5es e criados mais de 100 mil empregos diretos. O c\u00e1lculo de impacto na economia de consumo \u00e9 da ordem de R$ 1,5 bilh\u00e3o ao ano, al\u00e9m da previs\u00e3o da cria\u00e7\u00e3o de 600 mil novos empregos at\u00e9 2035, segundo estimativas das entidades representativas.<br \/>\nApesar dos n\u00fameros que sinalizam crescimento, a gera\u00e7\u00e3o distribu\u00edda representa hoje apenas 1% da gera\u00e7\u00e3o de energia no pa\u00eds. Atualmente, o Brasil possui 127 mil sistemas de microgera\u00e7\u00e3o distribu\u00edda fotovoltaica, equivalentes a 0,2% dos 84,1 milh\u00f5es de consumidores cativos de energia&#8221;.<br \/>\nGrupo de trabalho SOS Gera\u00e7\u00e3o Distribu\u00edda<\/p>\n","protected":false},"excerpt":{"rendered":"<p>Nota em resposta \u00e0s afirma\u00e7\u00f5es do diretor-geral da Aneel de que o incentivo \u00e0 energia solar gera aumento nas contas de luz: &#8220;Ao contr\u00e1rio do que afirmou o diretor-geral da Aneel, Andr\u00e9 Pepitone em recente entrevista ao G1, o setor de energia solar no Brasil gera redu\u00e7\u00e3o de custos para o sistema, n\u00e3o sendo um [&hellip;]<\/p>\n","protected":false},"author":4,"featured_media":79775,"comment_status":"open","ping_status":"closed","sticky":false,"template":"","format":"standard","meta":{"jetpack_post_was_ever_published":false,"_jetpack_newsletter_access":"","_jetpack_dont_email_post_to_subs":false,"_jetpack_newsletter_tier_id":0,"_jetpack_memberships_contains_paywalled_content":false,"_jetpack_memberships_contains_paid_content":false,"footnotes":"","jetpack_publicize_message":"","jetpack_publicize_feature_enabled":true,"jetpack_social_post_already_shared":true,"jetpack_social_options":{"image_generator_settings":{"template":"highway","default_image_id":0,"font":"","enabled":false},"version":2}},"categories":[4],"tags":[12,160,186,14],"class_list":["post-80172","post","type-post","status-publish","format-standard","has-post-thumbnail","hentry","category-ambiente-geral","tag-energia","tag-energia-solar","tag-geracao-distribuida","tag-solar"],"aioseo_notices":[],"jetpack_publicize_connections":[],"jetpack_featured_media_url":"","jetpack-related-posts":[{"id":79772,"url":"https:\/\/www.jornalja.com.br\/ambiente\/energia-solar-geracao-distribuida-reduz-custo-do-sistema-eletrico\/","url_meta":{"origin":80172,"position":0},"title":"Energia Solar: gera\u00e7\u00e3o distribu\u00edda reduz custo do sistema el\u00e9trico","author":"da Reda\u00e7\u00e3o","date":"5 de dezembro de 2019","format":false,"excerpt":"O professor do Departamento de Economia da Universidade da Calif\u00f3rnia (UCLA), Rodrigo Pinto, apresentou em audi\u00eancia p\u00fablica na Comiss\u00e3o de Assuntos Econ\u00f4micos (CAE), do Senado Federal, um c\u00e1culo mostrando que a produ\u00e7\u00e3o de energia solar em forma de gera\u00e7\u00e3o distribu\u00edda gerou, apenas no m\u00eas de novembro, redu\u00e7\u00e3o de custo da\u2026","rel":"","context":"Em &quot;Ambiente J\u00c1-MAT\u00c9RIA&quot;","block_context":{"text":"Ambiente J\u00c1-MAT\u00c9RIA","link":"https:\/\/www.jornalja.com.br\/ambiente\/category\/ambiente-geral\/"},"img":{"alt_text":"","src":"","width":0,"height":0},"classes":[]},{"id":78808,"url":"https:\/\/www.jornalja.com.br\/ambiente\/aneel-recua-no-plano-de-taxar-energia-solar-para-contratos-ja-em-vigor\/","url_meta":{"origin":80172,"position":1},"title":"Aneel recua no plano de taxar energia solar para contratos j\u00e1 em vigor","author":"da Reda\u00e7\u00e3o","date":"1 de novembro de 2019","format":false,"excerpt":"A rea\u00e7\u00e3o foi tamanha que a Ag\u00eancia Nacional de Energia El\u00e9trica (Aneel) j\u00e1 cogita deixar como est\u00e3o as regras para a gera\u00e7\u00e3o distribu\u00edda de energia el\u00e9trica. A ag\u00eancia abriu dia 29 uma consulta p\u00fablica sobre retirada de subs\u00eddios e taxa\u00e7\u00e3o, que atinge principalmente a gera\u00e7\u00e3o de energia solar fotovoltaica. A\u2026","rel":"","context":"Em &quot;Ambiente J\u00c1-MAT\u00c9RIA&quot;","block_context":{"text":"Ambiente J\u00c1-MAT\u00c9RIA","link":"https:\/\/www.jornalja.com.br\/ambiente\/category\/ambiente-geral\/"},"img":{"alt_text":"","src":"","width":0,"height":0},"classes":[]},{"id":79295,"url":"https:\/\/www.jornalja.com.br\/ambiente\/aneel-prorroga-prazo-da-consulta-publica-sobre-geracao-de-energia-distribuida\/","url_meta":{"origin":80172,"position":2},"title":"Aneel prorroga prazo da consulta p\u00fablica sobre gera\u00e7\u00e3o de energia distribu\u00edda","author":"da Reda\u00e7\u00e3o","date":"19 de novembro de 2019","format":false,"excerpt":"A Aneel (Ag\u00eancia Nacional de Energia El\u00e9trica), reguladora do setor el\u00e9trico,\u00a0 prorrogou por mais 30 dias o prazo da consulta p\u00fablica da revis\u00e3o das regras da micro e mini gera\u00e7\u00e3o distribu\u00edda. Basicamente, atinge a gera\u00e7\u00e3o de energia solar. O prazo anterior da consulta se encerraria no dia 30 de novembro,\u2026","rel":"","context":"Em &quot;Ambiente J\u00c1-MAT\u00c9RIA&quot;","block_context":{"text":"Ambiente J\u00c1-MAT\u00c9RIA","link":"https:\/\/www.jornalja.com.br\/ambiente\/category\/ambiente-geral\/"},"img":{"alt_text":"","src":"","width":0,"height":0},"classes":[]},{"id":78899,"url":"https:\/\/www.jornalja.com.br\/ambiente\/associacao-afirma-que-mudar-regras-para-energia-solar-agora-e-prematuro\/","url_meta":{"origin":80172,"position":3},"title":"Associa\u00e7\u00e3o alerta que mudar regras para energia solar \u00e9 prematuro","author":"da Reda\u00e7\u00e3o","date":"4 de novembro de 2019","format":false,"excerpt":"As mudan\u00e7as na resolu\u00e7\u00e3o da gera\u00e7\u00e3o distribu\u00edda no Brasil, propostas pela Ag\u00eancia Nacional de Energia El\u00e9trica (Aneel) para 2020, s\u00e3o extremamente prematuras diante do atual cen\u00e1rio brasileiro da modalidade, em compara\u00e7\u00e3o com as experi\u00eancias internacionais ao redor mundo. A avalia\u00e7\u00e3o \u00e9 da Associa\u00e7\u00e3o Brasileira de Energia Solar Fotovoltaica (Absolar). Segundo\u2026","rel":"","context":"Em &quot;Ambiente J\u00c1-MAT\u00c9RIA&quot;","block_context":{"text":"Ambiente J\u00c1-MAT\u00c9RIA","link":"https:\/\/www.jornalja.com.br\/ambiente\/category\/ambiente-geral\/"},"img":{"alt_text":"","src":"","width":0,"height":0},"classes":[]},{"id":82848,"url":"https:\/\/www.jornalja.com.br\/ambiente\/energia-solar-no-brasil-deve-chegar-a-125-gw-quase-uma-itaipu-de-capacidade-instalada\/","url_meta":{"origin":80172,"position":4},"title":"Energia Solar no Brasil deve chegar a 12,5 GW, quase uma Itaipu, de capacidade instalada","author":"da Reda\u00e7\u00e3o","date":"23 de fevereiro de 2021","format":false,"excerpt":"As empresas do setor de energia solar fotovoltaica trabalham com perspectivas otimistas em 2021. Estima-se que o Brasil deve atingir 12,56 gigawatts (GW) de capacidade instalada, o que representa um crescimento de 68% em rela\u00e7\u00e3o \u00e0 pot\u00eancia registrada no final de 2020, de 7,46 GW. Para dar uma ideia: a\u2026","rel":"","context":"Em &quot;Ambiente J\u00c1-MAT\u00c9RIA&quot;","block_context":{"text":"Ambiente J\u00c1-MAT\u00c9RIA","link":"https:\/\/www.jornalja.com.br\/ambiente\/category\/ambiente-geral\/"},"img":{"alt_text":"","src":"https:\/\/i0.wp.com\/www.jornalja.com.br\/ambiente\/wp-content\/uploads\/sites\/3\/2021\/02\/jc-ministro-minas-e-energia-fernando-coelho-inaugura-usina-solar-predio-governo-federal-00211172016-scaled.jpg?resize=350%2C200&ssl=1","width":350,"height":200,"srcset":"https:\/\/i0.wp.com\/www.jornalja.com.br\/ambiente\/wp-content\/uploads\/sites\/3\/2021\/02\/jc-ministro-minas-e-energia-fernando-coelho-inaugura-usina-solar-predio-governo-federal-00211172016-scaled.jpg?resize=350%2C200&ssl=1 1x, https:\/\/i0.wp.com\/www.jornalja.com.br\/ambiente\/wp-content\/uploads\/sites\/3\/2021\/02\/jc-ministro-minas-e-energia-fernando-coelho-inaugura-usina-solar-predio-governo-federal-00211172016-scaled.jpg?resize=525%2C300&ssl=1 1.5x, https:\/\/i0.wp.com\/www.jornalja.com.br\/ambiente\/wp-content\/uploads\/sites\/3\/2021\/02\/jc-ministro-minas-e-energia-fernando-coelho-inaugura-usina-solar-predio-governo-federal-00211172016-scaled.jpg?resize=700%2C400&ssl=1 2x, https:\/\/i0.wp.com\/www.jornalja.com.br\/ambiente\/wp-content\/uploads\/sites\/3\/2021\/02\/jc-ministro-minas-e-energia-fernando-coelho-inaugura-usina-solar-predio-governo-federal-00211172016-scaled.jpg?resize=1050%2C600&ssl=1 3x, https:\/\/i0.wp.com\/www.jornalja.com.br\/ambiente\/wp-content\/uploads\/sites\/3\/2021\/02\/jc-ministro-minas-e-energia-fernando-coelho-inaugura-usina-solar-predio-governo-federal-00211172016-scaled.jpg?resize=1400%2C800&ssl=1 4x"},"classes":[]},{"id":83720,"url":"https:\/\/www.jornalja.com.br\/ambiente\/geracao-de-energia-solar-vai-dobrar-em-um-ano-o-que-produziu-em-uma-decada\/","url_meta":{"origin":80172,"position":5},"title":"Energia solar vai dobrar este ano a capacidade de gera\u00e7\u00e3o acumulada em uma d\u00e9cada","author":"da Reda\u00e7\u00e3o","date":"12 de janeiro de 2022","format":false,"excerpt":"O ano de 2022 tem tudo para ser o melhor ano da energia solar no Brasil desde 2012. A Associa\u00e7\u00e3o Brasileira de Energia Solar Fotovoltaica, que congrega empresas e profissionais do setor, estima que, somente neste ano, esta fonte dever\u00e1 gerar mais de 357 mil novos empregos, por todas as\u2026","rel":"","context":"Em &quot;Ambiente J\u00c1-MAT\u00c9RIA&quot;","block_context":{"text":"Ambiente J\u00c1-MAT\u00c9RIA","link":"https:\/\/www.jornalja.com.br\/ambiente\/category\/ambiente-geral\/"},"img":{"alt_text":"","src":"https:\/\/i0.wp.com\/www.jornalja.com.br\/ambiente\/wp-content\/uploads\/sites\/3\/2022\/01\/pexels-vivint-solar-2850347-scaled.jpg?resize=350%2C200&ssl=1","width":350,"height":200,"srcset":"https:\/\/i0.wp.com\/www.jornalja.com.br\/ambiente\/wp-content\/uploads\/sites\/3\/2022\/01\/pexels-vivint-solar-2850347-scaled.jpg?resize=350%2C200&ssl=1 1x, https:\/\/i0.wp.com\/www.jornalja.com.br\/ambiente\/wp-content\/uploads\/sites\/3\/2022\/01\/pexels-vivint-solar-2850347-scaled.jpg?resize=525%2C300&ssl=1 1.5x, https:\/\/i0.wp.com\/www.jornalja.com.br\/ambiente\/wp-content\/uploads\/sites\/3\/2022\/01\/pexels-vivint-solar-2850347-scaled.jpg?resize=700%2C400&ssl=1 2x, https:\/\/i0.wp.com\/www.jornalja.com.br\/ambiente\/wp-content\/uploads\/sites\/3\/2022\/01\/pexels-vivint-solar-2850347-scaled.jpg?resize=1050%2C600&ssl=1 3x, https:\/\/i0.wp.com\/www.jornalja.com.br\/ambiente\/wp-content\/uploads\/sites\/3\/2022\/01\/pexels-vivint-solar-2850347-scaled.jpg?resize=1400%2C800&ssl=1 4x"},"classes":[]}],"jetpack_shortlink":"https:\/\/wp.me\/pbKnZo-kR6","jetpack_sharing_enabled":true,"_links":{"self":[{"href":"https:\/\/www.jornalja.com.br\/ambiente\/wp-json\/wp\/v2\/posts\/80172","targetHints":{"allow":["GET"]}}],"collection":[{"href":"https:\/\/www.jornalja.com.br\/ambiente\/wp-json\/wp\/v2\/posts"}],"about":[{"href":"https:\/\/www.jornalja.com.br\/ambiente\/wp-json\/wp\/v2\/types\/post"}],"author":[{"embeddable":true,"href":"https:\/\/www.jornalja.com.br\/ambiente\/wp-json\/wp\/v2\/users\/4"}],"replies":[{"embeddable":true,"href":"https:\/\/www.jornalja.com.br\/ambiente\/wp-json\/wp\/v2\/comments?post=80172"}],"version-history":[{"count":0,"href":"https:\/\/www.jornalja.com.br\/ambiente\/wp-json\/wp\/v2\/posts\/80172\/revisions"}],"wp:featuredmedia":[{"embeddable":true,"href":"https:\/\/www.jornalja.com.br\/ambiente\/wp-json\/"}],"wp:attachment":[{"href":"https:\/\/www.jornalja.com.br\/ambiente\/wp-json\/wp\/v2\/media?parent=80172"}],"wp:term":[{"taxonomy":"category","embeddable":true,"href":"https:\/\/www.jornalja.com.br\/ambiente\/wp-json\/wp\/v2\/categories?post=80172"},{"taxonomy":"post_tag","embeddable":true,"href":"https:\/\/www.jornalja.com.br\/ambiente\/wp-json\/wp\/v2\/tags?post=80172"}],"curies":[{"name":"wp","href":"https:\/\/api.w.org\/{rel}","templated":true}]}}