{"id":81811,"date":"2020-03-22T16:21:14","date_gmt":"2020-03-22T19:21:14","guid":{"rendered":"https:\/\/www.jornalja.com.br\/ambiente\/?p=81811"},"modified":"2020-08-05T12:11:46","modified_gmt":"2020-08-05T15:11:46","slug":"medidas-restritivas-sao-apenas-para-desacelerar-a-transmissao","status":"publish","type":"post","link":"https:\/\/www.jornalja.com.br\/ambiente\/medidas-restritivas-sao-apenas-para-desacelerar-a-transmissao\/","title":{"rendered":"&#8220;Medidas restritivas s\u00e3o apenas para desacelerar a transmiss\u00e3o&#8221;"},"content":{"rendered":"<p>O bi\u00f3logo aposentado, Luiz Augusto Vassoler, de 57 anos,\u00a0 postou na internet um depoimento dos mais esclarecedores sobre o novo coronavirus, que est\u00e1 assombrando o mundo.<\/p>\n<p>Entre outras atividades, ele trabalhou\u00a0 no renomado Instituto Biol\u00f3gico de S\u00e3o Paulo, onde foi assistente do cientista Moacyr Rossi Nilson, autor de pesquisas reconhecidas internacionalmente sobre o virus da raiva.<\/p>\n<p>O virus da raiva, com o qual trabalhou, \u00e9 dos mais perigosos, com 99% de letalidade.<\/p>\n<p>Atualmente \u00e9 professor professor de biologia. Eis o seu depoimento:<\/p>\n<p>&#8220;<em>Os v\u00edrus s\u00e3o muito menores que as bact\u00e9rias e n\u00e3o s\u00e3o vis\u00edveis ao microsc\u00f3pio \u00f3ptico comum MOC, s\u00f3 com microsc\u00f3pio eletr\u00f4nico ME \u00e9 poss\u00edvel visualizar e fotografar os v\u00edrus.<\/em><\/p>\n<p><em>Para exames r\u00e1pidos de diagn\u00f3stico da raiva usamos microsc\u00f3pia de imunofluorescencia mas n\u00e3o \u00e9 um diagn\u00f3stico definitivo, requer confirma\u00e7\u00e3o e para tal injetamos o material suspeito no meio dos c\u00e9rebros de 5 ratos brancos, espeta agulha na moleira do rato, afunda e injeta.<\/em><\/p>\n<p><em> Ap\u00f3s 5 dias os ratos apresentam os sintomas da raiva e o diagn\u00f3stico se torna definitivo. Sou especialista nisso.<\/em><\/p>\n<p><em>Bem, agora vou comentar sobre outro v\u00edrus.<\/em><\/p>\n<p><em>Coronavirus \u00e9 o nome de uma Fam\u00edlia de v\u00edrus que se divide em dois G\u00eaneros, o G\u00eanero Alphacoronavirus que possui duas Esp\u00e9cies, a CCoV que causa gastroenterite em c\u00e3es e a Esp\u00e9cie FCoV que causa peritonite infecciosa felina PIF. Ambas doen\u00e7as n\u00e3o atacam os humanos.<\/em><\/p>\n<p><em>Fam\u00edlia coronavirus, G\u00eanero Betacoronavirus que cont\u00e9m tr\u00eas Esp\u00e9cies que atacam os humanos:<\/em><\/p>\n<p><em>Especie Mers-Cov<\/em><br \/>\n<em>Causa a doen\u00e7a S\u00edndrome respirat\u00f3ria do Oriente M\u00e9dio<\/em><\/p>\n<p><em>Especie SARS-Cov<\/em><br \/>\n<em>Causa a doen\u00e7a S\u00edndrome respirat\u00f3ria aguda grave.<\/em><\/p>\n<p><em>Esp\u00e9cie SARS-Cov 2<\/em><br \/>\n<em>Causa a doen\u00e7a CoVID-19 essa que est\u00e1 nos atacando agora.<\/em><\/p>\n<p><em>Muito bem&#8230;<\/em><br \/>\n<em>Quando nos confrontamos com um inimigo, a primeira provid\u00eancia \u00e9 examinar quais s\u00e3o os pontos fracos do inimigo.<\/em><\/p>\n<p><em>Esses v\u00edrus possuem uma estrutura extremamente primitiva e muito fr\u00e1gil. \u00c9 apenas um filamento de RNA envolvido por uma pel\u00edcula lipoproteica ou seja, uma fina membrana esf\u00e9rica de gordura e prote\u00edna, muito fina e que n\u00e3o \u00e9 eficiente contra a desidrata\u00e7\u00e3o e nem como isolante t\u00e9rmico. <\/em><\/p>\n<p><em>Ao ar livre o v\u00edrus desidrata, seca e morre.<\/em><\/p>\n<p><em>Ele necessita sair do doente infectado e entrar pela boca, nariz ou olhos da v\u00edtima sadia e assim infectar mais um e causar a doen\u00e7a nele.<\/em><\/p>\n<p><em>Na China constataram que esse virus se mant\u00e9m vivo por algumas horas fora do corpo do doente e esse tempo de vida vai depender de onde esse v\u00edrus caiu ap\u00f3s ter sa\u00eddo do corpo do doente.<\/em><\/p>\n<p><em>Se esse v\u00edrus cair em um local exposto \u00e0 luz solar, ele morre em minutos, se for sob o Sol do meio dia, morre em 2 ou 3 minutos, ele n\u00e3o suporta os raios ultravioleta e tamb\u00e9m desidrata r\u00e1pidamente se tomar a luz do Sol diretamente. <\/em><\/p>\n<p><em>Em tempo nublado dura um pouco mais, talvez at\u00e9 uns 15 minutos.<\/em><\/p>\n<p><em>Se esse v\u00edrus sair do doente num lugar sem luz solar incidindo diretamente nele, um local sombreado como dentro de casa ou dentro de algum ve\u00edculo e o v\u00edrus cair sobre papel, madeira, roupas e cabelos, ele sobrevive por 6 horas.<\/em><\/p>\n<p><em>Se o v\u00edrus cair sobre superf\u00edcies lisas, sombreadas e frias como vidro, m\u00e1rmores, azulejos, metais lisos, ele sobrevive por 12 horas.<\/em><\/p>\n<p><em>Mesmo sendo muito pequenos os v\u00edrus possuem algum peso e a tend\u00eancia \u00e9 cair assim que saem numa tosse, num espirro ou simplesmente uma pessoa falando que vai bater com a lingua no c\u00e9u da boca e nos dentes e isso vai espirrando got\u00edculas invis\u00edveis cheias de virus que saem da boca.<\/em><\/p>\n<p><em> Mesmo apenas a respira\u00e7\u00e3o do doente j\u00e1 \u00e9 suficiente para liberar v\u00edrus no ar.<\/em><\/p>\n<p><em>Estrat\u00e9gias explorando as fragilidades do inimigo:<\/em><\/p>\n<p><em>1. Isolamento social.<\/em><\/p>\n<p><em>Fundamental isso. <\/em><em>As pessoas n\u00e3o devem se aproximar. A pessoa infectada pode n\u00e3o apresentar sintomas mas est\u00e1 produzindo trilh\u00f5es de v\u00edrus em seu organismo e esses v\u00edrus saem pela respira\u00e7\u00e3o dela.<\/em><\/p>\n<p><em>2. Higiene correta.<\/em><\/p>\n<p><em>Ao usar um transporte p\u00fablico durante uma epidemia, \u00e9 100% certeza que em suas roupas e cabelos existem v\u00edrus vivos da doen\u00e7a e se apenas (1) um desses v\u00edrus atingir as mucosas dos olhos, boca ou nariz, a pessoa ser\u00e1 infectada.<\/em><\/p>\n<p><em>Estrat\u00e9gia:<\/em><\/p>\n<p><em>Tendo consci\u00eancia disso, n\u00e3o passar os dedos nos olhos, na boca e nem no nariz.<\/em><br \/>\n<em>Chegar em casa e n\u00e3o tocar em nada e nem em ningu\u00e9m antes de lavar as m\u00e3os.<\/em><\/p>\n<p><em>Retire a roupa que usou e pendure num local de pouco movimento e deixe a roupa l\u00e1 por no m\u00ednimo 8 horas, lembre que sobre a roupa os v\u00edrus ficam vivos por 6 horas. <\/em><\/p>\n<p><em>Voc\u00ea pendura as roupas \u00e0 noite e de manh\u00e3 os v\u00edrus j\u00e1 estar\u00e3o mortos e voc\u00ea poder\u00e1 usar essas roupas novamente mesmo que n\u00e3o tenham sido lavadas.<\/em><\/p>\n<p><em>3. Lave os cabelos.<\/em><\/p>\n<p><em>N\u00e3o v\u00e1 dormir com os cabelos infectados.<\/em><br \/>\n<em>O v\u00edrus \u00e9 altamente sens\u00edvel ao pH b\u00e1sico do sab\u00e3o, sabonete, detergente; o shampoo n\u00e3o \u00e9 muito eficiente pH quase neutro, use sabonete nos cabelos, \u00e9 melhor.<\/em><\/p>\n<p><em>4. Ao tocar ma\u00e7anetas, torneiras ou qualquer superf\u00edcie lisa onde outras pessoas tocaram antes, em seguida n\u00e3o toque nos olhos, nariz nem boca, lave as m\u00e3os o quanto antes.<\/em><\/p>\n<p><em>5. Mantenha sua casa restrita a sua fam\u00edlia mais \u00edntima, n\u00e3o receba visitas durante a quarentena. N\u00e3o adianta voc\u00ea tomar todos esses cuidados se as visitas n\u00e3o fizerem o mesmo.<\/em><\/p>\n<p><em>Se poss\u00edvel durmam em c\u00f4modos diferentes da casa.<\/em><\/p>\n<p><em>6. Desinfetantes.<\/em><\/p>\n<p><em>O v\u00edrus \u00e9 altamente vulner\u00e1vel a qualquer desinfetante, \u00e1gua sanit\u00e1ria, Lysoform, Pinho Sol e, com destaque o \u00e1lcool et\u00edlico porque esse pode ser aplicado sobre a pele mas os outros n\u00e3o. <\/em><\/p>\n<p><em>As autoridades recomendam \u00e1 popula\u00e7\u00e3o o uso do \u00e1lcool gel 70\u00b0 que cont\u00e9m 70% de \u00e1lcool e 30% de \u00e1gua, recomendam esse porque esse n\u00e3o \u00e9 explosivo, contudo quanto menos dilu\u00eddo for o \u00e1lcool mais desinfetante ele \u00e9; em laborat\u00f3rio \u00e9 comum usarmos o \u00e1lcool 92\u00b0 mas a venda ao p\u00fablico \u00e9 proibida porque esse \u00e9 altamente inflam\u00e1vel e explosivo mas contudo \u00e9 esse que eu uso para mim mesmo, precisa ter muito cuidado para n\u00e3o incendia-lo, os acidentes com esse tipo de \u00e1lcool costumam ser muito graves, a garrafa explode e incendeia tudo ao seu redor.<\/em><\/p>\n<p><em>Existe tamb\u00e9m o \u00e1lcool absoluto 100% \u00e1lcool e 0% de \u00e1gua mas esse vai queimar a sua pele e \u00e9 muito caro tamb\u00e9m.<\/em><\/p>\n<p><em>O \u00e1lcool 46\u00b0 usado em limpeza \u00e9 fraco mas \u00e9 melhor que \u00e1lcool nenhum, \u00e9 \u00fatil para as m\u00e3os e limpesa de superf\u00edcies lisas.<\/em><\/p>\n<p><em>7. Use m\u00e1scara cir\u00fargica todas as vezes que sair de casa ou for se aproximar de outras pessoas.<\/em><\/p>\n<p><em>Observa\u00e7\u00f5es finais:<\/em><\/p>\n<p><em>Esse v\u00edrus possui uma capacidade infectante extraordin\u00e1ria, esse \u00e9 o ponto forte dele, por\u00e9m, a doen\u00e7a que ele causa tem baixo \u00edndice de mortalidade se comparado aos piores v\u00edrus que existem.<\/em><\/p>\n<p><em>Virus r\u00e1bico da raiva, taxa de mortalidade de 99,9%.<\/em><br \/>\n<em>V\u00edrus Ebola taxa de mortalidade de 66%.<\/em><\/p>\n<p><em>O v\u00edrus SARS-Cov 2 que <\/em><em>causa a doen\u00e7a CoVID-19 tem taxa de mortalidade de at\u00e9 20% em idosos com doen\u00e7as pr\u00e9 existentes, diabeticos, hipertensos, card\u00edacos, asm\u00e1ticos, aideticos, pessoas em tratamento de c\u00e2ncer e principalmente transplantados imunodeprimidos.<\/em><\/p>\n<p><em>Em adultos a taxa de mortalidade \u00e9 de apenas 2%, morrem principalmente os fumantes, em crian\u00e7as a taxa de mortalidade \u00e9 praticamente zero % com rar\u00edssimas exce\u00e7\u00f5es.<\/em><\/p>\n<p><em>Sele\u00e7\u00e3o natural:<\/em><\/p>\n<p><em>Assim como ocorreu na epidemia pelo v\u00edrus H1N1 a gripe su\u00edna, todas as pessoas pegaram o v\u00edrus, a maioria desenvolveu anticorpos e da\u00ed em diante ficaram imunes a essa doen\u00e7a.<\/em><\/p>\n<p><em>Esse virus SARS-Cov 2 que <\/em><em>causa a doen\u00e7a CoVID-19 <\/em><em>todas as pessoas v\u00e3o pegar tamb\u00e9m, a maioria desenvolver\u00e1 anticorpos e ficar\u00e3o imunes por\u00e9m nesse processo \u00e9 necess\u00e1rio frear a velocidade de dissemina\u00e7\u00e3o do virus porque se pegar em todos r\u00e1pido demais o sistema de sa\u00fade n\u00e3o dar\u00e1 conta de socorrer 20% da popula\u00e7\u00e3o de idosos e 2% da popula\u00e7\u00e3o de adultos.<\/em><\/p>\n<p><em> Que todo mundo vai se infectar com esse v\u00edrus \u00e9 certeza, as medidas restritivas que est\u00e3o sendo tomadas s\u00e3o apenas para desacelerar a transmiss\u00e3o.<\/em><\/p>\n<p><em>Sobreviver\u00e3o os mais fortes e mais sadios, morrer\u00e3o os mais fracos e mais doentes, a natureza funciona assim e n\u00e3o ha como mudar isso.<\/em><\/p>\n<p><em>Luiz Augusto Vassoler<\/em><\/p>\n","protected":false},"excerpt":{"rendered":"<p>O bi\u00f3logo aposentado, Luiz Augusto Vassoler, de 57 anos,\u00a0 postou na internet um depoimento dos mais esclarecedores sobre o novo coronavirus, que est\u00e1 assombrando o mundo. Entre outras atividades, ele trabalhou\u00a0 no renomado Instituto Biol\u00f3gico de S\u00e3o Paulo, onde foi assistente do cientista Moacyr Rossi Nilson, autor de pesquisas reconhecidas internacionalmente sobre o virus da [&hellip;]<\/p>\n","protected":false},"author":4,"featured_media":81812,"comment_status":"open","ping_status":"open","sticky":false,"template":"","format":"standard","meta":{"jetpack_post_was_ever_published":false,"_jetpack_newsletter_access":"","_jetpack_dont_email_post_to_subs":false,"_jetpack_newsletter_tier_id":0,"_jetpack_memberships_contains_paywalled_content":false,"_jetpack_memberships_contains_paid_content":false,"footnotes":"","jetpack_publicize_message":"","jetpack_publicize_feature_enabled":true,"jetpack_social_post_already_shared":true,"jetpack_social_options":{"image_generator_settings":{"template":"highway","default_image_id":0,"font":"","enabled":false},"version":2}},"categories":[4],"tags":[59,55,215,7,147,8,14],"class_list":["post-81811","post","type-post","status-publish","format-standard","has-post-thumbnail","hentry","category-ambiente-geral","tag-agua","tag-caes","tag-covid-19","tag-epidemia","tag-pet","tag-saude","tag-solar"],"aioseo_notices":[],"jetpack_publicize_connections":[],"jetpack_featured_media_url":"https:\/\/www.jornalja.com.br\/ambiente\/wp-content\/uploads\/sites\/3\/2020\/03\/Luiz-Augusto-Vassoler.jpg","jetpack-related-posts":[{"id":82747,"url":"https:\/\/www.jornalja.com.br\/ambiente\/chapare-o-novo-virus-mortal-que-intriga-os-cientistas\/","url_meta":{"origin":81811,"position":0},"title":"Chapare, o novo v\u00edrus mortal que intriga os cientistas","author":"da Reda\u00e7\u00e3o","date":"18 de novembro de 2020","format":false,"excerpt":"Um v\u00edrus raro, do tipo que pode causar febres hemorr\u00e1gicas como o Ebola, intriga os pesquisadores dos Centros de Controle e Preven\u00e7\u00e3o de Doen\u00e7as dos Estados Unidos. Eles apresentaram nesta segunda-feira, 16, suas primeiras conclus\u00f5es sobre o caso de dois pacientes que transmitiram o v\u00edrus a tr\u00eas profissionais de sa\u00fade\u2026","rel":"","context":"Em &quot;Ambiente J\u00c1-MAT\u00c9RIA&quot;","block_context":{"text":"Ambiente J\u00c1-MAT\u00c9RIA","link":"https:\/\/www.jornalja.com.br\/ambiente\/category\/ambiente-geral\/"},"img":{"alt_text":"","src":"","width":0,"height":0},"classes":[]},{"id":80713,"url":"https:\/\/www.jornalja.com.br\/ambiente\/empresas-japonesas-comecam-a-resgatar-funcionarios-que-trabalham-em-wuhan\/","url_meta":{"origin":81811,"position":1},"title":"Empresas japonesas come\u00e7am a resgatar funcion\u00e1rios que trabalham em Wuhan","author":"da Reda\u00e7\u00e3o","date":"27 de janeiro de 2020","format":false,"excerpt":"Firmas japonesas est\u00e3o se preparando para trazer de volta ao Jap\u00e3o seus funcion\u00e1rios e familiares lotados em Wuhan, a cidade chinesa no epicentro do surto de coronav\u00edrus. A Organiza\u00e7\u00e3o de Com\u00e9rcio Exterior do Jap\u00e3o diz que cerca de 160 empresas do pa\u00eds operam na cidade e outras localidades nos arredores.\u2026","rel":"","context":"Em &quot;Ambiente J\u00c1-MAT\u00c9RIA&quot;","block_context":{"text":"Ambiente J\u00c1-MAT\u00c9RIA","link":"https:\/\/www.jornalja.com.br\/ambiente\/category\/ambiente-geral\/"},"img":{"alt_text":"","src":"https:\/\/i0.wp.com\/www.jornalja.com.br\/ambiente\/wp-content\/uploads\/sites\/3\/2020\/01\/Coronavirus-esta%C3%A7ao-de-ferrovias.jpg?resize=350%2C200&ssl=1","width":350,"height":200,"srcset":"https:\/\/i0.wp.com\/www.jornalja.com.br\/ambiente\/wp-content\/uploads\/sites\/3\/2020\/01\/Coronavirus-esta%C3%A7ao-de-ferrovias.jpg?resize=350%2C200&ssl=1 1x, https:\/\/i0.wp.com\/www.jornalja.com.br\/ambiente\/wp-content\/uploads\/sites\/3\/2020\/01\/Coronavirus-esta%C3%A7ao-de-ferrovias.jpg?resize=525%2C300&ssl=1 1.5x, https:\/\/i0.wp.com\/www.jornalja.com.br\/ambiente\/wp-content\/uploads\/sites\/3\/2020\/01\/Coronavirus-esta%C3%A7ao-de-ferrovias.jpg?resize=700%2C400&ssl=1 2x"},"classes":[]},{"id":80652,"url":"https:\/\/www.jornalja.com.br\/ambiente\/saude-monitora-150-pessoas-que-tiveram-contato-com-vitima-do-arenavirus-em-sp\/","url_meta":{"origin":81811,"position":2},"title":"Sa\u00fade monitora 150 pessoas que tiveram contato com v\u00edtima do arenavirus em SP","author":"da Reda\u00e7\u00e3o","date":"22 de janeiro de 2020","format":false,"excerpt":"A Vigil\u00e2ncia Sanit\u00e1ria est\u00e1 acompanhando todas as pessoas que tiveram contato com paciente que contraiu o arenav\u00edrus, em S\u00e3o Paulo. S\u00e3o cerca de 150 pessoas e entre as assistidas de perto est\u00e3o os profissionais de sa\u00fade que cuidaram da v\u00edtima O v\u00edrus, que n\u00e3o \u00e9 considerado novo no pa\u00eds, \u00e9\u2026","rel":"","context":"Em &quot;Ambiente J\u00c1-MAT\u00c9RIA&quot;","block_context":{"text":"Ambiente J\u00c1-MAT\u00c9RIA","link":"https:\/\/www.jornalja.com.br\/ambiente\/category\/ambiente-geral\/"},"img":{"alt_text":"","src":"","width":0,"height":0},"classes":[]},{"id":81990,"url":"https:\/\/www.jornalja.com.br\/ambiente\/comprovar-origem-do-novo-coronavirus-ainda-e-desafio-para-cientistas\/","url_meta":{"origin":81811,"position":3},"title":"Comprovar origem do novo coronavirus ainda \u00e9 desafio para cientistas","author":"da Reda\u00e7\u00e3o","date":"12 de maio de 2020","format":false,"excerpt":"Apesar de todas as discuss\u00f5es envolvendo pesquisadores e acad\u00eamicos de todo o mundo, que n\u00e3o h\u00e1 evid\u00eancias cient\u00edficas de que o novo coronav\u00edrus saiu de um laborat\u00f3rio de pesquisa ou de um mercado \u00famido na cidade chinesa de Wuhan. O secret\u00e1rio de Estado dos EUA, Mike Pompeo, falou no domingo\u2026","rel":"","context":"Em &quot;Ambiente J\u00c1-MAT\u00c9RIA&quot;","block_context":{"text":"Ambiente J\u00c1-MAT\u00c9RIA","link":"https:\/\/www.jornalja.com.br\/ambiente\/category\/ambiente-geral\/"},"img":{"alt_text":"","src":"https:\/\/i0.wp.com\/www.jornalja.com.br\/ambiente\/wp-content\/uploads\/sites\/3\/2020\/05\/Coronavirus-m%C3%A9dicos-examinam-radiografia.jpg?resize=350%2C200&ssl=1","width":350,"height":200,"srcset":"https:\/\/i0.wp.com\/www.jornalja.com.br\/ambiente\/wp-content\/uploads\/sites\/3\/2020\/05\/Coronavirus-m%C3%A9dicos-examinam-radiografia.jpg?resize=350%2C200&ssl=1 1x, https:\/\/i0.wp.com\/www.jornalja.com.br\/ambiente\/wp-content\/uploads\/sites\/3\/2020\/05\/Coronavirus-m%C3%A9dicos-examinam-radiografia.jpg?resize=525%2C300&ssl=1 1.5x, https:\/\/i0.wp.com\/www.jornalja.com.br\/ambiente\/wp-content\/uploads\/sites\/3\/2020\/05\/Coronavirus-m%C3%A9dicos-examinam-radiografia.jpg?resize=700%2C400&ssl=1 2x"},"classes":[]},{"id":80630,"url":"https:\/\/www.jornalja.com.br\/ambiente\/virus-misterioso-que-ja-matou-seis-na-china-foi-detectado-na-coreia-japao-e-tailandia\/","url_meta":{"origin":81811,"position":4},"title":"Virus misterioso que j\u00e1 matou seis na China foi detectado na Cor\u00e9ia, Jap\u00e3o e Tail\u00e2ndia","author":"da Reda\u00e7\u00e3o","date":"21 de janeiro de 2020","format":false,"excerpt":"(Com informa\u00e7\u00f5es do New York Times) Autoridades australianas disseram nesta ter\u00e7a-feira que o pa\u00eds come\u00e7ar\u00e1 a rastrear passageiros em v\u00f4os a partir de Wuhan, cidade chinesa onde um novo coronav\u00edrus infectou mais de 250 pessoas e matou pelo menos seis, \u00e0 medida que crescem as preocupa\u00e7\u00f5es globais sobre a propaga\u00e7\u00e3o\u2026","rel":"","context":"Em &quot;Ambiente J\u00c1-MAT\u00c9RIA&quot;","block_context":{"text":"Ambiente J\u00c1-MAT\u00c9RIA","link":"https:\/\/www.jornalja.com.br\/ambiente\/category\/ambiente-geral\/"},"img":{"alt_text":"","src":"https:\/\/i0.wp.com\/www.jornalja.com.br\/wp-content\/uploads\/2020\/01\/Mapa-do-New-York-Times-450x248.png?resize=350%2C200&ssl=1","width":350,"height":200},"classes":[]},{"id":83001,"url":"https:\/\/www.jornalja.com.br\/ambiente\/fiocruz-confirma-morte-de-bugio-por-febre-amarela-em-porto-alegre\/","url_meta":{"origin":81811,"position":5},"title":"Fiocruz confirma morte de bugio por febre amarela em Porto Alegre","author":"da Reda\u00e7\u00e3o","date":"13 de abril de 2021","format":false,"excerpt":"A Fiocruz confirmou em exame laboratorial que o bugio encontrado morto na zona Sul de Porto Alegre foi por febre amarela. A Vigil\u00e2ncia em Sa\u00fade municipal foi comunicada na sexta-feira, 9. O \u00f3bito do animal ocorreu em fevereiro, e o primeiro exame para febre amarela, realizado na Capital, apresentou resultado\u2026","rel":"","context":"Em &quot;Ambiente J\u00c1-MAT\u00c9RIA&quot;","block_context":{"text":"Ambiente J\u00c1-MAT\u00c9RIA","link":"https:\/\/www.jornalja.com.br\/ambiente\/category\/ambiente-geral\/"},"img":{"alt_text":"","src":"https:\/\/i0.wp.com\/www.jornalja.com.br\/ambiente\/wp-content\/uploads\/sites\/3\/2021\/04\/whatsapp-image-2021-04-13-at-154817-1-e1618340883838.jpeg?resize=350%2C200&ssl=1","width":350,"height":200,"srcset":"https:\/\/i0.wp.com\/www.jornalja.com.br\/ambiente\/wp-content\/uploads\/sites\/3\/2021\/04\/whatsapp-image-2021-04-13-at-154817-1-e1618340883838.jpeg?resize=350%2C200&ssl=1 1x, https:\/\/i0.wp.com\/www.jornalja.com.br\/ambiente\/wp-content\/uploads\/sites\/3\/2021\/04\/whatsapp-image-2021-04-13-at-154817-1-e1618340883838.jpeg?resize=525%2C300&ssl=1 1.5x, https:\/\/i0.wp.com\/www.jornalja.com.br\/ambiente\/wp-content\/uploads\/sites\/3\/2021\/04\/whatsapp-image-2021-04-13-at-154817-1-e1618340883838.jpeg?resize=700%2C400&ssl=1 2x"},"classes":[]}],"jetpack_shortlink":"https:\/\/wp.me\/pbKnZo-lhx","jetpack_sharing_enabled":true,"_links":{"self":[{"href":"https:\/\/www.jornalja.com.br\/ambiente\/wp-json\/wp\/v2\/posts\/81811","targetHints":{"allow":["GET"]}}],"collection":[{"href":"https:\/\/www.jornalja.com.br\/ambiente\/wp-json\/wp\/v2\/posts"}],"about":[{"href":"https:\/\/www.jornalja.com.br\/ambiente\/wp-json\/wp\/v2\/types\/post"}],"author":[{"embeddable":true,"href":"https:\/\/www.jornalja.com.br\/ambiente\/wp-json\/wp\/v2\/users\/4"}],"replies":[{"embeddable":true,"href":"https:\/\/www.jornalja.com.br\/ambiente\/wp-json\/wp\/v2\/comments?post=81811"}],"version-history":[{"count":1,"href":"https:\/\/www.jornalja.com.br\/ambiente\/wp-json\/wp\/v2\/posts\/81811\/revisions"}],"predecessor-version":[{"id":81813,"href":"https:\/\/www.jornalja.com.br\/ambiente\/wp-json\/wp\/v2\/posts\/81811\/revisions\/81813"}],"wp:featuredmedia":[{"embeddable":true,"href":"https:\/\/www.jornalja.com.br\/ambiente\/wp-json\/wp\/v2\/media\/81812"}],"wp:attachment":[{"href":"https:\/\/www.jornalja.com.br\/ambiente\/wp-json\/wp\/v2\/media?parent=81811"}],"wp:term":[{"taxonomy":"category","embeddable":true,"href":"https:\/\/www.jornalja.com.br\/ambiente\/wp-json\/wp\/v2\/categories?post=81811"},{"taxonomy":"post_tag","embeddable":true,"href":"https:\/\/www.jornalja.com.br\/ambiente\/wp-json\/wp\/v2\/tags?post=81811"}],"curies":[{"name":"wp","href":"https:\/\/api.w.org\/{rel}","templated":true}]}}