{"id":81870,"date":"2020-03-30T15:43:00","date_gmt":"2020-03-30T18:43:00","guid":{"rendered":"https:\/\/www.jornalja.com.br\/ambiente\/?p=81870"},"modified":"2020-03-30T15:43:00","modified_gmt":"2020-03-30T18:43:00","slug":"parques-eolicos-da-cgt-eletrosul-entram-em-ranking-de-eficiencia","status":"publish","type":"post","link":"https:\/\/www.jornalja.com.br\/ambiente\/parques-eolicos-da-cgt-eletrosul-entram-em-ranking-de-eficiencia\/","title":{"rendered":"Parques e\u00f3licos da\u00a0CGT Eletrosul entram em ranking de efici\u00eancia"},"content":{"rendered":"<p>A gera\u00e7\u00e3o e\u00f3lica da CGT Eletrosul se destacou no Ranking Operacional E\u00f3lico \u2013 Regi\u00e3o Sul referente ao ano de 2019. O relat\u00f3rio, divulgado no in\u00edcio deste m\u00eas, apresenta os parques e\u00f3licos Galp\u00f5es, Coxilha Seca e Cap\u00e3o do Ingl\u00eas na primeira, segunda e sexta posi\u00e7\u00f5es, respectivamente, entre as usinas com maior fator de capacidade.<\/p>\n<p>O estudo de opera\u00e7\u00e3o, que analisa a melhor rela\u00e7\u00e3o entre gera\u00e7\u00e3o e pot\u00eancia instalada, foi feito pela ePowerBay, empresa de an\u00e1lise de dados para projetos de energia renov\u00e1vel no Brasil.<\/p>\n<p>De acordo com o levantamento, o parque mais eficiente e com melhor rendimento do ano, nas regi\u00f5es Sul e Sudeste, foi Galp\u00f5es (8 MW), que registrou fator de capacidade m\u00e9dio de 45%. Atr\u00e1s dele, ficou Coxilha Seca (30 MW), com 44%. Em sexto lugar, o projeto Cap\u00e3o do Ingl\u00eas (10 MW), com 42,8%.<\/p>\n<p>Cabe destacar que, de janeiro a abril de 2019, um dos aerogeradores do parque Cap\u00e3o do Ingl\u00eas esteve indispon\u00edvel devido a uma ocorr\u00eancia de descarga atmosf\u00e9rica. \u201cN\u00e3o fosse por isso, ele certamente estaria ainda melhor posicionado\u201d, explica Rafael Freitas Ferreira, da Divis\u00e3o de Engenharia de Manuten\u00e7\u00e3o da Gera\u00e7\u00e3o, da CGT Eletrosul.<\/p>\n<p>\u201cA Engenharia de Manuten\u00e7\u00e3o da CGT Eletrosul trabalha fortemente todos os anos, juntamente com a Gamesa, fabricante e respons\u00e1vel pela manuten\u00e7\u00e3o dos aerogeradores, para garantir que as manuten\u00e7\u00f5es preventivas de grande monta sejam realizadas nos meses de ventos mais fracos. Essa coordena\u00e7\u00e3o t\u00e9cnica e o bom relacionamento entre as duas partes garantem estes bons resultados\u201d, comenta.<\/p>\n<p>\u201cA ocorr\u00eancia de ventos registrada em 2019 foi abaixo da m\u00e9dia hist\u00f3rica. Mesmo assim, os tr\u00eas parques geraram uma quantidade de energia muito pr\u00f3xima de sua garantia f\u00edsica e tiveram algumas das melhores performances em rela\u00e7\u00e3o a todos os outros 101 instalados na regi\u00e3o Sul. Foram as usinas que melhor aproveitaram seus aerogeradores, independentemente de sua pot\u00eancia ou tecnologia\u201d, completa Marcelo Mohr, da Divis\u00e3o de Engenharia e Projetos de Gera\u00e7\u00e3o, da CGT Eletrosul.<\/p>\n<p>Os tr\u00eas parques comp\u00f5em a 2\u00aa amplia\u00e7\u00e3o do Complexo E\u00f3lico Cerro Chato, situado em Santana do Livramento. Juntos, possuem 24 aerogeradores e s\u00e3o capazes de atender \u00e0 demanda energ\u00e9tica de 270 mil pessoas. Est\u00e3o em opera\u00e7\u00e3o comercial desde dezembro de 2015. Na \u00e9poca de sua constru\u00e7\u00e3o, o investimento realizado foi de aproximadamente R$ 270 milh\u00f5es. O chamado Entorno 2 foi financiado pelo banco de fomento alem\u00e3o KfW.<\/p>\n","protected":false},"excerpt":{"rendered":"<p>A gera\u00e7\u00e3o e\u00f3lica da CGT Eletrosul se destacou no Ranking Operacional E\u00f3lico \u2013 Regi\u00e3o Sul referente ao ano de 2019. O relat\u00f3rio, divulgado no in\u00edcio deste m\u00eas, apresenta os parques e\u00f3licos Galp\u00f5es, Coxilha Seca e Cap\u00e3o do Ingl\u00eas na primeira, segunda e sexta posi\u00e7\u00f5es, respectivamente, entre as usinas com maior fator de capacidade. O estudo [&hellip;]<\/p>\n","protected":false},"author":2,"featured_media":81872,"comment_status":"open","ping_status":"open","sticky":false,"template":"","format":"standard","meta":{"jetpack_post_was_ever_published":false,"_jetpack_newsletter_access":"","_jetpack_dont_email_post_to_subs":false,"_jetpack_newsletter_tier_id":0,"_jetpack_memberships_contains_paywalled_content":false,"_jetpack_memberships_contains_paid_content":false,"footnotes":"","jetpack_publicize_message":"","jetpack_publicize_feature_enabled":true,"jetpack_social_post_already_shared":true,"jetpack_social_options":{"image_generator_settings":{"template":"highway","default_image_id":0,"font":"","enabled":false},"version":2}},"categories":[4],"tags":[12,173,13,200],"class_list":["post-81870","post","type-post","status-publish","format-standard","has-post-thumbnail","hentry","category-ambiente-geral","tag-energia","tag-energia-renovavel","tag-eolica","tag-fae"],"aioseo_notices":[],"jetpack_publicize_connections":[],"jetpack_featured_media_url":"https:\/\/www.jornalja.com.br\/ambiente\/wp-content\/uploads\/sites\/3\/2020\/03\/cercerrochato_fotocleberdionitentardini-59-scaled.jpg","jetpack-related-posts":[{"id":83753,"url":"https:\/\/www.jornalja.com.br\/ambiente\/usina-eolica-coxilha-negra-tera-geradores-da-catarinense-weg\/","url_meta":{"origin":81870,"position":0},"title":"Usina E\u00f3lica Coxilha Negra ter\u00e1 geradores da catarinense\u00a0WEG","author":"Cleber Dioni Tentardini","date":"22 de fevereiro de 2022","format":false,"excerpt":"A CGT Eletrosul fechou contrato com a fabricante de aerogeradores catarinense WEG para a constru\u00e7\u00e3o do Parque E\u00f3lico Coxilha Negra, em Santana do Livramento, na fronteira do Rio Grande do Sul. Ser\u00e3o fornecidas 72 m\u00e1quinas, com capacidade instalada de 4,2 megawatts (MW) cada. Conforme o jornal J\u00c1 antecipou, em outubro\u2026","rel":"","context":"Em &quot;Ambiente J\u00c1-MAT\u00c9RIA&quot;","block_context":{"text":"Ambiente J\u00c1-MAT\u00c9RIA","link":"https:\/\/www.jornalja.com.br\/ambiente\/category\/ambiente-geral\/"},"img":{"alt_text":"","src":"https:\/\/i0.wp.com\/www.jornalja.com.br\/ambiente\/wp-content\/uploads\/sites\/3\/2021\/11\/parque-eolico-em-livramento-foto-nelio-chatarina-pinto-1.jpg?resize=350%2C200&ssl=1","width":350,"height":200,"srcset":"https:\/\/i0.wp.com\/www.jornalja.com.br\/ambiente\/wp-content\/uploads\/sites\/3\/2021\/11\/parque-eolico-em-livramento-foto-nelio-chatarina-pinto-1.jpg?resize=350%2C200&ssl=1 1x, https:\/\/i0.wp.com\/www.jornalja.com.br\/ambiente\/wp-content\/uploads\/sites\/3\/2021\/11\/parque-eolico-em-livramento-foto-nelio-chatarina-pinto-1.jpg?resize=525%2C300&ssl=1 1.5x, https:\/\/i0.wp.com\/www.jornalja.com.br\/ambiente\/wp-content\/uploads\/sites\/3\/2021\/11\/parque-eolico-em-livramento-foto-nelio-chatarina-pinto-1.jpg?resize=700%2C400&ssl=1 2x, https:\/\/i0.wp.com\/www.jornalja.com.br\/ambiente\/wp-content\/uploads\/sites\/3\/2021\/11\/parque-eolico-em-livramento-foto-nelio-chatarina-pinto-1.jpg?resize=1050%2C600&ssl=1 3x, https:\/\/i0.wp.com\/www.jornalja.com.br\/ambiente\/wp-content\/uploads\/sites\/3\/2021\/11\/parque-eolico-em-livramento-foto-nelio-chatarina-pinto-1.jpg?resize=1400%2C800&ssl=1 4x"},"classes":[]},{"id":82147,"url":"https:\/\/www.jornalja.com.br\/ambiente\/uma-itaipu-movida-a-vento-brasil-completa-16gw-de-energia-eolica\/","url_meta":{"origin":81870,"position":1},"title":"Uma Itaipu movida a vento: Brasil completa 16 GW de energia e\u00f3lica","author":"da Reda\u00e7\u00e3o","date":"23 de junho de 2020","format":false,"excerpt":"Cleber Dioni Tentardini Os parques e\u00f3licos em funcionamento no Brasil garantiram a marca de 16 Gigawatts de capacidade instalada de energia e\u00f3lica, pot\u00eancia superior \u00e0 produ\u00e7\u00e3o da Usina Hidrel\u00e9trica de Itaipu, que \u00e9 de 14 GW. Desde o ano passado, a energia e\u00f3lica \u00e9 a segunda fonte da matriz el\u00e9trica\u2026","rel":"","context":"Em &quot;Ambiente J\u00c1-MAT\u00c9RIA&quot;","block_context":{"text":"Ambiente J\u00c1-MAT\u00c9RIA","link":"https:\/\/www.jornalja.com.br\/ambiente\/category\/ambiente-geral\/"},"img":{"alt_text":"","src":"https:\/\/i0.wp.com\/www.jornalja.com.br\/ambiente\/wp-content\/uploads\/sites\/3\/2020\/06\/Foto-Nelio-Chatarina-Pinto_Divulga%C3%A7%C3%A3o-DSC02908-scaled.jpg?resize=350%2C200&ssl=1","width":350,"height":200,"srcset":"https:\/\/i0.wp.com\/www.jornalja.com.br\/ambiente\/wp-content\/uploads\/sites\/3\/2020\/06\/Foto-Nelio-Chatarina-Pinto_Divulga%C3%A7%C3%A3o-DSC02908-scaled.jpg?resize=350%2C200&ssl=1 1x, https:\/\/i0.wp.com\/www.jornalja.com.br\/ambiente\/wp-content\/uploads\/sites\/3\/2020\/06\/Foto-Nelio-Chatarina-Pinto_Divulga%C3%A7%C3%A3o-DSC02908-scaled.jpg?resize=525%2C300&ssl=1 1.5x, https:\/\/i0.wp.com\/www.jornalja.com.br\/ambiente\/wp-content\/uploads\/sites\/3\/2020\/06\/Foto-Nelio-Chatarina-Pinto_Divulga%C3%A7%C3%A3o-DSC02908-scaled.jpg?resize=700%2C400&ssl=1 2x"},"classes":[]},{"id":83488,"url":"https:\/\/www.jornalja.com.br\/ambiente\/vento-a-favor-no-pampa\/","url_meta":{"origin":81870,"position":2},"title":"Vento a favor no Pampa","author":"Cleber Dioni Tentardini","date":"30 de outubro de 2021","format":false,"excerpt":"Aprovado pela Eletrobras, Complexo E\u00f3lico Coxilha Negra, de 300MW,\u00a0 come\u00e7a a ser constru\u00eddo at\u00e9 junho de 2022, em Santana do Livramento Por Cleber Dioni Tentardini A licita\u00e7\u00e3o para compra dos aerogeradores j\u00e1 foi aberta. As obras est\u00e3o previstas para iniciar at\u00e9 junho de 2022. Trata-se do Complexo E\u00f3lico Coxilha Negra,\u2026","rel":"","context":"Em &quot;Ambiente J\u00c1-MAT\u00c9RIA&quot;","block_context":{"text":"Ambiente J\u00c1-MAT\u00c9RIA","link":"https:\/\/www.jornalja.com.br\/ambiente\/category\/ambiente-geral\/"},"img":{"alt_text":"","src":"https:\/\/i0.wp.com\/www.jornalja.com.br\/ambiente\/wp-content\/uploads\/sites\/3\/2021\/10\/capa-energia-limpa-integrada-ao-ambiente-da-campanha-foto-nelio-pinto-divulgacao.jpg?resize=350%2C200&ssl=1","width":350,"height":200,"srcset":"https:\/\/i0.wp.com\/www.jornalja.com.br\/ambiente\/wp-content\/uploads\/sites\/3\/2021\/10\/capa-energia-limpa-integrada-ao-ambiente-da-campanha-foto-nelio-pinto-divulgacao.jpg?resize=350%2C200&ssl=1 1x, https:\/\/i0.wp.com\/www.jornalja.com.br\/ambiente\/wp-content\/uploads\/sites\/3\/2021\/10\/capa-energia-limpa-integrada-ao-ambiente-da-campanha-foto-nelio-pinto-divulgacao.jpg?resize=525%2C300&ssl=1 1.5x, https:\/\/i0.wp.com\/www.jornalja.com.br\/ambiente\/wp-content\/uploads\/sites\/3\/2021\/10\/capa-energia-limpa-integrada-ao-ambiente-da-campanha-foto-nelio-pinto-divulgacao.jpg?resize=700%2C400&ssl=1 2x, https:\/\/i0.wp.com\/www.jornalja.com.br\/ambiente\/wp-content\/uploads\/sites\/3\/2021\/10\/capa-energia-limpa-integrada-ao-ambiente-da-campanha-foto-nelio-pinto-divulgacao.jpg?resize=1050%2C600&ssl=1 3x, https:\/\/i0.wp.com\/www.jornalja.com.br\/ambiente\/wp-content\/uploads\/sites\/3\/2021\/10\/capa-energia-limpa-integrada-ao-ambiente-da-campanha-foto-nelio-pinto-divulgacao.jpg?resize=1400%2C800&ssl=1 4x"},"classes":[]},{"id":82887,"url":"https:\/\/www.jornalja.com.br\/ambiente\/petrobras-vende-sua-ultima-usina-eolica-para-se-concentrar-no-petroleo\/","url_meta":{"origin":81870,"position":3},"title":"Petrobras vende sua \u00faltima usina e\u00f3lica para se concentrar no petr\u00f3leo","author":"da Reda\u00e7\u00e3o","date":"27 de fevereiro de 2021","format":false,"excerpt":"A Petrobras anunciou na \u00faltima sexta-feira (26\/2) a venda da usina e\u00f3lica Mangue Seco 2, em Guamar\u00e9, Rio Grande do Norte, em opera\u00e7\u00e3o desde 2011. A estatal detinha 51% do neg\u00f3cio, dos quais se desfez por RS$ 33 milh\u00f5es,\u00a0 com o objetivo de \u201cotimizar o portf\u00f3lio, reduzir o endividamento e\u2026","rel":"","context":"Em &quot;Ambiente J\u00c1-MAT\u00c9RIA&quot;","block_context":{"text":"Ambiente J\u00c1-MAT\u00c9RIA","link":"https:\/\/www.jornalja.com.br\/ambiente\/category\/ambiente-geral\/"},"img":{"alt_text":"","src":"https:\/\/i0.wp.com\/www.jornalja.com.br\/ambiente\/wp-content\/uploads\/sites\/3\/2021\/02\/mangueseco2.jpeg?resize=350%2C200&ssl=1","width":350,"height":200},"classes":[]},{"id":85540,"url":"https:\/\/www.jornalja.com.br\/ambiente\/transicao-energetica-por-hidrogenio-verde-avanca-no-rio-grande-do-sul\/","url_meta":{"origin":81870,"position":4},"title":"Transi\u00e7\u00e3o energ\u00e9tica por Hidrog\u00eanio Verde avan\u00e7a no Rio Grande do Sul","author":"S\u00e9rgio Lagranha","date":"2 de abril de 2025","format":false,"excerpt":"A transi\u00e7\u00e3o energ\u00e9tica atrav\u00e9s do Hidrog\u00eanio Verde (H2V) est\u00e1 avan\u00e7ando no Rio Grande do Sul. Produzido principalmente por meio da eletr\u00f3lise da \u00e1gua, \u00e9 um processo que separa as mol\u00e9culas de hidrog\u00eanio (H\u2082) e oxig\u00eanio (O\u2082) utilizando eletricidade. Para que o hidrog\u00eanio seja considerado \"verde\", a eletricidade usada nesse processo\u2026","rel":"","context":"Em &quot;Ambiente J\u00c1-MAT\u00c9RIA&quot;","block_context":{"text":"Ambiente J\u00c1-MAT\u00c9RIA","link":"https:\/\/www.jornalja.com.br\/ambiente\/category\/ambiente-geral\/"},"img":{"alt_text":"","src":"https:\/\/i0.wp.com\/www.jornalja.com.br\/ambiente\/wp-content\/uploads\/sites\/3\/2025\/04\/20250402-170240-rotated.jpg?resize=350%2C200&ssl=1","width":350,"height":200,"srcset":"https:\/\/i0.wp.com\/www.jornalja.com.br\/ambiente\/wp-content\/uploads\/sites\/3\/2025\/04\/20250402-170240-rotated.jpg?resize=350%2C200&ssl=1 1x, https:\/\/i0.wp.com\/www.jornalja.com.br\/ambiente\/wp-content\/uploads\/sites\/3\/2025\/04\/20250402-170240-rotated.jpg?resize=525%2C300&ssl=1 1.5x, https:\/\/i0.wp.com\/www.jornalja.com.br\/ambiente\/wp-content\/uploads\/sites\/3\/2025\/04\/20250402-170240-rotated.jpg?resize=700%2C400&ssl=1 2x, https:\/\/i0.wp.com\/www.jornalja.com.br\/ambiente\/wp-content\/uploads\/sites\/3\/2025\/04\/20250402-170240-rotated.jpg?resize=1050%2C600&ssl=1 3x, https:\/\/i0.wp.com\/www.jornalja.com.br\/ambiente\/wp-content\/uploads\/sites\/3\/2025\/04\/20250402-170240-rotated.jpg?resize=1400%2C800&ssl=1 4x"},"classes":[]},{"id":83899,"url":"https:\/\/www.jornalja.com.br\/ambiente\/energia-eolica-bate-recorde-de-producao-no-nordeste\/","url_meta":{"origin":81870,"position":5},"title":"Energia e\u00f3lica bate recorde de produ\u00e7\u00e3o no nordeste","author":"Elmar Bones","date":"18 de julho de 2022","format":false,"excerpt":"A energia e\u00f3lica no Nordeste bateu novo recorde de gera\u00e7\u00e3o instant\u00e2nea (pico de gera\u00e7\u00e3o), informou o Operador Nacional do Sistema El\u00e9trico (ONS). Em 8 de julho, as turbinas e\u00f3licas produziram 14.167 megawatts (MW), o equivalente a 123,2% da demanda na regi\u00e3o. Esse montante \u00e9 suficiente para suprir o consumo de\u2026","rel":"","context":"Em &quot;Ambiente J\u00c1-NOTAS&quot;","block_context":{"text":"Ambiente J\u00c1-NOTAS","link":"https:\/\/www.jornalja.com.br\/ambiente\/category\/notas-ambiente-ja\/"},"img":{"alt_text":"","src":"","width":0,"height":0},"classes":[]}],"jetpack_shortlink":"https:\/\/wp.me\/pbKnZo-liu","jetpack_sharing_enabled":true,"_links":{"self":[{"href":"https:\/\/www.jornalja.com.br\/ambiente\/wp-json\/wp\/v2\/posts\/81870","targetHints":{"allow":["GET"]}}],"collection":[{"href":"https:\/\/www.jornalja.com.br\/ambiente\/wp-json\/wp\/v2\/posts"}],"about":[{"href":"https:\/\/www.jornalja.com.br\/ambiente\/wp-json\/wp\/v2\/types\/post"}],"author":[{"embeddable":true,"href":"https:\/\/www.jornalja.com.br\/ambiente\/wp-json\/wp\/v2\/users\/2"}],"replies":[{"embeddable":true,"href":"https:\/\/www.jornalja.com.br\/ambiente\/wp-json\/wp\/v2\/comments?post=81870"}],"version-history":[{"count":2,"href":"https:\/\/www.jornalja.com.br\/ambiente\/wp-json\/wp\/v2\/posts\/81870\/revisions"}],"predecessor-version":[{"id":81873,"href":"https:\/\/www.jornalja.com.br\/ambiente\/wp-json\/wp\/v2\/posts\/81870\/revisions\/81873"}],"wp:featuredmedia":[{"embeddable":true,"href":"https:\/\/www.jornalja.com.br\/ambiente\/wp-json\/wp\/v2\/media\/81872"}],"wp:attachment":[{"href":"https:\/\/www.jornalja.com.br\/ambiente\/wp-json\/wp\/v2\/media?parent=81870"}],"wp:term":[{"taxonomy":"category","embeddable":true,"href":"https:\/\/www.jornalja.com.br\/ambiente\/wp-json\/wp\/v2\/categories?post=81870"},{"taxonomy":"post_tag","embeddable":true,"href":"https:\/\/www.jornalja.com.br\/ambiente\/wp-json\/wp\/v2\/tags?post=81870"}],"curies":[{"name":"wp","href":"https:\/\/api.w.org\/{rel}","templated":true}]}}