{"id":81929,"date":"2020-04-25T10:40:36","date_gmt":"2020-04-25T13:40:36","guid":{"rendered":"https:\/\/www.jornalja.com.br\/ambiente\/?p=81929"},"modified":"2020-04-25T15:15:50","modified_gmt":"2020-04-25T18:15:50","slug":"estudantes-do-mexico-criam-alcool-gel-com-plantas-para-populacao-vulneravel","status":"publish","type":"post","link":"https:\/\/www.jornalja.com.br\/ambiente\/estudantes-do-mexico-criam-alcool-gel-com-plantas-para-populacao-vulneravel\/","title":{"rendered":"Estudantes do M\u00e9xico criam \u00e1lcool gel com plantas para popula\u00e7\u00e3o vulner\u00e1vel"},"content":{"rendered":"<p>Alunos da Universidade Tecnol\u00f3gica de Tarahumara (UTT), em Chihuahua, no M\u00e9xico, criaram um &#8220;\u00e1lcool gel&#8221; baseado em hortel\u00e3-pimenta, chuchupate (erva nativa) e \u00e1lcool para ajudar a popula\u00e7\u00e3o ind\u00edgena e criar um produto acess\u00edvel, para impedir a propaga\u00e7\u00e3o do coronav\u00edrus COVID-19.<\/p>\n<p>A institui\u00e7\u00e3o garantiu que o gel \u00e9 produzido a partir de &#8220;plantas end\u00eamicas da regi\u00e3o montanhosa, com propriedades anti-s\u00e9pticas&#8221;, como medida preventiva para evitar a dissemina\u00e7\u00e3o do v\u00edrus.<\/p>\n<p>O desinfetante \u00e9 composto de tr\u00eas reagentes, o principal, como apontaram, \u00e9 a raiz da planta selvagem <em>Lingusicum Porteri<\/em>, geralmente usada na \u00e1rea, para aliviar problemas estomacais e intestinais.<\/p>\n<p>Para obter suas propriedades, o \u00f3leo essencial da planta foi extra\u00eddo por filtra\u00e7\u00e3o a quente. O desinfetante foi criado processando o \u00f3leo, a hortel\u00e3-pimenta e misturando-a com \u00e1lcool.<\/p>\n<p>Eles j\u00e1 produziram cerca de 200 garrafas,\u00a0que est\u00e3o sendo distribu\u00eddas na comunidade ind\u00edgena em uma situa\u00e7\u00e3o de maior vulnerabilidade econ\u00f4mica.<\/p>\n<p>(Jornal <a href=\"http:\/\/www.24horas.cl\/\">24 Horas<\/a>)<\/p>\n","protected":false},"excerpt":{"rendered":"<p>Alunos da Universidade Tecnol\u00f3gica de Tarahumara (UTT), em Chihuahua, no M\u00e9xico, criaram um &#8220;\u00e1lcool gel&#8221; baseado em hortel\u00e3-pimenta, chuchupate (erva nativa) e \u00e1lcool para ajudar a popula\u00e7\u00e3o ind\u00edgena e criar um produto acess\u00edvel, para impedir a propaga\u00e7\u00e3o do coronav\u00edrus COVID-19. A institui\u00e7\u00e3o garantiu que o gel \u00e9 produzido a partir de &#8220;plantas end\u00eamicas da regi\u00e3o [&hellip;]<\/p>\n","protected":false},"author":2,"featured_media":81932,"comment_status":"open","ping_status":"open","sticky":false,"template":"","format":"standard","meta":{"jetpack_post_was_ever_published":false,"_jetpack_newsletter_access":"","_jetpack_dont_email_post_to_subs":false,"_jetpack_newsletter_tier_id":0,"_jetpack_memberships_contains_paywalled_content":false,"_jetpack_memberships_contains_paid_content":false,"footnotes":"","jetpack_publicize_message":"","jetpack_publicize_feature_enabled":true,"jetpack_social_post_already_shared":true,"jetpack_social_options":{"image_generator_settings":{"template":"highway","default_image_id":0,"font":"","enabled":false},"version":2}},"categories":[18],"tags":[215],"class_list":["post-81929","post","type-post","status-publish","format-standard","has-post-thumbnail","hentry","category-notas-ambiente-ja","tag-covid-19"],"aioseo_notices":[],"jetpack_publicize_connections":[],"jetpack_featured_media_url":"https:\/\/www.jornalja.com.br\/ambiente\/wp-content\/uploads\/sites\/3\/2020\/04\/gelmexicano.jpg","jetpack-related-posts":[{"id":81811,"url":"https:\/\/www.jornalja.com.br\/ambiente\/medidas-restritivas-sao-apenas-para-desacelerar-a-transmissao\/","url_meta":{"origin":81929,"position":0},"title":"&#8220;Medidas restritivas s\u00e3o apenas para desacelerar a transmiss\u00e3o&#8221;","author":"da Reda\u00e7\u00e3o","date":"22 de mar\u00e7o de 2020","format":false,"excerpt":"O bi\u00f3logo aposentado, Luiz Augusto Vassoler, de 57 anos,\u00a0 postou na internet um depoimento dos mais esclarecedores sobre o novo coronavirus, que est\u00e1 assombrando o mundo. Entre outras atividades, ele trabalhou\u00a0 no renomado Instituto Biol\u00f3gico de S\u00e3o Paulo, onde foi assistente do cientista Moacyr Rossi Nilson, autor de pesquisas reconhecidas\u2026","rel":"","context":"Em &quot;Ambiente J\u00c1-MAT\u00c9RIA&quot;","block_context":{"text":"Ambiente J\u00c1-MAT\u00c9RIA","link":"https:\/\/www.jornalja.com.br\/ambiente\/category\/ambiente-geral\/"},"img":{"alt_text":"","src":"","width":0,"height":0},"classes":[]},{"id":82094,"url":"https:\/\/www.jornalja.com.br\/ambiente\/liberada-visitacao-aos-parques-da-serra-geral-e-aparados-da-serra\/","url_meta":{"origin":81929,"position":1},"title":"Liberada visita\u00e7\u00e3o aos parques da Serra Geral e Aparados da Serra","author":"da Reda\u00e7\u00e3o","date":"10 de junho de 2020","format":false,"excerpt":"Est\u00e1 autorizada a reabertura da visita\u00e7\u00e3o nos parques nacionais de Aparados da Serra e da Serra Geral, no Rio Grande do Sul, pelo Instituto Chico Mendes de Conserva\u00e7\u00e3o da Biodiversidade (ICMBio), \u00f3rg\u00e3o do Minist\u00e9rio do Meio Ambiente. A portaria foi publicada no\u00a0Di\u00e1rio Oficial da Uni\u00e3o. Os dois parques tamb\u00e9m abrangem\u2026","rel":"","context":"Em &quot;Ambiente J\u00c1-MAT\u00c9RIA&quot;","block_context":{"text":"Ambiente J\u00c1-MAT\u00c9RIA","link":"https:\/\/www.jornalja.com.br\/ambiente\/category\/ambiente-geral\/"},"img":{"alt_text":"","src":"https:\/\/i0.wp.com\/www.jornalja.com.br\/ambiente\/wp-content\/uploads\/sites\/3\/2020\/06\/aparados-da-serra-icmbio.jpg?resize=350%2C200&ssl=1","width":350,"height":200},"classes":[]},{"id":77768,"url":"https:\/\/www.jornalja.com.br\/ambiente\/palestras-online-sobre-erva-mate-da-producao-as-propriedades-nutricionais\/","url_meta":{"origin":81929,"position":2},"title":"Palestras online sobre erva mate: da produ\u00e7\u00e3o \u00e0s propriedades nutricionais","author":"da Reda\u00e7\u00e3o","date":"25 de setembro de 2019","format":false,"excerpt":"Com o objetivo de repassar conhecimentos especializados sobre a erva-mate ao p\u00fablico geral, durante esta semana (23 a 27\/09) est\u00e1 ocorrendo o Congresso Online da Erva-Mate (ConaMate). Ao todo ser\u00e3o 20 palestras durante cinco dias, voltadas a ervateiros, viveiristas, consumidores, pesquisadores, vendedores e aos apaixonados por erva-mate. O evento \u00e9\u2026","rel":"","context":"Em &quot;Ambiente J\u00c1-MAT\u00c9RIA&quot;","block_context":{"text":"Ambiente J\u00c1-MAT\u00c9RIA","link":"https:\/\/www.jornalja.com.br\/ambiente\/category\/ambiente-geral\/"},"img":{"alt_text":"","src":"","width":0,"height":0},"classes":[]},{"id":78399,"url":"https:\/\/www.jornalja.com.br\/ambiente\/voluntarios-se-reunem-para-plantar-um-milhao-de-arvores-num-dia-em-brasilia\/","url_meta":{"origin":81929,"position":3},"title":"Volunt\u00e1rios se  re\u00fanem para plantar um milh\u00e3o de \u00e1rvores num dia em Bras\u00edlia","author":"da Reda\u00e7\u00e3o","date":"18 de outubro de 2019","format":false,"excerpt":"Volunt\u00e1rios se organizam para plantar um milh\u00e3o de \u00e1rvores no DF em apenas um dia Segundo o idealizador, o convite est\u00e1 aberto para quem quiser participar da a\u00e7\u00e3o que ocorre no dia 8 de dezembro *** Voc\u00ea j\u00e1 plantou uma \u00e1rvore na vida? Pois um movimento em Bras\u00edlia vem reunindo\u2026","rel":"","context":"Em &quot;Ambiente J\u00c1-MAT\u00c9RIA&quot;","block_context":{"text":"Ambiente J\u00c1-MAT\u00c9RIA","link":"https:\/\/www.jornalja.com.br\/ambiente\/category\/ambiente-geral\/"},"img":{"alt_text":"","src":"","width":0,"height":0},"classes":[]},{"id":82660,"url":"https:\/\/www.jornalja.com.br\/ambiente\/semana-lixo-zero-tera-123-atividades-gratuitas-abertas-a-populacao\/","url_meta":{"origin":81929,"position":4},"title":"Semana Lixo Zero ter\u00e1 123 atividades gratuitas abertas \u00e0 popula\u00e7\u00e3o","author":"da Reda\u00e7\u00e3o","date":"23 de outubro de 2020","format":false,"excerpt":"De hoje a primeiro de novembro acontece a sexta edi\u00e7\u00e3o da Semana Lixo Zero. O tema deste ano \u00e9 \"O Lixo Zero inspira a minha cidade a...\". Ser\u00e3o 123 atividades gratuitas abertas \u00e0 popula\u00e7\u00e3o, a maior parte delas de modo virtual, devido \u00e0 pandemia da Covid-19. S\u00e3o palestras, rodas de\u2026","rel":"","context":"Em &quot;Ambiente J\u00c1-MAT\u00c9RIA&quot;","block_context":{"text":"Ambiente J\u00c1-MAT\u00c9RIA","link":"https:\/\/www.jornalja.com.br\/ambiente\/category\/ambiente-geral\/"},"img":{"alt_text":"","src":"","width":0,"height":0},"classes":[]},{"id":73506,"url":"https:\/\/www.jornalja.com.br\/ambiente\/sebastiao-pinheiro-alerta-para-a-totemizacao-do-veneno-agricola\/","url_meta":{"origin":81929,"position":5},"title":"Sebasti\u00e3o Pinheiro alerta para a &quot;totemiza\u00e7\u00e3o do veneno agr\u00edcola&quot;","author":"Geraldo Hasse","date":"26 de mar\u00e7o de 2019","format":false,"excerpt":"Em evento promovido pela Agapan, o ativista ecol\u00f3gico Sebasti\u00e3o Pinheiro foi aplaudido de p\u00e9 por mais de 200 pessoas reunidas na noite de segunda-feira (25\/3) no audit\u00f3rio da Faculdade de Arquitetura no campus central da UFGRS em Porto Alegre. Ap\u00f3s sua palestra sobre o poder dos agrot\u00f3xicos no Brasil e\u2026","rel":"","context":"Em &quot;Ambiente J\u00c1-MAT\u00c9RIA&quot;","block_context":{"text":"Ambiente J\u00c1-MAT\u00c9RIA","link":"https:\/\/www.jornalja.com.br\/ambiente\/category\/ambiente-geral\/"},"img":{"alt_text":"","src":"","width":0,"height":0},"classes":[]}],"jetpack_shortlink":"https:\/\/wp.me\/pbKnZo-ljr","jetpack_sharing_enabled":true,"_links":{"self":[{"href":"https:\/\/www.jornalja.com.br\/ambiente\/wp-json\/wp\/v2\/posts\/81929","targetHints":{"allow":["GET"]}}],"collection":[{"href":"https:\/\/www.jornalja.com.br\/ambiente\/wp-json\/wp\/v2\/posts"}],"about":[{"href":"https:\/\/www.jornalja.com.br\/ambiente\/wp-json\/wp\/v2\/types\/post"}],"author":[{"embeddable":true,"href":"https:\/\/www.jornalja.com.br\/ambiente\/wp-json\/wp\/v2\/users\/2"}],"replies":[{"embeddable":true,"href":"https:\/\/www.jornalja.com.br\/ambiente\/wp-json\/wp\/v2\/comments?post=81929"}],"version-history":[{"count":3,"href":"https:\/\/www.jornalja.com.br\/ambiente\/wp-json\/wp\/v2\/posts\/81929\/revisions"}],"predecessor-version":[{"id":81935,"href":"https:\/\/www.jornalja.com.br\/ambiente\/wp-json\/wp\/v2\/posts\/81929\/revisions\/81935"}],"wp:featuredmedia":[{"embeddable":true,"href":"https:\/\/www.jornalja.com.br\/ambiente\/wp-json\/wp\/v2\/media\/81932"}],"wp:attachment":[{"href":"https:\/\/www.jornalja.com.br\/ambiente\/wp-json\/wp\/v2\/media?parent=81929"}],"wp:term":[{"taxonomy":"category","embeddable":true,"href":"https:\/\/www.jornalja.com.br\/ambiente\/wp-json\/wp\/v2\/categories?post=81929"},{"taxonomy":"post_tag","embeddable":true,"href":"https:\/\/www.jornalja.com.br\/ambiente\/wp-json\/wp\/v2\/tags?post=81929"}],"curies":[{"name":"wp","href":"https:\/\/api.w.org\/{rel}","templated":true}]}}