{"id":82030,"date":"2020-05-20T12:11:06","date_gmt":"2020-05-20T15:11:06","guid":{"rendered":"https:\/\/www.jornalja.com.br\/ambiente\/?p=82030"},"modified":"2020-08-05T12:09:50","modified_gmt":"2020-08-05T15:09:50","slug":"atividades-do-museu-de-ciencias-jardim-botanico-e-zoologico-estao-mantidas-garante-titular-da-sema","status":"publish","type":"post","link":"https:\/\/www.jornalja.com.br\/ambiente\/atividades-do-museu-de-ciencias-jardim-botanico-e-zoologico-estao-mantidas-garante-titular-da-sema\/","title":{"rendered":"Atividades do Museu de Ci\u00eancias, Jardim Bot\u00e2nico e Zool\u00f3gico est\u00e3o mantidas, garante titular da\u00a0SEMA"},"content":{"rendered":"<p><strong>Por Cleber Dioni Tentardini<\/strong><\/p>\n<p>A <strong><a href=\"https:\/\/www.jornalja.com.br\/ambiente\/fundacao-zoobotanica-do-rio-grande-do-sul-esta-oficialmente-extinta\/\">Funda\u00e7\u00e3o Zoobot\u00e2nica foi extinta<\/a><\/strong> na semana passada, mas o Museu de Ci\u00eancias Naturais (MCN), o Jardim Bot\u00e2nico de Porto Alegre (JB) e o Parque Zool\u00f3gico mant\u00eam suas atividades funcionando normalmente, levando em conta as restri\u00e7\u00f5es sanit\u00e1rias neste momento de pandemia.<\/p>\n<p>A garantia \u00e9 do secret\u00e1rio de Meio Ambiente e Infraestrutura (SEMA), Artur Lemos J\u00fanior. Ele informou atrav\u00e9s de sua assessoria que n\u00e3o h\u00e1 preju\u00edzos ou descontinuidade de pesquisas, concentradas agora no Departamento de Biodiversidade da Secretaria.<\/p>\n<figure id=\"attachment_82034\" aria-describedby=\"caption-attachment-82034\" style=\"width: 300px\" class=\"wp-caption alignleft\"><img decoding=\"async\" data-attachment-id=\"82034\" data-permalink=\"https:\/\/www.jornalja.com.br\/ambiente\/atividades-do-museu-de-ciencias-jardim-botanico-e-zoologico-estao-mantidas-garante-titular-da-sema\/lemos_foto-tiago-trindade_divulgacao-sema\/\" data-orig-file=\"https:\/\/www.jornalja.com.br\/ambiente\/wp-content\/uploads\/sites\/3\/2020\/05\/Lemos_Foto-Tiago-Trindade_Divulga\u00e7\u00e3o-SEMA.jpg\" data-orig-size=\"800,533\" data-comments-opened=\"1\" data-image-meta=\"{&quot;aperture&quot;:&quot;0&quot;,&quot;credit&quot;:&quot;&quot;,&quot;camera&quot;:&quot;&quot;,&quot;caption&quot;:&quot;&quot;,&quot;created_timestamp&quot;:&quot;0&quot;,&quot;copyright&quot;:&quot;&quot;,&quot;focal_length&quot;:&quot;0&quot;,&quot;iso&quot;:&quot;0&quot;,&quot;shutter_speed&quot;:&quot;0&quot;,&quot;title&quot;:&quot;&quot;,&quot;orientation&quot;:&quot;0&quot;}\" data-image-title=\"Lemos_Foto Tiago Trindade_Divulga\u00e7\u00e3o SEMA\" data-image-description=\"\" data-image-caption=\"&lt;p&gt;Artur Lemos. Foto: Tiago Trindade\/Divulga\u00e7\u00e3o SEMA&lt;\/p&gt;\n\" data-large-file=\"https:\/\/www.jornalja.com.br\/ambiente\/wp-content\/uploads\/sites\/3\/2020\/05\/Lemos_Foto-Tiago-Trindade_Divulga\u00e7\u00e3o-SEMA.jpg\" class=\"wp-image-82034 size-medium\" src=\"https:\/\/www.jornalja.com.br\/ambiente\/wp-content\/uploads\/sites\/3\/2020\/05\/Lemos_Foto-Tiago-Trindade_Divulga\u00e7\u00e3o-SEMA-300x200.jpg\" alt=\"\" width=\"300\" height=\"200\" srcset=\"https:\/\/www.jornalja.com.br\/ambiente\/wp-content\/uploads\/sites\/3\/2020\/05\/Lemos_Foto-Tiago-Trindade_Divulga\u00e7\u00e3o-SEMA-300x200.jpg 300w, https:\/\/www.jornalja.com.br\/ambiente\/wp-content\/uploads\/sites\/3\/2020\/05\/Lemos_Foto-Tiago-Trindade_Divulga\u00e7\u00e3o-SEMA-768x512.jpg 768w, https:\/\/www.jornalja.com.br\/ambiente\/wp-content\/uploads\/sites\/3\/2020\/05\/Lemos_Foto-Tiago-Trindade_Divulga\u00e7\u00e3o-SEMA.jpg 800w\" sizes=\"(max-width: 300px) 100vw, 300px\" \/><figcaption id=\"caption-attachment-82034\" class=\"wp-caption-text\">Artur Lemos\/Foto:Tiago Trindade\/SEMA<\/figcaption><\/figure>\n<p>Lemos, no entanto, n\u00e3o quis comentar sobre a a\u00e7\u00e3o que o governo do Estado mant\u00e9m na Justi\u00e7a do Trabalho com o intuito de demitir os servidores das tr\u00eas institui\u00e7\u00f5es que permaneceram vinculadas \u00e0 Zoobot\u00e2nica por mais de quatro d\u00e9cadas.<\/p>\n<p>Fontes da SEMA asseguram que o governo j\u00e1 decidiu manter a lei que autoriza a demiss\u00e3o dos funcion\u00e1rios.<\/p>\n<p>Para o cientista e professor Ludwig Buckup, representa uma amea\u00e7a ao patrim\u00f4nio ambiental do Estado na medida em que inviabiliza a manuten\u00e7\u00e3o das cole\u00e7\u00f5es cient\u00edficas e das pesquisas.<\/p>\n<p>\u201cA extin\u00e7\u00e3o da Funda\u00e7\u00e3o e o desmonte de uma estrutura de conserva\u00e7\u00e3o da biodiversidade rio-grandense n\u00e3o amea\u00e7am apenas esses acervos de valor incalcul\u00e1vel. Fica incerto tamb\u00e9m o futuro das pesquisas, muitas delas contavam com apoio de entidades do Brasil e do exterior\u201d, diz Buckup.<\/p>\n<p>O Museu de Ci\u00eancias Naturais, aberto em 1955, e o Jardim Bot\u00e2nico, em 1959, det\u00eam o maior acervo de material-testemu\u00adnho da biodiversidade dos ecossiste\u00admas terrestres e aqu\u00e1ticos do Estado. <strong><a href=\"https:\/\/www.jornalja.com.br\/patrimonio\/colecoes-da-zoobotanica-somam-mais-de-600-mil-exemplares-da-fauna-e-flora-nativas\/\">As cole\u00e7\u00f5es do MCN e do JB somam mais de 600 mil exemplares da fauna e flora nativas<\/a><\/strong>.<\/p>\n<figure id=\"attachment_82036\" aria-describedby=\"caption-attachment-82036\" style=\"width: 1024px\" class=\"wp-caption alignnone\"><img decoding=\"async\" data-attachment-id=\"82036\" data-permalink=\"https:\/\/www.jornalja.com.br\/ambiente\/atividades-do-museu-de-ciencias-jardim-botanico-e-zoologico-estao-mantidas-garante-titular-da-sema\/em-eventos-de-educacao-ambiental-os-anfibios-do-patrick-sao-uma-das-principais-atracoesdivulgacao\/\" data-orig-file=\"https:\/\/www.jornalja.com.br\/ambiente\/wp-content\/uploads\/sites\/3\/2020\/05\/Em-eventos-de-educa\u00e7\u00e3o-ambiental-os-anf\u00edbios-do-Patrick-s\u00e3o-uma-das-principais-atra\u00e7\u00f5esDivulga\u00e7\u00e3o.jpg\" data-orig-size=\"1024,737\" data-comments-opened=\"1\" data-image-meta=\"{&quot;aperture&quot;:&quot;0&quot;,&quot;credit&quot;:&quot;&quot;,&quot;camera&quot;:&quot;&quot;,&quot;caption&quot;:&quot;&quot;,&quot;created_timestamp&quot;:&quot;0&quot;,&quot;copyright&quot;:&quot;&quot;,&quot;focal_length&quot;:&quot;0&quot;,&quot;iso&quot;:&quot;0&quot;,&quot;shutter_speed&quot;:&quot;0&quot;,&quot;title&quot;:&quot;&quot;,&quot;orientation&quot;:&quot;0&quot;}\" data-image-title=\"Em eventos de educa\u00e7\u00e3o ambiental, os anf\u00edbios do Patrick s\u00e3o uma das principais atra\u00e7\u00f5esDivulga\u00e7\u00e3o\" data-image-description=\"\" data-image-caption=\"&lt;p&gt;Bi\u00f3logo Patrick fala dos anf\u00edbios a alunos em evento de educa\u00e7\u00e3o ambiental \/ Mariano Pairet&lt;\/p&gt;\n\" data-large-file=\"https:\/\/www.jornalja.com.br\/ambiente\/wp-content\/uploads\/sites\/3\/2020\/05\/Em-eventos-de-educa\u00e7\u00e3o-ambiental-os-anf\u00edbios-do-Patrick-s\u00e3o-uma-das-principais-atra\u00e7\u00f5esDivulga\u00e7\u00e3o.jpg\" class=\"size-full wp-image-82036\" src=\"https:\/\/www.jornalja.com.br\/ambiente\/wp-content\/uploads\/sites\/3\/2020\/05\/Em-eventos-de-educa\u00e7\u00e3o-ambiental-os-anf\u00edbios-do-Patrick-s\u00e3o-uma-das-principais-atra\u00e7\u00f5esDivulga\u00e7\u00e3o.jpg\" alt=\"\" width=\"1024\" height=\"737\" srcset=\"https:\/\/www.jornalja.com.br\/ambiente\/wp-content\/uploads\/sites\/3\/2020\/05\/Em-eventos-de-educa\u00e7\u00e3o-ambiental-os-anf\u00edbios-do-Patrick-s\u00e3o-uma-das-principais-atra\u00e7\u00f5esDivulga\u00e7\u00e3o.jpg 1024w, https:\/\/www.jornalja.com.br\/ambiente\/wp-content\/uploads\/sites\/3\/2020\/05\/Em-eventos-de-educa\u00e7\u00e3o-ambiental-os-anf\u00edbios-do-Patrick-s\u00e3o-uma-das-principais-atra\u00e7\u00f5esDivulga\u00e7\u00e3o-300x216.jpg 300w, https:\/\/www.jornalja.com.br\/ambiente\/wp-content\/uploads\/sites\/3\/2020\/05\/Em-eventos-de-educa\u00e7\u00e3o-ambiental-os-anf\u00edbios-do-Patrick-s\u00e3o-uma-das-principais-atra\u00e7\u00f5esDivulga\u00e7\u00e3o-768x553.jpg 768w\" sizes=\"(max-width: 1024px) 100vw, 1024px\" \/><figcaption id=\"caption-attachment-82036\" class=\"wp-caption-text\">Bi\u00f3logo Patrick fala dos anf\u00edbios a alunos em evento de educa\u00e7\u00e3o ambiental\/Mariano Pairet<\/figcaption><\/figure>\n<p>O <strong><a href=\"https:\/\/www.jornalja.com.br\/patrimonio\/jardim-botanico-e-um-museu-vivo-com-mais-de-4-mil-plantas-nativas\/\">Jardim Bot\u00e2nico possui 29 cole\u00e7\u00f5es cient\u00edficas que somam mais de 4.300 plantas<\/a><\/strong>, incluindo esp\u00e9cies raras, amea\u00e7adas de extin\u00e7\u00e3o e end\u00eamicas &#8211; encontradas apenas no RS. \u00c9 um dos cinco melhores e maiores do Brasil, e serve de modelo para cria\u00e7\u00e3o de outros JBs por sua organiza\u00e7\u00e3o e conserva\u00e7\u00e3o da flora riograndense.<\/p>\n<figure id=\"attachment_82035\" aria-describedby=\"caption-attachment-82035\" style=\"width: 1024px\" class=\"wp-caption alignnone\"><img decoding=\"async\" data-attachment-id=\"82035\" data-permalink=\"https:\/\/www.jornalja.com.br\/ambiente\/atividades-do-museu-de-ciencias-jardim-botanico-e-zoologico-estao-mantidas-garante-titular-da-sema\/area-de-preservacao-esta-reduzida-a-36-hectares-cleber-dioni-tentardini\/\" data-orig-file=\"https:\/\/www.jornalja.com.br\/ambiente\/wp-content\/uploads\/sites\/3\/2020\/05\/\u00c1rea-de-preserva\u00e7\u00e3o-est\u00e1-reduzida-a-36-hectares-Cleber-Dioni-Tentardini.jpg\" data-orig-size=\"1024,373\" data-comments-opened=\"1\" data-image-meta=\"{&quot;aperture&quot;:&quot;0&quot;,&quot;credit&quot;:&quot;&quot;,&quot;camera&quot;:&quot;&quot;,&quot;caption&quot;:&quot;&quot;,&quot;created_timestamp&quot;:&quot;0&quot;,&quot;copyright&quot;:&quot;&quot;,&quot;focal_length&quot;:&quot;0&quot;,&quot;iso&quot;:&quot;0&quot;,&quot;shutter_speed&quot;:&quot;0&quot;,&quot;title&quot;:&quot;&quot;,&quot;orientation&quot;:&quot;0&quot;}\" data-image-title=\"\u00c1rea de preserva\u00e7\u00e3o est\u00e1 reduzida a 36 hectares Cleber Dioni Tentardini\" data-image-description=\"\" data-image-caption=\"&lt;p&gt;\u00c1rea de preserva\u00e7\u00e3o est\u00e1 reduzida a 36 hectares Cleber Dioni Tentardini&lt;\/p&gt;\n\" data-large-file=\"https:\/\/www.jornalja.com.br\/ambiente\/wp-content\/uploads\/sites\/3\/2020\/05\/\u00c1rea-de-preserva\u00e7\u00e3o-est\u00e1-reduzida-a-36-hectares-Cleber-Dioni-Tentardini.jpg\" class=\"wp-image-82035 size-full\" src=\"https:\/\/www.jornalja.com.br\/ambiente\/wp-content\/uploads\/sites\/3\/2020\/05\/\u00c1rea-de-preserva\u00e7\u00e3o-est\u00e1-reduzida-a-36-hectares-Cleber-Dioni-Tentardini.jpg\" alt=\"\" width=\"1024\" height=\"373\" srcset=\"https:\/\/www.jornalja.com.br\/ambiente\/wp-content\/uploads\/sites\/3\/2020\/05\/\u00c1rea-de-preserva\u00e7\u00e3o-est\u00e1-reduzida-a-36-hectares-Cleber-Dioni-Tentardini.jpg 1024w, https:\/\/www.jornalja.com.br\/ambiente\/wp-content\/uploads\/sites\/3\/2020\/05\/\u00c1rea-de-preserva\u00e7\u00e3o-est\u00e1-reduzida-a-36-hectares-Cleber-Dioni-Tentardini-300x109.jpg 300w, https:\/\/www.jornalja.com.br\/ambiente\/wp-content\/uploads\/sites\/3\/2020\/05\/\u00c1rea-de-preserva\u00e7\u00e3o-est\u00e1-reduzida-a-36-hectares-Cleber-Dioni-Tentardini-768x280.jpg 768w\" sizes=\"(max-width: 1024px) 100vw, 1024px\" \/><figcaption id=\"caption-attachment-82035\" class=\"wp-caption-text\">\u00c1rea de preserva\u00e7\u00e3o est\u00e1 reduzida a 36 hectares. Foto: Cleber Dioni Tentardini<\/figcaption><\/figure>\n<p>O <strong><a href=\"https:\/\/www.jornalja.com.br\/ambiente\/parque-zoologico-completa-58-anos-com-futuro-incerto\/\">Zool\u00f3gico, que completou 58 anos<\/a><\/strong> , tem sob seus cuidados 900 animais nativos e ex\u00f3ticos de 115 esp\u00e9cies de todos os continentes, com exce\u00e7\u00e3o da Ant\u00e1rtida.<\/p>\n<p><strong>A\u00c7\u00c3O PARA DEMITIR SERVIDORES <\/strong><strong>AGUARDA PARECER DO STF<\/strong><\/p>\n<p>Uma s\u00e9rie de a\u00e7\u00f5es judiciais nas esferas c\u00edvel e trabalhista est\u00e1 em andamento desde o in\u00edcio de 2017, logo ap\u00f3s a aprova\u00e7\u00e3o do projeto que autorizou a extin\u00e7\u00e3o das funda\u00e7\u00f5es e demiss\u00e3o de seus funcion\u00e1rios.<\/p>\n<p>A Frente Jur\u00eddica de Defesa das Funda\u00e7\u00f5es Estaduais reivindica a manuten\u00e7\u00e3o das funda\u00e7\u00f5es, o direito \u00e0 estabilidade dos servidores p\u00fablicos dessas institui\u00e7\u00f5es ou \u00e0 necessidade de negocia\u00e7\u00e3o pr\u00e9via com os trabalhadores antes de demiti-los. \u00c9\u00a0formada pelos sindicatos dos Engenheiros do Rio Grande do Sul (Senge-RS), dos Empregados em Empresas de Assessoramento, Per\u00edcias, Informa\u00e7\u00f5es e Pesquisas e de Funda\u00e7\u00f5es Estaduais do Rio Grande do Sul (Semapi), dos Trabalhadores em Empresas de Radiodifus\u00e3o e Televis\u00e3o (Sindradialistas) e dos Jornalistas (Sindjors).<\/p>\n<figure id=\"attachment_82037\" aria-describedby=\"caption-attachment-82037\" style=\"width: 242px\" class=\"wp-caption alignright\"><img decoding=\"async\" data-attachment-id=\"82037\" data-permalink=\"https:\/\/www.jornalja.com.br\/ambiente\/atividades-do-museu-de-ciencias-jardim-botanico-e-zoologico-estao-mantidas-garante-titular-da-sema\/juiza-valdete\/\" data-orig-file=\"https:\/\/www.jornalja.com.br\/ambiente\/wp-content\/uploads\/sites\/3\/2020\/05\/Juiza-Valdete.jpg\" data-orig-size=\"431,534\" data-comments-opened=\"1\" data-image-meta=\"{&quot;aperture&quot;:&quot;0&quot;,&quot;credit&quot;:&quot;&quot;,&quot;camera&quot;:&quot;&quot;,&quot;caption&quot;:&quot;&quot;,&quot;created_timestamp&quot;:&quot;0&quot;,&quot;copyright&quot;:&quot;&quot;,&quot;focal_length&quot;:&quot;0&quot;,&quot;iso&quot;:&quot;0&quot;,&quot;shutter_speed&quot;:&quot;0&quot;,&quot;title&quot;:&quot;&quot;,&quot;orientation&quot;:&quot;0&quot;}\" data-image-title=\"Juiza Valdete\" data-image-description=\"\" data-image-caption=\"\" data-large-file=\"https:\/\/www.jornalja.com.br\/ambiente\/wp-content\/uploads\/sites\/3\/2020\/05\/Juiza-Valdete.jpg\" class=\"wp-image-82037 size-medium\" src=\"https:\/\/www.jornalja.com.br\/ambiente\/wp-content\/uploads\/sites\/3\/2020\/05\/Juiza-Valdete-242x300.jpg\" alt=\"\" width=\"242\" height=\"300\" srcset=\"https:\/\/www.jornalja.com.br\/ambiente\/wp-content\/uploads\/sites\/3\/2020\/05\/Juiza-Valdete-242x300.jpg 242w, https:\/\/www.jornalja.com.br\/ambiente\/wp-content\/uploads\/sites\/3\/2020\/05\/Juiza-Valdete.jpg 431w\" sizes=\"(max-width: 242px) 100vw, 242px\" \/><figcaption id=\"caption-attachment-82037\" class=\"wp-caption-text\">Ju\u00edza Valdete Severo\/Reprodu\u00e7\u00e3o<\/figcaption><\/figure>\n<p>No dia 5 de janeiro de 2017, a ju\u00edza Valdete Souto Severo, titular da 4\u00aa Vara do Trabalho de Porto Alegre, acolheu os pedidos de antecipa\u00e7\u00e3o de tutela (liminar) feitos pelos advogados dos servidores para impedir o governo de demitir sem pr\u00e9via negocia\u00e7\u00e3o coletiva.<\/p>\n<p>S\u00e3o seis processos, que envolvem a Funda\u00e7\u00e3o para o Desenvolvimento de Recursos Humanos (FDRH), a Funda\u00e7\u00e3o Cultural Piratini (TVE e FM Cultura), Funda\u00e7\u00e3o Zoobot\u00e2nica (FZB), Funda\u00e7\u00e3o de Economia e Estat\u00edstica (FEE), Funda\u00e7\u00e3o de Ci\u00eancia e Tecnologia (Cientec) e Funda\u00e7\u00e3o Estadual de Planejamento Metropolitano e Regional (Metroplan). Todos est\u00e3o com andamento suspenso.<\/p>\n<p>A Procuradoria-Geral do Estado (PGE) entrou com mandados de seguran\u00e7a para cassar as liminares concedidas pela magistrada, mas os pedidos foram indeferidos no segundo grau, pelos magistrados da 1\u00aa Se\u00e7\u00e3o de Diss\u00eddios Individuais do (TRT-RS).<\/p>\n<p>As decis\u00f5es foram publicadas nos dias 9 e 10 de janeiro de 2017. O desembargador Marcelo D\u00b4Ambroso, respons\u00e1vel pelas decis\u00f5es relacionadas \u00e0 FZB e \u00e0 Metroplan, disse que a extin\u00e7\u00e3o desses \u00f3rg\u00e3os n\u00e3o justifica a dispensa da negocia\u00e7\u00e3o coletiva e lembrou que os servidores poderiam, inclusive, ser alocados em outros setores da Administra\u00e7\u00e3o P\u00fablica. O magistrado ressaltou as graves consequ\u00eancias das demiss\u00f5es em massa, que ocorrem quando todas partem de uma mesma justificativa e n\u00e3o levam em considera\u00e7\u00e3o as quest\u00f5es espec\u00edficas de cada caso.<\/p>\n<p>\u201cO enfrentamento do tema, necessariamente, perpassa pelo forte impacto social que o mesmo irradia, n\u00e3o podendo, sob tal \u00f3tica, merecer tratamento id\u00eantico \u00e0s dispensas individuais\u201d, analisou.<\/p>\n<p>A desembargadora T\u00e2nia Reckziegel, ao decidir sobre as a\u00e7\u00f5es da Cientec e da FDRH, considerou bem fundamentada a determina\u00e7\u00e3o da ju\u00edza Valdete Severo de proibir as demiss\u00f5es em massa sem pr\u00e9via negocia\u00e7\u00e3o coletiva nas funda\u00e7\u00f5es. A magistrada afirmou que os documentos apresentados e as not\u00edcias amplamente divulgadas pelos meios de comunica\u00e7\u00e3o demonstram a urg\u00eancia da medida.<\/p>\n<p>\u201cA demora na entrega da presta\u00e7\u00e3o jurisdicional poderia acarretar preju\u00edzos irrepar\u00e1veis aos trabalhadores\u201d, declarou.<\/p>\n<p>O juiz convocado Luis Carlos Gastal, por sua vez, ao analisar a a\u00e7\u00e3o da FEE, tamb\u00e9m concluiu que a autoriza\u00e7\u00e3o do Legislativo para a extin\u00e7\u00e3o dos \u00f3rg\u00e3os n\u00e3o desobriga as Funda\u00e7\u00f5es \u00e0 negocia\u00e7\u00e3o coletiva com os empregados. O magistrado reiterou que a inten\u00e7\u00e3o das demiss\u00f5es em massa j\u00e1 est\u00e1 demonstrada e tamb\u00e9m alertou que todo empreendimento possui uma fun\u00e7\u00e3o social.<\/p>\n<p>\u201cA decis\u00e3o n\u00e3o veda o intento de extin\u00e7\u00e3o e consequente rescis\u00e3o dos respectivos contratos de trabalho, apenas determina a pr\u00e9via negocia\u00e7\u00e3o coletiva a fim de reduzir o impacto das dispensas\u201d, afirmou.<\/p>\n<p>Diante dessas decis\u00f5es, Governo e Frente Jur\u00eddica realizaram audi\u00eancias com media\u00e7\u00e3o do desembargador do TRT Jo\u00e3o Pedro Silvestrin, mas n\u00e3o houve avan\u00e7os significativos, at\u00e9 que ambas as partes aceitaram suspender as negocia\u00e7\u00f5es, e o governo comprometeu-se a n\u00e3o demitir enquanto n\u00e3o houvesse o julgamento definitivo (tr\u00e2nsito em julgado). As a\u00e7\u00f5es encontram-se, atualmente, na 18\u00aa. Vara do Tribunal Regional do Trabalho da 4\u00aa. Regi\u00e3o.<\/p>\n<figure id=\"attachment_82039\" aria-describedby=\"caption-attachment-82039\" style=\"width: 810px\" class=\"wp-caption alignnone\"><img decoding=\"async\" data-attachment-id=\"82039\" data-permalink=\"https:\/\/www.jornalja.com.br\/ambiente\/atividades-do-museu-de-ciencias-jardim-botanico-e-zoologico-estao-mantidas-garante-titular-da-sema\/foto-de-inacio-do-cantosecomtrt-rs\/\" data-orig-file=\"https:\/\/www.jornalja.com.br\/ambiente\/wp-content\/uploads\/sites\/3\/2020\/05\/foto-de-In\u00e1cio-do-CantoSecomTRT-RS.jpg\" data-orig-size=\"810,541\" data-comments-opened=\"1\" data-image-meta=\"{&quot;aperture&quot;:&quot;0&quot;,&quot;credit&quot;:&quot;&quot;,&quot;camera&quot;:&quot;&quot;,&quot;caption&quot;:&quot;&quot;,&quot;created_timestamp&quot;:&quot;0&quot;,&quot;copyright&quot;:&quot;&quot;,&quot;focal_length&quot;:&quot;0&quot;,&quot;iso&quot;:&quot;0&quot;,&quot;shutter_speed&quot;:&quot;0&quot;,&quot;title&quot;:&quot;&quot;,&quot;orientation&quot;:&quot;0&quot;}\" data-image-title=\"foto de In\u00e1cio do CantoSecomTRT-RS\" data-image-description=\"\" data-image-caption=\"&lt;p&gt;Foto: In\u00e1cio do Canto\/Secom\/TRT-RS&lt;\/p&gt;\n\" data-large-file=\"https:\/\/www.jornalja.com.br\/ambiente\/wp-content\/uploads\/sites\/3\/2020\/05\/foto-de-In\u00e1cio-do-CantoSecomTRT-RS.jpg\" class=\"wp-image-82039 size-full\" src=\"https:\/\/www.jornalja.com.br\/ambiente\/wp-content\/uploads\/sites\/3\/2020\/05\/foto-de-In\u00e1cio-do-CantoSecomTRT-RS.jpg\" alt=\"\" width=\"810\" height=\"541\" srcset=\"https:\/\/www.jornalja.com.br\/ambiente\/wp-content\/uploads\/sites\/3\/2020\/05\/foto-de-In\u00e1cio-do-CantoSecomTRT-RS.jpg 810w, https:\/\/www.jornalja.com.br\/ambiente\/wp-content\/uploads\/sites\/3\/2020\/05\/foto-de-In\u00e1cio-do-CantoSecomTRT-RS-300x200.jpg 300w, https:\/\/www.jornalja.com.br\/ambiente\/wp-content\/uploads\/sites\/3\/2020\/05\/foto-de-In\u00e1cio-do-CantoSecomTRT-RS-768x513.jpg 768w\" sizes=\"(max-width: 810px) 100vw, 810px\" \/><figcaption id=\"caption-attachment-82039\" class=\"wp-caption-text\">Audi\u00eancia teve media\u00e7\u00e3o do desembargador do TRT. Foto: In\u00e1cio do Canto\/Secom\/TRT-RS<\/figcaption><\/figure>\n<p>Concomitante aos processos no TRT, a PGE havia ingressado com uma Argui\u00e7\u00e3o de Descumprimento de Preceito Fundamental (ADPF), no Supremo Tribunal Federal, que \u00e9 um pedido de medida cautelar para suspender as decis\u00f5es judiciais favor\u00e1veis \u00e0 negocia\u00e7\u00e3o coletiva pr\u00e9via e, assim, demitir os servidores. O ministro do STF Gilmar Mendes acolheu o pedido da Procuradoria.<\/p>\n<p>Ao mesmo tempo, Semapi e Senge recorreram ao Supremo Tribunal Federal (STF) contra a liminar do ministro Gilmar Mendes. Argumentaram que as decis\u00f5es liminares da Justi\u00e7a do Trabalho n\u00e3o contrariam a decis\u00e3o do ministro Gilmar Mendes. \u201cAs a\u00e7\u00f5es que foram agora ajuizadas pelos Sindicatos dos trabalhadores discutem exatamente quem s\u00e3o os funcion\u00e1rios est\u00e1veis que n\u00e3o poder\u00e3o, ent\u00e3o, ser demitidos. Frise-se que foi o pr\u00f3prio Estado quem autolimitou-se na lei 14982 e vedou a demiss\u00e3o de funcion\u00e1rios est\u00e1veis e as decis\u00f5es da Justi\u00e7a do Trabalho apenas aplicaram a pac\u00edfica jurisprud\u00eancia do Tribunal Superior do Trabalho na mat\u00e9ria.\u201d<\/p>\n<p>Nesse \u00ednterim, a PGE fez um pedido de aditamento ao processo, para que o ministro desconsiderasse a estabilidade dos servidores p\u00fablicos. Mendes, resolveu, ent\u00e3o, submeter a decis\u00e3o ao plen\u00e1rio do Supremo.<\/p>\n<p>\u201cO processo passa pela Advocacia-Geral da Uni\u00e3o, Procuradoria-Geral da Rep\u00fablica, depois vai para as m\u00e3os do presidente do STF, e s\u00f3 ele pode pautar esse processo\u201d, explicou o advogado D\u00e9lcio Caye, representante do Semapi na Frente Jur\u00eddica.<\/p>\n<p>Outro processo tramita no Tribunal de Contas do Estado (TCE-RS). O julgamento da a\u00e7\u00e3o iniciou\u00a0em 6 de setembro de 2017 e o primeiro voto, do relator, o conselheiro Cezar Miola, foi favor\u00e1vel ao pleito do procurador Da Camino que defendeu a manuten\u00e7\u00e3o dos servidores.<\/p>\n<figure id=\"attachment_82040\" aria-describedby=\"caption-attachment-82040\" style=\"width: 300px\" class=\"wp-caption alignleft\"><img decoding=\"async\" data-attachment-id=\"82040\" data-permalink=\"https:\/\/www.jornalja.com.br\/ambiente\/atividades-do-museu-de-ciencias-jardim-botanico-e-zoologico-estao-mantidas-garante-titular-da-sema\/20170906-cezarmiola\/\" data-orig-file=\"https:\/\/www.jornalja.com.br\/ambiente\/wp-content\/uploads\/sites\/3\/2020\/05\/20170906-cezarmiola.jpg\" data-orig-size=\"900,601\" data-comments-opened=\"1\" data-image-meta=\"{&quot;aperture&quot;:&quot;0&quot;,&quot;credit&quot;:&quot;&quot;,&quot;camera&quot;:&quot;&quot;,&quot;caption&quot;:&quot;&quot;,&quot;created_timestamp&quot;:&quot;0&quot;,&quot;copyright&quot;:&quot;&quot;,&quot;focal_length&quot;:&quot;0&quot;,&quot;iso&quot;:&quot;0&quot;,&quot;shutter_speed&quot;:&quot;0&quot;,&quot;title&quot;:&quot;&quot;,&quot;orientation&quot;:&quot;0&quot;}\" data-image-title=\"20170906-cezarmiola\" data-image-description=\"\" data-image-caption=\"&lt;p&gt;Conselheiro Cezar Miola. Foto: Divulga\u00e7\u00e3o TCE&lt;\/p&gt;\n\" data-large-file=\"https:\/\/www.jornalja.com.br\/ambiente\/wp-content\/uploads\/sites\/3\/2020\/05\/20170906-cezarmiola.jpg\" class=\"size-medium wp-image-82040\" src=\"https:\/\/www.jornalja.com.br\/ambiente\/wp-content\/uploads\/sites\/3\/2020\/05\/20170906-cezarmiola-300x200.jpg\" alt=\"\" width=\"300\" height=\"200\" srcset=\"https:\/\/www.jornalja.com.br\/ambiente\/wp-content\/uploads\/sites\/3\/2020\/05\/20170906-cezarmiola-300x200.jpg 300w, https:\/\/www.jornalja.com.br\/ambiente\/wp-content\/uploads\/sites\/3\/2020\/05\/20170906-cezarmiola-768x513.jpg 768w, https:\/\/www.jornalja.com.br\/ambiente\/wp-content\/uploads\/sites\/3\/2020\/05\/20170906-cezarmiola.jpg 900w\" sizes=\"(max-width: 300px) 100vw, 300px\" \/><figcaption id=\"caption-attachment-82040\" class=\"wp-caption-text\">Conselheiro Cezar Miola. Foto: Divulga\u00e7\u00e3o TCE<\/figcaption><\/figure>\n<p>Miola havia solicitado \u201ca instaura\u00e7\u00e3o de uma auditoria operacional junto \u00e0 Secretaria Estadual de Planejamento, para acompanhar as medidas voltadas ao cumprimento dos contratos em andamento firmados pelas institui\u00e7\u00f5es e \u00e0 manuten\u00e7\u00e3o de servi\u00e7os p\u00fablicos essenciais bem como a absten\u00e7\u00e3o, em sede de medida cautelar, de qualquer ato de demiss\u00e3o de pessoal e de desmobiliza\u00e7\u00e3o das estruturas administrativas e operacionais\u201d.<\/p>\n<p>Em 25 de outubro de 2017, os conselheiros do TCE decidiram, por quatro votos a dois, que o processo sobre a extin\u00e7\u00e3o das funda\u00e7\u00f5es estaduais n\u00e3o ter\u00e1 uma defini\u00e7\u00e3o de m\u00e9rito no \u00f3rg\u00e3o at\u00e9 o julgamento do caso pelo Supremo Tribunal Federal (STF).<\/p>\n","protected":false},"excerpt":{"rendered":"<p>Por Cleber Dioni Tentardini A Funda\u00e7\u00e3o Zoobot\u00e2nica foi extinta na semana passada, mas o Museu de Ci\u00eancias Naturais (MCN), o Jardim Bot\u00e2nico de Porto Alegre (JB) e o Parque Zool\u00f3gico mant\u00eam suas atividades funcionando normalmente, levando em conta as restri\u00e7\u00f5es sanit\u00e1rias neste momento de pandemia. A garantia \u00e9 do secret\u00e1rio de Meio Ambiente e Infraestrutura [&hellip;]<\/p>\n","protected":false},"author":2,"featured_media":82043,"comment_status":"open","ping_status":"open","sticky":false,"template":"","format":"standard","meta":{"jetpack_post_was_ever_published":false,"_jetpack_newsletter_access":"","_jetpack_dont_email_post_to_subs":false,"_jetpack_newsletter_tier_id":0,"_jetpack_memberships_contains_paywalled_content":false,"_jetpack_memberships_contains_paid_content":false,"footnotes":"","jetpack_publicize_message":"","jetpack_publicize_feature_enabled":true,"jetpack_social_post_already_shared":true,"jetpack_social_options":{"image_generator_settings":{"template":"highway","default_image_id":0,"font":"","enabled":false},"version":2}},"categories":[4],"tags":[16,54,82,163,83,84,85,138,208,52,201,57,38,141,205],"class_list":["post-82030","post","type-post","status-publish","format-standard","has-post-thumbnail","hentry","category-ambiente-geral","tag-ambiente","tag-animais","tag-biodiversidade","tag-emissoes","tag-extincao","tag-fauna","tag-flora","tag-governo","tag-jardim-botanico-de-porto-alegre","tag-meio-ambiente","tag-pandemia","tag-porto-alegre","tag-rio-grande-do-sul","tag-rios","tag-sema"],"aioseo_notices":[],"jetpack_publicize_connections":[],"jetpack_featured_media_url":"https:\/\/www.jornalja.com.br\/ambiente\/wp-content\/uploads\/sites\/3\/2020\/05\/Bi\u00f3logas-Tatiana-Trigo-e-Marcia-Jardim-com-bolsistas-no-Ref\u00fagio-da-Vida-Silvestre-Banhado-dos-Pachecos-em-Viam\u00e3o-foto-Mariano-Pairett.jpg","jetpack-related-posts":[{"id":84179,"url":"https:\/\/www.jornalja.com.br\/ambiente\/governo-adia-leilao-do-jardim-botanico-de-porto-alegre-e-museu-de-ciencias-naturais-para-dia-22-de-dezembro\/","url_meta":{"origin":82030,"position":0},"title":"Governo vai leiloar Jardim Bot\u00e2nico e Museu de Ci\u00eancias Naturais \u00e0s v\u00e9speras do Natal","author":"Cleber Dioni Tentardini","date":"3 de dezembro de 2022","format":false,"excerpt":"O governo do Estado adiou o leil\u00e3o do\u200b Jardim Bot\u00e2nico de Porto Alegre e do Museu de Ci\u00eancias Naturais do Rio Grande do Sul para o dia 22 de dezembro de 2022, com in\u00edcio \u00e0s 10h30min, no Pal\u00e1cio Piratini, em Porto Alegre. Os interessados em obter a concess\u00e3o para explora\u00e7\u00e3o\u2026","rel":"","context":"Em &quot;Ambiente J\u00c1-MAT\u00c9RIA&quot;","block_context":{"text":"Ambiente J\u00c1-MAT\u00c9RIA","link":"https:\/\/www.jornalja.com.br\/ambiente\/category\/ambiente-geral\/"},"img":{"alt_text":"","src":"https:\/\/i0.wp.com\/www.jornalja.com.br\/ambiente\/wp-content\/uploads\/sites\/3\/2020\/12\/jardim-botanico-foto-cmpa-e1609268514545.jpg?resize=350%2C200&ssl=1","width":350,"height":200,"srcset":"https:\/\/i0.wp.com\/www.jornalja.com.br\/ambiente\/wp-content\/uploads\/sites\/3\/2020\/12\/jardim-botanico-foto-cmpa-e1609268514545.jpg?resize=350%2C200&ssl=1 1x, https:\/\/i0.wp.com\/www.jornalja.com.br\/ambiente\/wp-content\/uploads\/sites\/3\/2020\/12\/jardim-botanico-foto-cmpa-e1609268514545.jpg?resize=525%2C300&ssl=1 1.5x"},"classes":[]},{"id":84161,"url":"https:\/\/www.jornalja.com.br\/ambiente\/governo-vai-leiloar-jardim-botanico-de-porto-alegre-e-museu-de-ciencias-naturais-do-rs-no-dia-8-de-dezembro\/","url_meta":{"origin":82030,"position":1},"title":"Governo vai leiloar Jardim Bot\u00e2nico de Porto Alegre e Museu de Ci\u00eancias Naturais do RS no dia 8 de dezembro","author":"Cleber Dioni Tentardini","date":"30 de novembro de 2022","format":false,"excerpt":"O governo do Estado marcou o leil\u00e3o do\u200b Jardim Bot\u00e2nico de Porto Alegre e do Museu de Ci\u00eancias Naturais do Rio Grande do Sul para o dia 8 de dezembro, com in\u00edcio \u00e0s 10 horas, no Pal\u00e1cio Piratini, em Porto Alegre. Os interessados em obter a concess\u00e3o para explora\u00e7\u00e3o das\u2026","rel":"","context":"Em &quot;Ambiente J\u00c1-MAT\u00c9RIA&quot;","block_context":{"text":"Ambiente J\u00c1-MAT\u00c9RIA","link":"https:\/\/www.jornalja.com.br\/ambiente\/category\/ambiente-geral\/"},"img":{"alt_text":"","src":"https:\/\/i0.wp.com\/www.jornalja.com.br\/ambiente\/wp-content\/uploads\/sites\/3\/2022\/11\/jardim-botanico-fzb-cleberdionitentardini-4.jpg?resize=350%2C200&ssl=1","width":350,"height":200,"srcset":"https:\/\/i0.wp.com\/www.jornalja.com.br\/ambiente\/wp-content\/uploads\/sites\/3\/2022\/11\/jardim-botanico-fzb-cleberdionitentardini-4.jpg?resize=350%2C200&ssl=1 1x, https:\/\/i0.wp.com\/www.jornalja.com.br\/ambiente\/wp-content\/uploads\/sites\/3\/2022\/11\/jardim-botanico-fzb-cleberdionitentardini-4.jpg?resize=525%2C300&ssl=1 1.5x, https:\/\/i0.wp.com\/www.jornalja.com.br\/ambiente\/wp-content\/uploads\/sites\/3\/2022\/11\/jardim-botanico-fzb-cleberdionitentardini-4.jpg?resize=700%2C400&ssl=1 2x, https:\/\/i0.wp.com\/www.jornalja.com.br\/ambiente\/wp-content\/uploads\/sites\/3\/2022\/11\/jardim-botanico-fzb-cleberdionitentardini-4.jpg?resize=1050%2C600&ssl=1 3x, https:\/\/i0.wp.com\/www.jornalja.com.br\/ambiente\/wp-content\/uploads\/sites\/3\/2022\/11\/jardim-botanico-fzb-cleberdionitentardini-4.jpg?resize=1400%2C800&ssl=1 4x"},"classes":[]},{"id":82805,"url":"https:\/\/www.jornalja.com.br\/ambiente\/bndes-vai-realizar-estudo-para-concessao-de-servicos-no-jardim-botanico-de-porto-alegre\/","url_meta":{"origin":82030,"position":2},"title":"BNDES vai realizar estudo para concess\u00e3o de servi\u00e7os no Jardim Bot\u00e2nico de Porto Alegre \u00a0\u00a0","author":"Cleber Dioni Tentardini","date":"29 de dezembro de 2020","format":false,"excerpt":"A Secretaria do Meio Ambiente e Infraestrutura (SEMAI) contratou o Banco Nacional de Desenvolvimento Econ\u00f4mico e Social (BNDES) para realizar estudos visando \u00e0 concess\u00e3o de servi\u00e7os p\u00fablicos no Jardim Bot\u00e2nico de Porto Alegre e dos parques estaduais do Caracol, Delta do Jacu\u00ed, do Tainhas e do Turvo. A informa\u00e7\u00e3o foi\u2026","rel":"","context":"Em &quot;Ambiente J\u00c1-MAT\u00c9RIA&quot;","block_context":{"text":"Ambiente J\u00c1-MAT\u00c9RIA","link":"https:\/\/www.jornalja.com.br\/ambiente\/category\/ambiente-geral\/"},"img":{"alt_text":"","src":"https:\/\/i0.wp.com\/www.jornalja.com.br\/ambiente\/wp-content\/uploads\/sites\/3\/2020\/12\/jardim-botanico-foto-cmpa-e1609268514545.jpg?resize=350%2C200&ssl=1","width":350,"height":200,"srcset":"https:\/\/i0.wp.com\/www.jornalja.com.br\/ambiente\/wp-content\/uploads\/sites\/3\/2020\/12\/jardim-botanico-foto-cmpa-e1609268514545.jpg?resize=350%2C200&ssl=1 1x, https:\/\/i0.wp.com\/www.jornalja.com.br\/ambiente\/wp-content\/uploads\/sites\/3\/2020\/12\/jardim-botanico-foto-cmpa-e1609268514545.jpg?resize=525%2C300&ssl=1 1.5x"},"classes":[]},{"id":84862,"url":"https:\/\/www.jornalja.com.br\/ambiente\/justica-proibe-contratos-ou-acordos-que-alterem-a-destinacao-do-jardim-botanico\/","url_meta":{"origin":82030,"position":3},"title":"Justi\u00e7a proibe &#8220;contratos ou acordos&#8221; que alterem a destina\u00e7\u00e3o do Jardim Bot\u00e2nico","author":"Cleber Dioni Tentardini","date":"1 de agosto de 2023","format":false,"excerpt":"Cleber Dioni Tentardini O juiz Eug\u00eanio Couto Terra, da\u00a010\u00aa Vara da Fazenda P\u00fablica do Foro Central de Porto Alegre, julgou parcialmente procedente o pedido do Minist\u00e9rio P\u00fablico Estadual para que obrigue o Estado a preservar o patrim\u00f4nio ambiental e cultural do Jardim Bot\u00e2nico de Porto Alegre (JBPOA) e do Museu\u2026","rel":"","context":"Em &quot;Ambiente J\u00c1-MAT\u00c9RIA&quot;","block_context":{"text":"Ambiente J\u00c1-MAT\u00c9RIA","link":"https:\/\/www.jornalja.com.br\/ambiente\/category\/ambiente-geral\/"},"img":{"alt_text":"","src":"https:\/\/i0.wp.com\/www.jornalja.com.br\/ambiente\/wp-content\/uploads\/sites\/3\/2022\/11\/eis-a-foto-scaled.jpg?resize=350%2C200&ssl=1","width":350,"height":200,"srcset":"https:\/\/i0.wp.com\/www.jornalja.com.br\/ambiente\/wp-content\/uploads\/sites\/3\/2022\/11\/eis-a-foto-scaled.jpg?resize=350%2C200&ssl=1 1x, https:\/\/i0.wp.com\/www.jornalja.com.br\/ambiente\/wp-content\/uploads\/sites\/3\/2022\/11\/eis-a-foto-scaled.jpg?resize=525%2C300&ssl=1 1.5x, https:\/\/i0.wp.com\/www.jornalja.com.br\/ambiente\/wp-content\/uploads\/sites\/3\/2022\/11\/eis-a-foto-scaled.jpg?resize=700%2C400&ssl=1 2x, https:\/\/i0.wp.com\/www.jornalja.com.br\/ambiente\/wp-content\/uploads\/sites\/3\/2022\/11\/eis-a-foto-scaled.jpg?resize=1050%2C600&ssl=1 3x, https:\/\/i0.wp.com\/www.jornalja.com.br\/ambiente\/wp-content\/uploads\/sites\/3\/2022\/11\/eis-a-foto-scaled.jpg?resize=1400%2C800&ssl=1 4x"},"classes":[]},{"id":82305,"url":"https:\/\/www.jornalja.com.br\/ambiente\/mp-destina-r-1-milhao-para-melhorias-no-jardim-botanico-e-na-apa-do-banhado-grande\/","url_meta":{"origin":82030,"position":4},"title":"MP destina R$ 1 milh\u00e3o para melhorias no Jardim Bot\u00e2nico e na APA do Banhado Grande","author":"Cleber Dioni Tentardini","date":"17 de julho de 2020","format":false,"excerpt":"O Minist\u00e9rio P\u00fablico do Rio Grande do Sul aprovou o repasse de mais de R$ 1 milh\u00e3o \u00e0 Secretaria do Meio Ambiente e Infraestrutura (SEMA), recursos que ser\u00e3o destinados ao Jardim Bot\u00e2nico de Porto Alegre e a \u00c1rea de Prote\u00e7\u00e3o Ambiental (APA) do Banhado Grande. O dinheiro \u00e9 do Fundo\u2026","rel":"","context":"Em &quot;Ambiente J\u00c1-MAT\u00c9RIA&quot;","block_context":{"text":"Ambiente J\u00c1-MAT\u00c9RIA","link":"https:\/\/www.jornalja.com.br\/ambiente\/category\/ambiente-geral\/"},"img":{"alt_text":"","src":"https:\/\/i0.wp.com\/www.jornalja.com.br\/ambiente\/wp-content\/uploads\/sites\/3\/2020\/07\/15jun-00-137-apa-do-banhado-grande-foto-ricardo-aranha-scaled.jpg?resize=350%2C200&ssl=1","width":350,"height":200,"srcset":"https:\/\/i0.wp.com\/www.jornalja.com.br\/ambiente\/wp-content\/uploads\/sites\/3\/2020\/07\/15jun-00-137-apa-do-banhado-grande-foto-ricardo-aranha-scaled.jpg?resize=350%2C200&ssl=1 1x, https:\/\/i0.wp.com\/www.jornalja.com.br\/ambiente\/wp-content\/uploads\/sites\/3\/2020\/07\/15jun-00-137-apa-do-banhado-grande-foto-ricardo-aranha-scaled.jpg?resize=525%2C300&ssl=1 1.5x, https:\/\/i0.wp.com\/www.jornalja.com.br\/ambiente\/wp-content\/uploads\/sites\/3\/2020\/07\/15jun-00-137-apa-do-banhado-grande-foto-ricardo-aranha-scaled.jpg?resize=700%2C400&ssl=1 2x"},"classes":[]},{"id":85058,"url":"https:\/\/www.jornalja.com.br\/ambiente\/apos-decisao-judicial-governo-vai-rever-edital-de-concessao-do-jardim-botanico\/","url_meta":{"origin":82030,"position":5},"title":"Ap\u00f3s decis\u00e3o judicial, governo vai rever edital de concess\u00e3o do Jardim Bot\u00e2nico","author":"da Reda\u00e7\u00e3o","date":"31 de outubro de 2023","format":false,"excerpt":"Cleber Dioni Tentardini A Secretaria de Parcerias e Concess\u00f5es do Governo do Estado adiou por tempo indeterminado a publica\u00e7\u00e3o de edital de concess\u00e3o do Jardim Bot\u00e2nico de Porto Alegre \u00e0 iniciativa privada. A abertura da concorr\u00eancia estava prevista para este m\u00eas de outubro, mas a decis\u00e3o da Justi\u00e7a em acolher\u2026","rel":"","context":"Em &quot;Ambiente J\u00c1-MAT\u00c9RIA&quot;","block_context":{"text":"Ambiente J\u00c1-MAT\u00c9RIA","link":"https:\/\/www.jornalja.com.br\/ambiente\/category\/ambiente-geral\/"},"img":{"alt_text":"","src":"https:\/\/i0.wp.com\/www.jornalja.com.br\/ambiente\/wp-content\/uploads\/sites\/3\/2022\/05\/educacao-ambiental-jb-mariano-pairet.jpg?resize=350%2C200&ssl=1","width":350,"height":200,"srcset":"https:\/\/i0.wp.com\/www.jornalja.com.br\/ambiente\/wp-content\/uploads\/sites\/3\/2022\/05\/educacao-ambiental-jb-mariano-pairet.jpg?resize=350%2C200&ssl=1 1x, https:\/\/i0.wp.com\/www.jornalja.com.br\/ambiente\/wp-content\/uploads\/sites\/3\/2022\/05\/educacao-ambiental-jb-mariano-pairet.jpg?resize=525%2C300&ssl=1 1.5x, https:\/\/i0.wp.com\/www.jornalja.com.br\/ambiente\/wp-content\/uploads\/sites\/3\/2022\/05\/educacao-ambiental-jb-mariano-pairet.jpg?resize=700%2C400&ssl=1 2x, https:\/\/i0.wp.com\/www.jornalja.com.br\/ambiente\/wp-content\/uploads\/sites\/3\/2022\/05\/educacao-ambiental-jb-mariano-pairet.jpg?resize=1050%2C600&ssl=1 3x"},"classes":[]}],"jetpack_shortlink":"https:\/\/wp.me\/pbKnZo-ll4","jetpack_sharing_enabled":true,"_links":{"self":[{"href":"https:\/\/www.jornalja.com.br\/ambiente\/wp-json\/wp\/v2\/posts\/82030","targetHints":{"allow":["GET"]}}],"collection":[{"href":"https:\/\/www.jornalja.com.br\/ambiente\/wp-json\/wp\/v2\/posts"}],"about":[{"href":"https:\/\/www.jornalja.com.br\/ambiente\/wp-json\/wp\/v2\/types\/post"}],"author":[{"embeddable":true,"href":"https:\/\/www.jornalja.com.br\/ambiente\/wp-json\/wp\/v2\/users\/2"}],"replies":[{"embeddable":true,"href":"https:\/\/www.jornalja.com.br\/ambiente\/wp-json\/wp\/v2\/comments?post=82030"}],"version-history":[{"count":5,"href":"https:\/\/www.jornalja.com.br\/ambiente\/wp-json\/wp\/v2\/posts\/82030\/revisions"}],"predecessor-version":[{"id":82051,"href":"https:\/\/www.jornalja.com.br\/ambiente\/wp-json\/wp\/v2\/posts\/82030\/revisions\/82051"}],"wp:featuredmedia":[{"embeddable":true,"href":"https:\/\/www.jornalja.com.br\/ambiente\/wp-json\/wp\/v2\/media\/82043"}],"wp:attachment":[{"href":"https:\/\/www.jornalja.com.br\/ambiente\/wp-json\/wp\/v2\/media?parent=82030"}],"wp:term":[{"taxonomy":"category","embeddable":true,"href":"https:\/\/www.jornalja.com.br\/ambiente\/wp-json\/wp\/v2\/categories?post=82030"},{"taxonomy":"post_tag","embeddable":true,"href":"https:\/\/www.jornalja.com.br\/ambiente\/wp-json\/wp\/v2\/tags?post=82030"}],"curies":[{"name":"wp","href":"https:\/\/api.w.org\/{rel}","templated":true}]}}