{"id":82099,"date":"2020-06-16T17:41:50","date_gmt":"2020-06-16T20:41:50","guid":{"rendered":"https:\/\/www.jornalja.com.br\/ambiente\/?p=82099"},"modified":"2020-06-20T19:16:18","modified_gmt":"2020-06-20T22:16:18","slug":"hidrogenio-verde-barato-e-estavel-para-garantir-a-transicao-energetica","status":"publish","type":"post","link":"https:\/\/www.jornalja.com.br\/ambiente\/hidrogenio-verde-barato-e-estavel-para-garantir-a-transicao-energetica\/","title":{"rendered":"Hidrog\u00eanio verde barato e est\u00e1vel para garantir a transi\u00e7\u00e3o energ\u00e9tica"},"content":{"rendered":"<p>Avan\u00e7am os investimentos mundiais em projetos de hidrog\u00eanio verde a partir de fontes de energia renov\u00e1veis (solar fotovoltaica e e\u00f3lica) &#8211; Alemanha, Fran\u00e7a, Holanda, \u00c1ustria, Jap\u00e3o, Austr\u00e1lia, Canad\u00e1, China, Reino Unido e Estados Unidos.<\/p>\n<p>O Alemanha anunciou o plano de investir \u20ac 9 bilh\u00f5es at\u00e9 2030 no desenvolvimento da tecnologia de hidrog\u00eanio verde a partir de fontes renov\u00e1veis. A estrat\u00e9gia prev\u00ea \u20ac 2 bilh\u00f5es em iniciativas bilaterais com\u00a0 pa\u00edses com potencial para tornarem-se exportadores de <span class=\"il\">hidrog\u00eanio<\/span>\u00a0<span class=\"il\">verde, o <\/span>Brasil entre eles.<\/p>\n<p>Segundo a Ag\u00eancia Internacional de Energia Renov\u00e1vel (Irena), hoje o mundo abriga cerca de 7 TW de capacidade total de gera\u00e7\u00e3o de energia, dos quais cerca de 1 TW vem da energia solar e e\u00f3lica, de acordo com o relat\u00f3rio &#8220;IRENA: A renewable energy perspective report\u201d.\u00a0Atualmente, existem cerca de 14,4 exajoules de hidrog\u00eanio por ano, mas cerca de 95% deles v\u00eam do g\u00e1s natural e carv\u00e3o.<\/p>\n<p>Nesta quarta, 17 de junho, haver\u00e1 um webinar sobre o assunto com o\u00a0 presidente do Conselho da Associa\u00e7\u00e3o Alem\u00e3 de <span class=\"il\">Hidrog\u00eanio<\/span>\u00a0e C\u00e9lula a Combust\u00edvel, Werner Diwald, e modera\u00e7\u00e3o de Luiz Barroso, CEO da PSR.\u00a0<strong>O evento come\u00e7ar\u00e1 \u00e0s 10 horas, no idioma ingl\u00eas.<\/strong><\/p>\n<p>As inscri\u00e7\u00f5es para o webinar <em>Transi\u00e7\u00e3o Energ\u00e9tica na Alemanha:\u00a0<span class=\"il\">Hidrog\u00eanio<\/span>\u00a0<span class=\"il\">Verde<\/span><\/em>, podem ser feitas\u00a0neste\u00a0<a href=\"http:\/\/docs.google.com\/forms\/d\/10v4qBuKbQyco3zd8wTA1qN-NtMwRzkwSyv2kgmNJD5A\/viewform?edit_requested=true\" target=\"_blank\" rel=\"noopener noreferrer\" data-saferedirecturl=\"http:\/\/www.google.com\/url?q=http:\/\/docs.google.com\/forms\/d\/10v4qBuKbQyco3zd8wTA1qN-NtMwRzkwSyv2kgmNJD5A\/viewform?edit_requested%3Dtrue&amp;source=gmail&amp;ust=1592273048529000&amp;usg=AFQjCNH1IfL7OFm2KSOHKBc5wcfdPon4eA\">link<\/a>.<\/p>\n<p><strong>A corrida pelo\u00a0<span class=\"il\">hidrog\u00eanio<\/span>\u00a0<span class=\"il\">verde<\/span><\/strong><\/p>\n<p>Considerado um importante aliado na descarboniza\u00e7\u00e3o da economia sem o comprometimento da seguran\u00e7a energ\u00e9tica, o\u00a0<span class=\"il\">hidrog\u00eanio<\/span>\u00a0<span class=\"il\">verde<\/span>\u00a0\u00e9 elemento chave na supera\u00e7\u00e3o de desafios energ\u00e9ticos como o armazenamento da gera\u00e7\u00e3o vari\u00e1vel de fontes renov\u00e1veis (solar fotovoltaica, e\u00f3lica) e a substitui\u00e7\u00e3o de combust\u00edveis f\u00f3sseis no transporte e na ind\u00fastria (qu\u00edmica e de ferro e a\u00e7o).<\/p>\n<p><strong>Sobre Werner Diwald<\/strong><\/p>\n<p>Werner Diwald \u00e9 porta-voz e membro do Conselho da Associa\u00e7\u00e3o Alem\u00e3 de\u00a0<span class=\"il\">Hidrog\u00eanio<\/span>\u00a0e C\u00e9lula a Combust\u00edvel, e CEO da empresa de consultoria ENCON.Europe GmbH, para projetos de formula\u00e7\u00e3o de pol\u00edticas p\u00fablicas em\u00a0<span class=\"il\">hidrog\u00eanio<\/span>\u00a0e acoplamento setorial de energias renov\u00e1veis. Atua desde 1995 no setor de energias renov\u00e1veis, e foi respons\u00e1vel por mais de 13 anos pelas \u00e1reas de neg\u00f3cios de Desenvolvimento Internacional de Projetos e Assuntos Pol\u00edticos dentro do grupo de empresas da ENERTRAG Aktiengesellschaft. \u00c9 membro do Conselho de Administra\u00e7\u00e3o da ENERTRAG Aktiengesellschaft e respons\u00e1vel pela \u00e1rea de desenvolvimento internacional de projetos de parques e\u00f3licos, desenvolvimento de tecnologia e engenharia e constru\u00e7\u00e3o de instala\u00e7\u00f5es de\u00a0<span class=\"il\">hidrog\u00eanio<\/span>\u00a0(eletr\u00f3lise, usina h\u00edbrida). Com base em suas atividades, a ENERTRAG conseguiu, em 2011, colocar em opera\u00e7\u00e3o com sucesso a primeira usina h\u00edbrida. Em 2011, ele criou a ENERTRAG HyTec GmbH, hoje parte da McPhy Energy Deutschland GmbH, que desenvolve e fabrica eletrolisadores.<\/p>\n<p><strong>Sobre Luiz Barroso<\/strong><\/p>\n<p>Diretor-presidente da PSR. De 2016 a 2018 foi presidente da Empresa de Pesquisa Energ\u00e9tica (EPE-MME). Em 2018, foi tamb\u00e9m visitante na Ag\u00eancia Internacional de Energia (AIE), atuando no programa Clean Energy Transition Program, que estuda a transi\u00e7\u00e3o energ\u00e9tica em economias emergentes. Antes de juntar-se \u00e0 EPE, Luiz Barroso foi s\u00f3cio e diretor t\u00e9cnico da PSR por 17 anos. \u00c9 tamb\u00e9m pesquisador associado da Universidade de Comillas, em Madrid, e professor da Escola de Regula\u00e7\u00e3o de Floren\u00e7a, na It\u00e1lia. \u00c9 editor associado da IEEE Power &amp; Energy Magazine. Foi editor associado da revista IEEE Transactions on Power Systems e da IEEE Transactions on Smart Grids. \u00c9 o chair do Power Systems Operations, Planning and Economics Committee da IEEE Power and Energy Society, onde \u00e9 membro s\u00eanior. Recebeu, em 2010, o IEEE PES Outstanding Young Engineer Award. Foi coordenador do comit\u00ea de Mercados de Eletricidade e Regula\u00e7\u00e3o (C5) do Cigr\u00e9 Brasil de 2010 a 2014 e \u00e9 membro do steering committee do SC C5 do Cigr\u00e9 Internacional. \u00c9 autor e coautor de mais de 200 artigos cient\u00edficos em peri\u00f3dicos e confer\u00eancias em temas relacionados a mercados competitivos de energia. \u00c9 graduado em matem\u00e1tica e possui doutorado em Engenharia de Sistemas (otimiza\u00e7\u00e3o) pela COPPE\/UFRJ, Brasil.<\/p>\n<p><strong>Sobre o Instituto E+ Transi\u00e7\u00e3o Energ\u00e9tica<\/strong><\/p>\n<p>O Instituto E+ \u00e9 um\u00a0<em>think tank<\/em>\u00a0independente que promove o amplo di\u00e1logo com representantes de todos os setores para pautar a transi\u00e7\u00e3o energ\u00e9tica brasileira como vetor para o crescimento econ\u00f4mico de baixo carbono. O Instituto E+ faz parte da rede International Network of Energy Transition Think Tanks (INETTT).<\/p>\n<p>Para assistir as edi\u00e7\u00f5es anteriores no Youtube:<a href=\"http:\/\/www.youtube.com\/channel\/UC46zZl90o5ozMLxJUScA65A\" target=\"_blank\" rel=\"noopener noreferrer\" data-saferedirecturl=\"http:\/\/www.google.com\/url?q=http:\/\/www.youtube.com\/channel\/UC46zZl90o5ozMLxJUScA65A&amp;source=gmail&amp;ust=1592273048529000&amp;usg=AFQjCNFtL9gCOWzcy1Thksu_cOMye2IuBA\">http:\/\/www.youtube.com\/channel\/UC46zZl90o5ozMLxJUScA65A<\/a><\/p>\n<p><em>(Com informa\u00e7\u00f5es do Instituto E+ e pv-magazine)<\/em><\/p>\n<p>&nbsp;<\/p>\n","protected":false},"excerpt":{"rendered":"<p>Avan\u00e7am os investimentos mundiais em projetos de hidrog\u00eanio verde a partir de fontes de energia renov\u00e1veis (solar fotovoltaica e e\u00f3lica) &#8211; Alemanha, Fran\u00e7a, Holanda, \u00c1ustria, Jap\u00e3o, Austr\u00e1lia, Canad\u00e1, China, Reino Unido e Estados Unidos. O Alemanha anunciou o plano de investir \u20ac 9 bilh\u00f5es at\u00e9 2030 no desenvolvimento da tecnologia de hidrog\u00eanio verde a partir [&hellip;]<\/p>\n","protected":false},"author":4,"featured_media":82104,"comment_status":"open","ping_status":"open","sticky":false,"template":"","format":"standard","meta":{"jetpack_post_was_ever_published":false,"_jetpack_newsletter_access":"","_jetpack_dont_email_post_to_subs":false,"_jetpack_newsletter_tier_id":0,"_jetpack_memberships_contains_paywalled_content":false,"_jetpack_memberships_contains_paid_content":false,"footnotes":"","jetpack_publicize_message":"","jetpack_publicize_feature_enabled":true,"jetpack_social_post_already_shared":true,"jetpack_social_options":{"image_generator_settings":{"template":"highway","default_image_id":0,"font":"","enabled":false},"version":2}},"categories":[4],"tags":[161,40,195,12,173,160,13,194,176,147,14],"class_list":["post-82099","post","type-post","status-publish","format-standard","has-post-thumbnail","hentry","category-ambiente-geral","tag-alemanha","tag-carvao","tag-descarbonizacao","tag-energia","tag-energia-renovavel","tag-energia-solar","tag-eolica","tag-hidrogenio","tag-japao","tag-pet","tag-solar"],"aioseo_notices":[],"jetpack_publicize_connections":[],"jetpack_featured_media_url":"https:\/\/www.jornalja.com.br\/ambiente\/wp-content\/uploads\/sites\/3\/2020\/06\/Irena.jpg","jetpack-related-posts":[{"id":85540,"url":"https:\/\/www.jornalja.com.br\/ambiente\/transicao-energetica-por-hidrogenio-verde-avanca-no-rio-grande-do-sul\/","url_meta":{"origin":82099,"position":0},"title":"Transi\u00e7\u00e3o energ\u00e9tica por Hidrog\u00eanio Verde avan\u00e7a no Rio Grande do Sul","author":"S\u00e9rgio Lagranha","date":"2 de abril de 2025","format":false,"excerpt":"A transi\u00e7\u00e3o energ\u00e9tica atrav\u00e9s do Hidrog\u00eanio Verde (H2V) est\u00e1 avan\u00e7ando no Rio Grande do Sul. Produzido principalmente por meio da eletr\u00f3lise da \u00e1gua, \u00e9 um processo que separa as mol\u00e9culas de hidrog\u00eanio (H\u2082) e oxig\u00eanio (O\u2082) utilizando eletricidade. Para que o hidrog\u00eanio seja considerado \"verde\", a eletricidade usada nesse processo\u2026","rel":"","context":"Em &quot;Ambiente J\u00c1-MAT\u00c9RIA&quot;","block_context":{"text":"Ambiente J\u00c1-MAT\u00c9RIA","link":"https:\/\/www.jornalja.com.br\/ambiente\/category\/ambiente-geral\/"},"img":{"alt_text":"","src":"https:\/\/i0.wp.com\/www.jornalja.com.br\/ambiente\/wp-content\/uploads\/sites\/3\/2025\/04\/20250402-170240-rotated.jpg?resize=350%2C200&ssl=1","width":350,"height":200,"srcset":"https:\/\/i0.wp.com\/www.jornalja.com.br\/ambiente\/wp-content\/uploads\/sites\/3\/2025\/04\/20250402-170240-rotated.jpg?resize=350%2C200&ssl=1 1x, https:\/\/i0.wp.com\/www.jornalja.com.br\/ambiente\/wp-content\/uploads\/sites\/3\/2025\/04\/20250402-170240-rotated.jpg?resize=525%2C300&ssl=1 1.5x, https:\/\/i0.wp.com\/www.jornalja.com.br\/ambiente\/wp-content\/uploads\/sites\/3\/2025\/04\/20250402-170240-rotated.jpg?resize=700%2C400&ssl=1 2x, https:\/\/i0.wp.com\/www.jornalja.com.br\/ambiente\/wp-content\/uploads\/sites\/3\/2025\/04\/20250402-170240-rotated.jpg?resize=1050%2C600&ssl=1 3x, https:\/\/i0.wp.com\/www.jornalja.com.br\/ambiente\/wp-content\/uploads\/sites\/3\/2025\/04\/20250402-170240-rotated.jpg?resize=1400%2C800&ssl=1 4x"},"classes":[]},{"id":85166,"url":"https:\/\/www.jornalja.com.br\/ambiente\/energia-solar-grandes-usinas-atingem-11-gigawatts-com-investimentos-de-500-bilhoes-em-dez-anos\/","url_meta":{"origin":82099,"position":1},"title":"Energia solar: grandes usinas atingem 11 gigawatts, com investimentos de 500 bilh\u00f5es em dez anos","author":"da Reda\u00e7\u00e3o","date":"8 de dezembro de 2023","format":false,"excerpt":"O Brasil ultrapassou a marca de 11 gigawatts (GW) de pot\u00eancia operacional nas grandes usinas solares, de acordo com o mapeamento da Associa\u00e7\u00e3o Brasileira de Energia Solar Fotovoltaica (ABSOLAR). Segundo a entidade, desde 2012, o segmento j\u00e1 trouxe mais de R$ 49,1 bilh\u00f5es em novos investimentos e mais de 330,1\u2026","rel":"","context":"Em &quot;Ambiente J\u00c1-MAT\u00c9RIA&quot;","block_context":{"text":"Ambiente J\u00c1-MAT\u00c9RIA","link":"https:\/\/www.jornalja.com.br\/ambiente\/category\/ambiente-geral\/"},"img":{"alt_text":"","src":"https:\/\/i0.wp.com\/www.jornalja.com.br\/ambiente\/wp-content\/uploads\/sites\/3\/2023\/12\/energia-solar-divulgacao-absolar.jpg?resize=350%2C200&ssl=1","width":350,"height":200,"srcset":"https:\/\/i0.wp.com\/www.jornalja.com.br\/ambiente\/wp-content\/uploads\/sites\/3\/2023\/12\/energia-solar-divulgacao-absolar.jpg?resize=350%2C200&ssl=1 1x, https:\/\/i0.wp.com\/www.jornalja.com.br\/ambiente\/wp-content\/uploads\/sites\/3\/2023\/12\/energia-solar-divulgacao-absolar.jpg?resize=525%2C300&ssl=1 1.5x, https:\/\/i0.wp.com\/www.jornalja.com.br\/ambiente\/wp-content\/uploads\/sites\/3\/2023\/12\/energia-solar-divulgacao-absolar.jpg?resize=700%2C400&ssl=1 2x, https:\/\/i0.wp.com\/www.jornalja.com.br\/ambiente\/wp-content\/uploads\/sites\/3\/2023\/12\/energia-solar-divulgacao-absolar.jpg?resize=1050%2C600&ssl=1 3x"},"classes":[]},{"id":85336,"url":"https:\/\/www.jornalja.com.br\/ambiente\/relatorio-ganhou-manchete-china-dispara-em-energia-solar-e-eolica\/","url_meta":{"origin":82099,"position":2},"title":"Relat\u00f3rio ganhou manchete: China dispara em energia solar e e\u00f3lica","author":"da Reda\u00e7\u00e3o","date":"11 de julho de 2024","format":false,"excerpt":"O Guardian destaca, nesta quinta-feira, um relat\u00f3rio da Global Energy Monitor (GEM) sobre a expans\u00e3o das energias e\u00f3lica e solar ao redor do mundo. Chama aten\u00e7\u00e3o a posi\u00e7\u00e3o da China que tem, segundo a pesquisa, 180 gigawatts (GW) de energia solar em constru\u00e7\u00e3o e 15 GW de energia e\u00f3lica. \"Isso\u2026","rel":"","context":"Em &quot;Ambiente J\u00c1-MAT\u00c9RIA&quot;","block_context":{"text":"Ambiente J\u00c1-MAT\u00c9RIA","link":"https:\/\/www.jornalja.com.br\/ambiente\/category\/ambiente-geral\/"},"img":{"alt_text":"","src":"https:\/\/i0.wp.com\/www.jornalja.com.br\/ambiente\/wp-content\/uploads\/sites\/3\/2024\/07\/china-e-a-energia-solar.png?resize=350%2C200&ssl=1","width":350,"height":200,"srcset":"https:\/\/i0.wp.com\/www.jornalja.com.br\/ambiente\/wp-content\/uploads\/sites\/3\/2024\/07\/china-e-a-energia-solar.png?resize=350%2C200&ssl=1 1x, https:\/\/i0.wp.com\/www.jornalja.com.br\/ambiente\/wp-content\/uploads\/sites\/3\/2024\/07\/china-e-a-energia-solar.png?resize=525%2C300&ssl=1 1.5x, https:\/\/i0.wp.com\/www.jornalja.com.br\/ambiente\/wp-content\/uploads\/sites\/3\/2024\/07\/china-e-a-energia-solar.png?resize=700%2C400&ssl=1 2x"},"classes":[]},{"id":79598,"url":"https:\/\/www.jornalja.com.br\/ambiente\/credito-alavanca-investimentos-em-energias-renovaveis\/","url_meta":{"origin":82099,"position":3},"title":"Cr\u00e9dito alavanca investimentos em energias renov\u00e1veis","author":"da Reda\u00e7\u00e3o","date":"29 de novembro de 2019","format":false,"excerpt":"O\u00a0 Fundo Clima, linha de cr\u00e9dito do Banco Mundial, repassada no Brasil pelo BNDES, est\u00e1 na origem da expans\u00e3o geom\u00e9trica de projetos de energia e\u00f3lica e solar, nos \u00faltimos cinco anos. Com juros de 3,4% ao ano, \u00e9 um cr\u00e9dito para pequenos projetos, com limite de valores para pessoas jur\u00eddicas:\u2026","rel":"","context":"Em &quot;Ambiente J\u00c1-MAT\u00c9RIA&quot;","block_context":{"text":"Ambiente J\u00c1-MAT\u00c9RIA","link":"https:\/\/www.jornalja.com.br\/ambiente\/category\/ambiente-geral\/"},"img":{"alt_text":"","src":"","width":0,"height":0},"classes":[]},{"id":83720,"url":"https:\/\/www.jornalja.com.br\/ambiente\/geracao-de-energia-solar-vai-dobrar-em-um-ano-o-que-produziu-em-uma-decada\/","url_meta":{"origin":82099,"position":4},"title":"Energia solar vai dobrar este ano a capacidade de gera\u00e7\u00e3o acumulada em uma d\u00e9cada","author":"da Reda\u00e7\u00e3o","date":"12 de janeiro de 2022","format":false,"excerpt":"O ano de 2022 tem tudo para ser o melhor ano da energia solar no Brasil desde 2012. A Associa\u00e7\u00e3o Brasileira de Energia Solar Fotovoltaica, que congrega empresas e profissionais do setor, estima que, somente neste ano, esta fonte dever\u00e1 gerar mais de 357 mil novos empregos, por todas as\u2026","rel":"","context":"Em &quot;Ambiente J\u00c1-MAT\u00c9RIA&quot;","block_context":{"text":"Ambiente J\u00c1-MAT\u00c9RIA","link":"https:\/\/www.jornalja.com.br\/ambiente\/category\/ambiente-geral\/"},"img":{"alt_text":"","src":"https:\/\/i0.wp.com\/www.jornalja.com.br\/ambiente\/wp-content\/uploads\/sites\/3\/2022\/01\/pexels-vivint-solar-2850347-scaled.jpg?resize=350%2C200&ssl=1","width":350,"height":200,"srcset":"https:\/\/i0.wp.com\/www.jornalja.com.br\/ambiente\/wp-content\/uploads\/sites\/3\/2022\/01\/pexels-vivint-solar-2850347-scaled.jpg?resize=350%2C200&ssl=1 1x, https:\/\/i0.wp.com\/www.jornalja.com.br\/ambiente\/wp-content\/uploads\/sites\/3\/2022\/01\/pexels-vivint-solar-2850347-scaled.jpg?resize=525%2C300&ssl=1 1.5x, https:\/\/i0.wp.com\/www.jornalja.com.br\/ambiente\/wp-content\/uploads\/sites\/3\/2022\/01\/pexels-vivint-solar-2850347-scaled.jpg?resize=700%2C400&ssl=1 2x, https:\/\/i0.wp.com\/www.jornalja.com.br\/ambiente\/wp-content\/uploads\/sites\/3\/2022\/01\/pexels-vivint-solar-2850347-scaled.jpg?resize=1050%2C600&ssl=1 3x, https:\/\/i0.wp.com\/www.jornalja.com.br\/ambiente\/wp-content\/uploads\/sites\/3\/2022\/01\/pexels-vivint-solar-2850347-scaled.jpg?resize=1400%2C800&ssl=1 4x"},"classes":[]},{"id":79531,"url":"https:\/\/www.jornalja.com.br\/ambiente\/china-corta-subsidios-para-energia-limpa-e-prioriza-o-carvao\/","url_meta":{"origin":82099,"position":5},"title":"China corta subs\u00eddios para energia limpa e prioriza o carv\u00e3o","author":"da Reda\u00e7\u00e3o","date":"27 de novembro de 2019","format":false,"excerpt":"Depois de ter superado suas metas em energias renov\u00e1veis, a China muda o planejamento energ\u00e9tico para o pa\u00eds. Os subs\u00eddios para energia solar, que duraram mais de uma d\u00e9cada, foram cortados em 2018, e os incentivos para energia e\u00f3lica sendo reduzidos. O crescimento desordenado fez o governo recuar. No m\u00eas\u2026","rel":"","context":"Em &quot;Ambiente J\u00c1-MAT\u00c9RIA&quot;","block_context":{"text":"Ambiente J\u00c1-MAT\u00c9RIA","link":"https:\/\/www.jornalja.com.br\/ambiente\/category\/ambiente-geral\/"},"img":{"alt_text":"","src":"","width":0,"height":0},"classes":[]}],"jetpack_shortlink":"https:\/\/wp.me\/pbKnZo-lmb","jetpack_sharing_enabled":true,"_links":{"self":[{"href":"https:\/\/www.jornalja.com.br\/ambiente\/wp-json\/wp\/v2\/posts\/82099","targetHints":{"allow":["GET"]}}],"collection":[{"href":"https:\/\/www.jornalja.com.br\/ambiente\/wp-json\/wp\/v2\/posts"}],"about":[{"href":"https:\/\/www.jornalja.com.br\/ambiente\/wp-json\/wp\/v2\/types\/post"}],"author":[{"embeddable":true,"href":"https:\/\/www.jornalja.com.br\/ambiente\/wp-json\/wp\/v2\/users\/4"}],"replies":[{"embeddable":true,"href":"https:\/\/www.jornalja.com.br\/ambiente\/wp-json\/wp\/v2\/comments?post=82099"}],"version-history":[{"count":4,"href":"https:\/\/www.jornalja.com.br\/ambiente\/wp-json\/wp\/v2\/posts\/82099\/revisions"}],"predecessor-version":[{"id":82105,"href":"https:\/\/www.jornalja.com.br\/ambiente\/wp-json\/wp\/v2\/posts\/82099\/revisions\/82105"}],"wp:featuredmedia":[{"embeddable":true,"href":"https:\/\/www.jornalja.com.br\/ambiente\/wp-json\/wp\/v2\/media\/82104"}],"wp:attachment":[{"href":"https:\/\/www.jornalja.com.br\/ambiente\/wp-json\/wp\/v2\/media?parent=82099"}],"wp:term":[{"taxonomy":"category","embeddable":true,"href":"https:\/\/www.jornalja.com.br\/ambiente\/wp-json\/wp\/v2\/categories?post=82099"},{"taxonomy":"post_tag","embeddable":true,"href":"https:\/\/www.jornalja.com.br\/ambiente\/wp-json\/wp\/v2\/tags?post=82099"}],"curies":[{"name":"wp","href":"https:\/\/api.w.org\/{rel}","templated":true}]}}