{"id":82201,"date":"2020-06-22T21:52:18","date_gmt":"2020-06-23T00:52:18","guid":{"rendered":"https:\/\/www.jornalja.com.br\/ambiente\/?p=82201"},"modified":"2020-08-05T12:09:09","modified_gmt":"2020-08-05T15:09:09","slug":"distanciamento-deixou-a-feira-de-organicos-da-redencao-mais-espacosa","status":"publish","type":"post","link":"https:\/\/www.jornalja.com.br\/ambiente\/distanciamento-deixou-a-feira-de-organicos-da-redencao-mais-espacosa\/","title":{"rendered":"Distanciamento deixou a feira de org\u00e2nicos da Reden\u00e7\u00e3o mais espa\u00e7osa \u00a0\u00a0"},"content":{"rendered":"<p>Acabou o aperto. A dificuldade de transitar entre as bancas era uma reclama\u00e7\u00e3o antiga dos consumidores na mais tradicional feira de hortali\u00e7as org\u00e2nicas de Porto Alegre, nas manh\u00e3s de s\u00e1bado na rua Jos\u00e9 Bonif\u00e1cio, no Bom Fim.<\/p>\n<p><img decoding=\"async\" data-attachment-id=\"82207\" data-permalink=\"https:\/\/www.jornalja.com.br\/ambiente\/distanciamento-deixou-a-feira-de-organicos-da-redencao-mais-espacosa\/20200620_121115\/\" data-orig-file=\"https:\/\/www.jornalja.com.br\/ambiente\/wp-content\/uploads\/sites\/3\/2020\/06\/20200620_121115-scaled.jpg\" data-orig-size=\"1024,498\" data-comments-opened=\"1\" data-image-meta=\"{&quot;aperture&quot;:&quot;1.7&quot;,&quot;credit&quot;:&quot;&quot;,&quot;camera&quot;:&quot;SM-J810M&quot;,&quot;caption&quot;:&quot;&quot;,&quot;created_timestamp&quot;:&quot;1592655075&quot;,&quot;copyright&quot;:&quot;&quot;,&quot;focal_length&quot;:&quot;3.93&quot;,&quot;iso&quot;:&quot;40&quot;,&quot;shutter_speed&quot;:&quot;0.000423908435778&quot;,&quot;title&quot;:&quot;&quot;,&quot;orientation&quot;:&quot;1&quot;}\" data-image-title=\"20200620_121115\" data-image-description=\"\" data-image-caption=\"\" data-large-file=\"https:\/\/www.jornalja.com.br\/ambiente\/wp-content\/uploads\/sites\/3\/2020\/06\/20200620_121115-1024x498.jpg\" class=\"alignleft wp-image-82207\" src=\"https:\/\/www.jornalja.com.br\/ambiente\/wp-content\/uploads\/sites\/3\/2020\/06\/20200620_121115-300x146.jpg\" alt=\"\" width=\"327\" height=\"160\" srcset=\"https:\/\/www.jornalja.com.br\/ambiente\/wp-content\/uploads\/sites\/3\/2020\/06\/20200620_121115-300x146.jpg 300w, https:\/\/www.jornalja.com.br\/ambiente\/wp-content\/uploads\/sites\/3\/2020\/06\/20200620_121115-scaled.jpg 1024w, https:\/\/www.jornalja.com.br\/ambiente\/wp-content\/uploads\/sites\/3\/2020\/06\/20200620_121115-768x373.jpg 768w, https:\/\/www.jornalja.com.br\/ambiente\/wp-content\/uploads\/sites\/3\/2020\/06\/20200620_121115-1536x747.jpg 1536w, https:\/\/www.jornalja.com.br\/ambiente\/wp-content\/uploads\/sites\/3\/2020\/06\/20200620_121115-2048x996.jpg 2048w, https:\/\/www.jornalja.com.br\/ambiente\/wp-content\/uploads\/sites\/3\/2020\/06\/20200620_121115-1200x583.jpg 1200w\" sizes=\"(max-width: 327px) 100vw, 327px\" \/>Com o espa\u00e7o ampliado, tudo mudou. Por tr\u00eas d\u00e9cadas foram duas fileiras de bancas frente a frente, no canteiro central da rua \u2013 e no meio o corredor estreito para a clientela circular.<\/p>\n<p>Para evitar aglomera\u00e7\u00e3o durante a pandemia, desde abril a distribui\u00e7\u00e3o foi alterada.<\/p>\n<figure id=\"attachment_82203\" aria-describedby=\"caption-attachment-82203\" style=\"width: 361px\" class=\"wp-caption alignright\"><img decoding=\"async\" data-attachment-id=\"82203\" data-permalink=\"https:\/\/www.jornalja.com.br\/ambiente\/distanciamento-deixou-a-feira-de-organicos-da-redencao-mais-espacosa\/20200620_121910\/\" data-orig-file=\"https:\/\/www.jornalja.com.br\/ambiente\/wp-content\/uploads\/sites\/3\/2020\/06\/20200620_121910-scaled.jpg\" data-orig-size=\"1024,498\" data-comments-opened=\"1\" data-image-meta=\"{&quot;aperture&quot;:&quot;1.7&quot;,&quot;credit&quot;:&quot;&quot;,&quot;camera&quot;:&quot;SM-J810M&quot;,&quot;caption&quot;:&quot;&quot;,&quot;created_timestamp&quot;:&quot;1592655549&quot;,&quot;copyright&quot;:&quot;&quot;,&quot;focal_length&quot;:&quot;3.93&quot;,&quot;iso&quot;:&quot;40&quot;,&quot;shutter_speed&quot;:&quot;0.0034965034965&quot;,&quot;title&quot;:&quot;&quot;,&quot;orientation&quot;:&quot;1&quot;}\" data-image-title=\"20200620_121910\" data-image-description=\"\" data-image-caption=\"&lt;p&gt;Fila para escolher verduras, uma cena in\u00e9dita na FAE&lt;\/p&gt;\n\" data-large-file=\"https:\/\/www.jornalja.com.br\/ambiente\/wp-content\/uploads\/sites\/3\/2020\/06\/20200620_121910-1024x498.jpg\" class=\" wp-image-82203\" src=\"https:\/\/www.jornalja.com.br\/ambiente\/wp-content\/uploads\/sites\/3\/2020\/06\/20200620_121910-300x146.jpg\" alt=\"\" width=\"361\" height=\"175\" srcset=\"https:\/\/www.jornalja.com.br\/ambiente\/wp-content\/uploads\/sites\/3\/2020\/06\/20200620_121910-300x146.jpg 300w, https:\/\/www.jornalja.com.br\/ambiente\/wp-content\/uploads\/sites\/3\/2020\/06\/20200620_121910-scaled.jpg 1024w, https:\/\/www.jornalja.com.br\/ambiente\/wp-content\/uploads\/sites\/3\/2020\/06\/20200620_121910-768x373.jpg 768w, https:\/\/www.jornalja.com.br\/ambiente\/wp-content\/uploads\/sites\/3\/2020\/06\/20200620_121910-1536x747.jpg 1536w, https:\/\/www.jornalja.com.br\/ambiente\/wp-content\/uploads\/sites\/3\/2020\/06\/20200620_121910-2048x996.jpg 2048w, https:\/\/www.jornalja.com.br\/ambiente\/wp-content\/uploads\/sites\/3\/2020\/06\/20200620_121910-1200x583.jpg 1200w\" sizes=\"(max-width: 361px) 100vw, 361px\" \/><figcaption id=\"caption-attachment-82203\" class=\"wp-caption-text\">Fila para escolher verduras, uma cena in\u00e9dita ali<\/figcaption><\/figure>\n<p>Agora s\u00e3o tr\u00eas fileiras de barracas, bem \u00a0distantes umas das outras. A primeira fila no canteiro original, as outras, uma de cada lado da rua, na via lindeira ao parque (o tr\u00e2nsito de ve\u00edculos fica\u00a0 interrompido no sentido Osvaldo Aranha &#8211; Jo\u00e3o Pessoa).<\/p>\n<p><img decoding=\"async\" data-attachment-id=\"82204\" data-permalink=\"https:\/\/www.jornalja.com.br\/ambiente\/distanciamento-deixou-a-feira-de-organicos-da-redencao-mais-espacosa\/20200620_120747\/\" data-orig-file=\"https:\/\/www.jornalja.com.br\/ambiente\/wp-content\/uploads\/sites\/3\/2020\/06\/20200620_120747-scaled.jpg\" data-orig-size=\"1024,498\" data-comments-opened=\"1\" data-image-meta=\"{&quot;aperture&quot;:&quot;1.7&quot;,&quot;credit&quot;:&quot;&quot;,&quot;camera&quot;:&quot;SM-J810M&quot;,&quot;caption&quot;:&quot;&quot;,&quot;created_timestamp&quot;:&quot;1592654867&quot;,&quot;copyright&quot;:&quot;&quot;,&quot;focal_length&quot;:&quot;3.93&quot;,&quot;iso&quot;:&quot;40&quot;,&quot;shutter_speed&quot;:&quot;0.00529100529101&quot;,&quot;title&quot;:&quot;&quot;,&quot;orientation&quot;:&quot;1&quot;}\" data-image-title=\"20200620_120747\" data-image-description=\"\" data-image-caption=\"\" data-large-file=\"https:\/\/www.jornalja.com.br\/ambiente\/wp-content\/uploads\/sites\/3\/2020\/06\/20200620_120747-1024x498.jpg\" class=\"wp-image-82204 aligncenter\" src=\"https:\/\/www.jornalja.com.br\/ambiente\/wp-content\/uploads\/sites\/3\/2020\/06\/20200620_120747-300x146.jpg\" alt=\"\" width=\"392\" height=\"191\" srcset=\"https:\/\/www.jornalja.com.br\/ambiente\/wp-content\/uploads\/sites\/3\/2020\/06\/20200620_120747-300x146.jpg 300w, https:\/\/www.jornalja.com.br\/ambiente\/wp-content\/uploads\/sites\/3\/2020\/06\/20200620_120747-scaled.jpg 1024w, https:\/\/www.jornalja.com.br\/ambiente\/wp-content\/uploads\/sites\/3\/2020\/06\/20200620_120747-768x373.jpg 768w, https:\/\/www.jornalja.com.br\/ambiente\/wp-content\/uploads\/sites\/3\/2020\/06\/20200620_120747-1536x747.jpg 1536w, https:\/\/www.jornalja.com.br\/ambiente\/wp-content\/uploads\/sites\/3\/2020\/06\/20200620_120747-2048x996.jpg 2048w, https:\/\/www.jornalja.com.br\/ambiente\/wp-content\/uploads\/sites\/3\/2020\/06\/20200620_120747-1200x583.jpg 1200w\" sizes=\"(max-width: 392px) 100vw, 392px\" \/>Cartazetes orientam a freguesia para manter distanciamento, n\u00e3o tocar nos alimentos para escolher, n\u00e3o consumir no local, e n\u00e3o tirar a m\u00e1scara. Caldo de cana? S\u00f3 em garrafa, para levar. Tem at\u00e9 feirante usando pegador de gelo para lidar com dinheiro.<\/p>\n<p><img decoding=\"async\" data-attachment-id=\"82205\" data-permalink=\"https:\/\/www.jornalja.com.br\/ambiente\/distanciamento-deixou-a-feira-de-organicos-da-redencao-mais-espacosa\/20200620_1214050\/\" data-orig-file=\"https:\/\/www.jornalja.com.br\/ambiente\/wp-content\/uploads\/sites\/3\/2020\/06\/20200620_1214050-scaled.jpg\" data-orig-size=\"1024,498\" data-comments-opened=\"1\" data-image-meta=\"{&quot;aperture&quot;:&quot;1.7&quot;,&quot;credit&quot;:&quot;&quot;,&quot;camera&quot;:&quot;SM-J810M&quot;,&quot;caption&quot;:&quot;&quot;,&quot;created_timestamp&quot;:&quot;1592655245&quot;,&quot;copyright&quot;:&quot;&quot;,&quot;focal_length&quot;:&quot;3.93&quot;,&quot;iso&quot;:&quot;40&quot;,&quot;shutter_speed&quot;:&quot;0.00152905198777&quot;,&quot;title&quot;:&quot;&quot;,&quot;orientation&quot;:&quot;1&quot;}\" data-image-title=\"20200620_121405(0)\" data-image-description=\"\" data-image-caption=\"&lt;p&gt;Mico Le\u00e3o Dourado ser\u00e1 destaque do curso no dia 16 de julho\/Divulga\u00e7\u00e3o Prefeitura de Sapucaia do Sul&lt;\/p&gt;\n\" data-large-file=\"https:\/\/www.jornalja.com.br\/ambiente\/wp-content\/uploads\/sites\/3\/2020\/06\/20200620_1214050-1024x498.jpg\" class=\" wp-image-82205 alignright\" src=\"https:\/\/www.jornalja.com.br\/ambiente\/wp-content\/uploads\/sites\/3\/2020\/06\/20200620_1214050-300x146.jpg\" alt=\"\" width=\"384\" height=\"188\" srcset=\"https:\/\/www.jornalja.com.br\/ambiente\/wp-content\/uploads\/sites\/3\/2020\/06\/20200620_1214050-300x146.jpg 300w, https:\/\/www.jornalja.com.br\/ambiente\/wp-content\/uploads\/sites\/3\/2020\/06\/20200620_1214050-scaled.jpg 1024w, https:\/\/www.jornalja.com.br\/ambiente\/wp-content\/uploads\/sites\/3\/2020\/06\/20200620_1214050-768x373.jpg 768w, https:\/\/www.jornalja.com.br\/ambiente\/wp-content\/uploads\/sites\/3\/2020\/06\/20200620_1214050-1536x747.jpg 1536w, https:\/\/www.jornalja.com.br\/ambiente\/wp-content\/uploads\/sites\/3\/2020\/06\/20200620_1214050-2048x996.jpg 2048w, https:\/\/www.jornalja.com.br\/ambiente\/wp-content\/uploads\/sites\/3\/2020\/06\/20200620_1214050-1200x583.jpg 1200w\" sizes=\"(max-width: 384px) 100vw, 384px\" \/> A FAE, Feira dos Agricultores Ecologistas, no quarteir\u00e3o entre as igrejas do Divino e de Santa Terezinha, foi interrompida s\u00f3 um s\u00e1bado, em mar\u00e7o. Voltou na semana seguinte apenas com as poucas bancas de Porto Alegre (houve um s\u00e1bado com duas), e logo reorganizou-se no novo formato. Ningu\u00e9m sabe at\u00e9 quando.<\/p>\n<p>Ainda que comprar alimentos ao ar livre seja mais seguro do que em ambientes fechados, os momentos de pico ainda re\u00fanem mais gente do que o desej\u00e1vel numa pandemia vir\u00f3tica, inclusive porque algumas pessoas v\u00e3o s\u00f3 para passear. Os feirantes temem a suspens\u00e3o das atividades, &#8220;porque o pessoal n\u00e3o est\u00e1 respeitando&#8221;.<\/p>\n<p>&nbsp;<\/p>\n<p>&nbsp;<\/p>\n","protected":false},"excerpt":{"rendered":"<p>Acabou o aperto. A dificuldade de transitar entre as bancas era uma reclama\u00e7\u00e3o antiga dos consumidores na mais tradicional feira de hortali\u00e7as org\u00e2nicas de Porto Alegre, nas manh\u00e3s de s\u00e1bado na rua Jos\u00e9 Bonif\u00e1cio, no Bom Fim. Com o espa\u00e7o ampliado, tudo mudou. Por tr\u00eas d\u00e9cadas foram duas fileiras de bancas frente a frente, no [&hellip;]<\/p>\n","protected":false},"author":4,"featured_media":82202,"comment_status":"open","ping_status":"open","sticky":false,"template":"","format":"standard","meta":{"jetpack_post_was_ever_published":false,"_jetpack_newsletter_access":"","_jetpack_dont_email_post_to_subs":false,"_jetpack_newsletter_tier_id":0,"_jetpack_memberships_contains_paywalled_content":false,"_jetpack_memberships_contains_paid_content":false,"footnotes":"","jetpack_publicize_message":"","jetpack_publicize_feature_enabled":true,"jetpack_social_post_already_shared":true,"jetpack_social_options":{"image_generator_settings":{"template":"highway","default_image_id":0,"font":"","enabled":false},"version":2}},"categories":[4],"tags":[16,200,207,105,201,57,205],"class_list":["post-82201","post","type-post","status-publish","format-standard","has-post-thumbnail","hentry","category-ambiente-geral","tag-ambiente","tag-fae","tag-horta","tag-organicos","tag-pandemia","tag-porto-alegre","tag-sema"],"aioseo_notices":[],"jetpack_publicize_connections":[],"jetpack_featured_media_url":"https:\/\/www.jornalja.com.br\/ambiente\/wp-content\/uploads\/sites\/3\/2020\/06\/20200620_121238-scaled.jpg","jetpack-related-posts":[{"id":83932,"url":"https:\/\/www.jornalja.com.br\/ambiente\/semana-lixo-zero-e-lei-ainda-distante-da-realidade\/","url_meta":{"origin":82201,"position":0},"title":"Semana &#8220;Lixo Zero&#8221; \u00e9 lei, ainda distante da realidade","author":"da Reda\u00e7\u00e3o","date":"23 de outubro de 2022","format":false,"excerpt":"Come\u00e7a nesta segunda feira, 24,\u00a0 a \"Semana Lixo Zero\"\u00a0 em Porto Alegre, com atividades de educa\u00e7\u00e3o ambiental promovidas pelo Departamento Municipal de Limpeza Urbana (DMLU). A Semana Lixo Zero foi inclu\u00edda no calend\u00e1rio de eventos de Porto Alegre atrav\u00e9s da Lei 12.849, de 20 de julho de 2021. Est\u00e1 na\u2026","rel":"","context":"Em &quot;Ambiente J\u00c1-MAT\u00c9RIA&quot;","block_context":{"text":"Ambiente J\u00c1-MAT\u00c9RIA","link":"https:\/\/www.jornalja.com.br\/ambiente\/category\/ambiente-geral\/"},"img":{"alt_text":"","src":"","width":0,"height":0},"classes":[]},{"id":83196,"url":"https:\/\/www.jornalja.com.br\/ambiente\/armazem-do-campo-chega-a-porto-alegre-com-produtos-da-agricultura-familiar\/","url_meta":{"origin":82201,"position":1},"title":"Armaz\u00e9m do Campo chega a Porto Alegre com produtos org\u00e2nicos e agenda cultural","author":"da Reda\u00e7\u00e3o","date":"4 de junho de 2021","format":false,"excerpt":"Aberto ao\u00a0 p\u00fablico desde\u00a0 1\u00ba de junho, na Rua Jos\u00e9 do Patroc\u00ednio, 888, na Cidade Baixa, o Armaz\u00e9m do Campo Porto Alegre ser\u00e1 inaugurado oficialmente nesta sexta-feira, 4, \u00e0s 19 horas. O projeto \u00e9 do Movimento dos Trabalhadores Rurais Sem Terra (MST) do Rio Grande do Sul. Al\u00e9m do atendimento\u2026","rel":"","context":"Em &quot;Ambiente J\u00c1-MAT\u00c9RIA&quot;","block_context":{"text":"Ambiente J\u00c1-MAT\u00c9RIA","link":"https:\/\/www.jornalja.com.br\/ambiente\/category\/ambiente-geral\/"},"img":{"alt_text":"","src":"https:\/\/i0.wp.com\/www.jornalja.com.br\/ambiente\/wp-content\/uploads\/sites\/3\/2021\/06\/armazen-do-campo-foto-maiara-rauber-divulgacao.jpeg?resize=350%2C200&ssl=1","width":350,"height":200,"srcset":"https:\/\/i0.wp.com\/www.jornalja.com.br\/ambiente\/wp-content\/uploads\/sites\/3\/2021\/06\/armazen-do-campo-foto-maiara-rauber-divulgacao.jpeg?resize=350%2C200&ssl=1 1x, https:\/\/i0.wp.com\/www.jornalja.com.br\/ambiente\/wp-content\/uploads\/sites\/3\/2021\/06\/armazen-do-campo-foto-maiara-rauber-divulgacao.jpeg?resize=525%2C300&ssl=1 1.5x, https:\/\/i0.wp.com\/www.jornalja.com.br\/ambiente\/wp-content\/uploads\/sites\/3\/2021\/06\/armazen-do-campo-foto-maiara-rauber-divulgacao.jpeg?resize=700%2C400&ssl=1 2x"},"classes":[]},{"id":76476,"url":"https:\/\/www.jornalja.com.br\/ambiente\/abertas-inscricoes-para-feira-agroecologica-da-camara-municipal\/","url_meta":{"origin":82201,"position":2},"title":"Abertas inscri\u00e7\u00f5es para Feira Agroecol\u00f3gica da C\u00e2mara Municipal","author":"Carlos Matsubara","date":"19 de agosto de 2019","format":false,"excerpt":"Est\u00e3o abertas as inscri\u00e7\u00f5es \u2013 a partir desta segunda-feira (19\/8) - para associa\u00e7\u00f5es e produtores de alimentos org\u00e2nicos e agroecol\u00f3gicos interessados em participar da Feira Agroecol\u00f3gica de Produtos Org\u00e2nicos Vereador Tarciso Flecha Negra promovida e a ser realizada na C\u00e2mara Municipal de Porto Alegre. Projeto piloto deliberado pela Mesa Diretora\u2026","rel":"","context":"Em &quot;Ambiente J\u00c1-MAT\u00c9RIA&quot;","block_context":{"text":"Ambiente J\u00c1-MAT\u00c9RIA","link":"https:\/\/www.jornalja.com.br\/ambiente\/category\/ambiente-geral\/"},"img":{"alt_text":"","src":"","width":0,"height":0},"classes":[]},{"id":82485,"url":"https:\/\/www.jornalja.com.br\/ambiente\/horta-de-organicos-na-escola-curso-para-professores-das-redes-publicas\/","url_meta":{"origin":82201,"position":3},"title":"Horta de org\u00e2nicos na escola: curso para professores das redes p\u00fablicas","author":"da Reda\u00e7\u00e3o","date":"9 de setembro de 2020","format":false,"excerpt":"Est\u00e3o abertas at\u00e9 dia 14 as inscri\u00e7\u00f5es para o curso de extens\u00e3o da Ufrgs Projeto Horta: aproximando escola e comunidade. S\u00e3o 30 vagas para professores da rede p\u00fablica em Porto Alegre e mais 30 para docentes da rede estadual. Programa\u00e7\u00e3o:","rel":"","context":"Em &quot;Ambiente J\u00c1-MAT\u00c9RIA&quot;","block_context":{"text":"Ambiente J\u00c1-MAT\u00c9RIA","link":"https:\/\/www.jornalja.com.br\/ambiente\/category\/ambiente-geral\/"},"img":{"alt_text":"","src":"https:\/\/i0.wp.com\/www.jornalja.com.br\/ambiente\/wp-content\/uploads\/sites\/3\/2020\/09\/photo-2020-09-03-17-04-49-1.jpg?resize=350%2C200&ssl=1","width":350,"height":200,"srcset":"https:\/\/i0.wp.com\/www.jornalja.com.br\/ambiente\/wp-content\/uploads\/sites\/3\/2020\/09\/photo-2020-09-03-17-04-49-1.jpg?resize=350%2C200&ssl=1 1x, https:\/\/i0.wp.com\/www.jornalja.com.br\/ambiente\/wp-content\/uploads\/sites\/3\/2020\/09\/photo-2020-09-03-17-04-49-1.jpg?resize=525%2C300&ssl=1 1.5x, https:\/\/i0.wp.com\/www.jornalja.com.br\/ambiente\/wp-content\/uploads\/sites\/3\/2020\/09\/photo-2020-09-03-17-04-49-1.jpg?resize=700%2C400&ssl=1 2x"},"classes":[]},{"id":84198,"url":"https:\/\/www.jornalja.com.br\/ambiente\/sem-interessados-leilao-do-jardim-botanico-de-porto-alegre-esta-suspenso\/","url_meta":{"origin":82201,"position":4},"title":"Sem interessados, leil\u00e3o do Jardim Bot\u00e2nico de Porto Alegre est\u00e1 suspenso","author":"da Reda\u00e7\u00e3o","date":"20 de dezembro de 2022","format":false,"excerpt":"Est\u00e1 adiado, sem nova data por enquanto, o\u00a0 leil\u00e3o para a concess\u00e3o do Jardim Bot\u00e2nico de Porto Alegre, marcado para esta quinta-feira (22\/12), na capital. O prazo para entrega das propostas se encerrou \u00e0s 12h de segunda-feira (19\/12), sem nenhum inscrito. As mudan\u00e7as previstas no BNDES com o novo governo\u2026","rel":"","context":"Em &quot;Ambiente J\u00c1-MAT\u00c9RIA&quot;","block_context":{"text":"Ambiente J\u00c1-MAT\u00c9RIA","link":"https:\/\/www.jornalja.com.br\/ambiente\/category\/ambiente-geral\/"},"img":{"alt_text":"","src":"https:\/\/i0.wp.com\/www.jornalja.com.br\/ambiente\/wp-content\/uploads\/sites\/3\/2022\/12\/fundacao-zoobotanica-privatizacao.jpg?resize=350%2C200&ssl=1","width":350,"height":200,"srcset":"https:\/\/i0.wp.com\/www.jornalja.com.br\/ambiente\/wp-content\/uploads\/sites\/3\/2022\/12\/fundacao-zoobotanica-privatizacao.jpg?resize=350%2C200&ssl=1 1x, https:\/\/i0.wp.com\/www.jornalja.com.br\/ambiente\/wp-content\/uploads\/sites\/3\/2022\/12\/fundacao-zoobotanica-privatizacao.jpg?resize=525%2C300&ssl=1 1.5x, https:\/\/i0.wp.com\/www.jornalja.com.br\/ambiente\/wp-content\/uploads\/sites\/3\/2022\/12\/fundacao-zoobotanica-privatizacao.jpg?resize=700%2C400&ssl=1 2x"},"classes":[]},{"id":80206,"url":"https:\/\/www.jornalja.com.br\/ambiente\/relatorio-libera-praias-de-lami-e-belem-novo-para-banho\/","url_meta":{"origin":82201,"position":5},"title":"Orla do Guaiba: Lami e Bel\u00e9m Novo est\u00e3o liberadas para banho","author":"da Reda\u00e7\u00e3o","date":"27 de dezembro de 2019","format":false,"excerpt":"Saiu nesta sexta-feira, 27, o relat\u00f3rio de balneabilidade das praias do Lami e de Bel\u00e9m Novo, na orla sul do Guaiba.. Os dados indicam que todos os pontos est\u00e3o pr\u00f3prios para banho. Os resultados s\u00e3o baseados nas cinco an\u00e1lises realizadas pelo Departamento Municipal de \u00c1gua e Esgotos (Dmae), entre 20\u2026","rel":"","context":"Em &quot;Ambiente J\u00c1-MAT\u00c9RIA&quot;","block_context":{"text":"Ambiente J\u00c1-MAT\u00c9RIA","link":"https:\/\/www.jornalja.com.br\/ambiente\/category\/ambiente-geral\/"},"img":{"alt_text":"","src":"","width":0,"height":0},"classes":[]}],"jetpack_shortlink":"https:\/\/wp.me\/pbKnZo-lnP","jetpack_sharing_enabled":true,"_links":{"self":[{"href":"https:\/\/www.jornalja.com.br\/ambiente\/wp-json\/wp\/v2\/posts\/82201","targetHints":{"allow":["GET"]}}],"collection":[{"href":"https:\/\/www.jornalja.com.br\/ambiente\/wp-json\/wp\/v2\/posts"}],"about":[{"href":"https:\/\/www.jornalja.com.br\/ambiente\/wp-json\/wp\/v2\/types\/post"}],"author":[{"embeddable":true,"href":"https:\/\/www.jornalja.com.br\/ambiente\/wp-json\/wp\/v2\/users\/4"}],"replies":[{"embeddable":true,"href":"https:\/\/www.jornalja.com.br\/ambiente\/wp-json\/wp\/v2\/comments?post=82201"}],"version-history":[{"count":5,"href":"https:\/\/www.jornalja.com.br\/ambiente\/wp-json\/wp\/v2\/posts\/82201\/revisions"}],"predecessor-version":[{"id":82219,"href":"https:\/\/www.jornalja.com.br\/ambiente\/wp-json\/wp\/v2\/posts\/82201\/revisions\/82219"}],"wp:featuredmedia":[{"embeddable":true,"href":"https:\/\/www.jornalja.com.br\/ambiente\/wp-json\/wp\/v2\/media\/82202"}],"wp:attachment":[{"href":"https:\/\/www.jornalja.com.br\/ambiente\/wp-json\/wp\/v2\/media?parent=82201"}],"wp:term":[{"taxonomy":"category","embeddable":true,"href":"https:\/\/www.jornalja.com.br\/ambiente\/wp-json\/wp\/v2\/categories?post=82201"},{"taxonomy":"post_tag","embeddable":true,"href":"https:\/\/www.jornalja.com.br\/ambiente\/wp-json\/wp\/v2\/tags?post=82201"}],"curies":[{"name":"wp","href":"https:\/\/api.w.org\/{rel}","templated":true}]}}