{"id":82247,"date":"2020-06-30T09:36:05","date_gmt":"2020-06-30T12:36:05","guid":{"rendered":"https:\/\/www.jornalja.com.br\/ambiente\/?p=82247"},"modified":"2020-08-05T12:13:03","modified_gmt":"2020-08-05T15:13:03","slug":"aquecimento-no-polo-sul-e-tres-vezes-maior-do-que-o-aumento-global","status":"publish","type":"post","link":"https:\/\/www.jornalja.com.br\/ambiente\/aquecimento-no-polo-sul-e-tres-vezes-maior-do-que-o-aumento-global\/","title":{"rendered":"Aquecimento no Polo Sul \u00e9 tr\u00eas vezes maior do que o aumento global"},"content":{"rendered":"<p>As temperaturas est\u00e3o subindo rapidamente no Polo Sul, considerado o ponto mais frio da Terra.<\/p>\n<p>T\u00e3o r\u00e1pido que Kyle Clem e outros pesquisadores do clima come\u00e7aram a se preocupar e perguntar se a mudan\u00e7a clim\u00e1tica causada pelo homem est\u00e1 desempenhando papel maior do que o esperado na Ant\u00e1rtida.<\/p>\n<p>Dados de temperatura mostram que o aquecimento da regi\u00e3o foi tr\u00eas vezes a taxa de aquecimento global nas \u00faltimas tr\u00eas d\u00e9cadas at\u00e9 2018, o ano mais quente j\u00e1 registrado no Polo Sul, disseram os pesquisadores em estudo publicado nessa\u00a0segunda-feira (29) na revista Nature Climate Change.<\/p>\n<p>Observando dados de 20 esta\u00e7\u00f5es meteorol\u00f3gicas na Ant\u00e1rtida, a taxa de aquecimento do Polo Sul foi sete vezes maior que a m\u00e9dia geral do continente. O aquecimento do Polo Sul est\u00e1 parcialmente ligado ao aumento natural das temperaturas no Pac\u00edfico tropical ocidental, sendo impulsionado para o sul por ciclones nas \u00e1guas geladas do Mar de Weddell, disseram os pesquisadores.<\/p>\n<p>Esse padr\u00e3o, no entanto, que se acredita ser parte de um processo natural de v\u00e1rias d\u00e9cadas, explica apenas algumas das tend\u00eancias de aquecimento. O restante, segundo\u00a0os pesquisadores, foi devido \u00e0s mudan\u00e7as clim\u00e1ticas provocadas pelo homem.<\/p>\n","protected":false},"excerpt":{"rendered":"<p>As temperaturas est\u00e3o subindo rapidamente no Polo Sul, considerado o ponto mais frio da Terra. T\u00e3o r\u00e1pido que Kyle Clem e outros pesquisadores do clima come\u00e7aram a se preocupar e perguntar se a mudan\u00e7a clim\u00e1tica causada pelo homem est\u00e1 desempenhando papel maior do que o esperado na Ant\u00e1rtida. Dados de temperatura mostram que o aquecimento [&hellip;]<\/p>\n","protected":false},"author":4,"featured_media":82248,"comment_status":"open","ping_status":"open","sticky":false,"template":"","format":"standard","meta":{"jetpack_post_was_ever_published":false,"_jetpack_newsletter_access":"","_jetpack_dont_email_post_to_subs":false,"_jetpack_newsletter_tier_id":0,"_jetpack_memberships_contains_paywalled_content":false,"_jetpack_memberships_contains_paid_content":false,"footnotes":"","jetpack_publicize_message":"","jetpack_publicize_feature_enabled":true,"jetpack_social_post_already_shared":true,"jetpack_social_options":{"image_generator_settings":{"template":"highway","default_image_id":0,"font":"","enabled":false},"version":2}},"categories":[4],"tags":[59,62,87],"class_list":["post-82247","post","type-post","status-publish","format-standard","has-post-thumbnail","hentry","category-ambiente-geral","tag-agua","tag-aquecimento-global","tag-mudancas-climaticas"],"aioseo_notices":[],"jetpack_publicize_connections":[],"jetpack_featured_media_url":"https:\/\/www.jornalja.com.br\/ambiente\/wp-content\/uploads\/sites\/3\/2020\/06\/ambiente-ja-pinguins.jpg","jetpack-related-posts":[{"id":78864,"url":"https:\/\/www.jornalja.com.br\/ambiente\/base-da-antartida-sera-reinaugurada-sem-verba-para-pesquisas\/","url_meta":{"origin":82247,"position":0},"title":"Base da Antartida ser\u00e1 reinaugurada sem verba para pesquisas","author":"Geraldo Hasse","date":"4 de novembro de 2019","format":false,"excerpt":"O presidente Jair Messias Bolsonaro far\u00e1 no pr\u00f3ximo dia 12 uma visita rel\u00e2mpago de 25 minutos \u00e0 esta\u00e7\u00e3o de pesquisa Comandante Ferraz, restaurada parcialmente do inc\u00eandio que a destruiu em 2011, na Ant\u00e1rtica. Conformados com o evento de reinaugura\u00e7\u00e3o, que dever\u00e1 mobilizar um grande aparato de log\u00edstica e seguran\u00e7a, os\u2026","rel":"","context":"Em &quot;Ambiente J\u00c1-MAT\u00c9RIA&quot;","block_context":{"text":"Ambiente J\u00c1-MAT\u00c9RIA","link":"https:\/\/www.jornalja.com.br\/ambiente\/category\/ambiente-geral\/"},"img":{"alt_text":"","src":"","width":0,"height":0},"classes":[]},{"id":84491,"url":"https:\/\/www.jornalja.com.br\/ambiente\/entrevista-brasil-precisa-da-antartica-tanto-quanto-da-amazonia\/","url_meta":{"origin":82247,"position":1},"title":"Entrevista: &#8220;Brasil precisa da Ant\u00e1rtica tanto quanto da Amaz\u00f4nia&#8221;","author":"Elmar Bones","date":"4 de abril de 2023","format":false,"excerpt":"Em entrevista exclusiva, glaci\u00f3logo ga\u00facho explica a interdepend\u00eancia entre os p\u00f3los e os tr\u00f3picos Por M\u00e1rcia Turcato Jefferson Cardia Sim\u00f5es, 64 anos, \u00e9 glaci\u00f3logo, estuda o gelo. Foi o primeiro brasileiro a ter essa especializa\u00e7\u00e3o, ainda na d\u00e9cada de 80, quando o Brasil vivia uma ditadura. Longe de ser um\u2026","rel":"","context":"Em &quot;Ambiente J\u00c1-MAT\u00c9RIA&quot;","block_context":{"text":"Ambiente J\u00c1-MAT\u00c9RIA","link":"https:\/\/www.jornalja.com.br\/ambiente\/category\/ambiente-geral\/"},"img":{"alt_text":"","src":"https:\/\/i0.wp.com\/www.jornalja.com.br\/ambiente\/wp-content\/uploads\/sites\/3\/2023\/04\/antartic.jpg?resize=350%2C200&ssl=1","width":350,"height":200,"srcset":"https:\/\/i0.wp.com\/www.jornalja.com.br\/ambiente\/wp-content\/uploads\/sites\/3\/2023\/04\/antartic.jpg?resize=350%2C200&ssl=1 1x, https:\/\/i0.wp.com\/www.jornalja.com.br\/ambiente\/wp-content\/uploads\/sites\/3\/2023\/04\/antartic.jpg?resize=525%2C300&ssl=1 1.5x, https:\/\/i0.wp.com\/www.jornalja.com.br\/ambiente\/wp-content\/uploads\/sites\/3\/2023\/04\/antartic.jpg?resize=700%2C400&ssl=1 2x"},"classes":[]},{"id":85452,"url":"https:\/\/www.jornalja.com.br\/ambiente\/degelo-nos-polos-mudancas-no-clima-e-na-geopolitica-global\/","url_meta":{"origin":82247,"position":2},"title":"Degelo nos p\u00f3los: mudan\u00e7as no clima e na geopol\u00edtica global\u00a0","author":"da Reda\u00e7\u00e3o","date":"8 de fevereiro de 2025","format":false,"excerpt":"\u00c9 a 29\u00ba viagem do glaci\u00f3logo ga\u00facho Jefferson Cardia Sim\u00f5es aos p\u00f3los. Ele sempre veraneia no gelo:\u00a0 foi duas vezes ao \u00c1rtico e 27 \u00e0 Ant\u00e1rtica. Aos 66 anos de idade, professor e pesquisador da Universidade Federal do Rio Grande do Sul, esse cientista est\u00f3ico, como ele mesmo se considera,\u2026","rel":"","context":"Em &quot;Ambiente J\u00c1-MAT\u00c9RIA&quot;","block_context":{"text":"Ambiente J\u00c1-MAT\u00c9RIA","link":"https:\/\/www.jornalja.com.br\/ambiente\/category\/ambiente-geral\/"},"img":{"alt_text":"","src":"https:\/\/i0.wp.com\/www.jornalja.com.br\/ambiente\/wp-content\/uploads\/sites\/3\/2025\/02\/antartica.jpg?resize=350%2C200&ssl=1","width":350,"height":200,"srcset":"https:\/\/i0.wp.com\/www.jornalja.com.br\/ambiente\/wp-content\/uploads\/sites\/3\/2025\/02\/antartica.jpg?resize=350%2C200&ssl=1 1x, https:\/\/i0.wp.com\/www.jornalja.com.br\/ambiente\/wp-content\/uploads\/sites\/3\/2025\/02\/antartica.jpg?resize=525%2C300&ssl=1 1.5x, https:\/\/i0.wp.com\/www.jornalja.com.br\/ambiente\/wp-content\/uploads\/sites\/3\/2025\/02\/antartica.jpg?resize=700%2C400&ssl=1 2x"},"classes":[]},{"id":85578,"url":"https:\/\/www.jornalja.com.br\/ambiente\/calor-de-30-graus-no-everest-e-enchente-no-sul-emergencia-climatica-e-global\/","url_meta":{"origin":82247,"position":3},"title":"Calor de 30 graus no Everest e enchente no Sul: emerg\u00eancia clim\u00e1tica \u00e9 global\u00a0","author":"Elmar Bones","date":"19 de maio de 2025","format":false,"excerpt":"M\u00e1rcia Turcato Um ano se passou da cat\u00e1strofe clim\u00e1tica no Rio Grande do Sul. Mas a emerg\u00eancia clim\u00e1tica n\u00e3o foi cancelada. Ao contr\u00e1rio, ela continua deixando suas marcas por onde passa. Dia 12 de maio, no Campo 4 do Monte Everest, a cerca de sete mil metros de altitude, a\u2026","rel":"","context":"Em &quot;Ambiente J\u00c1-MAT\u00c9RIA&quot;","block_context":{"text":"Ambiente J\u00c1-MAT\u00c9RIA","link":"https:\/\/www.jornalja.com.br\/ambiente\/category\/ambiente-geral\/"},"img":{"alt_text":"","src":"https:\/\/i0.wp.com\/www.jornalja.com.br\/ambiente\/wp-content\/uploads\/sites\/3\/2025\/05\/everest.jpg?resize=350%2C200&ssl=1","width":350,"height":200,"srcset":"https:\/\/i0.wp.com\/www.jornalja.com.br\/ambiente\/wp-content\/uploads\/sites\/3\/2025\/05\/everest.jpg?resize=350%2C200&ssl=1 1x, https:\/\/i0.wp.com\/www.jornalja.com.br\/ambiente\/wp-content\/uploads\/sites\/3\/2025\/05\/everest.jpg?resize=525%2C300&ssl=1 1.5x, https:\/\/i0.wp.com\/www.jornalja.com.br\/ambiente\/wp-content\/uploads\/sites\/3\/2025\/05\/everest.jpg?resize=700%2C400&ssl=1 2x, https:\/\/i0.wp.com\/www.jornalja.com.br\/ambiente\/wp-content\/uploads\/sites\/3\/2025\/05\/everest.jpg?resize=1050%2C600&ssl=1 3x"},"classes":[]},{"id":85583,"url":"https:\/\/www.jornalja.com.br\/ambiente\/aquecimento-global-pode-inviabilizar-a-vida-na-terra\/","url_meta":{"origin":82247,"position":4},"title":"Aquecimento global pode inviabilizar a vida na Terra","author":"Elmar Bones","date":"21 de maio de 2025","format":false,"excerpt":"M\u00e1rcia Turcato Dois dias de intensos debates sobre mudan\u00e7a clim\u00e1tica mobilizaram 1.200 participantes e cerca de 60 palestrantes no Sal\u00e3o Nobre da UFRGS- Universidade Federal do Rio Grande do Sul. O Climate Change Summit foi realizado no m\u00eas de maio e culminou com a divulga\u00e7\u00e3o da Carta de Porto Alegre*,\u2026","rel":"","context":"Em &quot;Ambiente J\u00c1-MAT\u00c9RIA&quot;","block_context":{"text":"Ambiente J\u00c1-MAT\u00c9RIA","link":"https:\/\/www.jornalja.com.br\/ambiente\/category\/ambiente-geral\/"},"img":{"alt_text":"","src":"https:\/\/i0.wp.com\/www.jornalja.com.br\/ambiente\/wp-content\/uploads\/sites\/3\/2025\/05\/clima-abertura.jpg?resize=350%2C200&ssl=1","width":350,"height":200,"srcset":"https:\/\/i0.wp.com\/www.jornalja.com.br\/ambiente\/wp-content\/uploads\/sites\/3\/2025\/05\/clima-abertura.jpg?resize=350%2C200&ssl=1 1x, https:\/\/i0.wp.com\/www.jornalja.com.br\/ambiente\/wp-content\/uploads\/sites\/3\/2025\/05\/clima-abertura.jpg?resize=525%2C300&ssl=1 1.5x, https:\/\/i0.wp.com\/www.jornalja.com.br\/ambiente\/wp-content\/uploads\/sites\/3\/2025\/05\/clima-abertura.jpg?resize=700%2C400&ssl=1 2x"},"classes":[]}],"jetpack_shortlink":"https:\/\/wp.me\/pbKnZo-loz","jetpack_sharing_enabled":true,"_links":{"self":[{"href":"https:\/\/www.jornalja.com.br\/ambiente\/wp-json\/wp\/v2\/posts\/82247","targetHints":{"allow":["GET"]}}],"collection":[{"href":"https:\/\/www.jornalja.com.br\/ambiente\/wp-json\/wp\/v2\/posts"}],"about":[{"href":"https:\/\/www.jornalja.com.br\/ambiente\/wp-json\/wp\/v2\/types\/post"}],"author":[{"embeddable":true,"href":"https:\/\/www.jornalja.com.br\/ambiente\/wp-json\/wp\/v2\/users\/4"}],"replies":[{"embeddable":true,"href":"https:\/\/www.jornalja.com.br\/ambiente\/wp-json\/wp\/v2\/comments?post=82247"}],"version-history":[{"count":1,"href":"https:\/\/www.jornalja.com.br\/ambiente\/wp-json\/wp\/v2\/posts\/82247\/revisions"}],"predecessor-version":[{"id":82249,"href":"https:\/\/www.jornalja.com.br\/ambiente\/wp-json\/wp\/v2\/posts\/82247\/revisions\/82249"}],"wp:featuredmedia":[{"embeddable":true,"href":"https:\/\/www.jornalja.com.br\/ambiente\/wp-json\/wp\/v2\/media\/82248"}],"wp:attachment":[{"href":"https:\/\/www.jornalja.com.br\/ambiente\/wp-json\/wp\/v2\/media?parent=82247"}],"wp:term":[{"taxonomy":"category","embeddable":true,"href":"https:\/\/www.jornalja.com.br\/ambiente\/wp-json\/wp\/v2\/categories?post=82247"},{"taxonomy":"post_tag","embeddable":true,"href":"https:\/\/www.jornalja.com.br\/ambiente\/wp-json\/wp\/v2\/tags?post=82247"}],"curies":[{"name":"wp","href":"https:\/\/api.w.org\/{rel}","templated":true}]}}