{"id":82401,"date":"2020-07-04T23:36:37","date_gmt":"2020-07-05T02:36:37","guid":{"rendered":"https:\/\/www.jornalja.com.br\/ambiente\/?p=82401"},"modified":"2020-08-05T00:11:05","modified_gmt":"2020-08-05T03:11:05","slug":"mais-de-90-da-polinizacao-do-acai-e-realizada-por-abelhas-da-amazonia","status":"publish","type":"post","link":"https:\/\/www.jornalja.com.br\/ambiente\/mais-de-90-da-polinizacao-do-acai-e-realizada-por-abelhas-da-amazonia\/","title":{"rendered":"Mais de 90% da poliniza\u00e7\u00e3o do a\u00e7a\u00ed \u00e9 realizada por abelhas da Amaz\u00f4nia"},"content":{"rendered":"<p>As abelhas nativas s\u00e3o os principais polinizadores do a\u00e7a\u00ed. \u00c9 o que afirma <a href=\"https:\/\/link.springer.com\/article\/10.1007\/s13744-020-00790-x\">um estudo<\/a> que acaba de ser publicado na revista cient\u00edfica Neotropical Entomology pela Embrapa em parceria com a Universidade Federal do Par\u00e1 e Universidade Federal Rural da Amaz\u00f4nia (UFRA).<\/p>\n<p>O trabalho mostra que elas representam mais de 90% da poliniza\u00e7\u00e3o nas flores da palmeira e s\u00e3o mais eficientes no transporte do p\u00f3len que os outros insetos, o que impacta diretamente na cadeia produtiva do a\u00e7a\u00ed.<\/p>\n<p>O estudo foi realizado em oito \u00e1reas nos munic\u00edpios paraenses de Barcarena e Abaetetuba. Foram analisadas quatro \u00e1reas manejadas de a\u00e7a\u00ed de v\u00e1rzea e outras quatro de plantios em terra firme. Nos locais, foram coletados insetos de 74 esp\u00e9cies diferentes que visitaram as flores da palmeira.<\/p>\n<p class=\"intertit\">Oito vezes mais p\u00f3len<\/p>\n<p>Autora principal do artigo, a agr\u00f4noma da UFRA Leilane Bezerra conta que ao estudar o n\u00famero de gr\u00e3os de p\u00f3len de a\u00e7a\u00ed transportados pelos insetos, a equipe descobriu que as abelhas nativas s\u00e3o o grupo de polinizadores mais eficaz.<\/p>\n<p><img decoding=\"async\" data-attachment-id=\"82400\" data-permalink=\"https:\/\/www.jornalja.com.br\/ambiente\/mais-de-90-da-polinizacao-do-acai-e-realizada-por-abelhas-da-amazonia\/2020-sem-data_arte_visitantes-florais_polinizacao-do-acai\/\" data-orig-file=\"https:\/\/www.jornalja.com.br\/ambiente\/wp-content\/uploads\/sites\/3\/2020\/08\/2020-sem-data-arte-visitantes-florais-polinizacao-do-acai.jpg\" data-orig-size=\"900,791\" data-comments-opened=\"1\" data-image-meta=\"{&quot;aperture&quot;:&quot;0&quot;,&quot;credit&quot;:&quot;Jos\\u00e9 Arag\\u00e3o&quot;,&quot;camera&quot;:&quot;&quot;,&quot;caption&quot;:&quot;&quot;,&quot;created_timestamp&quot;:&quot;1593132174&quot;,&quot;copyright&quot;:&quot;&quot;,&quot;focal_length&quot;:&quot;0&quot;,&quot;iso&quot;:&quot;0&quot;,&quot;shutter_speed&quot;:&quot;0&quot;,&quot;title&quot;:&quot;&quot;,&quot;orientation&quot;:&quot;1&quot;}\" data-image-title=\"2020 sem data_Arte_visitantes florais_Poliniza\u00e7\u00e3o do a\u00e7a\u00ed\" data-image-description=\"\" data-image-caption=\"\" data-large-file=\"https:\/\/www.jornalja.com.br\/ambiente\/wp-content\/uploads\/sites\/3\/2020\/08\/2020-sem-data-arte-visitantes-florais-polinizacao-do-acai.jpg\" class=\"aligncenter wp-image-82400 size-full\" src=\"https:\/\/www.jornalja.com.br\/ambiente\/wp-content\/uploads\/sites\/3\/2020\/08\/2020-sem-data-arte-visitantes-florais-polinizacao-do-acai.jpg\" alt=\"\" width=\"900\" height=\"791\" srcset=\"https:\/\/www.jornalja.com.br\/ambiente\/wp-content\/uploads\/sites\/3\/2020\/08\/2020-sem-data-arte-visitantes-florais-polinizacao-do-acai.jpg 900w, https:\/\/www.jornalja.com.br\/ambiente\/wp-content\/uploads\/sites\/3\/2020\/08\/2020-sem-data-arte-visitantes-florais-polinizacao-do-acai-300x264.jpg 300w, https:\/\/www.jornalja.com.br\/ambiente\/wp-content\/uploads\/sites\/3\/2020\/08\/2020-sem-data-arte-visitantes-florais-polinizacao-do-acai-768x675.jpg 768w\" sizes=\"(max-width: 900px) 100vw, 900px\" \/><\/p>\n<p>\u201cDescobrimos que mais de 70 esp\u00e9cies de insetos, incluindo abelhas, moscas, vespas, formigas e besouros, transportam p\u00f3len de a\u00e7a\u00ed. Mas as abelhas nativas, incluindo esp\u00e9cies sem ferr\u00e3o (Meliponinae) e solit\u00e1rias (como as da fam\u00edlia Halictidae), carregam pelo menos oito vezes mais p\u00f3len do que os outros insetos e representam seis em cada dez visitas de insetos \u00e0s flores de a\u00e7a\u00ed\u201d, revela.<\/p>\n<p>O primeiro resultado encontrado pelos cientistas foi que mais da metade (51%) dos 596 insetos visitantes coletados na palmeira s\u00e3o abelhas nativas. As abelhas sem ferr\u00e3o representam 38%; as moscas s\u00e3o 16%; outras abelhas (solit\u00e1rias e em sua maioria nativas) somam 13%; vespas, 12%; formigas, 8%; e 6% s\u00e3o besouros.<\/p>\n<p>A etapa seguinte foi quantificar os gr\u00e3os de p\u00f3len presentes no corpo de cada inseto, o que a pesquisa chama de carga pol\u00ednica. Essa atividade revelou a m\u00e9dia de dois gr\u00e3os por animal, pois em 25% deles n\u00e3o foi detectado p\u00f3len. \u201cPor\u00e9m, encontramos abelhas solit\u00e1rias que carregavam at\u00e9 cinco mil gr\u00e3os de p\u00f3len em seu corpo. Era como se tivesse mergulhada em farinha\u201d, compara o bi\u00f3logo Alistair Campbell, pesquisador visitante em atua\u00e7\u00e3o na Embrapa Amaz\u00f4nia Oriental.<\/p>\n<p>Inserir colmeias em \u00e1reas de a\u00e7a\u00ed plantado em terra firme e em \u00e1reas manejadas de v\u00e1rzea \u00e9 uma estrat\u00e9gia para aumentar a produ\u00e7\u00e3o de frutos, especialmente quando h\u00e1 desmatamento no entorno, segundo Campbell. Por\u00e9m, nada substitui a preserva\u00e7\u00e3o da floresta na manuten\u00e7\u00e3o da biodiversidade. \u201cA gente nunca vai conseguir reproduzir o esfor\u00e7o da floresta\u201d, afirma o cientista.<\/p>\n","protected":false},"excerpt":{"rendered":"<p>As abelhas nativas s\u00e3o os principais polinizadores do a\u00e7a\u00ed. \u00c9 o que afirma um estudo que acaba de ser publicado na revista cient\u00edfica Neotropical Entomology pela Embrapa em parceria com a Universidade Federal do Par\u00e1 e Universidade Federal Rural da Amaz\u00f4nia (UFRA). O trabalho mostra que elas representam mais de 90% da poliniza\u00e7\u00e3o nas flores [&hellip;]<\/p>\n","protected":false},"author":4,"featured_media":0,"comment_status":"open","ping_status":"open","sticky":false,"template":"","format":"standard","meta":{"jetpack_post_was_ever_published":false,"_jetpack_newsletter_access":"","_jetpack_dont_email_post_to_subs":false,"_jetpack_newsletter_tier_id":0,"_jetpack_memberships_contains_paywalled_content":false,"_jetpack_memberships_contains_paid_content":false,"footnotes":"","jetpack_publicize_message":"","jetpack_publicize_feature_enabled":true,"jetpack_social_post_already_shared":true,"jetpack_social_options":{"image_generator_settings":{"template":"highway","default_image_id":0,"font":"","enabled":false},"version":2}},"categories":[18],"tags":[90,50,82,51,23,69],"class_list":["post-82401","post","type-post","status-publish","format-standard","hentry","category-notas-ambiente-ja","tag-abelhas","tag-amazonia","tag-biodiversidade","tag-desmatamento","tag-embrapa","tag-floresta"],"aioseo_notices":[],"jetpack_publicize_connections":[],"jetpack_featured_media_url":"","jetpack-related-posts":[{"id":77532,"url":"https:\/\/www.jornalja.com.br\/ambiente\/agrotoxicos-e-celulares-fazem-mal-a-saude-diz-agapan\/","url_meta":{"origin":82401,"position":0},"title":"A morte de abelhas por agrot\u00f3xicos e os riscos do celular no debate da Agapan","author":"Geraldo Hasse","date":"17 de setembro de 2019","format":false,"excerpt":"O risco \u00e0 sa\u00fade humana oferecido pelas esta\u00e7\u00f5es de r\u00e1dio-base de telefonia celular \u00e9 compar\u00e1vel \u00e0 contamina\u00e7\u00e3o dos alimentos e do meio ambiente por agrot\u00f3xicos, segundo a farmac\u00eautica\u00a0Ana Maria Dait Valls Atz,\u00a0conselheira da Agapan que atuou como mediadora do evento que na noite de segunda (19) reuniu 52 pessoas no\u2026","rel":"","context":"Em &quot;Ambiente J\u00c1-MAT\u00c9RIA&quot;","block_context":{"text":"Ambiente J\u00c1-MAT\u00c9RIA","link":"https:\/\/www.jornalja.com.br\/ambiente\/category\/ambiente-geral\/"},"img":{"alt_text":"","src":"","width":0,"height":0},"classes":[]},{"id":73506,"url":"https:\/\/www.jornalja.com.br\/ambiente\/sebastiao-pinheiro-alerta-para-a-totemizacao-do-veneno-agricola\/","url_meta":{"origin":82401,"position":1},"title":"Sebasti\u00e3o Pinheiro alerta para a &quot;totemiza\u00e7\u00e3o do veneno agr\u00edcola&quot;","author":"Geraldo Hasse","date":"26 de mar\u00e7o de 2019","format":false,"excerpt":"Em evento promovido pela Agapan, o ativista ecol\u00f3gico Sebasti\u00e3o Pinheiro foi aplaudido de p\u00e9 por mais de 200 pessoas reunidas na noite de segunda-feira (25\/3) no audit\u00f3rio da Faculdade de Arquitetura no campus central da UFGRS em Porto Alegre. Ap\u00f3s sua palestra sobre o poder dos agrot\u00f3xicos no Brasil e\u2026","rel":"","context":"Em &quot;Ambiente J\u00c1-MAT\u00c9RIA&quot;","block_context":{"text":"Ambiente J\u00c1-MAT\u00c9RIA","link":"https:\/\/www.jornalja.com.br\/ambiente\/category\/ambiente-geral\/"},"img":{"alt_text":"","src":"","width":0,"height":0},"classes":[]},{"id":73571,"url":"https:\/\/www.jornalja.com.br\/ambiente\/morte-das-abelhas-apicultores-querem-levar-agrotoxicos-a-justica\/","url_meta":{"origin":82401,"position":2},"title":"Morte das abelhas: apicultores querem levar agrot\u00f3xicos \u00e0 Justi\u00e7a","author":"Geraldo Hasse","date":"28 de mar\u00e7o de 2019","format":false,"excerpt":"Em evento in\u00e9dito no CTG Cancela da Tradi\u00e7\u00e3o, de Mata, mais de uma centena de apicultores do centro-oeste ga\u00facho prejudicados por venenos agr\u00edcolas autorizaram um grupo de ativistas ambientais e entidades t\u00e9cnicas a processar judicialmente usu\u00e1rios, comerciantes e fabricantes de agrot\u00f3xicos. \u201cEstamos aqui para dar o pontap\u00e9 inicial numa briga\u2026","rel":"","context":"Em &quot;Ambiente J\u00c1-MAT\u00c9RIA&quot;","block_context":{"text":"Ambiente J\u00c1-MAT\u00c9RIA","link":"https:\/\/www.jornalja.com.br\/ambiente\/category\/ambiente-geral\/"},"img":{"alt_text":"","src":"","width":0,"height":0},"classes":[]},{"id":73496,"url":"https:\/\/www.jornalja.com.br\/ambiente\/morte-de-abelhas-desencadeia-novo-ciclo-do-ambientalismo\/","url_meta":{"origin":82401,"position":3},"title":"Morte de abelhas desencadeia novo ciclo do ambientalismo","author":"Geraldo Hasse","date":"25 de mar\u00e7o de 2019","format":false,"excerpt":"Trinta institui\u00e7\u00f5es apoiam o semin\u00e1rio sobre apicultura e agrot\u00f3xicos convocado para a tarde desta quinta-feira (28\/3) em Mata, o munic\u00edpio ga\u00facho mais atingido pela mortandade de abelhas por agrot\u00f3xicos no \u00faltimo ver\u00e3o. Mata, na regi\u00e3o de Santa Maria, tem 5 mil habitantes e fica a 380 km de Porto Alegre.\u2026","rel":"","context":"Em &quot;Ambiente J\u00c1-MAT\u00c9RIA&quot;","block_context":{"text":"Ambiente J\u00c1-MAT\u00c9RIA","link":"https:\/\/www.jornalja.com.br\/ambiente\/category\/ambiente-geral\/"},"img":{"alt_text":"","src":"","width":0,"height":0},"classes":[]},{"id":77013,"url":"https:\/\/www.jornalja.com.br\/ambiente\/alemanha-quer-banir-o-glifosato-ate-2023\/","url_meta":{"origin":82401,"position":4},"title":"Alemanha quer banir o glifosato at\u00e9 2023","author":"Carlos Matsubara","date":"4 de setembro de 2019","format":false,"excerpt":"A partir de 2020, medidas para redu\u00e7\u00e3o sistem\u00e1tica do herbicida devem ser aplicadas. Alemanha ser\u00e1 o segundo pa\u00eds europeu a restringir a subst\u00e2ncia. O governo alem\u00e3o quer banir o herbicida glifosato do pa\u00eds at\u00e9 2023. A proibi\u00e7\u00e3o faz parte de um programa para a prote\u00e7\u00e3o de insetos acordado nesta quarta-feira\u2026","rel":"","context":"Em &quot;Ambiente J\u00c1-MAT\u00c9RIA&quot;","block_context":{"text":"Ambiente J\u00c1-MAT\u00c9RIA","link":"https:\/\/www.jornalja.com.br\/ambiente\/category\/ambiente-geral\/"},"img":{"alt_text":"","src":"","width":0,"height":0},"classes":[]},{"id":82763,"url":"https:\/\/www.jornalja.com.br\/ambiente\/vinte-areas-indigenas-na-amazonia-ja-tem-loteamentos-ilegais-diz-greenpeace\/","url_meta":{"origin":82401,"position":5},"title":"Vinte \u00e1reas ind\u00edgenas na Amaz\u00f4nia j\u00e1 t\u00eam loteamentos ilegais, diz Greenpeace","author":"da Reda\u00e7\u00e3o","date":"7 de dezembro de 2020","format":false,"excerpt":"Os loteamentos ilegais na Amaz\u00f4nia j\u00e1 atingem pelo menos 20 \u00e1reas ind\u00edgenas, situadas em cinco estados: Par\u00e1, Amazonas, Acre, Rond\u00f4nia e Maranh\u00e3o. Em alguns casos os grileiros at\u00e9 j\u00e1 conseguiram \u00a0homologa\u00e7\u00e3o, segundo levantamentos feitos pelo Greenpeace e pelo Conselho Mission\u00e1rio Indigenista (Cimi) divulgados\u00a0 neste domingo. As invas\u00f5es resultam de uma\u2026","rel":"","context":"Em &quot;Ambiente J\u00c1-MAT\u00c9RIA&quot;","block_context":{"text":"Ambiente J\u00c1-MAT\u00c9RIA","link":"https:\/\/www.jornalja.com.br\/ambiente\/category\/ambiente-geral\/"},"img":{"alt_text":"","src":"https:\/\/i0.wp.com\/www.jornalja.com.br\/ambiente\/wp-content\/uploads\/sites\/3\/2020\/12\/amazonia-loteamentos-ilegais.jpg?resize=350%2C200&ssl=1","width":350,"height":200,"srcset":"https:\/\/i0.wp.com\/www.jornalja.com.br\/ambiente\/wp-content\/uploads\/sites\/3\/2020\/12\/amazonia-loteamentos-ilegais.jpg?resize=350%2C200&ssl=1 1x, https:\/\/i0.wp.com\/www.jornalja.com.br\/ambiente\/wp-content\/uploads\/sites\/3\/2020\/12\/amazonia-loteamentos-ilegais.jpg?resize=525%2C300&ssl=1 1.5x, https:\/\/i0.wp.com\/www.jornalja.com.br\/ambiente\/wp-content\/uploads\/sites\/3\/2020\/12\/amazonia-loteamentos-ilegais.jpg?resize=700%2C400&ssl=1 2x, https:\/\/i0.wp.com\/www.jornalja.com.br\/ambiente\/wp-content\/uploads\/sites\/3\/2020\/12\/amazonia-loteamentos-ilegais.jpg?resize=1050%2C600&ssl=1 3x"},"classes":[]}],"jetpack_shortlink":"https:\/\/wp.me\/pbKnZo-lr3","jetpack_sharing_enabled":true,"_links":{"self":[{"href":"https:\/\/www.jornalja.com.br\/ambiente\/wp-json\/wp\/v2\/posts\/82401","targetHints":{"allow":["GET"]}}],"collection":[{"href":"https:\/\/www.jornalja.com.br\/ambiente\/wp-json\/wp\/v2\/posts"}],"about":[{"href":"https:\/\/www.jornalja.com.br\/ambiente\/wp-json\/wp\/v2\/types\/post"}],"author":[{"embeddable":true,"href":"https:\/\/www.jornalja.com.br\/ambiente\/wp-json\/wp\/v2\/users\/4"}],"replies":[{"embeddable":true,"href":"https:\/\/www.jornalja.com.br\/ambiente\/wp-json\/wp\/v2\/comments?post=82401"}],"version-history":[{"count":3,"href":"https:\/\/www.jornalja.com.br\/ambiente\/wp-json\/wp\/v2\/posts\/82401\/revisions"}],"predecessor-version":[{"id":82404,"href":"https:\/\/www.jornalja.com.br\/ambiente\/wp-json\/wp\/v2\/posts\/82401\/revisions\/82404"}],"wp:attachment":[{"href":"https:\/\/www.jornalja.com.br\/ambiente\/wp-json\/wp\/v2\/media?parent=82401"}],"wp:term":[{"taxonomy":"category","embeddable":true,"href":"https:\/\/www.jornalja.com.br\/ambiente\/wp-json\/wp\/v2\/categories?post=82401"},{"taxonomy":"post_tag","embeddable":true,"href":"https:\/\/www.jornalja.com.br\/ambiente\/wp-json\/wp\/v2\/tags?post=82401"}],"curies":[{"name":"wp","href":"https:\/\/api.w.org\/{rel}","templated":true}]}}