{"id":82563,"date":"2020-09-22T10:10:21","date_gmt":"2020-09-22T13:10:21","guid":{"rendered":"https:\/\/www.jornalja.com.br\/ambiente\/?p=82563"},"modified":"2020-09-22T10:17:25","modified_gmt":"2020-09-22T13:17:25","slug":"cai-pela-metade-a-poluicao-do-ar-com-reducao-de-onibus-nas-ruas-de-sao-paulo","status":"publish","type":"post","link":"https:\/\/www.jornalja.com.br\/ambiente\/cai-pela-metade-a-poluicao-do-ar-com-reducao-de-onibus-nas-ruas-de-sao-paulo\/","title":{"rendered":"Cai pela metade a polui\u00e7\u00e3o do ar com redu\u00e7\u00e3o de \u00f4nibus nas ruas de S\u00e3o Paulo"},"content":{"rendered":"<p>Caiu pela metade a emiss\u00e3o de poluentes pelos \u00f4nibus do transporte p\u00fablico na cidade de S\u00e3o Paulo no per\u00edodo da pandemia de covid-19, iniciada em mar\u00e7o.<\/p>\n<p>A constata\u00e7\u00e3o \u00e9 do Instituto de Energia e Meio Ambiente. Os dados foram divulgados hoje (22), Dia Mundial Sem Carro.<\/p>\n<p>O estudo compara os \u00edndices de um dia \u00fatil\u00a0 de fevereiro, antes da pandamia, com um dia m\u00e9dio de abril, no auge da quarentena em S\u00e3o Paulo.<\/p>\n<p>Resultado: as emiss\u00f5es de di\u00f3xido de carbono (CO2), um dos causadores do aquecimento global, ca\u00edram 52%.<\/p>\n<p>A emiss\u00e3o de material particulado (MP), formado por fuligem e outras part\u00edculas s\u00f3lidas ou l\u00edquidas em suspens\u00e3o que podem causar problemas cardiorrespirat\u00f3rios, foi reduzida em 51%; e os \u00f3xidos de nitrog\u00eanio (NOx), poluentes respons\u00e1veis por problemas pulmonares, tiveram suas emiss\u00f5es diminu\u00eddas em 56%.<\/p>\n<p>\u201cIsso ocorreu por conta da redu\u00e7\u00e3o da frota em circula\u00e7\u00e3o, mas tamb\u00e9m gra\u00e7as ao aumento da velocidade m\u00e9dia dos \u00f4nibus que permaneceram rodando\u201d, destaca o texto do estudo. \u201cIsso aponta para um fato j\u00e1 amplamente conhecido que \u00e9 a import\u00e2ncia de se investir na qualidade da mobilidade urbana como forma de reduzir a polui\u00e7\u00e3o do ar\u201d, acrescenta.<\/p>\n<p>Segundo a pesquisa, a velocidade da frota aumentou por dois motivos: diminui\u00e7\u00e3o do n\u00famero de carros particulares nas ruas, e pontos de paradas menos lotados, com menor quantidade de passageiros entrando no ve\u00edculo de uma s\u00f3 vez.<\/p>\n<p><strong>Velocidade dos \u00f4nibus aumenta<\/strong><br \/>\nPelo levantamento, na primeira semana ap\u00f3s o in\u00edcio oficial da quarentena em S\u00e3o Paulo, a velocidade m\u00e9dia dos \u00f4nibus no hor\u00e1rio de pico, entre 7he e 10h da manh\u00e3, chegou a 22 km\/h, n\u00famero 46,6% maior que a m\u00e9dia de velocidade registrada no in\u00edcio de 2020, no per\u00edodo pr\u00e9-pandemia (15 km\/h).<\/p>\n<p>Os dados tamb\u00e9m demonstram uma queda acentuada no n\u00famero de passageiros nos \u00f4nibus no per\u00edodo da pandemia: a partir de abril at\u00e9 junho, 237 milh\u00f5es de pessoas utilizaram o transporte p\u00fablico. No mesmo per\u00edodo do ano passado, esse n\u00famero foi de 674 milh\u00f5es, valor quase tr\u00eas vezes maior.<\/p>\n<p>Atualmente, a frota de \u00f4nibus em circula\u00e7\u00e3o em S\u00e3o Paulo, nos dias \u00fateis, \u00e9 de 12 mil ve\u00edculos por dia, em m\u00e9dia. Esse n\u00famero chegou a 13,8 mil, em m\u00e9dia, no per\u00edodo pr\u00e9-pandemia e a apenas 6,8 mil, em m\u00e9dia, no in\u00edcio dela.<\/p>\n<p>Para chegar aos dados da pesquisa, o Iema utilizou a ferramenta Monitor de \u00d4nibus SP,\u00a0 criado para auxiliar o acompanhamento das emiss\u00f5es de gases de efeito estufa (GEE) e de poluentes provenientes dos \u00f4nibus de S\u00e3o Paulo.<\/p>\n<p>O monitor ajuda a verificar se as operadoras e o poder p\u00fablico est\u00e3o conseguindo reduzir em 50% as emiss\u00f5es de CO2 (di\u00f3xido de carbono) do transporte por \u00f4nibus paulistano; em 90% as de material particulado; e em 80%, as de NOx (\u00f3xidos de nitrog\u00eanio) at\u00e9 2028, tendo como base o ano de 2016 &#8211; compromissos expressos na Lei Municipal 16.802 de 2018.<\/p>\n<p>(Com Ag\u00eancia Brasil)<\/p>\n","protected":false},"excerpt":{"rendered":"<p>Caiu pela metade a emiss\u00e3o de poluentes pelos \u00f4nibus do transporte p\u00fablico na cidade de S\u00e3o Paulo no per\u00edodo da pandemia de covid-19, iniciada em mar\u00e7o. A constata\u00e7\u00e3o \u00e9 do Instituto de Energia e Meio Ambiente. Os dados foram divulgados hoje (22), Dia Mundial Sem Carro. O estudo compara os \u00edndices de um dia \u00fatil\u00a0 [&hellip;]<\/p>\n","protected":false},"author":4,"featured_media":82564,"comment_status":"open","ping_status":"open","sticky":false,"template":"","format":"standard","meta":{"jetpack_post_was_ever_published":false,"_jetpack_newsletter_access":"","_jetpack_dont_email_post_to_subs":false,"_jetpack_newsletter_tier_id":0,"_jetpack_memberships_contains_paywalled_content":false,"_jetpack_memberships_contains_paid_content":false,"footnotes":"","jetpack_publicize_message":"","jetpack_publicize_feature_enabled":true,"jetpack_social_post_already_shared":true,"jetpack_social_options":{"image_generator_settings":{"template":"highway","default_image_id":0,"font":"","enabled":false},"version":2}},"categories":[4],"tags":[16,62,156,215,63,163,12,52,201,78,141,205],"class_list":["post-82563","post","type-post","status-publish","format-standard","has-post-thumbnail","hentry","category-ambiente-geral","tag-ambiente","tag-aquecimento-global","tag-co2","tag-covid-19","tag-efeito-estufa","tag-emissoes","tag-energia","tag-meio-ambiente","tag-pandemia","tag-poluicao","tag-rios","tag-sema"],"aioseo_notices":[],"jetpack_publicize_connections":[],"jetpack_featured_media_url":"https:\/\/www.jornalja.com.br\/ambiente\/wp-content\/uploads\/sites\/3\/2020\/09\/ambiente-poluicao-em-sp-foto-rba.jpg","jetpack-related-posts":[{"id":83892,"url":"https:\/\/www.jornalja.com.br\/ambiente\/inventario-das-termeletricas-pouca-energia-e-muita-poluicao-nas-usinas-a-carvao\/","url_meta":{"origin":82563,"position":0},"title":"Invent\u00e1rio das termel\u00e9tricas: pouca energia e muita polui\u00e7\u00e3o nas usinas a carv\u00e3o","author":"da Reda\u00e7\u00e3o","date":"29 de junho de 2022","format":false,"excerpt":"Entre as dez usinas termel\u00e9tricas com maior taxa de emiss\u00e3o de gases de efeito estufa (GEE) no Brasil, cinco est\u00e3o localizadas na regi\u00e3o Sul, mostra o in\u00e9dito \u201cInvent\u00e1rio de Emiss\u00f5es Atmosf\u00e9ricas em Usinas Termel\u00e9tricas\u201d, estudo do Instituto de Energia e Meio Ambiente (IEMA) lan\u00e7ado nesta quinta, 30 de junho. O\u2026","rel":"","context":"Em &quot;Ambiente J\u00c1-MAT\u00c9RIA&quot;","block_context":{"text":"Ambiente J\u00c1-MAT\u00c9RIA","link":"https:\/\/www.jornalja.com.br\/ambiente\/category\/ambiente-geral\/"},"img":{"alt_text":"","src":"https:\/\/i0.wp.com\/www.jornalja.com.br\/ambiente\/wp-content\/uploads\/sites\/3\/2022\/06\/carvao-candiota.jpg?resize=350%2C200&ssl=1","width":350,"height":200,"srcset":"https:\/\/i0.wp.com\/www.jornalja.com.br\/ambiente\/wp-content\/uploads\/sites\/3\/2022\/06\/carvao-candiota.jpg?resize=350%2C200&ssl=1 1x, https:\/\/i0.wp.com\/www.jornalja.com.br\/ambiente\/wp-content\/uploads\/sites\/3\/2022\/06\/carvao-candiota.jpg?resize=525%2C300&ssl=1 1.5x, https:\/\/i0.wp.com\/www.jornalja.com.br\/ambiente\/wp-content\/uploads\/sites\/3\/2022\/06\/carvao-candiota.jpg?resize=700%2C400&ssl=1 2x, https:\/\/i0.wp.com\/www.jornalja.com.br\/ambiente\/wp-content\/uploads\/sites\/3\/2022\/06\/carvao-candiota.jpg?resize=1050%2C600&ssl=1 3x, https:\/\/i0.wp.com\/www.jornalja.com.br\/ambiente\/wp-content\/uploads\/sites\/3\/2022\/06\/carvao-candiota.jpg?resize=1400%2C800&ssl=1 4x"},"classes":[]},{"id":79063,"url":"https:\/\/www.jornalja.com.br\/ambiente\/desmatamento-e-a-principal-causa-do-aumento-de-emissoes-de-gases\/","url_meta":{"origin":82563,"position":1},"title":"Desmatamento \u00e9 a principal causa do aumento de emiss\u00f5es de gases","author":"da Reda\u00e7\u00e3o","date":"10 de novembro de 2019","format":false,"excerpt":"Foi um aumento m\u00ednimo, de 0,2%. Mas, para quem \u00e9 o s\u00e9timo na lista dos maiores poluidores do planeta, o aumento das emiss\u00f5es de gases do efeito estufa no Brasil, em 2018, \u00e9 preocupante. Principalmente porque a causa principal \u2013 os desmatamentos e queimadas - parece fora de controle. O\u2026","rel":"","context":"Em &quot;Ambiente J\u00c1-MAT\u00c9RIA&quot;","block_context":{"text":"Ambiente J\u00c1-MAT\u00c9RIA","link":"https:\/\/www.jornalja.com.br\/ambiente\/category\/ambiente-geral\/"},"img":{"alt_text":"","src":"","width":0,"height":0},"classes":[]},{"id":83759,"url":"https:\/\/www.jornalja.com.br\/ambiente\/157-paises-encaram-a-guerra-a-poluicao-plastica-na-assembleia-da-onu-para-o-meio-ambiente\/","url_meta":{"origin":82563,"position":2},"title":"157 pa\u00edses encaram a guerra \u00e0 polui\u00e7\u00e3o pl\u00e1stica na Assembleia da ONU para o Meio Ambiente","author":"da Reda\u00e7\u00e3o","date":"3 de mar\u00e7o de 2022","format":false,"excerpt":"Representantes de 175 na\u00e7\u00f5es aprovaram hoje uma resolu\u00e7\u00e3o hist\u00f3rica na Assembleia da ONU para o Meio Ambiente (UNEA-5), em Nair\u00f3bi, pelo Fim da Polui\u00e7\u00e3o Pl\u00e1stica. A resolu\u00e7\u00e3o visa a estabelecer um acordo internacional juridicamente vinculante at\u00e9 2024. Al\u00e9m disso, aborda todo o ciclo de vida do pl\u00e1stico, incluindo sua produ\u00e7\u00e3o,\u2026","rel":"","context":"Em &quot;Ambiente J\u00c1-MAT\u00c9RIA&quot;","block_context":{"text":"Ambiente J\u00c1-MAT\u00c9RIA","link":"https:\/\/www.jornalja.com.br\/ambiente\/category\/ambiente-geral\/"},"img":{"alt_text":"","src":"https:\/\/i0.wp.com\/www.jornalja.com.br\/ambiente\/wp-content\/uploads\/sites\/3\/2022\/03\/poluicao-plastica.png?resize=350%2C200&ssl=1","width":350,"height":200,"srcset":"https:\/\/i0.wp.com\/www.jornalja.com.br\/ambiente\/wp-content\/uploads\/sites\/3\/2022\/03\/poluicao-plastica.png?resize=350%2C200&ssl=1 1x, https:\/\/i0.wp.com\/www.jornalja.com.br\/ambiente\/wp-content\/uploads\/sites\/3\/2022\/03\/poluicao-plastica.png?resize=525%2C300&ssl=1 1.5x, https:\/\/i0.wp.com\/www.jornalja.com.br\/ambiente\/wp-content\/uploads\/sites\/3\/2022\/03\/poluicao-plastica.png?resize=700%2C400&ssl=1 2x"},"classes":[]},{"id":77989,"url":"https:\/\/www.jornalja.com.br\/ambiente\/onibus-eletricos-comecam-a-circular-em-sao-paulo-este-mes\/","url_meta":{"origin":82563,"position":3},"title":"Quinze \u00f4nibus el\u00e9tricos come\u00e7am a circular em S\u00e3o Paulo este m\u00eas","author":"da Reda\u00e7\u00e3o","date":"2 de outubro de 2019","format":false,"excerpt":"Abriu nesta ter\u00e7a-feira em S\u00e3o Paulo o 15\u00ba Congresso Ve\u00edculo El\u00e9trico Latino-Americano, no Transamerica Expo Center. Na abertura, o secret\u00e1rio municipal de Mobilidade e Transporte da cidade de S\u00e3o Paulo, Edson Caram. anunciou que, em 20 dias, come\u00e7ar\u00e3o a circular na cidade 15 \u00f4nibus totalmente el\u00e9tricos.. Os ve\u00edculos foram adquiridos\u2026","rel":"","context":"Em &quot;Ambiente J\u00c1-MAT\u00c9RIA&quot;","block_context":{"text":"Ambiente J\u00c1-MAT\u00c9RIA","link":"https:\/\/www.jornalja.com.br\/ambiente\/category\/ambiente-geral\/"},"img":{"alt_text":"","src":"","width":0,"height":0},"classes":[]},{"id":77476,"url":"https:\/\/www.jornalja.com.br\/ambiente\/entenda-o-que-esta-em-jogo-com-o-limite-de-aumento-da-temperatura-media-do-planeta-em-1-5-o-c\/","url_meta":{"origin":82563,"position":4},"title":"Entenda o que est\u00e1 em jogo com o limite de aumento da temperatura m\u00e9dia do planeta em 1.5 \u00ba C","author":"Carlos Matsubara","date":"16 de setembro de 2019","format":false,"excerpt":"\u00a0 N\u00f3s ouvimos e lemos diariamente que o aquecimento global e as mudan\u00e7as clim\u00e1ticas s\u00e3o o grande desafio deste s\u00e9culo. Os notici\u00e1rios, volta e meia, estampam os alertas emitidos em relat\u00f3rios do grupo formado por centenas de cientistas do Painel Intergovernamental de Mudan\u00e7as Clim\u00e1ticas (IPCC), que d\u00e3o o suporte aos\u2026","rel":"","context":"Em &quot;Ambiente J\u00c1-MAT\u00c9RIA&quot;","block_context":{"text":"Ambiente J\u00c1-MAT\u00c9RIA","link":"https:\/\/www.jornalja.com.br\/ambiente\/category\/ambiente-geral\/"},"img":{"alt_text":"","src":"","width":0,"height":0},"classes":[]},{"id":76899,"url":"https:\/\/www.jornalja.com.br\/ambiente\/compromissos-da-celulose-para-reduzir-poluicao-comecam-a-valer-neste-sabado\/","url_meta":{"origin":82563,"position":5},"title":"Compromissos da CMPC para reduzir polui\u00e7\u00e3o come\u00e7am a valer neste s\u00e1bado","author":"da Reda\u00e7\u00e3o","date":"30 de agosto de 2019","format":false,"excerpt":"Entre as medidas acertadas com o Minist\u00e9rio P\u00fablico Estadual no Termo de Ajustamento de Conduta (TAC), a empresa ter\u00e1 que melhorar o controle das emiss\u00f5es de odor, ru\u00eddo, gases e poeira e debater com as comunidades sobre as obras de revitaliza\u00e7\u00e3o nos balne\u00e1rios Alegria e Alvorada. Cleber Dioni Tentardini A\u2026","rel":"","context":"Em &quot;Ambiente J\u00c1-MAT\u00c9RIA&quot;","block_context":{"text":"Ambiente J\u00c1-MAT\u00c9RIA","link":"https:\/\/www.jornalja.com.br\/ambiente\/category\/ambiente-geral\/"},"img":{"alt_text":"","src":"","width":0,"height":0},"classes":[]}],"jetpack_shortlink":"https:\/\/wp.me\/pbKnZo-ltF","jetpack_sharing_enabled":true,"_links":{"self":[{"href":"https:\/\/www.jornalja.com.br\/ambiente\/wp-json\/wp\/v2\/posts\/82563","targetHints":{"allow":["GET"]}}],"collection":[{"href":"https:\/\/www.jornalja.com.br\/ambiente\/wp-json\/wp\/v2\/posts"}],"about":[{"href":"https:\/\/www.jornalja.com.br\/ambiente\/wp-json\/wp\/v2\/types\/post"}],"author":[{"embeddable":true,"href":"https:\/\/www.jornalja.com.br\/ambiente\/wp-json\/wp\/v2\/users\/4"}],"replies":[{"embeddable":true,"href":"https:\/\/www.jornalja.com.br\/ambiente\/wp-json\/wp\/v2\/comments?post=82563"}],"version-history":[{"count":1,"href":"https:\/\/www.jornalja.com.br\/ambiente\/wp-json\/wp\/v2\/posts\/82563\/revisions"}],"predecessor-version":[{"id":82565,"href":"https:\/\/www.jornalja.com.br\/ambiente\/wp-json\/wp\/v2\/posts\/82563\/revisions\/82565"}],"wp:featuredmedia":[{"embeddable":true,"href":"https:\/\/www.jornalja.com.br\/ambiente\/wp-json\/wp\/v2\/media\/82564"}],"wp:attachment":[{"href":"https:\/\/www.jornalja.com.br\/ambiente\/wp-json\/wp\/v2\/media?parent=82563"}],"wp:term":[{"taxonomy":"category","embeddable":true,"href":"https:\/\/www.jornalja.com.br\/ambiente\/wp-json\/wp\/v2\/categories?post=82563"},{"taxonomy":"post_tag","embeddable":true,"href":"https:\/\/www.jornalja.com.br\/ambiente\/wp-json\/wp\/v2\/tags?post=82563"}],"curies":[{"name":"wp","href":"https:\/\/api.w.org\/{rel}","templated":true}]}}