{"id":82585,"date":"2020-09-29T21:24:18","date_gmt":"2020-09-30T00:24:18","guid":{"rendered":"https:\/\/www.jornalja.com.br\/ambiente\/?p=82585"},"modified":"2020-09-30T09:49:58","modified_gmt":"2020-09-30T12:49:58","slug":"canetada-de-salles-no-conama-provoca-reacoes-em-varias-frentes","status":"publish","type":"post","link":"https:\/\/www.jornalja.com.br\/ambiente\/canetada-de-salles-no-conama-provoca-reacoes-em-varias-frentes\/","title":{"rendered":"Canetada de Salles no Conama provoca rea\u00e7\u00f5es em v\u00e1rias frentes e dura um dia"},"content":{"rendered":"<p>Parlamentares, ambientalistas e procuradores p\u00fablicos come\u00e7am a se mobilizar contra resolu\u00e7\u00e3o da 135\u00aa reuni\u00e3o do Conama desta segunda-feira (28), quando o ministro do Meio Ambiente, Ricardo Salles, revogou resolu\u00e7\u00f5es anteriores com uma s\u00f3 canetada.<\/p>\n<p>Uma a\u00e7\u00e3o popular pedindo em car\u00e1ter liminar a suspens\u00e3o da reuni\u00e3o, um Projeto de Decreto Legislativo (PDL) contra as resolu\u00e7\u00f5es do Conama e uma a\u00e7\u00e3o no STF foram os primeiros movimentos na C\u00e2mara dos Deputados.<\/p>\n<p>Na noite de ter\u00e7a-feira, a ju\u00edza Maria Amelia Almeida Senos de Carvalho, da 23\u00aa Vara Federal do Rio de Janeiro, suspendeu tudo, atendendo a a\u00e7\u00e3o popular, &#8220;tendo em vista o evidente risco de danos irrecuper\u00e1veis ao meio ambiente&#8221;. A decis\u00e3o tem car\u00e1ter liminar.<\/p>\n<p>Salles derrubou as resolu\u00e7\u00f5es 302 e 303, que desde 2002 definiam regras para prote\u00e7\u00e3o de \u00e1reas de vegeta\u00e7\u00e3o nativa, como manguezais e restingas; a 284, de 2001, que previa a obrigatoriedade de licenciamento ambiental para projetos de irriga\u00e7\u00e3o, mudou uma regra de 1999, que proibia a queima de res\u00edduos de agrot\u00f3xicos em fornos usados para fabricar cimento.<\/p>\n<p>Desproteger manguezais e restingas, regi\u00f5es ricas em biodiversidade, favorece apenas a especula\u00e7\u00e3o imobili\u00e1ria nas \u00e1reas verdes das praias. As resolu\u00e7\u00f5es revogadas por Salles consideravam como \u00e1reas de preserva\u00e7\u00e3o ambiental as regi\u00f5es de restinga de at\u00e9 300 metros a partir da linha do mar.<\/p>\n<p>Quanto \u00e0 queima de embalagens de agrot\u00f3xicos em fornos de cimento, o Conama seguia uma recomenda\u00e7\u00e3o da Organiza\u00e7\u00e3o Mundial da Sa\u00fade (OMS) de que lixos t\u00f3xicos sejam incinerados apenas em ambientes controlados, pois podem causar danos \u00e0 sa\u00fade humana.<\/p>\n<p>A licen\u00e7a ambiental para projetos de irriga\u00e7\u00e3o, definindo crit\u00e9rios de efici\u00eancia de consumo de \u00e1gua e energia, s\u00f3 pode ser dada se a retirada de \u00e1gua considerar o impacto no ambiente do entorno, na vegeta\u00e7\u00e3o, nas nascentes dos rios, no uso da \u00e1gua para consumo humano.<\/p>\n<p>\u201cA crise socioambiental vai acelerar. Se n\u00e3o houver \u00e1gua, uma bacia hidrogr\u00e1fica fluente, todo o conjunto de biodiversidade ser\u00e1 prejudicada\u201d, disse Paulo Roberto Martini, pesquisador do Instituto Nacional de Pesquisas Espaciais (Inpe) e ex-conselheiro do Conama, em entrevista \u00e0 DW.<\/p>\n<p>O Minist\u00e9rio P\u00fablico Federal (MPF) participou da reuni\u00e3o, mas n\u00e3o tinha poder de voto. A procuradora regional da rep\u00fablica F\u00e1tima Borghi logo adiantou que as decis\u00f5es ser\u00e3o questionadas na Justi\u00e7a. Segundo ela, as mudan\u00e7as foram feitas sem as audi\u00eancias p\u00fablicas necess\u00e1rias, e o Conama n\u00e3o tem compet\u00eancia jur\u00eddica para derrubar tais resolu\u00e7\u00f5es.<\/p>\n<p>Rea\u00e7\u00f5es contr\u00e1rias<\/p>\n<p>Na manh\u00e3 desta ter\u00e7a-feira, os deputados petistas Nilto Tatto, de S\u00e3o Paulo, Enio Verri e Gleisi Hoffmann, ambos do Paran\u00e1, entraram com uma a\u00e7\u00e3o popular pedindo, em car\u00e1ter liminar, a suspens\u00e3o da reuni\u00e3o. Mas a medida tem efeito tamb\u00e9m sobre os resultados. \u201cA a\u00e7\u00e3o pede para que seja anulada qualquer decis\u00e3o at\u00e9 que o Supremo Tribunal Federal (STF) decida sobre uma a\u00e7\u00e3o anterior, que questiona as mudan\u00e7as que o Salles fez na composi\u00e7\u00e3o do Conama, restringindo drasticamente a participa\u00e7\u00e3o de representantes da sociedade civil e governos estaduais\u201d, disse Nilto Tatto \u00e0 RBA.<\/p>\n<p>\u00c0 tarde, o deputado federal\u00a0<a href=\"https:\/\/www.redebrasilatual.com.br\/ambiente\/2020\/06\/tribunal-de-justica-de-sp-acelera-julgamento-da-apelacao-de-ricardo-salles\/\">Alessandro Molon<\/a>\u00a0(PSB-RJ), l\u00edder do partido na Casa, protocolou Projeto de Decreto Legislativo contra as resolu\u00e7\u00f5es do Conama. Rede Sustentabilidade entrou com a\u00e7\u00e3o no STF, para que seja declarada a inconstitucionalidade da nova resolu\u00e7\u00e3o do Conama.<\/p>\n<p>A\u00a0<a href=\"https:\/\/jornalismosocioambiental.files.wordpress.com\/2020\/09\/oficc81cio-157-2020-abrampa-ministro-ricardo-salles-nota-de-repucc81dio-acc80-revogaccca7acc83o-da-resoluccca7acc83o-conama.pdf\">Associa\u00e7\u00e3o Brasileira dos Membros do Minist\u00e9rio P\u00fablico de Meio Ambiente (Abrampa)<\/a>\u00a0divulgou nota destacando que a revoga\u00e7\u00e3o ofende o princ\u00edpio do n\u00e3o retrocesso, que permite aos Poderes da Rep\u00fablica apenas avan\u00e7os na prote\u00e7\u00e3o ambiental e que a falta de representatividade da sociedade na atual configura\u00e7\u00e3o do Conama, alterada em 2019, seria motivo suficiente para anula\u00e7\u00e3o de qualquer ato.<\/p>\n<p>Para profissionais do Ibama, ICMBio e Minist\u00e9rio do Meio Ambiente, as mudan\u00e7as, se perpetuadas, levar\u00e3o \u00e0 especula\u00e7\u00e3o imobili\u00e1ria, al\u00e9m de conflitos pela \u00e1gua entre grandes produtores e pequenos agricultores. Em nota divulgada pela\u00a0<a href=\"http:\/\/www.ascemanacional.org.br\/wp-content\/uploads\/2020\/09\/Nota-Pu%CC%81blica_CONAMA.pdf\">Associa\u00e7\u00e3o Nacional dos Servidores de Meio Ambiente (Ascema)<\/a>, alertam que as restingas protegem da eros\u00e3o marinha, crescente pelas mudan\u00e7as clim\u00e1ticas, e tamb\u00e9m guardam esp\u00e9cies end\u00eamicas.<\/p>\n<p><strong>Esvaziamento do Conama<\/strong><\/p>\n<p>O Conama \u00e9 o principal \u00f3rg\u00e3o consultivo do Minist\u00e9rio do Meio Ambiente, sendo respons\u00e1vel pelas regras para uso dos recursos, controle da polui\u00e7\u00e3o e da qualidade do meio ambiente em geral.<\/p>\n<p>O conselho foi alvo de um decreto controverso de Bolsonaro em 2019, que reduziu o n\u00famero de cadeiras do \u00f3rg\u00e3o de 96 para 23 e praticamente anulou a participa\u00e7\u00e3o da sociedade civil.<\/p>\n<p>Com a reformula\u00e7\u00e3o, os minist\u00e9rios da Economia, Infraestrutura, Agricultura, Minas e Energia, Desenvolvimento Regional, Casa Civil e a Secretaria de Governo mantiveram representantes no conselho.<\/p>\n<p>A sociedade civil, que tinha 23 representantes no colegiado e contava com ambientalistas, membros de povos ind\u00edgenas e tradicionais, trabalhadores rurais, policiais militares e corpos de bombeiros e cientistas, agora tem direito a apenas quatro cadeiras.<\/p>\n<p>\u201cO Conama \u00e9 um \u00f3rg\u00e3o de prote\u00e7\u00e3o ambiental, e se a maioria dos assentos \u00e9 dada para os que defendem interesses que nada t\u00eam a ver com o prop\u00f3sito de proteger o meio ambiente, as propostas vencedoras ser\u00e3o sempre as deles. Qualquer coisa proposta j\u00e1 passa, porque eles [o governo] t\u00eam maioria\u201d, disse \u00e0 DW Jos\u00e9 Leonidas Bellem de Lima, procurador do MPF em S\u00e3o Paulo.<\/p>\n<p><em>Fontes: RBA\/Envolverde\/DW<\/em><\/p>\n","protected":false},"excerpt":{"rendered":"<p>Parlamentares, ambientalistas e procuradores p\u00fablicos come\u00e7am a se mobilizar contra resolu\u00e7\u00e3o da 135\u00aa reuni\u00e3o do Conama desta segunda-feira (28), quando o ministro do Meio Ambiente, Ricardo Salles, revogou resolu\u00e7\u00f5es anteriores com uma s\u00f3 canetada. Uma a\u00e7\u00e3o popular pedindo em car\u00e1ter liminar a suspens\u00e3o da reuni\u00e3o, um Projeto de Decreto Legislativo (PDL) contra as resolu\u00e7\u00f5es do [&hellip;]<\/p>\n","protected":false},"author":4,"featured_media":82586,"comment_status":"open","ping_status":"open","sticky":false,"template":"","format":"standard","meta":{"jetpack_post_was_ever_published":false,"_jetpack_newsletter_access":"","_jetpack_dont_email_post_to_subs":false,"_jetpack_newsletter_tier_id":0,"_jetpack_memberships_contains_paywalled_content":false,"_jetpack_memberships_contains_paid_content":false,"footnotes":"","jetpack_publicize_message":"","jetpack_publicize_feature_enabled":true,"jetpack_social_post_already_shared":true,"jetpack_social_options":{"image_generator_settings":{"template":"highway","default_image_id":0,"font":"","enabled":false},"version":2}},"categories":[4],"tags":[91,92,59,39,16,82,109,130,12,138,190,139,146,52,34,87,147,78,77,150,53,141,8,67,119],"class_list":["post-82585","post","type-post","status-publish","format-standard","has-post-thumbnail","hentry","category-ambiente-geral","tag-agricultura","tag-agrotoxicos","tag-agua","tag-ambientalistas","tag-ambiente","tag-biodiversidade","tag-bolsonaro","tag-camara-dos-deputados","tag-energia","tag-governo","tag-icmbio","tag-indigenas","tag-lixo","tag-meio-ambiente","tag-ministerio-do-meio-ambiente","tag-mudancas-climaticas","tag-pet","tag-poluicao","tag-preservacao-ambiental","tag-residuos","tag-ricardo-salles","tag-rios","tag-saude","tag-socioambiental","tag-sustentabilidade"],"aioseo_notices":[],"jetpack_publicize_connections":[],"jetpack_featured_media_url":"https:\/\/www.jornalja.com.br\/ambiente\/wp-content\/uploads\/sites\/3\/2020\/09\/ricardo-salles-foto-luis-macedo-camara-dos-deputados-scaled.jpg","jetpack-related-posts":[{"id":82707,"url":"https:\/\/www.jornalja.com.br\/ambiente\/plenario-do-stf-analisara-liminar-que-suspendeu-resolucoes-do-conama\/","url_meta":{"origin":82585,"position":0},"title":"Plen\u00e1rio do STF analisar\u00e1 liminar que suspendeu resolu\u00e7\u00f5es do Conama","author":"Patr\u00edcia Marini","date":"13 de novembro de 2020","format":false,"excerpt":"O plen\u00e1rio do STF analisar\u00e1 a partir do pr\u00f3ximo dia 20 a decis\u00e3o liminar da ministra Rosa Weber que suspendeu as resolu\u00e7\u00f5es do Conselho Nacional do Meio Ambiente (CONAMA) que extinguiram regras de prote\u00e7\u00e3o ambiental de \u00e1reas de restinga e manguezais no litoral brasileiro. A decis\u00e3o de Weber atendeu a\u2026","rel":"","context":"Em &quot;Ambiente J\u00c1-NOTAS&quot;","block_context":{"text":"Ambiente J\u00c1-NOTAS","link":"https:\/\/www.jornalja.com.br\/ambiente\/category\/notas-ambiente-ja\/"},"img":{"alt_text":"","src":"","width":0,"height":0},"classes":[]},{"id":82672,"url":"https:\/\/www.jornalja.com.br\/ambiente\/rosa-weber-derruba-medida-de-salles-que-permitia-explorar-mangues-e-restingas\/","url_meta":{"origin":82585,"position":1},"title":"Rosa Weber derruba medida de Salles que permitia explorar mangues e restingas","author":"da Reda\u00e7\u00e3o","date":"29 de outubro de 2020","format":false,"excerpt":"Da RBA A ministra Rosa Weber, do Supremo Tribunal Federal (STF), em decis\u00e3o liminar, derrubou a medida do ministro do Meio Ambiente, Ricardo Salles, que flexibilizou regras de prote\u00e7\u00e3o em \u00e1reas de manguezais e restingas, considerada por especialistas como um grave ataque\u00a0do governo federal ao meio ambiente, ou um dos\u2026","rel":"","context":"Em &quot;Ambiente J\u00c1-MAT\u00c9RIA&quot;","block_context":{"text":"Ambiente J\u00c1-MAT\u00c9RIA","link":"https:\/\/www.jornalja.com.br\/ambiente\/category\/ambiente-geral\/"},"img":{"alt_text":"","src":"https:\/\/i0.wp.com\/www.jornalja.com.br\/ambiente\/wp-content\/uploads\/sites\/3\/2020\/10\/rosawebersite-1.jpg?resize=350%2C200&ssl=1","width":350,"height":200,"srcset":"https:\/\/i0.wp.com\/www.jornalja.com.br\/ambiente\/wp-content\/uploads\/sites\/3\/2020\/10\/rosawebersite-1.jpg?resize=350%2C200&ssl=1 1x, https:\/\/i0.wp.com\/www.jornalja.com.br\/ambiente\/wp-content\/uploads\/sites\/3\/2020\/10\/rosawebersite-1.jpg?resize=525%2C300&ssl=1 1.5x, https:\/\/i0.wp.com\/www.jornalja.com.br\/ambiente\/wp-content\/uploads\/sites\/3\/2020\/10\/rosawebersite-1.jpg?resize=700%2C400&ssl=1 2x"},"classes":[]},{"id":82606,"url":"https:\/\/www.jornalja.com.br\/ambiente\/trf-2-restabelece-resolucao-do-conama-que-tirou-protecao-de-restingas-e-mangues\/","url_meta":{"origin":82585,"position":2},"title":"TRF-2 restabelece resolu\u00e7\u00e3o do Conama que tirou prote\u00e7\u00e3o de restingas e mangues","author":"da Reda\u00e7\u00e3o","date":"2 de outubro de 2020","format":false,"excerpt":"O desembargador federal Marcelo Pereira da Silva, do Tribunal Regional Federal da 2\u00aa Regi\u00e3o (TRF-2), restabeleceu nesta sexta-feira (2) a validade das delibera\u00e7\u00f5es do Conselho Nacional do Meio Ambiente (Conama) que desprotegem \u00e1reas de restingas e mangues. Na \u00faltima ter\u00e7a-feira 29, a ju\u00edza federal Maria Am\u00e9lia Almeida Senos de Carvalho\u2026","rel":"","context":"Em &quot;Ambiente J\u00c1-MAT\u00c9RIA&quot;","block_context":{"text":"Ambiente J\u00c1-MAT\u00c9RIA","link":"https:\/\/www.jornalja.com.br\/ambiente\/category\/ambiente-geral\/"},"img":{"alt_text":"","src":"https:\/\/i0.wp.com\/www.jornalja.com.br\/ambiente\/wp-content\/uploads\/sites\/3\/2020\/10\/salles-foto-marcelo-camargo-agenciabrasil.jpg?resize=350%2C200&ssl=1","width":350,"height":200,"srcset":"https:\/\/i0.wp.com\/www.jornalja.com.br\/ambiente\/wp-content\/uploads\/sites\/3\/2020\/10\/salles-foto-marcelo-camargo-agenciabrasil.jpg?resize=350%2C200&ssl=1 1x, https:\/\/i0.wp.com\/www.jornalja.com.br\/ambiente\/wp-content\/uploads\/sites\/3\/2020\/10\/salles-foto-marcelo-camargo-agenciabrasil.jpg?resize=525%2C300&ssl=1 1.5x, https:\/\/i0.wp.com\/www.jornalja.com.br\/ambiente\/wp-content\/uploads\/sites\/3\/2020\/10\/salles-foto-marcelo-camargo-agenciabrasil.jpg?resize=700%2C400&ssl=1 2x, https:\/\/i0.wp.com\/www.jornalja.com.br\/ambiente\/wp-content\/uploads\/sites\/3\/2020\/10\/salles-foto-marcelo-camargo-agenciabrasil.jpg?resize=1050%2C600&ssl=1 3x"},"classes":[]},{"id":76581,"url":"https:\/\/www.jornalja.com.br\/ambiente\/ricardo-salles-e-vaiado-na-semana-do-clima-em-salvador\/","url_meta":{"origin":82585,"position":3},"title":"Ricardo Salles \u00e9 vaiado na Semana do Clima em Salvador","author":"Carlos Matsubara","date":"21 de agosto de 2019","format":false,"excerpt":"\u00a0 O Ministro do Meio Ambiente Ricardo Salles foi vaiado pelos participantes da Semana Latino-Americana e Caribenha sobre Mudan\u00e7a do Clima, realizada em Salvador, nesta quarta-feira (21). Os protestos ocorreram quando a cerimonialista do evento o convidou para subir ao palco. Al\u00e9m das vaias, alguns participantes da Semana do Clima\u2026","rel":"","context":"Em &quot;Ambiente J\u00c1-MAT\u00c9RIA&quot;","block_context":{"text":"Ambiente J\u00c1-MAT\u00c9RIA","link":"https:\/\/www.jornalja.com.br\/ambiente\/category\/ambiente-geral\/"},"img":{"alt_text":"","src":"","width":0,"height":0},"classes":[]},{"id":78047,"url":"https:\/\/www.jornalja.com.br\/ambiente\/recebido-com-frieza-salles-voltou-sem-a-garantia-dos-repasses-da-alemanha\/","url_meta":{"origin":82585,"position":4},"title":"Recebido com frieza, Salles voltou sem a garantia dos repasses da Alemanha","author":"da Reda\u00e7\u00e3o","date":"4 de outubro de 2019","format":false,"excerpt":"O ministro do Meio Ambiente, Ricardo Salles, deixou a Alemanha na quarta-feira (02\/10) sem conseguir qualquer concess\u00e3o do governo da chanceler federal, Angela Merkel, na quest\u00e3o da suspens\u00e3o de uma verba de 155 milh\u00f5es de reais para projetos de conserva\u00e7\u00e3o florestal no Brasil. Em agosto, em meio \u00e0 crise das\u2026","rel":"","context":"Em &quot;Ambiente J\u00c1-MAT\u00c9RIA&quot;","block_context":{"text":"Ambiente J\u00c1-MAT\u00c9RIA","link":"https:\/\/www.jornalja.com.br\/ambiente\/category\/ambiente-geral\/"},"img":{"alt_text":"","src":"https:\/\/i0.wp.com\/www.jornalja.com.br\/wp-content\/uploads\/2019\/10\/Ambiente-Alemanha-protesto-do-greenpeace-450x253.jpg?resize=350%2C200&ssl=1","width":350,"height":200},"classes":[]}],"jetpack_shortlink":"https:\/\/wp.me\/pbKnZo-lu1","jetpack_sharing_enabled":true,"_links":{"self":[{"href":"https:\/\/www.jornalja.com.br\/ambiente\/wp-json\/wp\/v2\/posts\/82585","targetHints":{"allow":["GET"]}}],"collection":[{"href":"https:\/\/www.jornalja.com.br\/ambiente\/wp-json\/wp\/v2\/posts"}],"about":[{"href":"https:\/\/www.jornalja.com.br\/ambiente\/wp-json\/wp\/v2\/types\/post"}],"author":[{"embeddable":true,"href":"https:\/\/www.jornalja.com.br\/ambiente\/wp-json\/wp\/v2\/users\/4"}],"replies":[{"embeddable":true,"href":"https:\/\/www.jornalja.com.br\/ambiente\/wp-json\/wp\/v2\/comments?post=82585"}],"version-history":[{"count":4,"href":"https:\/\/www.jornalja.com.br\/ambiente\/wp-json\/wp\/v2\/posts\/82585\/revisions"}],"predecessor-version":[{"id":82590,"href":"https:\/\/www.jornalja.com.br\/ambiente\/wp-json\/wp\/v2\/posts\/82585\/revisions\/82590"}],"wp:featuredmedia":[{"embeddable":true,"href":"https:\/\/www.jornalja.com.br\/ambiente\/wp-json\/wp\/v2\/media\/82586"}],"wp:attachment":[{"href":"https:\/\/www.jornalja.com.br\/ambiente\/wp-json\/wp\/v2\/media?parent=82585"}],"wp:term":[{"taxonomy":"category","embeddable":true,"href":"https:\/\/www.jornalja.com.br\/ambiente\/wp-json\/wp\/v2\/categories?post=82585"},{"taxonomy":"post_tag","embeddable":true,"href":"https:\/\/www.jornalja.com.br\/ambiente\/wp-json\/wp\/v2\/tags?post=82585"}],"curies":[{"name":"wp","href":"https:\/\/api.w.org\/{rel}","templated":true}]}}