{"id":82662,"date":"2020-10-23T14:09:33","date_gmt":"2020-10-23T17:09:33","guid":{"rendered":"https:\/\/www.jornalja.com.br\/ambiente\/?p=82662"},"modified":"2020-10-23T20:17:21","modified_gmt":"2020-10-23T23:17:21","slug":"fundo-internacional-financiara-projetos-em-porto-alegre-e-curitiba","status":"publish","type":"post","link":"https:\/\/www.jornalja.com.br\/ambiente\/fundo-internacional-financiara-projetos-em-porto-alegre-e-curitiba\/","title":{"rendered":"Fundo internacional financiar\u00e1 projetos em Porto Alegre e Curitiba"},"content":{"rendered":"<div class=\"row\">\n<div class=\"col-12 col-md-8 col-lg-9 order-md-1\">\n<div class=\"row\">\n<div class=\"col-12 col-lg-11 offset-lg-1\">\n<article>Foram anunciados nesta sexta-feira, 23\/10, os projetos selecionados pelo Action Fund Brazil, colabora\u00e7\u00e3o entre\u00a0<a href=\"https:\/\/www.google.org\/\" target=\"_blank\" rel=\"noopener noreferrer\">Google.org<\/a> e ICLEI Am\u00e9rica do Sul que implementar\u00e1 iniciativas com potencial de impacto local na mitiga\u00e7\u00e3o de gases do efeito estufa (GEEs) em Porto Alegre e Curitiba.Em cada capital, foram selecionadas duas organiza\u00e7\u00f5es sem fins lucrativos: <a href=\"https:\/\/www.centrobrasilnoclima.org\/\" target=\"_blank\" rel=\"noopener noreferrer\">Centro Brasil no Clima<\/a>\u00a0(CBC) e\u00a0<a href=\"https:\/\/www.ciupoa.org.br\/\" target=\"_blank\" rel=\"noopener noreferrer\">Centro de Intelig\u00eancia Urbana<\/a> (CIUPOA), em Porto Alegre, e <a href=\"http:\/\/ambiens.redelivre.org.br\/\" target=\"_blank\" rel=\"noopener noreferrer\">Ambiens Sociedade Cooperativa<\/a>\u00a0e\u00a0<a href=\"https:\/\/www.senaipr.org.br\/\" target=\"_blank\" rel=\"noopener noreferrer\">SENAI-PR<\/a>, em Curitiba. O Action Fund foi criado a partir de uma doa\u00e7\u00e3o do Google.org, e os projetos foram selecionados por um Comit\u00ea de Sele\u00e7\u00e3o do ICLEI Am\u00e9rica do Sul, em conjunto com as administra\u00e7\u00f5es municipais.As quatro organiza\u00e7\u00f5es receber\u00e3o at\u00e9 R$ 660 mil cada para construir projetos a partir da utiliza\u00e7\u00e3o de dados p\u00fablicos, como os gerados pela Environmental Insights Explorer (EIE), plataforma do Google que re\u00fane informa\u00e7\u00f5es sobre emiss\u00f5es de GEEs de edif\u00edcios e transportes, qualidade do ar e potencial solar de coberturas.<\/p>\n<p>Para Rodrigo Perp\u00e9tuo, secret\u00e1rio executivo do ICLEI Am\u00e9rica do Sul, o Action Fund Brazil engrandece a dimens\u00e3o da transpar\u00eancia. \u201cAo trabalhar com informa\u00e7\u00f5es p\u00fablicas e ajudar a formar a sociedade civil na utiliza\u00e7\u00e3o desses dados, tamb\u00e9m estimulamos o di\u00e1logo social e fortalecemos a democracia brasileira com inova\u00e7\u00e3o e criatividade\u201d, destaca Perp\u00e9tuo. \u201cTemos assim uma oportunidade para pensar e agir em prol de cidades mais sustent\u00e1veis e melhores para se viver.\u201d<\/p>\n<p><b>Projetos selecionados \u2013 Porto Alegre<\/b><\/p>\n<p>O projeto a ser desenvolvido pelo Centro Brasil no Clima prop\u00f5e o uso de dados dispon\u00edveis na EIE para construir um sistema de indicadores que apoie a transi\u00e7\u00e3o energ\u00e9tica do transporte p\u00fablico de Porto Alegre. A ideia \u00e9 que estes indicadores permitam compreender os custos econ\u00f4micos que as emiss\u00f5es geram para o munic\u00edpio, comparando com os valores de se eletrificar a frota de \u00f4nibus municipais.<\/p>\n<p>J\u00e1 o projeto do CIUPOA realizar\u00e1, de forma participativa, interven\u00e7\u00f5es que buscam a transforma\u00e7\u00e3o de duas escolas municipais e um Centro de Tradi\u00e7\u00f5es Ga\u00fachas (CTG), localizados no Morro da Cruz, em <em>hubs<\/em> de economia circular e zero emiss\u00e3o. A inten\u00e7\u00e3o \u00e9 mostrar e colocar em pr\u00e1tica o potencial transformador da utiliza\u00e7\u00e3o de energias renov\u00e1veis em territ\u00f3rios vulner\u00e1veis, combinando tecnologia de ponta e trabalho socioambiental educativo.<\/p>\n<p>A Coordenadora de Pol\u00edticas de Sustentabilidade da capital ga\u00facha, Rovana Bortolini, afirma estar muito satisfeita com essa parceria. \u201cAs iniciativas selecionadas unem tecnologia e responsabilidade social para criar novos cen\u00e1rios poss\u00edveis, al\u00e9m de auxiliarem a administra\u00e7\u00e3o a construir solu\u00e7\u00f5es mais sustent\u00e1veis, de alto impacto no dia a dia da popula\u00e7\u00e3o e no futuro da cidade\u201d, destaca.<\/p>\n<p>\u201cEssa \u00e9 uma oportunidade \u00fanica para que Porto Alegre avance ainda mais na integra\u00e7\u00e3o entre agenda clim\u00e1tica e planejamento urbano, temas t\u00e3o sens\u00edveis e importantes para propor uma economia verde\u201d, avalia Germano Bremm, secret\u00e1rio do Meio Ambiente e da Sustentabilidade da cidade.<\/p>\n<p><b>Projetos selecionados \u2013 Curitiba<\/b><\/p>\n<p>A Ambiens Sociedade Cooperativa apresentou um projeto de instala\u00e7\u00e3o de placas solares fotovoltaicas em moradias do bairro de Caximba, na regi\u00e3o perif\u00e9rica de Curitiba, e o desenvolvimento de um aplicativo que coletar\u00e1 os dados e disponibilizar\u00e1 os resultados obtidos. Com isso, pretende-se\u00a0avaliar a viabilidade de gera\u00e7\u00e3o de energia limpa e sustent\u00e1vel e subsidiar a formula\u00e7\u00e3o de pol\u00edticas p\u00fablicas referentes ao tema.<\/p>\n<p>J\u00e1 o projeto do SENAI-PR visa desenvolver um painel de acesso p\u00fablico que permita o acompanhamento de indicadores relacionados \u00e0 mudan\u00e7a do clima, bem como an\u00e1lises mais profundas sobre o fen\u00f4meno na cidade de Curitiba. Em rela\u00e7\u00e3o \u00e0s emiss\u00f5es de GEEs, ser\u00e1 disponibilizada uma ferramenta de gera\u00e7\u00e3o de cen\u00e1rios at\u00e9 2050, que utilizar\u00e1 dados tanto da plataforma EIE como da Prefeitura de Curitiba sobre o sequestro de carbono.<\/p>\n<p>A secret\u00e1ria de Meio Ambiente de Curitiba, Marilza Dias, acredita que a quest\u00e3o clim\u00e1tica \u00e9 urgente e demanda discuss\u00e3o e a\u00e7\u00e3o por parte de toda a sociedade. \u201cCom o avan\u00e7o do processo e a defini\u00e7\u00e3o das organiza\u00e7\u00f5es que ter\u00e3o acesso ao fundo, chegamos ainda mais perto do que estamos buscando \u2013 uma cidade resiliente e capaz de enfrentar a mudan\u00e7a do clima\u201d, aponta Dias. \u201cS\u00f3 podemos comemorar mais esse apoio do ICLEI e do Google.org no desenvolvimento de novas a\u00e7\u00f5es clim\u00e1ticas locais\u201d, completa.<\/p>\n<p><b>Sensibiliza\u00e7\u00e3o da cidadania<\/b><\/p>\n<p>Na vis\u00e3o de Perp\u00e9tuo, o Action Fund Brazil contribui para a sensibiliza\u00e7\u00e3o de atores da sociedade civil e da cidadania para um dos maiores desafios globais: a emerg\u00eancia clim\u00e1tica. \u201cO projeto est\u00e1 comprometido com gera\u00e7\u00e3o de conhecimento e forma\u00e7\u00e3o. Espero que possamos aproveitar esse momento para compartilhar saberes e engrandecer esse processo coletivo de aperfei\u00e7oamento e conhecimento sobre as pol\u00edticas locais dos munic\u00edpios e, principalmente, sobre como contribuir com elas desde a sociedade civil, olhando para crit\u00e9rios clim\u00e1ticos.\u201d<\/p>\n<p>\u201cDados, inova\u00e7\u00e3o e colabora\u00e7\u00e3o s\u00e3o insumos essenciais para uma a\u00e7\u00e3o clim\u00e1tica eficaz. Ficamos emocionados ao ver a sociedade civil responder de forma t\u00e3o criativa ao Action Fund, e estamos ansiosos para ver os projetos selecionados criarem impactos clim\u00e1ticos positivos em Curitiba e Porto Alegre\u201d, afirmou Hector Mujica, l\u00edder do Google.org para a Am\u00e9rica Latina.<\/p>\n<p><b>Sobre o Action Fund Brazil<\/b><\/p>\n<p>Em maio deste ano, Porto Alegre e Curitiba foram as duas capitais brasileiras selecionadas para participar do projeto Action Fund Brazil, colabora\u00e7\u00e3o entre o ICLEI \u2013 Governos Locais pela Sustentabilidade e o Google.org.<\/p>\n<p>A iniciativa objetiva apoiar organiza\u00e7\u00f5es sem fins lucrativos na implementa\u00e7\u00e3o de projetos locais e orientados por dados para a mitiga\u00e7\u00e3o da mudan\u00e7a do clima, ajudando os tomadores de decis\u00e3o a estabelecer metas relacionadas ao planejamento clim\u00e1tico. O Action Fund, de aproximadamente US$4 milh\u00f5es, ser\u00e1 aplicado atrav\u00e9s das secretarias regionais do ICLEI na Europa, no Brasil e no M\u00e9xico e Caribe.<\/p>\n<p>\u201cA ideia \u00e9 consolidar esse movimento global e fazer com que ele se repita em outras cidades brasileiras e sul-americanas\u201d, resume Perp\u00e9tuo.<\/p>\n<p><em>Fonte: Iclei.org<\/em><\/p>\n<\/article>\n<\/div>\n<\/div>\n<\/div>\n<\/div>\n<div class=\"row mt-md-4\">\n<div class=\"col-12 mt-5\"><\/div>\n<\/div>\n","protected":false},"excerpt":{"rendered":"<p>Foram anunciados nesta sexta-feira, 23\/10, os projetos selecionados pelo Action Fund Brazil, colabora\u00e7\u00e3o entre\u00a0Google.org e ICLEI Am\u00e9rica do Sul que implementar\u00e1 iniciativas com potencial de impacto local na mitiga\u00e7\u00e3o de gases do efeito estufa (GEEs) em Porto Alegre e Curitiba.Em cada capital, foram selecionadas duas organiza\u00e7\u00f5es sem fins lucrativos: Centro Brasil no Clima\u00a0(CBC) e\u00a0Centro de [&hellip;]<\/p>\n","protected":false},"author":4,"featured_media":82663,"comment_status":"open","ping_status":"open","sticky":false,"template":"","format":"standard","meta":{"jetpack_post_was_ever_published":false,"_jetpack_newsletter_access":"","_jetpack_dont_email_post_to_subs":false,"_jetpack_newsletter_tier_id":0,"_jetpack_memberships_contains_paywalled_content":false,"_jetpack_memberships_contains_paid_content":false,"footnotes":"","jetpack_publicize_message":"","jetpack_publicize_feature_enabled":true,"jetpack_social_post_already_shared":true,"jetpack_social_options":{"image_generator_settings":{"template":"highway","default_image_id":0,"font":"","enabled":false},"version":2}},"categories":[4],"tags":[16,63,163,12,220,138,52,57,58,141,67,14,119],"class_list":["post-82662","post","type-post","status-publish","format-standard","has-post-thumbnail","hentry","category-ambiente-geral","tag-ambiente","tag-efeito-estufa","tag-emissoes","tag-energia","tag-europa","tag-governo","tag-meio-ambiente","tag-porto-alegre","tag-prefeitura","tag-rios","tag-socioambiental","tag-solar","tag-sustentabilidade"],"aioseo_notices":[],"jetpack_publicize_connections":[],"jetpack_featured_media_url":"https:\/\/www.jornalja.com.br\/ambiente\/wp-content\/uploads\/sites\/3\/2020\/10\/pacto-alegre.jpg","jetpack-related-posts":[{"id":82992,"url":"https:\/\/www.jornalja.com.br\/ambiente\/iab-debate-mudancas-propostas-para-o-centro-historico-de-porto-alegre\/","url_meta":{"origin":82662,"position":0},"title":"IAB debate mudan\u00e7as propostas para o centro historico de Porto Alegre","author":"da Reda\u00e7\u00e3o","date":"13 de abril de 2021","format":false,"excerpt":"Nesta quarta-feira (14\/04), \u00e0s 19h30min, o Instituto de Arquitetos do Brasil (IAB RS) transmite na sua p\u00e1gina no Facebook um debate sobre o Programa de Reabilita\u00e7\u00e3o do Centro Hist\u00f3rico de Porto Alegre. Participam: o presidente do IAB RS, Rafael Passos, a arquiteta Maria Tereza Albano Fortini, mestre em Planejamento Urbano\u2026","rel":"","context":"Em &quot;Ambiente J\u00c1-MAT\u00c9RIA&quot;","block_context":{"text":"Ambiente J\u00c1-MAT\u00c9RIA","link":"https:\/\/www.jornalja.com.br\/ambiente\/category\/ambiente-geral\/"},"img":{"alt_text":"","src":"https:\/\/i0.wp.com\/www.jornalja.com.br\/ambiente\/wp-content\/uploads\/sites\/3\/2021\/04\/iab-debate.jpg?resize=350%2C200&ssl=1","width":350,"height":200,"srcset":"https:\/\/i0.wp.com\/www.jornalja.com.br\/ambiente\/wp-content\/uploads\/sites\/3\/2021\/04\/iab-debate.jpg?resize=350%2C200&ssl=1 1x, https:\/\/i0.wp.com\/www.jornalja.com.br\/ambiente\/wp-content\/uploads\/sites\/3\/2021\/04\/iab-debate.jpg?resize=525%2C300&ssl=1 1.5x, https:\/\/i0.wp.com\/www.jornalja.com.br\/ambiente\/wp-content\/uploads\/sites\/3\/2021\/04\/iab-debate.jpg?resize=700%2C400&ssl=1 2x"},"classes":[]},{"id":85051,"url":"https:\/\/www.jornalja.com.br\/ambiente\/agricultores-discordam-de-propostas-da-prefeitura-para-regulamentar-feiras-ecologicas-de-porto-alegre\/","url_meta":{"origin":82662,"position":1},"title":"Agricultores discordam de propostas da Prefeitura para regulamentar feiras ecol\u00f3gicas de Porto Alegre","author":"Cleber Dioni Tentardini","date":"27 de outubro de 2023","format":false,"excerpt":"Agricultores que participam das feiras ecol\u00f3gicas de Porto Alegre e consumidores ir\u00e3o realizar uma manifesta\u00e7\u00e3o neste s\u00e1bado (28) pela manh\u00e3, no Parque Farroupilha, em rea\u00e7\u00e3o \u00e0s propostas da Prefeitura Municipal para regulamentar as feiras de rua. O Executivo enviou um projeto de Lei com essa finalidade \u00e0 C\u00e2mara Municipal dia\u2026","rel":"","context":"Em &quot;Ambiente J\u00c1-MAT\u00c9RIA&quot;","block_context":{"text":"Ambiente J\u00c1-MAT\u00c9RIA","link":"https:\/\/www.jornalja.com.br\/ambiente\/category\/ambiente-geral\/"},"img":{"alt_text":"","src":"https:\/\/i0.wp.com\/www.jornalja.com.br\/ambiente\/wp-content\/uploads\/sites\/3\/2023\/10\/screenshot-20231027-101950-instagram-e1698437263432.jpg?resize=350%2C200&ssl=1","width":350,"height":200,"srcset":"https:\/\/i0.wp.com\/www.jornalja.com.br\/ambiente\/wp-content\/uploads\/sites\/3\/2023\/10\/screenshot-20231027-101950-instagram-e1698437263432.jpg?resize=350%2C200&ssl=1 1x, https:\/\/i0.wp.com\/www.jornalja.com.br\/ambiente\/wp-content\/uploads\/sites\/3\/2023\/10\/screenshot-20231027-101950-instagram-e1698437263432.jpg?resize=525%2C300&ssl=1 1.5x, https:\/\/i0.wp.com\/www.jornalja.com.br\/ambiente\/wp-content\/uploads\/sites\/3\/2023\/10\/screenshot-20231027-101950-instagram-e1698437263432.jpg?resize=700%2C400&ssl=1 2x, https:\/\/i0.wp.com\/www.jornalja.com.br\/ambiente\/wp-content\/uploads\/sites\/3\/2023\/10\/screenshot-20231027-101950-instagram-e1698437263432.jpg?resize=1050%2C600&ssl=1 3x"},"classes":[]},{"id":84198,"url":"https:\/\/www.jornalja.com.br\/ambiente\/sem-interessados-leilao-do-jardim-botanico-de-porto-alegre-esta-suspenso\/","url_meta":{"origin":82662,"position":2},"title":"Sem interessados, leil\u00e3o do Jardim Bot\u00e2nico de Porto Alegre est\u00e1 suspenso","author":"da Reda\u00e7\u00e3o","date":"20 de dezembro de 2022","format":false,"excerpt":"Est\u00e1 adiado, sem nova data por enquanto, o\u00a0 leil\u00e3o para a concess\u00e3o do Jardim Bot\u00e2nico de Porto Alegre, marcado para esta quinta-feira (22\/12), na capital. O prazo para entrega das propostas se encerrou \u00e0s 12h de segunda-feira (19\/12), sem nenhum inscrito. As mudan\u00e7as previstas no BNDES com o novo governo\u2026","rel":"","context":"Em &quot;Ambiente J\u00c1-MAT\u00c9RIA&quot;","block_context":{"text":"Ambiente J\u00c1-MAT\u00c9RIA","link":"https:\/\/www.jornalja.com.br\/ambiente\/category\/ambiente-geral\/"},"img":{"alt_text":"","src":"https:\/\/i0.wp.com\/www.jornalja.com.br\/ambiente\/wp-content\/uploads\/sites\/3\/2022\/12\/fundacao-zoobotanica-privatizacao.jpg?resize=350%2C200&ssl=1","width":350,"height":200,"srcset":"https:\/\/i0.wp.com\/www.jornalja.com.br\/ambiente\/wp-content\/uploads\/sites\/3\/2022\/12\/fundacao-zoobotanica-privatizacao.jpg?resize=350%2C200&ssl=1 1x, https:\/\/i0.wp.com\/www.jornalja.com.br\/ambiente\/wp-content\/uploads\/sites\/3\/2022\/12\/fundacao-zoobotanica-privatizacao.jpg?resize=525%2C300&ssl=1 1.5x, https:\/\/i0.wp.com\/www.jornalja.com.br\/ambiente\/wp-content\/uploads\/sites\/3\/2022\/12\/fundacao-zoobotanica-privatizacao.jpg?resize=700%2C400&ssl=1 2x"},"classes":[]},{"id":82805,"url":"https:\/\/www.jornalja.com.br\/ambiente\/bndes-vai-realizar-estudo-para-concessao-de-servicos-no-jardim-botanico-de-porto-alegre\/","url_meta":{"origin":82662,"position":3},"title":"BNDES vai realizar estudo para concess\u00e3o de servi\u00e7os no Jardim Bot\u00e2nico de Porto Alegre \u00a0\u00a0","author":"Cleber Dioni Tentardini","date":"29 de dezembro de 2020","format":false,"excerpt":"A Secretaria do Meio Ambiente e Infraestrutura (SEMAI) contratou o Banco Nacional de Desenvolvimento Econ\u00f4mico e Social (BNDES) para realizar estudos visando \u00e0 concess\u00e3o de servi\u00e7os p\u00fablicos no Jardim Bot\u00e2nico de Porto Alegre e dos parques estaduais do Caracol, Delta do Jacu\u00ed, do Tainhas e do Turvo. A informa\u00e7\u00e3o foi\u2026","rel":"","context":"Em &quot;Ambiente J\u00c1-MAT\u00c9RIA&quot;","block_context":{"text":"Ambiente J\u00c1-MAT\u00c9RIA","link":"https:\/\/www.jornalja.com.br\/ambiente\/category\/ambiente-geral\/"},"img":{"alt_text":"","src":"https:\/\/i0.wp.com\/www.jornalja.com.br\/ambiente\/wp-content\/uploads\/sites\/3\/2020\/12\/jardim-botanico-foto-cmpa-e1609268514545.jpg?resize=350%2C200&ssl=1","width":350,"height":200,"srcset":"https:\/\/i0.wp.com\/www.jornalja.com.br\/ambiente\/wp-content\/uploads\/sites\/3\/2020\/12\/jardim-botanico-foto-cmpa-e1609268514545.jpg?resize=350%2C200&ssl=1 1x, https:\/\/i0.wp.com\/www.jornalja.com.br\/ambiente\/wp-content\/uploads\/sites\/3\/2020\/12\/jardim-botanico-foto-cmpa-e1609268514545.jpg?resize=525%2C300&ssl=1 1.5x"},"classes":[]},{"id":82485,"url":"https:\/\/www.jornalja.com.br\/ambiente\/horta-de-organicos-na-escola-curso-para-professores-das-redes-publicas\/","url_meta":{"origin":82662,"position":4},"title":"Horta de org\u00e2nicos na escola: curso para professores das redes p\u00fablicas","author":"da Reda\u00e7\u00e3o","date":"9 de setembro de 2020","format":false,"excerpt":"Est\u00e3o abertas at\u00e9 dia 14 as inscri\u00e7\u00f5es para o curso de extens\u00e3o da Ufrgs Projeto Horta: aproximando escola e comunidade. S\u00e3o 30 vagas para professores da rede p\u00fablica em Porto Alegre e mais 30 para docentes da rede estadual. Programa\u00e7\u00e3o:","rel":"","context":"Em &quot;Ambiente J\u00c1-MAT\u00c9RIA&quot;","block_context":{"text":"Ambiente J\u00c1-MAT\u00c9RIA","link":"https:\/\/www.jornalja.com.br\/ambiente\/category\/ambiente-geral\/"},"img":{"alt_text":"","src":"https:\/\/i0.wp.com\/www.jornalja.com.br\/ambiente\/wp-content\/uploads\/sites\/3\/2020\/09\/photo-2020-09-03-17-04-49-1.jpg?resize=350%2C200&ssl=1","width":350,"height":200,"srcset":"https:\/\/i0.wp.com\/www.jornalja.com.br\/ambiente\/wp-content\/uploads\/sites\/3\/2020\/09\/photo-2020-09-03-17-04-49-1.jpg?resize=350%2C200&ssl=1 1x, https:\/\/i0.wp.com\/www.jornalja.com.br\/ambiente\/wp-content\/uploads\/sites\/3\/2020\/09\/photo-2020-09-03-17-04-49-1.jpg?resize=525%2C300&ssl=1 1.5x, https:\/\/i0.wp.com\/www.jornalja.com.br\/ambiente\/wp-content\/uploads\/sites\/3\/2020\/09\/photo-2020-09-03-17-04-49-1.jpg?resize=700%2C400&ssl=1 2x"},"classes":[]},{"id":75139,"url":"https:\/\/www.jornalja.com.br\/ambiente\/mina-guaiba-mp-nao-descarta-terceira-audiencia-em-porto-alegre\/","url_meta":{"origin":82662,"position":5},"title":"Mina Gua\u00edba: MP n\u00e3o descarta terceira audi\u00eancia, em Porto Alegre","author":"Elmar Bones","date":"28 de junho de 2019","format":false,"excerpt":"A promotora de meio ambiente do Minist\u00e9rio P\u00fablico Estadual, Ana Maria Marchesan, informou, atrav\u00e9s da assessoria de imprensa, que ainda n\u00e3o h\u00e1 decis\u00e3o a respeito de uma nova audi\u00eancia p\u00fablica sobre o projeto da mina Gua\u00edba, em Eldorado do Sul. Uma terceira audi\u00eancia p\u00fablica, em Porto Alegre, foi a principal\u2026","rel":"","context":"Em &quot;Ambiente J\u00c1-MAT\u00c9RIA&quot;","block_context":{"text":"Ambiente J\u00c1-MAT\u00c9RIA","link":"https:\/\/www.jornalja.com.br\/ambiente\/category\/ambiente-geral\/"},"img":{"alt_text":"","src":"","width":0,"height":0},"classes":[]}],"jetpack_shortlink":"https:\/\/wp.me\/pbKnZo-lvg","jetpack_sharing_enabled":true,"_links":{"self":[{"href":"https:\/\/www.jornalja.com.br\/ambiente\/wp-json\/wp\/v2\/posts\/82662","targetHints":{"allow":["GET"]}}],"collection":[{"href":"https:\/\/www.jornalja.com.br\/ambiente\/wp-json\/wp\/v2\/posts"}],"about":[{"href":"https:\/\/www.jornalja.com.br\/ambiente\/wp-json\/wp\/v2\/types\/post"}],"author":[{"embeddable":true,"href":"https:\/\/www.jornalja.com.br\/ambiente\/wp-json\/wp\/v2\/users\/4"}],"replies":[{"embeddable":true,"href":"https:\/\/www.jornalja.com.br\/ambiente\/wp-json\/wp\/v2\/comments?post=82662"}],"version-history":[{"count":4,"href":"https:\/\/www.jornalja.com.br\/ambiente\/wp-json\/wp\/v2\/posts\/82662\/revisions"}],"predecessor-version":[{"id":82667,"href":"https:\/\/www.jornalja.com.br\/ambiente\/wp-json\/wp\/v2\/posts\/82662\/revisions\/82667"}],"wp:featuredmedia":[{"embeddable":true,"href":"https:\/\/www.jornalja.com.br\/ambiente\/wp-json\/wp\/v2\/media\/82663"}],"wp:attachment":[{"href":"https:\/\/www.jornalja.com.br\/ambiente\/wp-json\/wp\/v2\/media?parent=82662"}],"wp:term":[{"taxonomy":"category","embeddable":true,"href":"https:\/\/www.jornalja.com.br\/ambiente\/wp-json\/wp\/v2\/categories?post=82662"},{"taxonomy":"post_tag","embeddable":true,"href":"https:\/\/www.jornalja.com.br\/ambiente\/wp-json\/wp\/v2\/tags?post=82662"}],"curies":[{"name":"wp","href":"https:\/\/api.w.org\/{rel}","templated":true}]}}