{"id":82684,"date":"2020-11-01T22:09:52","date_gmt":"2020-11-02T01:09:52","guid":{"rendered":"https:\/\/www.jornalja.com.br\/ambiente\/?p=82684"},"modified":"2020-11-02T12:53:17","modified_gmt":"2020-11-02T15:53:17","slug":"novo-lockdown-atesta-ineficacia-de-medidas-alternativas-na-alemanha","status":"publish","type":"post","link":"https:\/\/www.jornalja.com.br\/ambiente\/novo-lockdown-atesta-ineficacia-de-medidas-alternativas-na-alemanha\/","title":{"rendered":"Novo lockdown europeu atesta inefic\u00e1cia de medidas alternativas"},"content":{"rendered":"<pre><span style=\"font-weight: 400\">Depois de lutar por semanas para evitar um novo confinamento, a Alemanha, tida como exemplo no combate da pandemia, se rendeu novamente ao Covid-19, e agora assiste impotente a forma\u00e7\u00e3o de uma tempestade perfeita. <\/span><\/pre>\n<p><span style=\"font-weight: 400\">A Europa inteira foi sendo gradativamente fechada numa vers\u00e3o mais leve de confinamento, um lockdown-light. Em quase todas as capitais vigorava j\u00e1 desde o in\u00edcio de Outubro o toque de recolher,\u00a0 obrigando bares e restaurantes a ficarem fechados \u00e0 noite. Festas, shows e qualquer tipo de espet\u00e1culo que promova aglomera\u00e7\u00f5es estavam proibidos, ou deveriam se submeter a inconcili\u00e1veis restri\u00e7\u00f5es. Na \u00faltima semana, por exemplo, o violonista brasileiro, Yamand\u00fa Costa se apresentou em N\u00fcremberg para um p\u00fablico de 20 pessoas. O espet\u00e1culo, organizado pelo Clube do Choro da cidade, s\u00f3 p\u00f4de acontecer por conta de patroc\u00ednios privados, e o cach\u00ea do m\u00fasico foi doado \u00e0 campanha de apoio a artistas no Brasil.<\/span><\/p>\n<figure id=\"attachment_82686\" aria-describedby=\"caption-attachment-82686\" style=\"width: 517px\" class=\"wp-caption alignnone\"><img decoding=\"async\" data-attachment-id=\"82686\" data-permalink=\"https:\/\/www.jornalja.com.br\/ambiente\/novo-lockdown-atesta-ineficacia-de-medidas-alternativas-na-alemanha\/rahe5341\/\" data-orig-file=\"https:\/\/www.jornalja.com.br\/ambiente\/wp-content\/uploads\/sites\/3\/2020\/11\/rahe5341.jpg\" data-orig-size=\"1024,434\" data-comments-opened=\"1\" data-image-meta=\"{&quot;aperture&quot;:&quot;0&quot;,&quot;credit&quot;:&quot;&quot;,&quot;camera&quot;:&quot;&quot;,&quot;caption&quot;:&quot;&quot;,&quot;created_timestamp&quot;:&quot;0&quot;,&quot;copyright&quot;:&quot;&quot;,&quot;focal_length&quot;:&quot;0&quot;,&quot;iso&quot;:&quot;0&quot;,&quot;shutter_speed&quot;:&quot;0&quot;,&quot;title&quot;:&quot;&quot;,&quot;orientation&quot;:&quot;0&quot;}\" data-image-title=\"GorkiTHeather Berlin 10\/2020\" data-image-description=\"\" data-image-caption=\"&lt;p&gt;Depois de um curto e reduzido funcionamento, teatros como o Maxim Gorki, em Berlim, estarao fechados novamente por um m\u00eas.&lt;\/p&gt;\n\" data-large-file=\"https:\/\/www.jornalja.com.br\/ambiente\/wp-content\/uploads\/sites\/3\/2020\/11\/rahe5341.jpg\" class=\" wp-image-82686\" src=\"https:\/\/www.jornalja.com.br\/ambiente\/wp-content\/uploads\/sites\/3\/2020\/11\/rahe5341-300x127.jpg\" alt=\"\" width=\"517\" height=\"219\" srcset=\"https:\/\/www.jornalja.com.br\/ambiente\/wp-content\/uploads\/sites\/3\/2020\/11\/rahe5341-300x127.jpg 300w, https:\/\/www.jornalja.com.br\/ambiente\/wp-content\/uploads\/sites\/3\/2020\/11\/rahe5341-768x326.jpg 768w, https:\/\/www.jornalja.com.br\/ambiente\/wp-content\/uploads\/sites\/3\/2020\/11\/rahe5341.jpg 1024w\" sizes=\"(max-width: 517px) 100vw, 517px\" \/><figcaption id=\"caption-attachment-82686\" class=\"wp-caption-text\">Depois de um curto e reduzido funcionamento, teatros como o Maxim Gorki, em Berlim, estarao fechados novamente por um m\u00eas.<\/figcaption><\/figure>\n<p><span style=\"font-weight: 400\">Em novembro nem mesmo eventos extraordin\u00e1rios como esse poder\u00e3o acontecer. Al\u00e9m do fechamento completo dos estabelecimentos da gastronomia e entretenimento, est\u00e1 proibido o funcionamento de sal\u00f5es de beleza, academias de gin\u00e1stica, est\u00fadios de dan\u00e7a, centros de esporte e lazer. Toda hotelaria e o setor de turismo tamb\u00e9m est\u00e3o congelados at\u00e9 o fim do m\u00eas. Apenas lojas, supermercados, farm\u00e1cias, escolas e creches continuam funcionando, por isso a conota\u00e7\u00e3o light da medida anunciada na Quinta-feira (29\/10) pela primeira ministra, Angela Merkel (CDU).<\/span><\/p>\n<p><span style=\"font-weight: 400\">Visivelmente consternada ao fazer o pronunciamento, Merkel pediu desculpas e agradeceu os esfor\u00e7os de toda a popula\u00e7\u00e3o durante os meses passados, mantendo distanciamento, usando m\u00e1scaras e desinfetando as m\u00e3os. \u201cInfelizmente isso tudo j\u00e1 n\u00e3o basta, por isso a necessidade de tomar uma medida que permita quebrar essa segunda onda neste exato momento\u201d, justificou a chanceler. Em seguida o governador de Berlin, Michael M\u00fcller (SPD) explicou a raz\u00e3o de escolas e creches continuarem abertas. \u201cDurante o primeiro Lockdown observamos um aumento dram\u00e1tico dos casos de viol\u00eancia dom\u00e9stica em todo o pa\u00eds. As crian\u00e7as s\u00e3o as que mais sofrem em um confinamento. Devemos fazer qualquer esfor\u00e7o para evitar essa trag\u00e9dia\u201d, justificou o social democrata.<\/span><\/p>\n<p class=\"intertit\">Consenso<\/p>\n<figure id=\"attachment_82685\" aria-describedby=\"caption-attachment-82685\" style=\"width: 342px\" class=\"wp-caption alignnone\"><img decoding=\"async\" data-attachment-id=\"82685\" data-permalink=\"https:\/\/www.jornalja.com.br\/ambiente\/novo-lockdown-atesta-ineficacia-de-medidas-alternativas-na-alemanha\/merkel102020\/\" data-orig-file=\"https:\/\/www.jornalja.com.br\/ambiente\/wp-content\/uploads\/sites\/3\/2020\/11\/merkel102020.jpg\" data-orig-size=\"1711,1128\" data-comments-opened=\"1\" data-image-meta=\"{&quot;aperture&quot;:&quot;0&quot;,&quot;credit&quot;:&quot;&quot;,&quot;camera&quot;:&quot;&quot;,&quot;caption&quot;:&quot;&quot;,&quot;created_timestamp&quot;:&quot;0&quot;,&quot;copyright&quot;:&quot;&quot;,&quot;focal_length&quot;:&quot;0&quot;,&quot;iso&quot;:&quot;0&quot;,&quot;shutter_speed&quot;:&quot;0&quot;,&quot;title&quot;:&quot;&quot;,&quot;orientation&quot;:&quot;0&quot;}\" data-image-title=\"Angela Merkel 10\/2020\" data-image-description=\"\" data-image-caption=\"&lt;p&gt;Chanceler, Angela Merkel, anuncia segundo Lockdown na Alemanha&lt;\/p&gt;\n\" data-large-file=\"https:\/\/www.jornalja.com.br\/ambiente\/wp-content\/uploads\/sites\/3\/2020\/11\/merkel102020-1024x675.jpg\" class=\" wp-image-82685\" src=\"https:\/\/www.jornalja.com.br\/ambiente\/wp-content\/uploads\/sites\/3\/2020\/11\/merkel102020-300x198.jpg\" alt=\"\" width=\"342\" height=\"226\" srcset=\"https:\/\/www.jornalja.com.br\/ambiente\/wp-content\/uploads\/sites\/3\/2020\/11\/merkel102020-300x198.jpg 300w, https:\/\/www.jornalja.com.br\/ambiente\/wp-content\/uploads\/sites\/3\/2020\/11\/merkel102020-1024x675.jpg 1024w, https:\/\/www.jornalja.com.br\/ambiente\/wp-content\/uploads\/sites\/3\/2020\/11\/merkel102020-768x506.jpg 768w, https:\/\/www.jornalja.com.br\/ambiente\/wp-content\/uploads\/sites\/3\/2020\/11\/merkel102020-1536x1013.jpg 1536w, https:\/\/www.jornalja.com.br\/ambiente\/wp-content\/uploads\/sites\/3\/2020\/11\/merkel102020-1200x791.jpg 1200w, https:\/\/www.jornalja.com.br\/ambiente\/wp-content\/uploads\/sites\/3\/2020\/11\/merkel102020.jpg 1711w\" sizes=\"(max-width: 342px) 100vw, 342px\" \/><figcaption id=\"caption-attachment-82685\" class=\"wp-caption-text\">Chanceler, Angela Merkel, anuncia segundo Lockdown na Alemanha<\/figcaption><\/figure>\n<p><span style=\"font-weight: 400\">A medida foi tomada em consenso por todos os 16 governadores e o governo federal em Berlim. Horas depois do pronunciamento da primeira ministra e dos representantes dos governadores, os ministros da economia, Peter Altmeier (CDU), e das finan\u00e7as, Olaf Scholz (SPD), apresentaram as medidas de aux\u00edlio para o per\u00edodo do confinamento. Serao 10 bilh\u00f5es de Euros, distribu\u00eddos pelos Estados para os que forem diretamente afetados pela paralisa\u00e7\u00e3o das atividades. Restaurantes, a exemplo, poder\u00e3o pedir at\u00e9 75% do seu faturamento em Novembro do ano anterior. Profissionais liberais e aut\u00f4nomos tamb\u00e9m devem comprovar seus custos do per\u00edodo para serem compensados. Em paralelo, funcion\u00e1rios de empresas que estiverem em dificuldade ser\u00e3o financiados pelo \u201cKurzarbeit\u201d, compensa\u00e7\u00e3o do governo que garante de 60% a 80% do sal\u00e1rio, visando a manuten\u00e7\u00e3o dos postos de trabalho.\u00a0\u00a0<\/span><\/p>\n<p><span style=\"font-weight: 400\">Mesmo com a ajuda oferecida, a perspectiva de um segundo Lockdown acendeu os \u00e2nimos da popula\u00e7\u00e3o em cidades de toda Europa. Na It\u00e1lia, o fechamento do com\u00e9rcio, a partir das 18 horas, decretado dia 23 de Outubro, provocou uma onda de protestos em Roma e N\u00e1poles. No fim de semana seguinte foi a vez de Barcelona se incendiar por conta das medidas decretadas.<\/span><\/p>\n<figure id=\"attachment_82689\" aria-describedby=\"caption-attachment-82689\" style=\"width: 499px\" class=\"wp-caption alignnone\"><img decoding=\"async\" data-attachment-id=\"82689\" data-permalink=\"https:\/\/www.jornalja.com.br\/ambiente\/novo-lockdown-atesta-ineficacia-de-medidas-alternativas-na-alemanha\/barcelonacontrapandemia102020\/\" data-orig-file=\"https:\/\/www.jornalja.com.br\/ambiente\/wp-content\/uploads\/sites\/3\/2020\/11\/barcelonacontrapandemia102020.jpeg\" data-orig-size=\"1400,788\" data-comments-opened=\"1\" data-image-meta=\"{&quot;aperture&quot;:&quot;0&quot;,&quot;credit&quot;:&quot;&quot;,&quot;camera&quot;:&quot;&quot;,&quot;caption&quot;:&quot;&quot;,&quot;created_timestamp&quot;:&quot;0&quot;,&quot;copyright&quot;:&quot;&quot;,&quot;focal_length&quot;:&quot;0&quot;,&quot;iso&quot;:&quot;0&quot;,&quot;shutter_speed&quot;:&quot;0&quot;,&quot;title&quot;:&quot;&quot;,&quot;orientation&quot;:&quot;0&quot;}\" data-image-title=\"barcelonacontrapandemia102020\" data-image-description=\"&lt;p&gt;Dpa-bildfunk&lt;\/p&gt;\n\" data-image-caption=\"&lt;p&gt;Protestos em Barcelona contra o segundo confinamento.&lt;\/p&gt;\n\" data-large-file=\"https:\/\/www.jornalja.com.br\/ambiente\/wp-content\/uploads\/sites\/3\/2020\/11\/barcelonacontrapandemia102020-1024x576.jpeg\" class=\"wp-image-82689\" src=\"https:\/\/www.jornalja.com.br\/ambiente\/wp-content\/uploads\/sites\/3\/2020\/11\/barcelonacontrapandemia102020-300x169.jpeg\" alt=\"\" width=\"499\" height=\"281\" srcset=\"https:\/\/www.jornalja.com.br\/ambiente\/wp-content\/uploads\/sites\/3\/2020\/11\/barcelonacontrapandemia102020-300x169.jpeg 300w, https:\/\/www.jornalja.com.br\/ambiente\/wp-content\/uploads\/sites\/3\/2020\/11\/barcelonacontrapandemia102020-1024x576.jpeg 1024w, https:\/\/www.jornalja.com.br\/ambiente\/wp-content\/uploads\/sites\/3\/2020\/11\/barcelonacontrapandemia102020-768x432.jpeg 768w, https:\/\/www.jornalja.com.br\/ambiente\/wp-content\/uploads\/sites\/3\/2020\/11\/barcelonacontrapandemia102020-1200x675.jpeg 1200w, https:\/\/www.jornalja.com.br\/ambiente\/wp-content\/uploads\/sites\/3\/2020\/11\/barcelonacontrapandemia102020.jpeg 1400w\" sizes=\"(max-width: 499px) 100vw, 499px\" \/><figcaption id=\"caption-attachment-82689\" class=\"wp-caption-text\">Protestos em Barcelona contra o segundo confinamento.<\/figcaption><\/figure>\n<p><span style=\"font-weight: 400\">Na Alemanha as demonstra\u00e7\u00f5es contra a pol\u00edtica pand\u00eamica do governo s\u00e3o semanais, mas com raros casos de confronto com a pol\u00edcia. E n\u00e3o foi pouco o que o corona v\u00edrus j\u00e1 tirou dos alem\u00e3es. Oktoberfest, Karnaval de Col\u00f4nia, Halloween, al\u00e9m dos tradicionais mercados de Natal, para citar os do \u00faltimo m\u00eas. Nem a conven\u00e7\u00e3o nacional da Uni\u00e3o Democrata-Crist\u00e3 (CDU), partido da chanceler Angela Merkel escapou. O evento marcado para dezembro, reuniria milhares de delegados de todo o pa\u00eds em Stuttgart para a escolha do novo presidente do partido, e assim candidato a sucessor da mulher que est\u00e1 h\u00e1 15 anos no poder. \u201cNosso apelo \u00e9 para evitar todo e qualquer evento, viagem ou contato desnecess\u00e1rio, e n\u00e3o h\u00e1 nenhum motivo sensato para manter a data da conven\u00e7\u00e3o, ela pode ser realizada quando a pandemia estiver sob-controle\u201d, defendeu Armin Laschet, governador da Ren\u00e2nia do Norte Westf\u00e1lia e um dos favoritos na disputa.<\/span><\/p>\n<p class=\"intertit\">M\u00e1scaras como armas<\/p>\n<p><span style=\"font-weight: 400\">Enquanto isso, policiais controlam o uso de m\u00e1scaras at\u00e9 mesmo a c\u00e9u aberto nas principais cidades. Dependendo do estado, a multa para quem desrespeitar a norma varia de 50,00 a 250,00 Euros. Ainda que n\u00e3o se tenha not\u00edcia de algu\u00e9m multado, mais caro ainda \u00e9 a puni\u00e7\u00e3o para os que retornam das f\u00e9rias e n\u00e3o cumprem com as normas de higiene e seguran\u00e7a sanit\u00e1ria. Quem chega de viagem do Brasil, por exemplo, precisa ficar em quarentena por 14 dias. A multa para quem descumprir a norma pode chegar a 25 mil Euros.\u00a0\u00a0<\/span><\/p>\n<p><span style=\"font-weight: 400\">\u201cNossa \u00fanica arma parece ser o uso da m\u00e1scara\u201d, sentenciou o jornalista Markus Lanz em seu tradicional programa de entrevistas na rede p\u00fablica de comunica\u00e7\u00e3o ZDF na madrugada do dia 28 de Outubro. Ele tentava trazer \u00e0 tona o debate sobre a inefic\u00e1cia das medidas \u201calternativas\u201d de distanciamento social.\u00a0<\/span><\/p>\n<p><span style=\"font-weight: 400\">Apesar de todo apelo e controle, o n\u00famero de infectados por dia dobrou em outubro. S\u00f3 na \u00faltima semana do m\u00eas, o n\u00famero passou de 14 mil para mais de 19 mil pessoas infectadas diariamente, segundo o Robert Koch Institut, que faz a an\u00e1lise dos dados da pandemia no pa\u00eds. Independente do recorde de infectados, o n\u00famero de mortos pelo v\u00edrus ainda \u00e9 baixo. Pouco mais de 10.000 desde mar\u00e7o, quando o n\u00famero de infectados era tr\u00eas vezes menor que hoje. E \u00e9 a\u00ed que mora o perigo. Uma r\u00e1pida olhada em outro dado pode dar a pista para o que apavora as autoridades. Na segunda-feira, 26 de Outubro, 24 pessoas morreram pelo Corona v\u00edrus em todo o territ\u00f3rio alem\u00e3o. Na sexta-feira (31\/10), esse n\u00famero j\u00e1 havia subido para 103 mortos. \u00c9 esse n\u00famero que coloca em alerta os experts do governo no momento.\u00a0<\/span><\/p>\n<p><span style=\"font-weight: 400\">Independente dos resultados dessa vers\u00e3o leve do confinamento para o combate da pandemia, ela promete piorar ainda mais a sa\u00fade econ\u00f4mica dos alem\u00e3es. Setores inteiros, que ainda operam sob condicionantes, acumulam cada vez mais preju\u00edzos. A Lufthansa, que anunciava em abril a demiss\u00e3o de 10.000 pessoas, hoje j\u00e1 diz que o total de dispensados vai passar dos 30 mil. E isso, depois de receber 9,3 bilh\u00f5es de Euros em ajuda governamental.<\/span><\/p>\n<p><span style=\"font-weight: 400\">Entre fornecedores da ind\u00fastria automobil\u00edstica, as dispensas ser\u00e3o na mesma propor\u00e7\u00e3o. Gigantes como a Continental prev\u00eaem eliminar 30 mil postos de trabalho nos pr\u00f3ximos anos. Mesmo n\u00famero apontado pela ic\u00f4nica Daimler-Benz como necess\u00e1rio para se reequilibrar. Outras que vinham em dificuldades antes mesmo da pandemia, agora est\u00e3o tendo que enxugar ao m\u00e1ximo os custos de m\u00e3o de obra. Na Mahle, fabricante de m\u00e1quinas e componentes automotores, o n\u00famero de demiss\u00f5es chegar\u00e1 a 7.600 at\u00e9 o final do ano. Isso tudo sem aviso pr\u00e9vio e depois de a empresa ter financiado o sal\u00e1rio dos empregados com o dinheiro do \u201cKurzarbeit\u201d garantido pelo governo desde o in\u00edcio de mar\u00e7o, acusa o poderoso sindicato dos metal\u00fargicos, IGMetall.\u00a0<\/span><\/p>\n<p><span style=\"font-weight: 400\">O governo, que havia anunciado em Setembro o d\u00e9ficit recorde, 220 Bilh\u00f5es de Euros em 2020, vai ter que rever as contas. Inclusive as proje\u00e7\u00f5es para os anos seguintes: 94 bilh\u00f5es para 2021 e 53 bilh\u00f5es em 2022. O ministro das finan\u00e7as, Olaf Scholz j\u00e1 anunciou que d\u00e9ficit zero \u201cs\u00f3 depois de 2023 pelo menos, e dependendo da conjuntura\u201d. A Alemanha vinha apresentando d\u00e9ficit zero de suas contas p\u00fablicas por tr\u00eas anos consecutivos. Outro sonho perdido na luta contra o v\u00edrus.\u00a0<\/span><\/p>\n","protected":false},"excerpt":{"rendered":"<p>Depois de lutar por semanas para evitar um novo confinamento, a Alemanha, tida como exemplo no combate da pandemia, se rendeu novamente ao Covid-19, e agora assiste impotente a forma\u00e7\u00e3o de uma tempestade perfeita. A Europa inteira foi sendo gradativamente fechada numa vers\u00e3o mais leve de confinamento, um lockdown-light. Em quase todas as capitais vigorava [&hellip;]<\/p>\n","protected":false},"author":22,"featured_media":82689,"comment_status":"open","ping_status":"open","sticky":false,"template":"","format":"standard","meta":{"jetpack_post_was_ever_published":false,"_jetpack_newsletter_access":"","_jetpack_dont_email_post_to_subs":false,"_jetpack_newsletter_tier_id":0,"_jetpack_memberships_contains_paywalled_content":false,"_jetpack_memberships_contains_paid_content":false,"footnotes":"","jetpack_publicize_message":"","jetpack_publicize_feature_enabled":true,"jetpack_social_post_already_shared":true,"jetpack_social_options":{"image_generator_settings":{"template":"highway","default_image_id":0,"font":"","enabled":false},"version":2}},"categories":[4],"tags":[161,162,214,215,216,163,220,171,138,96,201,147,114,141,8,205,151],"class_list":["post-82684","post","type-post","status-publish","format-standard","has-post-thumbnail","hentry","category-ambiente-geral","tag-alemanha","tag-angela-merkel","tag-coronavirus-na-alemanha","tag-covid-19","tag-crise-economica","tag-emissoes","tag-europa","tag-finame","tag-governo","tag-governo-federal","tag-pandemia","tag-pet","tag-protestos","tag-rios","tag-saude","tag-sema","tag-violencia"],"aioseo_notices":[],"jetpack_publicize_connections":[],"jetpack_featured_media_url":"https:\/\/www.jornalja.com.br\/ambiente\/wp-content\/uploads\/sites\/3\/2020\/11\/barcelonacontrapandemia102020.jpeg","jetpack-related-posts":[{"id":82634,"url":"https:\/\/www.jornalja.com.br\/ambiente\/toque-de-recolher-e-nova-tatica-para-enfrentar-a-covid-na-alemanha\/","url_meta":{"origin":82684,"position":0},"title":"Toque de recolher \u00e9 nova t\u00e1tica para enfrentar a Covid na Alemanha","author":"Mariano Senna","date":"11 de outubro de 2020","format":false,"excerpt":"Nem m\u00e1scaras, nem distanciamento, nem a paran\u00f3ia de lavar e desinfetar as m\u00e3os a cada momento. Nada disso evitou que a t\u00e3o temida e aguardada \u201csegunda onda\u201d\u00a0 da Covid-19 chegasse com for\u00e7a total \u00e0 Europa. Na quarta-feira (07\/10) o prefeito de Berlim, Michael M\u00fcller, anunciou as novas medidas de combate\u2026","rel":"","context":"Em &quot;Ambiente J\u00c1-MAT\u00c9RIA&quot;","block_context":{"text":"Ambiente J\u00c1-MAT\u00c9RIA","link":"https:\/\/www.jornalja.com.br\/ambiente\/category\/ambiente-geral\/"},"img":{"alt_text":"","src":"https:\/\/i0.wp.com\/www.jornalja.com.br\/ambiente\/wp-content\/uploads\/sites\/3\/2020\/10\/coronavirus-toque-de-recolher-na-alemanha.jpg?resize=350%2C200&ssl=1","width":350,"height":200,"srcset":"https:\/\/i0.wp.com\/www.jornalja.com.br\/ambiente\/wp-content\/uploads\/sites\/3\/2020\/10\/coronavirus-toque-de-recolher-na-alemanha.jpg?resize=350%2C200&ssl=1 1x, https:\/\/i0.wp.com\/www.jornalja.com.br\/ambiente\/wp-content\/uploads\/sites\/3\/2020\/10\/coronavirus-toque-de-recolher-na-alemanha.jpg?resize=525%2C300&ssl=1 1.5x, https:\/\/i0.wp.com\/www.jornalja.com.br\/ambiente\/wp-content\/uploads\/sites\/3\/2020\/10\/coronavirus-toque-de-recolher-na-alemanha.jpg?resize=700%2C400&ssl=1 2x"},"classes":[]},{"id":83023,"url":"https:\/\/www.jornalja.com.br\/ambiente\/impasses-no-combate-da-pandemia-aprofundam-crise-politica-na-alemanha\/","url_meta":{"origin":82684,"position":1},"title":"Impasses no combate da pandemia aprofundam crise na Alemanha\u00a0","author":"Mariano Senna","date":"17 de abril de 2021","format":false,"excerpt":"O fiasco da pol\u00edtica de combate da pandemia na Alemanha s\u00f3 piora. Ap\u00f3s a contra-ordem com pedido de desculpas da primeira-ministra, Angela Merkel (CDU), veio o cancelamento da Confer\u00eancia de Governadores, que acontecia semanalmente na sede da Chancelaria (Kanzleramt). Dias antes da reuni\u00e3o, marcada para Segunda-feira (12\/04), o gabinete de\u2026","rel":"","context":"Em &quot;Ambiente J\u00c1-MAT\u00c9RIA&quot;","block_context":{"text":"Ambiente J\u00c1-MAT\u00c9RIA","link":"https:\/\/www.jornalja.com.br\/ambiente\/category\/ambiente-geral\/"},"img":{"alt_text":"","src":"https:\/\/i0.wp.com\/www.jornalja.com.br\/ambiente\/wp-content\/uploads\/sites\/3\/2021\/04\/img-e0029-scaled.jpg?resize=350%2C200&ssl=1","width":350,"height":200,"srcset":"https:\/\/i0.wp.com\/www.jornalja.com.br\/ambiente\/wp-content\/uploads\/sites\/3\/2021\/04\/img-e0029-scaled.jpg?resize=350%2C200&ssl=1 1x, https:\/\/i0.wp.com\/www.jornalja.com.br\/ambiente\/wp-content\/uploads\/sites\/3\/2021\/04\/img-e0029-scaled.jpg?resize=525%2C300&ssl=1 1.5x, https:\/\/i0.wp.com\/www.jornalja.com.br\/ambiente\/wp-content\/uploads\/sites\/3\/2021\/04\/img-e0029-scaled.jpg?resize=700%2C400&ssl=1 2x, https:\/\/i0.wp.com\/www.jornalja.com.br\/ambiente\/wp-content\/uploads\/sites\/3\/2021\/04\/img-e0029-scaled.jpg?resize=1050%2C600&ssl=1 3x, https:\/\/i0.wp.com\/www.jornalja.com.br\/ambiente\/wp-content\/uploads\/sites\/3\/2021\/04\/img-e0029-scaled.jpg?resize=1400%2C800&ssl=1 4x"},"classes":[]},{"id":82753,"url":"https:\/\/www.jornalja.com.br\/ambiente\/alemanha-amplia-poder-do-executivo-no-combate-da-pandemia\/","url_meta":{"origin":82684,"position":2},"title":"Alemanha amplia poder do executivo no combate da pandemia","author":"Mariano Senna","date":"18 de novembro de 2020","format":false,"excerpt":"A estrat\u00e9gia global de combate ao coronav\u00edrus est\u00e1 em cheque na Alemanha. Junto com ela, os pr\u00f3prios princ\u00edpios do s\u00f3lido sistema democr\u00e1tico parlamentarista do pa\u00eds, visto que a urg\u00eancia do v\u00edrus imp\u00f5e uma efici\u00eancia de autocracia. Enquanto aumenta o barulho da oposi\u00e7\u00e3o por conta do segundo lockdown, o governo move\u2026","rel":"","context":"Em &quot;Ambiente J\u00c1-MAT\u00c9RIA&quot;","block_context":{"text":"Ambiente J\u00c1-MAT\u00c9RIA","link":"https:\/\/www.jornalja.com.br\/ambiente\/category\/ambiente-geral\/"},"img":{"alt_text":"","src":"https:\/\/i0.wp.com\/www.jornalja.com.br\/ambiente\/wp-content\/uploads\/sites\/3\/2020\/11\/berlinprotest112020.jpeg?resize=350%2C200&ssl=1","width":350,"height":200,"srcset":"https:\/\/i0.wp.com\/www.jornalja.com.br\/ambiente\/wp-content\/uploads\/sites\/3\/2020\/11\/berlinprotest112020.jpeg?resize=350%2C200&ssl=1 1x, https:\/\/i0.wp.com\/www.jornalja.com.br\/ambiente\/wp-content\/uploads\/sites\/3\/2020\/11\/berlinprotest112020.jpeg?resize=525%2C300&ssl=1 1.5x, https:\/\/i0.wp.com\/www.jornalja.com.br\/ambiente\/wp-content\/uploads\/sites\/3\/2020\/11\/berlinprotest112020.jpeg?resize=700%2C400&ssl=1 2x, https:\/\/i0.wp.com\/www.jornalja.com.br\/ambiente\/wp-content\/uploads\/sites\/3\/2020\/11\/berlinprotest112020.jpeg?resize=1050%2C600&ssl=1 3x, https:\/\/i0.wp.com\/www.jornalja.com.br\/ambiente\/wp-content\/uploads\/sites\/3\/2020\/11\/berlinprotest112020.jpeg?resize=1400%2C800&ssl=1 4x"},"classes":[]},{"id":83642,"url":"https:\/\/www.jornalja.com.br\/ambiente\/omicron-aumenta-pressao-por-vacina-ultrapassada-na-europa\/","url_meta":{"origin":82684,"position":3},"title":"Omicron aumenta press\u00e3o por vacina\u00e7\u00e3o na Europa","author":"Mariano Senna","date":"1 de dezembro de 2021","format":false,"excerpt":"A chegada da variante Omicron, do v\u00edrus Corona, sacudiu a j\u00e1 abalada pol\u00edtica de combate da quarta onda da pandemia na Rep\u00fablica Federal da Alemanha. Antes da \"nova variante\", estados como a Bav\u00e1ria estavam sendo obrigados a transferir pacientes a pa\u00edses vizinhos devido \u00e0 superlota\u00e7\u00e3o de hospitais. Ao mesmo tempo,\u2026","rel":"","context":"Em &quot;Ambiente J\u00c1-MAT\u00c9RIA&quot;","block_context":{"text":"Ambiente J\u00c1-MAT\u00c9RIA","link":"https:\/\/www.jornalja.com.br\/ambiente\/category\/ambiente-geral\/"},"img":{"alt_text":"","src":"https:\/\/i0.wp.com\/www.jornalja.com.br\/ambiente\/wp-content\/uploads\/sites\/3\/2021\/12\/wdrforyou-corona-impfung-bei-kindern-100-v-gseapremiumxl.jpg?resize=350%2C200&ssl=1","width":350,"height":200,"srcset":"https:\/\/i0.wp.com\/www.jornalja.com.br\/ambiente\/wp-content\/uploads\/sites\/3\/2021\/12\/wdrforyou-corona-impfung-bei-kindern-100-v-gseapremiumxl.jpg?resize=350%2C200&ssl=1 1x, https:\/\/i0.wp.com\/www.jornalja.com.br\/ambiente\/wp-content\/uploads\/sites\/3\/2021\/12\/wdrforyou-corona-impfung-bei-kindern-100-v-gseapremiumxl.jpg?resize=525%2C300&ssl=1 1.5x, https:\/\/i0.wp.com\/www.jornalja.com.br\/ambiente\/wp-content\/uploads\/sites\/3\/2021\/12\/wdrforyou-corona-impfung-bei-kindern-100-v-gseapremiumxl.jpg?resize=700%2C400&ssl=1 2x"},"classes":[]},{"id":83687,"url":"https:\/\/www.jornalja.com.br\/ambiente\/apesar-da-vacinacao-lockdown-avanca-na-europa\/","url_meta":{"origin":82684,"position":4},"title":"Apesar da vacina\u00e7\u00e3o, lockdown avan\u00e7a na Europa","author":"Mariano Senna","date":"19 de dezembro de 2021","format":false,"excerpt":"O social-democrata Karl Lauterbach, guru da pandemia e agora ministro da Sa\u00fade na Alemanha, mostrou a que veio j\u00e1 na sua primeira confer\u00eancia de imprensa como titular do cargo, dia 16\/12\/2021. \"Compramos 80 milh\u00f5es de doses para os pr\u00f3ximos meses\", anunciou ele em Berlin para os jornalistas na ocasi\u00e3o. O\u2026","rel":"","context":"Em &quot;Ambiente J\u00c1-MAT\u00c9RIA&quot;","block_context":{"text":"Ambiente J\u00c1-MAT\u00c9RIA","link":"https:\/\/www.jornalja.com.br\/ambiente\/category\/ambiente-geral\/"},"img":{"alt_text":"","src":"https:\/\/i0.wp.com\/www.jornalja.com.br\/ambiente\/wp-content\/uploads\/sites\/3\/2021\/12\/demo18122021contentgross.jpg?resize=350%2C200&ssl=1","width":350,"height":200,"srcset":"https:\/\/i0.wp.com\/www.jornalja.com.br\/ambiente\/wp-content\/uploads\/sites\/3\/2021\/12\/demo18122021contentgross.jpg?resize=350%2C200&ssl=1 1x, https:\/\/i0.wp.com\/www.jornalja.com.br\/ambiente\/wp-content\/uploads\/sites\/3\/2021\/12\/demo18122021contentgross.jpg?resize=525%2C300&ssl=1 1.5x"},"classes":[]},{"id":82835,"url":"https:\/\/www.jornalja.com.br\/ambiente\/combate-a-pandemia-afeta-saude-politica-da-alemanha\/","url_meta":{"origin":82684,"position":5},"title":"Combate \u00e0 pandemia afeta sa\u00fade pol\u00edtica da Alemanha","author":"Mariano Senna","date":"26 de janeiro de 2021","format":false,"excerpt":"Desde 25 de Janeiro, passageiros que desembarcam na Alemanha devem apresentar um teste negativo para o Coronav\u00edrus. Ao chegar em solo alem\u00e3o, devem ainda fazer novo teste. Os que se negarem ser\u00e3o mandados de volta. Assim diz a portaria baixada no fim de semana pelo Minist\u00e9rio do Interior. A medida\u2026","rel":"","context":"Em &quot;Ambiente J\u00c1-MAT\u00c9RIA&quot;","block_context":{"text":"Ambiente J\u00c1-MAT\u00c9RIA","link":"https:\/\/www.jornalja.com.br\/ambiente\/category\/ambiente-geral\/"},"img":{"alt_text":"","src":"https:\/\/i0.wp.com\/www.jornalja.com.br\/ambiente\/wp-content\/uploads\/sites\/3\/2021\/01\/neuinfektionenscreenshot-2021-01-26.png?resize=350%2C200&ssl=1","width":350,"height":200,"srcset":"https:\/\/i0.wp.com\/www.jornalja.com.br\/ambiente\/wp-content\/uploads\/sites\/3\/2021\/01\/neuinfektionenscreenshot-2021-01-26.png?resize=350%2C200&ssl=1 1x, https:\/\/i0.wp.com\/www.jornalja.com.br\/ambiente\/wp-content\/uploads\/sites\/3\/2021\/01\/neuinfektionenscreenshot-2021-01-26.png?resize=525%2C300&ssl=1 1.5x, https:\/\/i0.wp.com\/www.jornalja.com.br\/ambiente\/wp-content\/uploads\/sites\/3\/2021\/01\/neuinfektionenscreenshot-2021-01-26.png?resize=700%2C400&ssl=1 2x"},"classes":[]}],"jetpack_shortlink":"https:\/\/wp.me\/pbKnZo-lvC","jetpack_sharing_enabled":true,"_links":{"self":[{"href":"https:\/\/www.jornalja.com.br\/ambiente\/wp-json\/wp\/v2\/posts\/82684","targetHints":{"allow":["GET"]}}],"collection":[{"href":"https:\/\/www.jornalja.com.br\/ambiente\/wp-json\/wp\/v2\/posts"}],"about":[{"href":"https:\/\/www.jornalja.com.br\/ambiente\/wp-json\/wp\/v2\/types\/post"}],"author":[{"embeddable":true,"href":"https:\/\/www.jornalja.com.br\/ambiente\/wp-json\/wp\/v2\/users\/22"}],"replies":[{"embeddable":true,"href":"https:\/\/www.jornalja.com.br\/ambiente\/wp-json\/wp\/v2\/comments?post=82684"}],"version-history":[{"count":5,"href":"https:\/\/www.jornalja.com.br\/ambiente\/wp-json\/wp\/v2\/posts\/82684\/revisions"}],"predecessor-version":[{"id":82693,"href":"https:\/\/www.jornalja.com.br\/ambiente\/wp-json\/wp\/v2\/posts\/82684\/revisions\/82693"}],"wp:featuredmedia":[{"embeddable":true,"href":"https:\/\/www.jornalja.com.br\/ambiente\/wp-json\/wp\/v2\/media\/82689"}],"wp:attachment":[{"href":"https:\/\/www.jornalja.com.br\/ambiente\/wp-json\/wp\/v2\/media?parent=82684"}],"wp:term":[{"taxonomy":"category","embeddable":true,"href":"https:\/\/www.jornalja.com.br\/ambiente\/wp-json\/wp\/v2\/categories?post=82684"},{"taxonomy":"post_tag","embeddable":true,"href":"https:\/\/www.jornalja.com.br\/ambiente\/wp-json\/wp\/v2\/tags?post=82684"}],"curies":[{"name":"wp","href":"https:\/\/api.w.org\/{rel}","templated":true}]}}