{"id":82721,"date":"2020-11-14T13:03:24","date_gmt":"2020-11-14T16:03:24","guid":{"rendered":"https:\/\/www.jornalja.com.br\/ambiente\/?p=82721"},"modified":"2020-11-14T13:03:24","modified_gmt":"2020-11-14T16:03:24","slug":"acao-contra-o-desmatamento-e-o-desmonte-de-politicas-publicas-chega-ao-stf","status":"publish","type":"post","link":"https:\/\/www.jornalja.com.br\/ambiente\/acao-contra-o-desmatamento-e-o-desmonte-de-politicas-publicas-chega-ao-stf\/","title":{"rendered":"A\u00e7\u00e3o contra o desmatamento e o desmonte de pol\u00edticas p\u00fablicas chega ao STF"},"content":{"rendered":"<p>Sete partidos pol\u00edticos protocolaram no Supremo Tribunal Federal (STF) uma A\u00e7\u00e3o por Descumprimento de Preceito Fundamental (ADPF), com dados e an\u00e1lises sobre a destrui\u00e7\u00e3o da floresta e a desestrutura\u00e7\u00e3o de pol\u00edticas ambientais promovidas pelo governo Bolsonaro (<em>veja o\u00a0<a href=\"http:\/\/www.observatoriodoclima.eco.br\/wp-content\/uploads\/2020\/11\/Sumario-para-jornalistas-ONGs-levam-Governo-ao-STF.pdf\">sum\u00e1rio da a\u00e7\u00e3o aqui<\/a><\/em>). A iniciativa visa a retomada efetiva do Plano de A\u00e7\u00e3o para Preven\u00e7\u00e3o e Controle do Desmatamento na Amaz\u00f4nia (PPCDAm).<\/p>\n<p>A ADPF, protocolada no STF dia 11\/11, foi concebida por dez organiza\u00e7\u00f5es da sociedade civil: Artigo 19, Articula\u00e7\u00e3o dos Povos Ind\u00edgenas do Brasil (Apib), Conectas Direitos Humanos, Conselho Nacional das Popula\u00e7\u00f5es Extrativistas (CNS), Engajamundo, Greenpeace Brasil, Instituto Alana, Instituto Socioambiental (ISA), Observat\u00f3rio do Clima e Terrazul.<\/p>\n<p>Elas pedem participa\u00e7\u00e3o como <em>amici curiae<\/em>\u00a0(\u201camigos da corte\u201d). Trata-se de institui\u00e7\u00f5es ou pessoas que fornecem informa\u00e7\u00f5es e auxiliam as partes em um processo judicial.<\/p>\n<p>A a\u00e7\u00e3o alega que o governo federal estimula desmates e queimadas por meio de um conjunto de a\u00e7\u00f5es e omiss\u00f5es que, na pr\u00e1tica, paralisaram o PPCDAM. O plano criado em 2004 e aplicado at\u00e9 2018 continua em vigor.<\/p>\n<p>Entre as demandas da ADPF est\u00e3o a retomada do cumprimento de metas estabelecidas pela legisla\u00e7\u00e3o nacional e acordos internacionais assumidos pelo Brasil sobre mudan\u00e7as clim\u00e1ticas, na pr\u00e1tica abandonadas desde 2019.<\/p>\n<p>A a\u00e7\u00e3o exige, por exemplo, que o desmatamento na Amaz\u00f4nia seja reduzido ao patamar de 3.925 km\u00b2 at\u00e9 2021, o que j\u00e1 deveria ter ocorrido em 2020, segundo a Pol\u00edtica Nacional sobre Mudan\u00e7a do Clima (Lei n.\u00ba 12.187\/2009). A meta significa uma redu\u00e7\u00e3o de cerca de 60% em rela\u00e7\u00e3o \u00e0 taxa oficial de desmatamento de 2019-2018 apurada pelo Inpe, que foi de 10,1 mil km<sup>2<\/sup>.<\/p>\n<p>Os autores da a\u00e7\u00e3o pedem uma morat\u00f3ria do desmatamento na Amaz\u00f4nia, por um ano, entre outras medidas, caso esse objetivo n\u00e3o seja alcan\u00e7ado. Nesse caso, o prazo para cumprimento da meta seria postergado no m\u00e1ximo para 2022.<\/p>\n<p>A ADPF solicita ainda a redu\u00e7\u00e3o cont\u00ednua, at\u00e9 a extin\u00e7\u00e3o, da destrui\u00e7\u00e3o ilegal das florestas em Terras Ind\u00edgenas e Unidades de Conserva\u00e7\u00e3o federais amaz\u00f4nicas. E aponta viola\u00e7\u00f5es aos direitos dos povos ind\u00edgenas e comunidades tradicionais.<\/p>\n<p>Para viabilizar esses objetivos, os respons\u00e1veis pela ADPF pedem um plano de fortalecimento de \u00f3rg\u00e3os federais, como o Ibama, o ICMBio e a Funai; a implanta\u00e7\u00e3o de um portal na internet com relat\u00f3rios sobre a\u00e7\u00f5es e resultados, em linguagem clara e acess\u00edvel; e a cria\u00e7\u00e3o de uma comiss\u00e3o emergencial de delibera\u00e7\u00e3o, monitoramento e transpar\u00eancia da pol\u00edtica de combate ao desmatamento, com participa\u00e7\u00e3o da sociedade civil e coordena\u00e7\u00e3o do STF.<\/p>\n<p>\u201cO Brasil e o mundo n\u00e3o podem esperar mais. Amparados principalmente pela Constitui\u00e7\u00e3o, mas tamb\u00e9m por acordos internacionais, defendemos que o desmatamento na Amaz\u00f4nia seja imediatamente combatido, de forma a salvaguardar o equil\u00edbrio ecol\u00f3gico e clim\u00e1tico das gera\u00e7\u00f5es presentes e futuras. Como todos os direitos humanos s\u00e3o impactados pela devasta\u00e7\u00e3o ambiental, cabe ao STF determinar a aplica\u00e7\u00e3o da pol\u00edtica p\u00fablica em vigor, que j\u00e1 se mostrou exitosa quando efetivamente aplicada\u201d, afirmou Mauricio Guetta, consultor jur\u00eddico do ISA e coordenador jur\u00eddico da iniciativa.<\/p>\n<p><strong>Desmonte de pol\u00edticas<\/strong><\/p>\n<p>As taxas oficiais de desmatamento crescem gradualmente desde 2012, mas bateram recordes hist\u00f3ricos a partir de 2019, com o governo Bolsonaro. Entre agosto de 2018 e julho de 2019, o \u00edndice ficou em 10.129 km\u00b2, 34% a mais que 2017-2018. Trata-se do maior n\u00famero desde 2008 e a terceira maior alta percentual da hist\u00f3ria.\u00a0A taxa para 2019-2020 caminha para ser um novo recorde e espera-se que seja divulgada at\u00e9 o fim do ano. O sistema Deter do Instituto Nacional de Pesquisas Espaciais (Inpe) estima mais um aumento de 34%. Seria a primeira vez na hist\u00f3ria que o desmatamento na Amaz\u00f4nia tem duas altas seguidas na casa dos 30%.<\/p>\n<p>Os indicadores apresentados na ADPF mostram um esfor\u00e7o in\u00e9dito da administra\u00e7\u00e3o federal para enfraquecer institui\u00e7\u00f5es, normas e pol\u00edticas que poderiam conter a destrui\u00e7\u00e3o da floresta. Nos \u00faltimos dois anos, o n\u00famero de multas por destrui\u00e7\u00e3o \u00e0 floresta na Amaz\u00f4nia caiu 61% na compara\u00e7\u00e3o com 2018, com queda de 29% em 2019 e 46% em 2020.<\/p>\n<p>Embora o ministro do Meio Ambiente, Ricardo Salles, insista que sua pasta n\u00e3o tem verbas, o Ibama executou apenas 35,3% dos recursos destinados \u00e0 fiscaliza\u00e7\u00e3o ambiental e meros 41,6% na preven\u00e7\u00e3o e controle dos inc\u00eandios florestais, considerada a execu\u00e7\u00e3o at\u00e9 5 de outubro.<\/p>\n<p>A partir de 2019, o governo paralisou novos financiamentos do Fundo Amaz\u00f4nia, que financia parte importante das a\u00e7\u00f5es de \u00f3rg\u00e3os ambientais, como o Ibama, no combate ao desmatamento no bioma. Al\u00e9m de interromper novas doa\u00e7\u00f5es, o governo n\u00e3o deu destino algum a pelo menos R$ 2,8 bilh\u00f5es dispon\u00edveis para novas contrata\u00e7\u00f5es.<\/p>\n<p>Em agosto, sem nenhuma divulga\u00e7\u00e3o, o governo publicou o\u00a0<a href=\"https:\/\/www.mma.gov.br\/images\/arquivo\/80120\/PPCDAm\/Plano%20Controle%20Desmatamento%20Ilegal%20MMA%202020.pdf\">\u201cPlano Nacional para Controle do Desmatamento Ilegal e Recupera\u00e7\u00e3o da Vegeta\u00e7\u00e3o Nativa 2020 \u2013 2023\u201d<\/a>. O documento, no entanto,\u00a0<a href=\"https:\/\/fakebook.eco.br\/o-brasil-tem-um-plano-de-combate-ao-desmatamento\/\">\u00e9 gen\u00e9rico e n\u00e3o apresenta metas, indicadores, cronograma e formas de monitoramento<\/a>. Recentemente, o vice-presidente, Hamilton Mour\u00e3o, disse que prop\u00f4s a representantes de oito pa\u00edses europeus reduzir o desmatamento em 50%, at\u00e9 2023. A meta n\u00e3o foi formalizada por nenhuma norma ou comunicado oficial.<\/p>\n<p><strong>O que \u00e9 uma ADPF<\/strong><\/p>\n<p>AFPF \u00e9 um tipo de a\u00e7\u00e3o que busca evitar, suspender ou reparar dano a algum princ\u00edpio b\u00e1sico da Constitui\u00e7\u00e3o resultante de ato ou omiss\u00e3o do Poder P\u00fablico. A a\u00e7\u00e3o foi elaborada em conjunto com os partidos PSB, PDT, Rede, PV, PT, PSol e PCdoB.<\/p>\n<p><em>Fonte: Observat\u00f3rio do clima.<\/em><\/p>\n<p><strong>\u00a0<\/strong><\/p>\n","protected":false},"excerpt":{"rendered":"<p>Sete partidos pol\u00edticos protocolaram no Supremo Tribunal Federal (STF) uma A\u00e7\u00e3o por Descumprimento de Preceito Fundamental (ADPF), com dados e an\u00e1lises sobre a destrui\u00e7\u00e3o da floresta e a desestrutura\u00e7\u00e3o de pol\u00edticas ambientais promovidas pelo governo Bolsonaro (veja o\u00a0sum\u00e1rio da a\u00e7\u00e3o aqui). A iniciativa visa a retomada efetiva do Plano de A\u00e7\u00e3o para Preven\u00e7\u00e3o e Controle [&hellip;]<\/p>\n","protected":false},"author":4,"featured_media":82728,"comment_status":"open","ping_status":"open","sticky":false,"template":"","format":"standard","meta":{"jetpack_post_was_ever_published":false,"_jetpack_newsletter_access":"","_jetpack_dont_email_post_to_subs":false,"_jetpack_newsletter_tier_id":0,"_jetpack_memberships_contains_paywalled_content":false,"_jetpack_memberships_contains_paid_content":false,"footnotes":"","jetpack_publicize_message":"","jetpack_publicize_feature_enabled":true,"jetpack_social_post_already_shared":true,"jetpack_social_options":{"image_generator_settings":{"template":"highway","default_image_id":0,"font":"","enabled":false},"version":2}},"categories":[4],"tags":[50,16,109,51,76,83,69,86,138,108,96,190,143,139,52,87,107,53,141,67,71,72],"class_list":["post-82721","post","type-post","status-publish","format-standard","has-post-thumbnail","hentry","category-ambiente-geral","tag-amazonia","tag-ambiente","tag-bolsonaro","tag-desmatamento","tag-desmatamento-na-amazonia","tag-extincao","tag-floresta","tag-florestas","tag-governo","tag-governo-bolsonaro","tag-governo-federal","tag-icmbio","tag-incendios-florestais","tag-indigenas","tag-meio-ambiente","tag-mudancas-climaticas","tag-queimadas","tag-ricardo-salles","tag-rios","tag-socioambiental","tag-terras-indigenas","tag-unidades-de-conservacao"],"aioseo_notices":[],"jetpack_publicize_connections":[],"jetpack_featured_media_url":"https:\/\/www.jornalja.com.br\/ambiente\/wp-content\/uploads\/sites\/3\/2020\/11\/desmatamento-amazonia-foto-ibama.jpg","jetpack-related-posts":[{"id":83482,"url":"https:\/\/www.jornalja.com.br\/ambiente\/ambientalistas-querem-comprometimento-do-brasil-com-desmatamento-zero-na-cop-26\/","url_meta":{"origin":82721,"position":0},"title":"Ambientalistas querem Brasil com desmatamento zero na COP-26","author":"S\u00e9rgio Lagranha","date":"27 de outubro de 2021","format":false,"excerpt":"A contribui\u00e7\u00e3o mais importante do Brasil na 26\u00aa edi\u00e7\u00e3o da Confer\u00eancia das Na\u00e7\u00f5es Unidas sobre Mudan\u00e7a Clim\u00e1tica (COP-26) \u00e9 o desmatamento zero, principalmente na Amaz\u00f4nia. Essa foi a conclus\u00e3o da comiss\u00e3o geral, quando a sess\u00e3o da C\u00e2mara dos Deputados se transforma para debater assunto relevante com a participa\u00e7\u00e3o de representantes\u2026","rel":"","context":"Em &quot;Ambiente J\u00c1-MAT\u00c9RIA&quot;","block_context":{"text":"Ambiente J\u00c1-MAT\u00c9RIA","link":"https:\/\/www.jornalja.com.br\/ambiente\/category\/ambiente-geral\/"},"img":{"alt_text":"Governo Bolsonaro ainda n\u00e3o informou como pretende cumprir a meta de zerar o desmatamento na regi\u00e3o amaz\u00f4nica \/ Divulga\u00e7\u00e3o Embrapa","src":"https:\/\/i0.wp.com\/www.jornalja.com.br\/ambiente\/wp-content\/uploads\/sites\/3\/2021\/10\/floresta-amazonica-divulgacao-embrapa.jpg?resize=350%2C200&ssl=1","width":350,"height":200,"srcset":"https:\/\/i0.wp.com\/www.jornalja.com.br\/ambiente\/wp-content\/uploads\/sites\/3\/2021\/10\/floresta-amazonica-divulgacao-embrapa.jpg?resize=350%2C200&ssl=1 1x, https:\/\/i0.wp.com\/www.jornalja.com.br\/ambiente\/wp-content\/uploads\/sites\/3\/2021\/10\/floresta-amazonica-divulgacao-embrapa.jpg?resize=525%2C300&ssl=1 1.5x, https:\/\/i0.wp.com\/www.jornalja.com.br\/ambiente\/wp-content\/uploads\/sites\/3\/2021\/10\/floresta-amazonica-divulgacao-embrapa.jpg?resize=700%2C400&ssl=1 2x"},"classes":[]},{"id":76640,"url":"https:\/\/www.jornalja.com.br\/ambiente\/agronegocio-teme-que-discurso-ambiental-de-bolsonaro-afete-exportacao\/","url_meta":{"origin":82721,"position":1},"title":"Agroneg\u00f3cio teme que discurso ambiental de Bolsonaro afete exporta\u00e7\u00e3o","author":"Carlos Matsubara","date":"23 de agosto de 2019","format":false,"excerpt":"\u00a0 Representantes do agroneg\u00f3cio est\u00e3o preocupados que a ret\u00f3rica agressiva do presidente Jair Bolsonaro (PSL) sobre a Amaz\u00f4nia prejudique as exporta\u00e7\u00f5es, especialmente para a Europa. Nas \u00faltimas semanas, Bolsonaro criou atritos com Fran\u00e7a, Alemanha e Noruega, questionando a legitimidade desses pa\u00edses em cobrar mais preserva\u00e7\u00e3o das florestas brasileiras. Para o\u2026","rel":"","context":"Em &quot;Ambiente J\u00c1-MAT\u00c9RIA&quot;","block_context":{"text":"Ambiente J\u00c1-MAT\u00c9RIA","link":"https:\/\/www.jornalja.com.br\/ambiente\/category\/ambiente-geral\/"},"img":{"alt_text":"","src":"","width":0,"height":0},"classes":[]},{"id":76483,"url":"https:\/\/www.jornalja.com.br\/ambiente\/primeiro-dia-da-semana-do-clima-tem-discussoes-sobre-futuro-climatico\/","url_meta":{"origin":82721,"position":2},"title":"Primeiro dia da Semana do Clima tem discuss\u00f5es sobre futuro clim\u00e1tico","author":"Carlos Matsubara","date":"19 de agosto de 2019","format":false,"excerpt":"\u00a0 Come\u00e7ou na manh\u00e3 desta segunda-feira (19) a Semana Latino-Americana e Caribenha sobre Mudan\u00e7a do Clima, realizada pela Organiza\u00e7\u00e3o das Na\u00e7\u00f5es Unidas (ONU) em Salvador. O evento segue at\u00e9 a pr\u00f3xima sexta-feira (23). A Semana do Clima reunir\u00e1 l\u00edderes, formuladores de pol\u00edticas, atores regionais e globais para discutir a\u00e7\u00f5es clim\u00e1ticas\u2026","rel":"","context":"Em &quot;Ambiente J\u00c1-MAT\u00c9RIA&quot;","block_context":{"text":"Ambiente J\u00c1-MAT\u00c9RIA","link":"https:\/\/www.jornalja.com.br\/ambiente\/category\/ambiente-geral\/"},"img":{"alt_text":"","src":"","width":0,"height":0},"classes":[]},{"id":82824,"url":"https:\/\/www.jornalja.com.br\/ambiente\/meio-ambiente-enquanto-bolsonaro-ocupa-as-manchetes-salles-vai-passando-a-boiada\/","url_meta":{"origin":82721,"position":3},"title":"Meio ambiente: enquanto Bolsonaro ocupa as manchetes, Salles &#8220;vai passando a boiada&#8221;","author":"da Reda\u00e7\u00e3o","date":"22 de janeiro de 2021","format":false,"excerpt":"O or\u00e7amento proposto para o Minist\u00e9rio do Meio Ambiente neste ano\u00a0 \u00e9 o menor desde o ano 2.000, segundo relat\u00f3rio da rede Observat\u00f3rio do Clima. Nos \u00faltimos 20 anos, o or\u00e7amento do MMA nunca ficou abaixo de R$ 2,9 bilh\u00f5es, segundo a s\u00e9rie analisada. Em 2021, o or\u00e7amento que est\u00e1\u2026","rel":"","context":"Em &quot;Ambiente J\u00c1-MAT\u00c9RIA&quot;","block_context":{"text":"Ambiente J\u00c1-MAT\u00c9RIA","link":"https:\/\/www.jornalja.com.br\/ambiente\/category\/ambiente-geral\/"},"img":{"alt_text":"","src":"https:\/\/i0.wp.com\/www.jornalja.com.br\/ambiente\/wp-content\/uploads\/sites\/3\/2021\/01\/salles-na-reuniao-ministerial.jpg?resize=350%2C200&ssl=1","width":350,"height":200,"srcset":"https:\/\/i0.wp.com\/www.jornalja.com.br\/ambiente\/wp-content\/uploads\/sites\/3\/2021\/01\/salles-na-reuniao-ministerial.jpg?resize=350%2C200&ssl=1 1x, https:\/\/i0.wp.com\/www.jornalja.com.br\/ambiente\/wp-content\/uploads\/sites\/3\/2021\/01\/salles-na-reuniao-ministerial.jpg?resize=525%2C300&ssl=1 1.5x, https:\/\/i0.wp.com\/www.jornalja.com.br\/ambiente\/wp-content\/uploads\/sites\/3\/2021\/01\/salles-na-reuniao-ministerial.jpg?resize=700%2C400&ssl=1 2x, https:\/\/i0.wp.com\/www.jornalja.com.br\/ambiente\/wp-content\/uploads\/sites\/3\/2021\/01\/salles-na-reuniao-ministerial.jpg?resize=1050%2C600&ssl=1 3x"},"classes":[]},{"id":77528,"url":"https:\/\/www.jornalja.com.br\/ambiente\/human-rights-watch-denuncia-violencia-na-amazonia-encorajada-pelo-governo\/","url_meta":{"origin":82721,"position":4},"title":"Human Rights Watch denuncia viol\u00eancia na Amaz\u00f4nia &#039;encorajada&#039; pelo governo","author":"da Reda\u00e7\u00e3o","date":"17 de setembro de 2019","format":false,"excerpt":"H\u00e1 uma d\u00e9cada denunciando a extra\u00e7\u00e3o ilegal de madeira, Osvalinda e Daniel Pereira encontraram duas covas com duas cruzes de madeira no quintal de casa, no assentamento Areia, pr\u00f3ximo a Trair\u00e3o (oeste do Par\u00e1), em junho do ano passado. Depois de denunciar ao Minist\u00e9rio P\u00fablico o desmatamento ilegal, Gilson Temponi,\u2026","rel":"","context":"Em &quot;Ambiente J\u00c1-MAT\u00c9RIA&quot;","block_context":{"text":"Ambiente J\u00c1-MAT\u00c9RIA","link":"https:\/\/www.jornalja.com.br\/ambiente\/category\/ambiente-geral\/"},"img":{"alt_text":"","src":"","width":0,"height":0},"classes":[]},{"id":76382,"url":"https:\/\/www.jornalja.com.br\/ambiente\/noruega-suspende-r-133-milhoes-para-protecao-da-amazonia\/","url_meta":{"origin":82721,"position":5},"title":"Noruega suspende R$ 133 milh\u00f5es para prote\u00e7\u00e3o da Amaz\u00f4nia","author":"Carlos Matsubara","date":"15 de agosto de 2019","format":false,"excerpt":"O ministro do Clima e Meio Ambiente da Noruega, Ola Elvestuen, anunciou nesta quinta-feira a suspens\u00e3o dos repasses de 300 milh\u00f5es de coroas norueguesas, o equivalente a R$ 133 milh\u00f5es, que seriam destinados ao Fundo Amaz\u00f4nia. Segundo o jornal noruegu\u00eas \"Dagens N\u00e6ringsliv\" (DV), especializado em neg\u00f3cios, o governo local estaria\u2026","rel":"","context":"Em &quot;Ambiente J\u00c1-MAT\u00c9RIA&quot;","block_context":{"text":"Ambiente J\u00c1-MAT\u00c9RIA","link":"https:\/\/www.jornalja.com.br\/ambiente\/category\/ambiente-geral\/"},"img":{"alt_text":"","src":"","width":0,"height":0},"classes":[]}],"jetpack_shortlink":"https:\/\/wp.me\/pbKnZo-lwd","jetpack_sharing_enabled":true,"_links":{"self":[{"href":"https:\/\/www.jornalja.com.br\/ambiente\/wp-json\/wp\/v2\/posts\/82721","targetHints":{"allow":["GET"]}}],"collection":[{"href":"https:\/\/www.jornalja.com.br\/ambiente\/wp-json\/wp\/v2\/posts"}],"about":[{"href":"https:\/\/www.jornalja.com.br\/ambiente\/wp-json\/wp\/v2\/types\/post"}],"author":[{"embeddable":true,"href":"https:\/\/www.jornalja.com.br\/ambiente\/wp-json\/wp\/v2\/users\/4"}],"replies":[{"embeddable":true,"href":"https:\/\/www.jornalja.com.br\/ambiente\/wp-json\/wp\/v2\/comments?post=82721"}],"version-history":[{"count":1,"href":"https:\/\/www.jornalja.com.br\/ambiente\/wp-json\/wp\/v2\/posts\/82721\/revisions"}],"predecessor-version":[{"id":82729,"href":"https:\/\/www.jornalja.com.br\/ambiente\/wp-json\/wp\/v2\/posts\/82721\/revisions\/82729"}],"wp:featuredmedia":[{"embeddable":true,"href":"https:\/\/www.jornalja.com.br\/ambiente\/wp-json\/wp\/v2\/media\/82728"}],"wp:attachment":[{"href":"https:\/\/www.jornalja.com.br\/ambiente\/wp-json\/wp\/v2\/media?parent=82721"}],"wp:term":[{"taxonomy":"category","embeddable":true,"href":"https:\/\/www.jornalja.com.br\/ambiente\/wp-json\/wp\/v2\/categories?post=82721"},{"taxonomy":"post_tag","embeddable":true,"href":"https:\/\/www.jornalja.com.br\/ambiente\/wp-json\/wp\/v2\/tags?post=82721"}],"curies":[{"name":"wp","href":"https:\/\/api.w.org\/{rel}","templated":true}]}}