{"id":82789,"date":"2020-12-21T23:43:17","date_gmt":"2020-12-22T02:43:17","guid":{"rendered":"https:\/\/www.jornalja.com.br\/ambiente\/?p=82789"},"modified":"2020-12-21T23:43:17","modified_gmt":"2020-12-22T02:43:17","slug":"balsa-levou-pf-a-maior-apreensao-de-madeira-ilegal-na-amazonia","status":"publish","type":"post","link":"https:\/\/www.jornalja.com.br\/ambiente\/balsa-levou-pf-a-maior-apreensao-de-madeira-ilegal-na-amazonia\/","title":{"rendered":"Balsa levou PF \u00e0 maior apreens\u00e3o de madeira ilegal na Amaz\u00f4nia"},"content":{"rendered":"<p>A Pol\u00edcia Federal divulgou, nesta segunda-feira (21), a maior apreens\u00e3o de madeira nativa da hist\u00f3ria. S\u00e3o 43,7 mil toras, j\u00e1 prontas para embarque, encontradas em v\u00e1rios pontos ao longo dos rios Mamuru e Arapiuns, no Par\u00e1.<\/p>\n<p>O volume de madeira apreendida \u00e9 estimado em 131 mil metros c\u00fabicos, volume suficiente para a constru\u00e7\u00e3o de 2.620 casas populares.<\/p>\n<p>Segundo o Minist\u00e9rio P\u00fablico Federal do Amazonas, esse volume pode ser ainda maior.<\/p>\n<p>O c\u00e1lculo da apreens\u00e3o \u00e9 preliminar e considerado conservador pela PF. Haver\u00e1 uma per\u00edcia mais apurada nos pr\u00f3ximos dias com o apoio do Ex\u00e9rcito.<\/p>\n<p>As investiga\u00e7\u00f5es come\u00e7aram ap\u00f3s a apreens\u00e3o, em meados de novembro, de uma balsa em Parintins, munic\u00edpio amazonense que faz fronteira com o Par\u00e1. A embarca\u00e7\u00e3o tinha 3 mil metros c\u00fabicos de madeira extra\u00eddos em terras paraenses.<\/p>\n<p>Imagens de sat\u00e9lite e sobrevoos de helic\u00f3ptero levaram a Pol\u00edcia Federal aos locais onde foram encontradas as toras de madeira.<\/p>\n<p>De acordo com o procurador da Rep\u00fablica Leonardo Galiano, respons\u00e1vel pelo caso, agora o resgate de toda a madeira ser\u00e1 feito em colabora\u00e7\u00e3o com o Ex\u00e9rcito. Galiano disse que a madeira desmatada seguiria para fora do pa\u00eds.<\/p>\n<p>\u201cMadeira de alto valor agregado, como Ip\u00ea e outras tamb\u00e9m impactadas com essa explora\u00e7\u00e3o ilegal. \u00a0A apreens\u00e3o agora vai ser feita com apoio das For\u00e7as Armadas, em decorr\u00eancia dos trabalhos da Opera\u00e7\u00e3o Verde Brasil 2\u201d.<\/p>\n<p>A opera\u00e7\u00e3o divulgada nessa segunda-feira foi chamada de Handroanthus GLO, que faz refer\u00eancia ao nome cient\u00edfico do Ip\u00ea. Segundo o MPF, a esp\u00e9cie \u00e9 a mais explorada da regi\u00e3o amaz\u00f4nica. O nome da opera\u00e7\u00e3o tamb\u00e9m faz refer\u00eancia ao decreto presidencial que autorizou a atua\u00e7\u00e3o das For\u00e7as Armadas na Garantia da Lei e da Ordem, para o combate ao desmatamento ilegal e a focos de inc\u00eandio na Amaz\u00f4nia.<\/p>\n<p>(Com Ag\u00eancia Brasil)<\/p>\n","protected":false},"excerpt":{"rendered":"<p>A Pol\u00edcia Federal divulgou, nesta segunda-feira (21), a maior apreens\u00e3o de madeira nativa da hist\u00f3ria. S\u00e3o 43,7 mil toras, j\u00e1 prontas para embarque, encontradas em v\u00e1rios pontos ao longo dos rios Mamuru e Arapiuns, no Par\u00e1. O volume de madeira apreendida \u00e9 estimado em 131 mil metros c\u00fabicos, volume suficiente para a constru\u00e7\u00e3o de 2.620 [&hellip;]<\/p>\n","protected":false},"author":4,"featured_media":82790,"comment_status":"open","ping_status":"open","sticky":false,"template":"","format":"standard","meta":{"jetpack_post_was_ever_published":false,"_jetpack_newsletter_access":"","_jetpack_dont_email_post_to_subs":false,"_jetpack_newsletter_tier_id":0,"_jetpack_memberships_contains_paywalled_content":false,"_jetpack_memberships_contains_paid_content":false,"footnotes":"","jetpack_publicize_message":"","jetpack_publicize_feature_enabled":true,"jetpack_social_post_already_shared":true,"jetpack_social_options":{"image_generator_settings":{"template":"highway","default_image_id":0,"font":"","enabled":false},"version":2}},"categories":[4],"tags":[50,51,212,141],"class_list":["post-82789","post","type-post","status-publish","format-standard","has-post-thumbnail","hentry","category-ambiente-geral","tag-amazonia","tag-desmatamento","tag-policia-federal","tag-rios"],"aioseo_notices":[],"jetpack_publicize_connections":[],"jetpack_featured_media_url":"https:\/\/www.jornalja.com.br\/ambiente\/wp-content\/uploads\/sites\/3\/2020\/12\/ambiente-ja-apreensao-de-madeira-na-amazonioa-pela-pf-divulgacao.jpg","jetpack-related-posts":[{"id":82067,"url":"https:\/\/www.jornalja.com.br\/ambiente\/maior-operacao-ambiental-na-amazonia-desarticula-rede-de-desmatadores\/","url_meta":{"origin":82789,"position":0},"title":"Maior opera\u00e7\u00e3o ambiental na Amaz\u00f4nia desarticula rede de desmatadores","author":"da Reda\u00e7\u00e3o","date":"3 de junho de 2020","format":false,"excerpt":"Uma a\u00e7\u00e3o conjunta das pol\u00edcias civil e militar do Amazonas desarticulou uma organiza\u00e7\u00e3o criminosa respons\u00e1vel por desmatamento e com\u00e9rcio ilegal de madeira no estado. A opera\u00e7\u00e3o Flora Amaz\u00f4nica foi deflagrada nessa ter\u00e7a-feira. Mais de 400 policias participaram da a\u00e7\u00e3o. Oitenta mandados de busca e apreens\u00e3o foram cumpridos. O secret\u00e1rio de\u2026","rel":"","context":"Em &quot;Ambiente J\u00c1-MAT\u00c9RIA&quot;","block_context":{"text":"Ambiente J\u00c1-MAT\u00c9RIA","link":"https:\/\/www.jornalja.com.br\/ambiente\/category\/ambiente-geral\/"},"img":{"alt_text":"","src":"","width":0,"height":0},"classes":[]},{"id":82792,"url":"https:\/\/www.jornalja.com.br\/ambiente\/mourao-faz-primeiro-balanco-de-sua-atuacao-no-conselho-da-amazonia\/","url_meta":{"origin":82789,"position":1},"title":"Mour\u00e3o faz primeiro balan\u00e7o de sua atua\u00e7\u00e3o no Conselho da Amaz\u00f4nia","author":"da Reda\u00e7\u00e3o","date":"27 de dezembro de 2020","format":false,"excerpt":"O vice-presidente Hamilton Mour\u00e3o fez neste domingo (27) um balan\u00e7o da atua\u00e7\u00e3o do governo desde que ele assumiu a presid\u00eancia do Conselho Nacional da Amaz\u00f4nia Legal, em fevereiro de 2020. \u201cA Amaz\u00f4nia sofria com aus\u00eancia do Estado, projetos inconsistentes e cren\u00e7as ambientais equivocadas que, por anos, foram deliberadamente plantadas e\u2026","rel":"","context":"Em &quot;Ambiente J\u00c1-MAT\u00c9RIA&quot;","block_context":{"text":"Ambiente J\u00c1-MAT\u00c9RIA","link":"https:\/\/www.jornalja.com.br\/ambiente\/category\/ambiente-geral\/"},"img":{"alt_text":"Madeira apreendida na opera\u00e7\u00e3o Verde Brasil. Foto: Ibama","src":"https:\/\/i0.wp.com\/www.jornalja.com.br\/ambiente\/wp-content\/uploads\/sites\/3\/2020\/11\/desmatamento-amazonia-foto-ibama.jpg?resize=350%2C200&ssl=1","width":350,"height":200,"srcset":"https:\/\/i0.wp.com\/www.jornalja.com.br\/ambiente\/wp-content\/uploads\/sites\/3\/2020\/11\/desmatamento-amazonia-foto-ibama.jpg?resize=350%2C200&ssl=1 1x, https:\/\/i0.wp.com\/www.jornalja.com.br\/ambiente\/wp-content\/uploads\/sites\/3\/2020\/11\/desmatamento-amazonia-foto-ibama.jpg?resize=525%2C300&ssl=1 1.5x, https:\/\/i0.wp.com\/www.jornalja.com.br\/ambiente\/wp-content\/uploads\/sites\/3\/2020\/11\/desmatamento-amazonia-foto-ibama.jpg?resize=700%2C400&ssl=1 2x, https:\/\/i0.wp.com\/www.jornalja.com.br\/ambiente\/wp-content\/uploads\/sites\/3\/2020\/11\/desmatamento-amazonia-foto-ibama.jpg?resize=1050%2C600&ssl=1 3x"},"classes":[]},{"id":76919,"url":"https:\/\/www.jornalja.com.br\/ambiente\/exercito-faz-oito-prisoes-na-operacao-verde-brasil-em-rondonia\/","url_meta":{"origin":82789,"position":2},"title":"Ex\u00e9rcito faz oito pris\u00f5es na Opera\u00e7\u00e3o Verde Brasil, em Rond\u00f4nia","author":"da Reda\u00e7\u00e3o","date":"2 de setembro de 2019","format":false,"excerpt":"O Ex\u00e9rcito divulgou o balan\u00e7o de uma semana da Opera\u00e7\u00e3o Verde Brasil, em Rond\u00f4nia. Oito pessoas foram detidas no \u00e2mbito dessa opera\u00e7\u00e3o de combate a inc\u00eandios e crimes ambientais na Amaz\u00f4nia. Entre os crimes que cometeram est\u00e3o extra\u00e7\u00e3o ilegal de madeira, queima ilegal do solo e porte ilegal de armas.\u2026","rel":"","context":"Em &quot;Ambiente J\u00c1-MAT\u00c9RIA&quot;","block_context":{"text":"Ambiente J\u00c1-MAT\u00c9RIA","link":"https:\/\/www.jornalja.com.br\/ambiente\/category\/ambiente-geral\/"},"img":{"alt_text":"","src":"","width":0,"height":0},"classes":[]},{"id":83423,"url":"https:\/\/www.jornalja.com.br\/ambiente\/pf-desarticula-garimpo-ilegal-que-desmatou-60-mil-hectares-no-maranhao\/","url_meta":{"origin":82789,"position":3},"title":"PF desarticula garimpo ilegal que desmatou 60 mil hectares no Maranh\u00e3o","author":"da Reda\u00e7\u00e3o","date":"15 de setembro de 2021","format":false,"excerpt":"Uma organiza\u00e7\u00e3o criminosa que atua em garimpos ilegais de ouro na regi\u00e3o do munic\u00edpio de Centro Novo, no Maranh\u00e3o \u00e9 o alvo da Opera\u00e7\u00e3o Curim\u00e3, da Pol\u00edcia Federal, nesta quarta-feira (15). Segundo a PF, os criminosos t\u00eam grande poderio econ\u00f4mico e pol\u00edtico e atuam na regi\u00e3o h\u00e1 pelo menos tr\u00eas\u2026","rel":"","context":"Em &quot;Ambiente J\u00c1-MAT\u00c9RIA&quot;","block_context":{"text":"Ambiente J\u00c1-MAT\u00c9RIA","link":"https:\/\/www.jornalja.com.br\/ambiente\/category\/ambiente-geral\/"},"img":{"alt_text":"","src":"https:\/\/i0.wp.com\/www.jornalja.com.br\/ambiente\/wp-content\/uploads\/sites\/3\/2021\/09\/garimpo-no-maranhao-2.png?resize=350%2C200&ssl=1","width":350,"height":200,"srcset":"https:\/\/i0.wp.com\/www.jornalja.com.br\/ambiente\/wp-content\/uploads\/sites\/3\/2021\/09\/garimpo-no-maranhao-2.png?resize=350%2C200&ssl=1 1x, https:\/\/i0.wp.com\/www.jornalja.com.br\/ambiente\/wp-content\/uploads\/sites\/3\/2021\/09\/garimpo-no-maranhao-2.png?resize=525%2C300&ssl=1 1.5x, https:\/\/i0.wp.com\/www.jornalja.com.br\/ambiente\/wp-content\/uploads\/sites\/3\/2021\/09\/garimpo-no-maranhao-2.png?resize=700%2C400&ssl=1 2x"},"classes":[]},{"id":84633,"url":"https:\/\/www.jornalja.com.br\/ambiente\/amazonia-dez-garimpos-ilegais-destruidos-e-r-45-milhoes-em-multas\/","url_meta":{"origin":82789,"position":4},"title":"Amaz\u00f4nia: dez garimpos ilegais destru\u00eddos e R$ 4,5 milh\u00f5es em multas","author":"da Reda\u00e7\u00e3o","date":"12 de junho de 2023","format":false,"excerpt":"Dez garimpos ilegais destru\u00eddos e R$ 4,5 milh\u00f5es em multas aplicadas. Esse \u00e9 o saldo de 17 dias de atua\u00e7\u00e3o da For\u00e7a-Tarefa de Seguran\u00e7a P\u00fablica Ambiental na Floresta Nacional de Urupadi, localizada em Mau\u00e9s (AM), na regi\u00e3o sul do Amazonas, a cerca de 267 quil\u00f4metros de Manaus. Composta por agentes\u2026","rel":"","context":"Em &quot;Ambiente J\u00c1-MAT\u00c9RIA&quot;","block_context":{"text":"Ambiente J\u00c1-MAT\u00c9RIA","link":"https:\/\/www.jornalja.com.br\/ambiente\/category\/ambiente-geral\/"},"img":{"alt_text":"","src":"https:\/\/i0.wp.com\/www.jornalja.com.br\/ambiente\/wp-content\/uploads\/sites\/3\/2023\/06\/amazonia-acao-contra-garimpos-ilegais.jpeg?resize=350%2C200&ssl=1","width":350,"height":200},"classes":[]},{"id":82763,"url":"https:\/\/www.jornalja.com.br\/ambiente\/vinte-areas-indigenas-na-amazonia-ja-tem-loteamentos-ilegais-diz-greenpeace\/","url_meta":{"origin":82789,"position":5},"title":"Vinte \u00e1reas ind\u00edgenas na Amaz\u00f4nia j\u00e1 t\u00eam loteamentos ilegais, diz Greenpeace","author":"da Reda\u00e7\u00e3o","date":"7 de dezembro de 2020","format":false,"excerpt":"Os loteamentos ilegais na Amaz\u00f4nia j\u00e1 atingem pelo menos 20 \u00e1reas ind\u00edgenas, situadas em cinco estados: Par\u00e1, Amazonas, Acre, Rond\u00f4nia e Maranh\u00e3o. Em alguns casos os grileiros at\u00e9 j\u00e1 conseguiram \u00a0homologa\u00e7\u00e3o, segundo levantamentos feitos pelo Greenpeace e pelo Conselho Mission\u00e1rio Indigenista (Cimi) divulgados\u00a0 neste domingo. As invas\u00f5es resultam de uma\u2026","rel":"","context":"Em &quot;Ambiente J\u00c1-MAT\u00c9RIA&quot;","block_context":{"text":"Ambiente J\u00c1-MAT\u00c9RIA","link":"https:\/\/www.jornalja.com.br\/ambiente\/category\/ambiente-geral\/"},"img":{"alt_text":"","src":"https:\/\/i0.wp.com\/www.jornalja.com.br\/ambiente\/wp-content\/uploads\/sites\/3\/2020\/12\/amazonia-loteamentos-ilegais.jpg?resize=350%2C200&ssl=1","width":350,"height":200,"srcset":"https:\/\/i0.wp.com\/www.jornalja.com.br\/ambiente\/wp-content\/uploads\/sites\/3\/2020\/12\/amazonia-loteamentos-ilegais.jpg?resize=350%2C200&ssl=1 1x, https:\/\/i0.wp.com\/www.jornalja.com.br\/ambiente\/wp-content\/uploads\/sites\/3\/2020\/12\/amazonia-loteamentos-ilegais.jpg?resize=525%2C300&ssl=1 1.5x, https:\/\/i0.wp.com\/www.jornalja.com.br\/ambiente\/wp-content\/uploads\/sites\/3\/2020\/12\/amazonia-loteamentos-ilegais.jpg?resize=700%2C400&ssl=1 2x, https:\/\/i0.wp.com\/www.jornalja.com.br\/ambiente\/wp-content\/uploads\/sites\/3\/2020\/12\/amazonia-loteamentos-ilegais.jpg?resize=1050%2C600&ssl=1 3x"},"classes":[]}],"jetpack_shortlink":"https:\/\/wp.me\/pbKnZo-lxj","jetpack_sharing_enabled":true,"_links":{"self":[{"href":"https:\/\/www.jornalja.com.br\/ambiente\/wp-json\/wp\/v2\/posts\/82789","targetHints":{"allow":["GET"]}}],"collection":[{"href":"https:\/\/www.jornalja.com.br\/ambiente\/wp-json\/wp\/v2\/posts"}],"about":[{"href":"https:\/\/www.jornalja.com.br\/ambiente\/wp-json\/wp\/v2\/types\/post"}],"author":[{"embeddable":true,"href":"https:\/\/www.jornalja.com.br\/ambiente\/wp-json\/wp\/v2\/users\/4"}],"replies":[{"embeddable":true,"href":"https:\/\/www.jornalja.com.br\/ambiente\/wp-json\/wp\/v2\/comments?post=82789"}],"version-history":[{"count":1,"href":"https:\/\/www.jornalja.com.br\/ambiente\/wp-json\/wp\/v2\/posts\/82789\/revisions"}],"predecessor-version":[{"id":82791,"href":"https:\/\/www.jornalja.com.br\/ambiente\/wp-json\/wp\/v2\/posts\/82789\/revisions\/82791"}],"wp:featuredmedia":[{"embeddable":true,"href":"https:\/\/www.jornalja.com.br\/ambiente\/wp-json\/wp\/v2\/media\/82790"}],"wp:attachment":[{"href":"https:\/\/www.jornalja.com.br\/ambiente\/wp-json\/wp\/v2\/media?parent=82789"}],"wp:term":[{"taxonomy":"category","embeddable":true,"href":"https:\/\/www.jornalja.com.br\/ambiente\/wp-json\/wp\/v2\/categories?post=82789"},{"taxonomy":"post_tag","embeddable":true,"href":"https:\/\/www.jornalja.com.br\/ambiente\/wp-json\/wp\/v2\/tags?post=82789"}],"curies":[{"name":"wp","href":"https:\/\/api.w.org\/{rel}","templated":true}]}}