{"id":82796,"date":"2020-12-28T13:20:58","date_gmt":"2020-12-28T16:20:58","guid":{"rendered":"https:\/\/www.jornalja.com.br\/ambiente\/?p=82796"},"modified":"2020-12-28T13:20:58","modified_gmt":"2020-12-28T16:20:58","slug":"furnas-lanca-primeiro-leilao-de-certificados-de-energia-renovavel","status":"publish","type":"post","link":"https:\/\/www.jornalja.com.br\/ambiente\/furnas-lanca-primeiro-leilao-de-certificados-de-energia-renovavel\/","title":{"rendered":"Furnas lan\u00e7a primeiro leil\u00e3o de certificados de energia renov\u00e1vel"},"content":{"rendered":"<p>Ser\u00e3o ofertados dois produtos para benefici\u00e1rio final\u00a0 e comercializador de energia.<\/p>\n<p>\u00c9 o primeiro leil\u00e3o desse tipo no pa\u00eds e foi lan\u00e7ado nesta segunda-feira 28,<br \/>\npela Furnas Centrais Eletrobras, subsidi\u00e1ria da Eletrobr\u00e1s.<\/p>\n<p>Edital com as regras para a compra de certificados de energia renov\u00e1vel I-REC, j\u00e1 est\u00e1 na p\u00e1gina da estatal. O leil\u00e3o ser\u00e1 realizado no pr\u00f3ximo dia 29 de janeiro de 2021.<\/p>\n<p>O alvo s\u00e3o os consumidores focados em contribuir com o meio ambiente e sustentabilidade.<\/p>\n<p>Os interessados poder\u00e3o fazer propostas de quantidade de certificados e de pre\u00e7o, respeitada a quantidade m\u00ednima de 150.000 certificados no caso do produto 1 (benefici\u00e1rio final, empresas comprometidas em abater suas emiss\u00f5es) e 50.000 no caso do produto 2 (comercializador).<\/p>\n<p>Os produtos oferecidos s\u00e3o de fontes h\u00eddricas da empresa oriundos das hidrel\u00e9tricas de Itumbiara (2082 MW) e Serra da Mesa (1275MW), ambas localizadas em Goi\u00e1s.<\/p>\n<p>Para participar do leil\u00e3o \u00e9 preciso enviar e-mail\u00a0 para cer@furnas.com.br com o preenchimento do formul\u00e1rio de cadastro, e termo de ades\u00e3o, juntamente com a documenta\u00e7\u00e3o para habilita\u00e7\u00e3o conforme edital dispon\u00edvel no site www.furnas.com.br.<\/p>\n<p>Os participantes habilitados receber\u00e3o confirma\u00e7\u00e3o da empresa at\u00e9 \u00e0s 12h, do dia 26\/1.<\/p>\n<p>O certame ser\u00e1 realizado por meio do portal da plataforma PARADIGMA, no endere\u00e7o https:\/\/leilao.paradigmabs.com.br\/Furnas.<\/p>\n<p>Ao adquirir os Certificados de Energia Renov\u00e1veis (I-RECs) equivalentes ao montante de energia consumida, o usu\u00e1rio comprova sua origem renov\u00e1vel.<\/p>\n<p>O investimento auxilia no cumprimento das metas de sustentabilidade, j\u00e1 que \u00e9 poss\u00edvel o abatimento das emiss\u00f5es de gases de efeito estufa (escopo 2 \u2013 emiss\u00f5es indiretas pelo consumo de energia) no Programa Brasileiro GHG Protocol.<\/p>\n<p>O\u00a0diretor de Comercializa\u00e7\u00e3o e Regula\u00e7\u00e3o de FURNAS, Jos\u00e9 Alves de Mello Franco, avalia o crescimento do mercado de Certificados de Energia Renov\u00e1vel como engajamento das empresas em reduzir emiss\u00f5es de gases de efeito estufa no meio ambiente.<\/p>\n<p>\u201cNesta esteira a aquisi\u00e7\u00e3o de I-RECs \u00e9 uma alternativa eficaz e de f\u00e1cil acesso para empresas que buscam pol\u00edticas mais sustent\u00e1veis\u201d, ressalta.<\/p>\n<p>O I-REC permite a todos os usu\u00e1rios de eletricidade fazer uma escolha consciente e baseada em evid\u00eancias para a energia renov\u00e1vel, em qualquer pa\u00eds do mundo. Cada I-Rec equivale a 1 MWh de energia renov\u00e1vel gerada.<\/p>\n<p>Para Fabiana Teixeira, superintendente de Estudos de Mercado e Inova\u00e7\u00f5es de FURNAS, o leil\u00e3o abre portas para compradores mais exigentes que valorizam aspectos socioambientais.<\/p>\n<p>\u201cQueremos inspirar empresas a fazerem boas escolhas, fomentar o uso de energia renov\u00e1vel e contribuir para um planeta mais sustent\u00e1vel\u201d, complementa.<\/p>\n<p>Os empreendimentos certificados de FURNAS (UHE Itumbiara, UHE Serra da Mesa e usinas do complexo Fortim) foram auditados e aprovados pelo Instituto TOTUM, \u00fanica entidade certificadora no Brasil pelo I-REC Standard.<\/p>\n<p><strong>(Com informa\u00e7\u00f5es da Assessoria de Imprensa)\u00a0<\/strong><\/p>\n","protected":false},"excerpt":{"rendered":"<p>Ser\u00e3o ofertados dois produtos para benefici\u00e1rio final\u00a0 e comercializador de energia. \u00c9 o primeiro leil\u00e3o desse tipo no pa\u00eds e foi lan\u00e7ado nesta segunda-feira 28, pela Furnas Centrais Eletrobras, subsidi\u00e1ria da Eletrobr\u00e1s. Edital com as regras para a compra de certificados de energia renov\u00e1vel I-REC, j\u00e1 est\u00e1 na p\u00e1gina da estatal. O leil\u00e3o ser\u00e1 realizado [&hellip;]<\/p>\n","protected":false},"author":4,"featured_media":82798,"comment_status":"open","ping_status":"open","sticky":false,"template":"","format":"standard","meta":{"jetpack_post_was_ever_published":false,"_jetpack_newsletter_access":"","_jetpack_dont_email_post_to_subs":false,"_jetpack_newsletter_tier_id":0,"_jetpack_memberships_contains_paywalled_content":false,"_jetpack_memberships_contains_paid_content":false,"footnotes":"","jetpack_publicize_message":"","jetpack_publicize_feature_enabled":true,"jetpack_social_post_already_shared":true,"jetpack_social_options":{"image_generator_settings":{"template":"highway","default_image_id":0,"font":"","enabled":false},"version":2}},"categories":[4],"tags":[16,63,163,12,173,52,141,119],"class_list":["post-82796","post","type-post","status-publish","format-standard","has-post-thumbnail","hentry","category-ambiente-geral","tag-ambiente","tag-efeito-estufa","tag-emissoes","tag-energia","tag-energia-renovavel","tag-meio-ambiente","tag-rios","tag-sustentabilidade"],"aioseo_notices":[],"jetpack_publicize_connections":[],"jetpack_featured_media_url":"https:\/\/www.jornalja.com.br\/ambiente\/wp-content\/uploads\/sites\/3\/2020\/12\/ambiente-ja-furnas.jpg","jetpack-related-posts":[{"id":79598,"url":"https:\/\/www.jornalja.com.br\/ambiente\/credito-alavanca-investimentos-em-energias-renovaveis\/","url_meta":{"origin":82796,"position":0},"title":"Cr\u00e9dito alavanca investimentos em energias renov\u00e1veis","author":"da Reda\u00e7\u00e3o","date":"29 de novembro de 2019","format":false,"excerpt":"O\u00a0 Fundo Clima, linha de cr\u00e9dito do Banco Mundial, repassada no Brasil pelo BNDES, est\u00e1 na origem da expans\u00e3o geom\u00e9trica de projetos de energia e\u00f3lica e solar, nos \u00faltimos cinco anos. Com juros de 3,4% ao ano, \u00e9 um cr\u00e9dito para pequenos projetos, com limite de valores para pessoas jur\u00eddicas:\u2026","rel":"","context":"Em &quot;Ambiente J\u00c1-MAT\u00c9RIA&quot;","block_context":{"text":"Ambiente J\u00c1-MAT\u00c9RIA","link":"https:\/\/www.jornalja.com.br\/ambiente\/category\/ambiente-geral\/"},"img":{"alt_text":"","src":"","width":0,"height":0},"classes":[]},{"id":78438,"url":"https:\/\/www.jornalja.com.br\/ambiente\/eolica-e-solar-representam-um-terco-da-energia-comprada-no-leilao-da-aneel\/","url_meta":{"origin":82796,"position":1},"title":"E\u00f3lica e solar representam um ter\u00e7o da energia contratada no leil\u00e3o da Aneel","author":"da Reda\u00e7\u00e3o","date":"20 de outubro de 2019","format":false,"excerpt":"Contratos de R$ 44 bilh\u00f5es foram firmados na sexta-feira, 18, no leil\u00e3o da Ag\u00eancia de Energia El\u00e9trica, envolvendo projetos que v\u00e3o acrescentar ao sistema el\u00e9trico brasileiro cerca de 1,7 mil megawatts para atender \u00e0 demanda a partir de 2025. A maioria, quase a metade dos 91 projetos contratados, s\u00e3o de\u2026","rel":"","context":"Em &quot;Ambiente J\u00c1-MAT\u00c9RIA&quot;","block_context":{"text":"Ambiente J\u00c1-MAT\u00c9RIA","link":"https:\/\/www.jornalja.com.br\/ambiente\/category\/ambiente-geral\/"},"img":{"alt_text":"","src":"","width":0,"height":0},"classes":[]},{"id":85540,"url":"https:\/\/www.jornalja.com.br\/ambiente\/transicao-energetica-por-hidrogenio-verde-avanca-no-rio-grande-do-sul\/","url_meta":{"origin":82796,"position":2},"title":"Transi\u00e7\u00e3o energ\u00e9tica por Hidrog\u00eanio Verde avan\u00e7a no Rio Grande do Sul","author":"S\u00e9rgio Lagranha","date":"2 de abril de 2025","format":false,"excerpt":"A transi\u00e7\u00e3o energ\u00e9tica atrav\u00e9s do Hidrog\u00eanio Verde (H2V) est\u00e1 avan\u00e7ando no Rio Grande do Sul. Produzido principalmente por meio da eletr\u00f3lise da \u00e1gua, \u00e9 um processo que separa as mol\u00e9culas de hidrog\u00eanio (H\u2082) e oxig\u00eanio (O\u2082) utilizando eletricidade. Para que o hidrog\u00eanio seja considerado \"verde\", a eletricidade usada nesse processo\u2026","rel":"","context":"Em &quot;Ambiente J\u00c1-MAT\u00c9RIA&quot;","block_context":{"text":"Ambiente J\u00c1-MAT\u00c9RIA","link":"https:\/\/www.jornalja.com.br\/ambiente\/category\/ambiente-geral\/"},"img":{"alt_text":"","src":"https:\/\/i0.wp.com\/www.jornalja.com.br\/ambiente\/wp-content\/uploads\/sites\/3\/2025\/04\/20250402-170240-rotated.jpg?resize=350%2C200&ssl=1","width":350,"height":200,"srcset":"https:\/\/i0.wp.com\/www.jornalja.com.br\/ambiente\/wp-content\/uploads\/sites\/3\/2025\/04\/20250402-170240-rotated.jpg?resize=350%2C200&ssl=1 1x, https:\/\/i0.wp.com\/www.jornalja.com.br\/ambiente\/wp-content\/uploads\/sites\/3\/2025\/04\/20250402-170240-rotated.jpg?resize=525%2C300&ssl=1 1.5x, https:\/\/i0.wp.com\/www.jornalja.com.br\/ambiente\/wp-content\/uploads\/sites\/3\/2025\/04\/20250402-170240-rotated.jpg?resize=700%2C400&ssl=1 2x, https:\/\/i0.wp.com\/www.jornalja.com.br\/ambiente\/wp-content\/uploads\/sites\/3\/2025\/04\/20250402-170240-rotated.jpg?resize=1050%2C600&ssl=1 3x, https:\/\/i0.wp.com\/www.jornalja.com.br\/ambiente\/wp-content\/uploads\/sites\/3\/2025\/04\/20250402-170240-rotated.jpg?resize=1400%2C800&ssl=1 4x"},"classes":[]},{"id":79063,"url":"https:\/\/www.jornalja.com.br\/ambiente\/desmatamento-e-a-principal-causa-do-aumento-de-emissoes-de-gases\/","url_meta":{"origin":82796,"position":3},"title":"Desmatamento \u00e9 a principal causa do aumento de emiss\u00f5es de gases","author":"da Reda\u00e7\u00e3o","date":"10 de novembro de 2019","format":false,"excerpt":"Foi um aumento m\u00ednimo, de 0,2%. Mas, para quem \u00e9 o s\u00e9timo na lista dos maiores poluidores do planeta, o aumento das emiss\u00f5es de gases do efeito estufa no Brasil, em 2018, \u00e9 preocupante. Principalmente porque a causa principal \u2013 os desmatamentos e queimadas - parece fora de controle. O\u2026","rel":"","context":"Em &quot;Ambiente J\u00c1-MAT\u00c9RIA&quot;","block_context":{"text":"Ambiente J\u00c1-MAT\u00c9RIA","link":"https:\/\/www.jornalja.com.br\/ambiente\/category\/ambiente-geral\/"},"img":{"alt_text":"","src":"","width":0,"height":0},"classes":[]},{"id":83892,"url":"https:\/\/www.jornalja.com.br\/ambiente\/inventario-das-termeletricas-pouca-energia-e-muita-poluicao-nas-usinas-a-carvao\/","url_meta":{"origin":82796,"position":4},"title":"Invent\u00e1rio das termel\u00e9tricas: pouca energia e muita polui\u00e7\u00e3o nas usinas a carv\u00e3o","author":"da Reda\u00e7\u00e3o","date":"29 de junho de 2022","format":false,"excerpt":"Entre as dez usinas termel\u00e9tricas com maior taxa de emiss\u00e3o de gases de efeito estufa (GEE) no Brasil, cinco est\u00e3o localizadas na regi\u00e3o Sul, mostra o in\u00e9dito \u201cInvent\u00e1rio de Emiss\u00f5es Atmosf\u00e9ricas em Usinas Termel\u00e9tricas\u201d, estudo do Instituto de Energia e Meio Ambiente (IEMA) lan\u00e7ado nesta quinta, 30 de junho. O\u2026","rel":"","context":"Em &quot;Ambiente J\u00c1-MAT\u00c9RIA&quot;","block_context":{"text":"Ambiente J\u00c1-MAT\u00c9RIA","link":"https:\/\/www.jornalja.com.br\/ambiente\/category\/ambiente-geral\/"},"img":{"alt_text":"","src":"https:\/\/i0.wp.com\/www.jornalja.com.br\/ambiente\/wp-content\/uploads\/sites\/3\/2022\/06\/carvao-candiota.jpg?resize=350%2C200&ssl=1","width":350,"height":200,"srcset":"https:\/\/i0.wp.com\/www.jornalja.com.br\/ambiente\/wp-content\/uploads\/sites\/3\/2022\/06\/carvao-candiota.jpg?resize=350%2C200&ssl=1 1x, https:\/\/i0.wp.com\/www.jornalja.com.br\/ambiente\/wp-content\/uploads\/sites\/3\/2022\/06\/carvao-candiota.jpg?resize=525%2C300&ssl=1 1.5x, https:\/\/i0.wp.com\/www.jornalja.com.br\/ambiente\/wp-content\/uploads\/sites\/3\/2022\/06\/carvao-candiota.jpg?resize=700%2C400&ssl=1 2x, https:\/\/i0.wp.com\/www.jornalja.com.br\/ambiente\/wp-content\/uploads\/sites\/3\/2022\/06\/carvao-candiota.jpg?resize=1050%2C600&ssl=1 3x, https:\/\/i0.wp.com\/www.jornalja.com.br\/ambiente\/wp-content\/uploads\/sites\/3\/2022\/06\/carvao-candiota.jpg?resize=1400%2C800&ssl=1 4x"},"classes":[]},{"id":80925,"url":"https:\/\/www.jornalja.com.br\/ambiente\/japao-planeja-construir-22-usinas-a-carvao\/","url_meta":{"origin":82796,"position":5},"title":"Jap\u00e3o planeja construir 22 usinas a carv\u00e3o","author":"da Reda\u00e7\u00e3o","date":"4 de fevereiro de 2020","format":false,"excerpt":"Do New York Times \u00c9 uma conseq\u00fc\u00eancia n\u00e3o intencional do desastre nuclear de Fukushima h\u00e1 quase uma d\u00e9cada, que for\u00e7ou o Jap\u00e3o a encerrar seu programa de energia nuclear. O Jap\u00e3o agora planeja construir at\u00e9 22 novas usinas de queima de carv\u00e3o - uma das fontes mais sujas de eletricidade\u2026","rel":"","context":"Em &quot;Ambiente J\u00c1-MAT\u00c9RIA&quot;","block_context":{"text":"Ambiente J\u00c1-MAT\u00c9RIA","link":"https:\/\/www.jornalja.com.br\/ambiente\/category\/ambiente-geral\/"},"img":{"alt_text":"","src":"https:\/\/i0.wp.com\/www.jornalja.com.br\/ambiente\/wp-content\/uploads\/sites\/3\/2020\/02\/Usinas-a-carv%C3%A3o-no-Jap%C3%A3o-Foto-de-Noriko-Hayashi-para-o-New-York-Times.jpg?resize=350%2C200&ssl=1","width":350,"height":200,"srcset":"https:\/\/i0.wp.com\/www.jornalja.com.br\/ambiente\/wp-content\/uploads\/sites\/3\/2020\/02\/Usinas-a-carv%C3%A3o-no-Jap%C3%A3o-Foto-de-Noriko-Hayashi-para-o-New-York-Times.jpg?resize=350%2C200&ssl=1 1x, https:\/\/i0.wp.com\/www.jornalja.com.br\/ambiente\/wp-content\/uploads\/sites\/3\/2020\/02\/Usinas-a-carv%C3%A3o-no-Jap%C3%A3o-Foto-de-Noriko-Hayashi-para-o-New-York-Times.jpg?resize=525%2C300&ssl=1 1.5x, https:\/\/i0.wp.com\/www.jornalja.com.br\/ambiente\/wp-content\/uploads\/sites\/3\/2020\/02\/Usinas-a-carv%C3%A3o-no-Jap%C3%A3o-Foto-de-Noriko-Hayashi-para-o-New-York-Times.jpg?resize=700%2C400&ssl=1 2x, https:\/\/i0.wp.com\/www.jornalja.com.br\/ambiente\/wp-content\/uploads\/sites\/3\/2020\/02\/Usinas-a-carv%C3%A3o-no-Jap%C3%A3o-Foto-de-Noriko-Hayashi-para-o-New-York-Times.jpg?resize=1050%2C600&ssl=1 3x"},"classes":[]}],"jetpack_shortlink":"https:\/\/wp.me\/pbKnZo-lxq","jetpack_sharing_enabled":true,"_links":{"self":[{"href":"https:\/\/www.jornalja.com.br\/ambiente\/wp-json\/wp\/v2\/posts\/82796","targetHints":{"allow":["GET"]}}],"collection":[{"href":"https:\/\/www.jornalja.com.br\/ambiente\/wp-json\/wp\/v2\/posts"}],"about":[{"href":"https:\/\/www.jornalja.com.br\/ambiente\/wp-json\/wp\/v2\/types\/post"}],"author":[{"embeddable":true,"href":"https:\/\/www.jornalja.com.br\/ambiente\/wp-json\/wp\/v2\/users\/4"}],"replies":[{"embeddable":true,"href":"https:\/\/www.jornalja.com.br\/ambiente\/wp-json\/wp\/v2\/comments?post=82796"}],"version-history":[{"count":1,"href":"https:\/\/www.jornalja.com.br\/ambiente\/wp-json\/wp\/v2\/posts\/82796\/revisions"}],"predecessor-version":[{"id":82797,"href":"https:\/\/www.jornalja.com.br\/ambiente\/wp-json\/wp\/v2\/posts\/82796\/revisions\/82797"}],"wp:featuredmedia":[{"embeddable":true,"href":"https:\/\/www.jornalja.com.br\/ambiente\/wp-json\/wp\/v2\/media\/82798"}],"wp:attachment":[{"href":"https:\/\/www.jornalja.com.br\/ambiente\/wp-json\/wp\/v2\/media?parent=82796"}],"wp:term":[{"taxonomy":"category","embeddable":true,"href":"https:\/\/www.jornalja.com.br\/ambiente\/wp-json\/wp\/v2\/categories?post=82796"},{"taxonomy":"post_tag","embeddable":true,"href":"https:\/\/www.jornalja.com.br\/ambiente\/wp-json\/wp\/v2\/tags?post=82796"}],"curies":[{"name":"wp","href":"https:\/\/api.w.org\/{rel}","templated":true}]}}