{"id":82824,"date":"2021-01-22T12:57:02","date_gmt":"2021-01-22T15:57:02","guid":{"rendered":"https:\/\/www.jornalja.com.br\/ambiente\/?p=82824"},"modified":"2021-01-28T08:12:43","modified_gmt":"2021-01-28T11:12:43","slug":"meio-ambiente-enquanto-bolsonaro-ocupa-as-manchetes-salles-vai-passando-a-boiada","status":"publish","type":"post","link":"https:\/\/www.jornalja.com.br\/ambiente\/meio-ambiente-enquanto-bolsonaro-ocupa-as-manchetes-salles-vai-passando-a-boiada\/","title":{"rendered":"Meio ambiente: enquanto Bolsonaro ocupa as manchetes, Salles &#8220;vai passando a boiada&#8221;"},"content":{"rendered":"<p>O or\u00e7amento proposto para o Minist\u00e9rio do Meio Ambiente neste ano\u00a0 \u00e9 o menor desde o ano 2.000, segundo relat\u00f3rio da rede Observat\u00f3rio do Clima.<\/p>\n<p>Nos \u00faltimos 20 anos, o or\u00e7amento do MMA nunca ficou abaixo de R$ 2,9 bilh\u00f5es, segundo a s\u00e9rie analisada.<\/p>\n<p>Em 2021, o or\u00e7amento que est\u00e1 para ser votado no Congresso Nacional em fevereiro, prev\u00ea R$ 1,72 bilh\u00e3o para a pasta.<\/p>\n<p>&#8220;Passando a boiada \u2014 o segundo ano de desmonte ambiental sob Jair Bolsonaro&#8221;, \u00e9 o t\u00edtulo do documento divulgado nesta sexta-feira.<\/p>\n<p>Entre os principais cortes, est\u00e1 o or\u00e7amento destinado a fiscaliza\u00e7\u00e3o ambiental e combate a inc\u00eandios florestais. O valor ser\u00e1 27,4% menor do que o apresentado em 2020, caindo de R$ 174,8 milh\u00f5es para R$ 127 milh\u00f5es.<\/p>\n<p>A\u00a0redu\u00e7\u00e3o foi proposta mesmo diante do avan\u00e7o da taxa de desmatamento, que atingiu seu maior valor desde 2008, al\u00e9m da\u00a0perda de 30% da \u00e1rea do Pantanal em queimadas.<\/p>\n<p>J\u00e1 os recursos voltados para a gest\u00e3o das unidades de conserva\u00e7\u00e3o despencaram 61,5% em apenas um ano \u2014 em 2020, contava com R$ 209 milh\u00f5es em caixa; agora, ser\u00e3o R$ 131,1 milh\u00f5es.<\/p>\n<p>Esta fun\u00e7\u00e3o \u00e9 cumprida pelo Instituto Chico Mendes de Conserva\u00e7\u00e3o da Biodiversidade (ICMBio). O MMA est\u00e1 discutindo, desde o final do ano passado, a\u00a0fus\u00e3o do \u00f3rg\u00e3o com o Ibama. De acordo com ambientalistas, a medida prejudicaria a integridade de reservas, florestas, \u00e1reas de prote\u00e7\u00e3o ambiental e parques.<\/p>\n<p>&#8220;O objetivo do governo \u00e9 extinguir o ICMBio, seja por sua fus\u00e3o com o Ibama, seja desidratando seu or\u00e7amento&#8221;,\u00a0 alerta Marcio Astrini, secret\u00e1rio-executivo do Observat\u00f3rio do Clima, uma rede formada por 56 organiza\u00e7\u00f5es da sociedade civil.<\/p>\n<p>Segundo o OC, o Instituto Nacional de Pesquisas Espaciais (Inpe) perder\u00e1 10% de sua verba para monitoramento por sat\u00e9lite, passando de R$ 3,03 milh\u00f5es em 2020 para R$ 2,73 milh\u00f5es.<\/p>\n<p>O governo federal questiona os dados do \u00f3rg\u00e3o e quer que sua fun\u00e7\u00e3o seja desempenhada pelo Censipam, centro de pesquisas vinculado ao Minist\u00e9rio da Defesa e comandado por militares.<\/p>\n<p>&#8220;O sonho do governo Bolsonaro \u00e9 desqualificar os dados do Inpe. Como n\u00e3o conseguiu faz\u00ea-lo pelo discurso, agora tenta criar dados paralelos, em uma concorr\u00eancia falaciosa&#8221;,\u00a0 adverte Astrini.<\/p>\n<p>Com a dissemina\u00e7\u00e3o do fogo e a devasta\u00e7\u00e3o da mata, o Minist\u00e9rio da Defesa enviou 3.700 militares \u00e0 Amaz\u00f4nia, lan\u00e7ando a Opera\u00e7\u00e3o Verde Brasil 2.<\/p>\n<p>O Ibama tornou-se, pela primeira vez, subordinado \u00e0s For\u00e7as Armadas no combate \u00e0s atividades ilegais \u2014 atividade que exerce desde sua cria\u00e7\u00e3o, em 1989.<\/p>\n<p>Os resultados da opera\u00e7\u00e3o n\u00e3o corresponderam \u00e0 sua proposta.<\/p>\n<p>De acordo com o Minist\u00e9rio da Defesa, foram aplicados R$ 1,79 bilh\u00e3o em multas ambientais na Amaz\u00f4nia de 11 de maio a 11 de novembro.<\/p>\n<p>No mesmo per\u00edodo de 2019, o Ibama aplicou R$ 2,12 bilh\u00f5es em infra\u00e7\u00f5es. Trata-se de um resultado 18% maior, mobilizando um quinto do efetivo, j\u00e1 que o instituto contava com 750 fiscais.<\/p>\n<p>&#8220;As For\u00e7as Armadas n\u00e3o t\u00eam a expertise do Ibama para realizar apreens\u00f5es ou combater o desmatamento, por isso deve servir como for\u00e7a auxiliar, e n\u00e3o com o papel principal&#8221;,avalia Astrini.<\/p>\n<p>O total de multas aplicadas pelo Ibama em 2020 caiu 20% em rela\u00e7\u00e3o ao ano anterior e atingiu o menor patamar das \u00faltimas duas d\u00e9cadas. O governo federal determinou, em 2019, que o pagamento de infra\u00e7\u00f5es deveria ser aplicado somente ap\u00f3s sua an\u00e1lise em &#8220;audi\u00eancias de concilia\u00e7\u00e3o&#8221;. No entanto, segundo dados obtidos pelo OC via Lei de Acesso \u00e0 Informa\u00e7\u00e3o, o Ibama realizou apenas cinco audi\u00eancias, de um total de 7.205 agendadas, entre abril de 2019 e outubro de 2020. O ICMBio n\u00e3o fez nenhuma.<\/p>\n<p>&#8221; N\u00e3o falta dinheiro para o meio ambiente. Falta governo. O or\u00e7amento n\u00e3o \u00e9 todo gasto, as multas n\u00e3o s\u00e3o pagas, e cerca de R$ 3 bilh\u00f5es do Fundo Amaz\u00f4nia est\u00e3o parados&#8221;, diz Astrini.<\/p>\n<p>Contra inc\u00eandios:\u00a0\u00a0Ibama gastou menos de 40% do or\u00e7amento de fiscaliza\u00e7\u00e3o e combate a desmatamento e queimadas em 2020<\/p>\n<p>Partidos de oposi\u00e7\u00e3o ao governo levaram a\u00e7\u00f5es ao Supremo Tribunal Federal contra o engavetamento dos recursos do Fundo Amaz\u00f4nia, a in\u00e9rcia das c\u00e2maras de concilia\u00e7\u00e3o de multas e a &#8220;paralisia deliberada&#8221;, por mais de um ano, do Fundo Nacional sobre Mudan\u00e7a do Clima.<\/p>\n<p>O STF revogou este ano portarias do Conselho Nacional de Meio Ambiente que\u00a0fragilizariam a prote\u00e7\u00e3o de restingas e manguezais, ecossistemas pressionados pelo setor imobili\u00e1rio.<\/p>\n<p>Em 2021, segundo o OC, a perspectiva \u00e9 que o pa\u00eds se isole anda mais no cen\u00e1rio internacional, com o retorno dos EUA ao Acordo de Paris. A agenda clim\u00e1tica assumir\u00e1 protagonismo e deve unir a Casa Branca a Europa e China. O Brasil, no entanto, deve permanecer \u00e0 sua postura negacionista sobre as mudan\u00e7as clim\u00e1ticas.<\/p>\n<p>V\u00eddeo de reuni\u00e3o ministerial em que Salles fala sobre &#8216;passar a boiada&#8217;: ministro n\u00e3o quer ser punido por dar declara\u00e7\u00e3o Foto: Reprodu\u00e7\u00e3o\/22-5-2020<\/p>\n<p>Al\u00e9m da dissolu\u00e7\u00e3o do ICMBio e da amea\u00e7a \u00e0 transpar\u00eancia das medi\u00e7\u00f5es do Inpe, teme-se que Bolsonaro dedique sua agenda interna em 2021 a novas investidas contra o C\u00f3digo Florestal e \u00e0 legaliza\u00e7\u00e3o da minera\u00e7\u00e3o em terras ind\u00edgenas.<\/p>\n<p>Salles tamb\u00e9m come\u00e7ou o ano tentando dissociar-se de um termo que se tornou-se not\u00f3rio na agenda militar em sua gest\u00e3o. A\u00a0consultoria jur\u00eddica do minist\u00e9rio pediu ao STF que o ministro n\u00e3o seja punido pela frase &#8220;passar a boiada&#8221;, dita em uma reuni\u00e3o ministerial no dia 22 de abril do ano passado:<\/p>\n<p>&#8220;Precisa ter um esfor\u00e7o nosso aqui enquanto estamos nesse momento de tranquilidade no aspecto de cobertura de imprensa porque s\u00f3 se fala de Covid e ir passando a boiada e mudando todo o regramento e simplificando&#8221;, disse Salles na reuni\u00e3o.<\/p>\n<p>&nbsp;<\/p>\n<p>&nbsp;<\/p>\n","protected":false},"excerpt":{"rendered":"<p>O or\u00e7amento proposto para o Minist\u00e9rio do Meio Ambiente neste ano\u00a0 \u00e9 o menor desde o ano 2.000, segundo relat\u00f3rio da rede Observat\u00f3rio do Clima. Nos \u00faltimos 20 anos, o or\u00e7amento do MMA nunca ficou abaixo de R$ 2,9 bilh\u00f5es, segundo a s\u00e9rie analisada. Em 2021, o or\u00e7amento que est\u00e1 para ser votado no Congresso [&hellip;]<\/p>\n","protected":false},"author":4,"featured_media":82825,"comment_status":"open","ping_status":"open","sticky":false,"template":"","format":"standard","meta":{"jetpack_post_was_ever_published":false,"_jetpack_newsletter_access":"","_jetpack_dont_email_post_to_subs":false,"_jetpack_newsletter_tier_id":0,"_jetpack_memberships_contains_paywalled_content":false,"_jetpack_memberships_contains_paid_content":false,"footnotes":"","jetpack_publicize_message":"","jetpack_publicize_feature_enabled":true,"jetpack_social_post_already_shared":true,"jetpack_social_options":{"image_generator_settings":{"template":"highway","default_image_id":0,"font":"","enabled":false},"version":2}},"categories":[4],"tags":[50,39,16,82,109,129,51,220,69,86,138,108,96,190,143,139,52,33,34,87,210,107,71,72],"class_list":["post-82824","post","type-post","status-publish","format-standard","has-post-thumbnail","hentry","category-ambiente-geral","tag-amazonia","tag-ambientalistas","tag-ambiente","tag-biodiversidade","tag-bolsonaro","tag-chico-mendes","tag-desmatamento","tag-europa","tag-floresta","tag-florestas","tag-governo","tag-governo-bolsonaro","tag-governo-federal","tag-icmbio","tag-incendios-florestais","tag-indigenas","tag-meio-ambiente","tag-mineracao","tag-ministerio-do-meio-ambiente","tag-mudancas-climaticas","tag-pantanal","tag-queimadas","tag-terras-indigenas","tag-unidades-de-conservacao"],"aioseo_notices":[],"jetpack_publicize_connections":[],"jetpack_featured_media_url":"https:\/\/www.jornalja.com.br\/ambiente\/wp-content\/uploads\/sites\/3\/2021\/01\/salles-na-reuniao-ministerial.jpg","jetpack-related-posts":[{"id":76640,"url":"https:\/\/www.jornalja.com.br\/ambiente\/agronegocio-teme-que-discurso-ambiental-de-bolsonaro-afete-exportacao\/","url_meta":{"origin":82824,"position":0},"title":"Agroneg\u00f3cio teme que discurso ambiental de Bolsonaro afete exporta\u00e7\u00e3o","author":"Carlos Matsubara","date":"23 de agosto de 2019","format":false,"excerpt":"\u00a0 Representantes do agroneg\u00f3cio est\u00e3o preocupados que a ret\u00f3rica agressiva do presidente Jair Bolsonaro (PSL) sobre a Amaz\u00f4nia prejudique as exporta\u00e7\u00f5es, especialmente para a Europa. Nas \u00faltimas semanas, Bolsonaro criou atritos com Fran\u00e7a, Alemanha e Noruega, questionando a legitimidade desses pa\u00edses em cobrar mais preserva\u00e7\u00e3o das florestas brasileiras. Para o\u2026","rel":"","context":"Em &quot;Ambiente J\u00c1-MAT\u00c9RIA&quot;","block_context":{"text":"Ambiente J\u00c1-MAT\u00c9RIA","link":"https:\/\/www.jornalja.com.br\/ambiente\/category\/ambiente-geral\/"},"img":{"alt_text":"","src":"","width":0,"height":0},"classes":[]},{"id":76734,"url":"https:\/\/www.jornalja.com.br\/ambiente\/em-meio-a-crise-bolsonaro-prioriza-ataques-a-reservas-indigenas-em-reuniao-com-governadores-da-amazonia\/","url_meta":{"origin":82824,"position":1},"title":"Em meio a crise, Bolsonaro prioriza ataques a reservas ind\u00edgenas em reuni\u00e3o com governadores da Amaz\u00f4nia","author":"Carlos Matsubara","date":"27 de agosto de 2019","format":false,"excerpt":"Em meio a uma crise ambiental, o presidente Jair Bolsonaro (PSL) colocou em segundo plano a s\u00e9rie de queimadas pelo pa\u00eds e priorizou ataques a reservas ind\u00edgenas em reuni\u00e3o nesta ter\u00e7a-feira (27) com governadores da Amaz\u00f4nia Legal. No encontro, promovido no Pal\u00e1cio do Planalto, ele fez quest\u00e3o de questionar a\u2026","rel":"","context":"Em &quot;Ambiente J\u00c1-MAT\u00c9RIA&quot;","block_context":{"text":"Ambiente J\u00c1-MAT\u00c9RIA","link":"https:\/\/www.jornalja.com.br\/ambiente\/category\/ambiente-geral\/"},"img":{"alt_text":"","src":"","width":0,"height":0},"classes":[]},{"id":76382,"url":"https:\/\/www.jornalja.com.br\/ambiente\/noruega-suspende-r-133-milhoes-para-protecao-da-amazonia\/","url_meta":{"origin":82824,"position":2},"title":"Noruega suspende R$ 133 milh\u00f5es para prote\u00e7\u00e3o da Amaz\u00f4nia","author":"Carlos Matsubara","date":"15 de agosto de 2019","format":false,"excerpt":"O ministro do Clima e Meio Ambiente da Noruega, Ola Elvestuen, anunciou nesta quinta-feira a suspens\u00e3o dos repasses de 300 milh\u00f5es de coroas norueguesas, o equivalente a R$ 133 milh\u00f5es, que seriam destinados ao Fundo Amaz\u00f4nia. Segundo o jornal noruegu\u00eas \"Dagens N\u00e6ringsliv\" (DV), especializado em neg\u00f3cios, o governo local estaria\u2026","rel":"","context":"Em &quot;Ambiente J\u00c1-MAT\u00c9RIA&quot;","block_context":{"text":"Ambiente J\u00c1-MAT\u00c9RIA","link":"https:\/\/www.jornalja.com.br\/ambiente\/category\/ambiente-geral\/"},"img":{"alt_text":"","src":"","width":0,"height":0},"classes":[]},{"id":83320,"url":"https:\/\/www.jornalja.com.br\/ambiente\/tres-inqueritos-vao-investigar-acoes-do-governo-bolsonaro-na-area-ambiental\/","url_meta":{"origin":82824,"position":3},"title":"Tr\u00eas inqu\u00e9ritos v\u00e3o investigar a\u00e7\u00f5es do governo Bolsonaro na \u00e1rea ambiental","author":"da Reda\u00e7\u00e3o","date":"5 de agosto de 2021","format":false,"excerpt":"Tr\u00eas inqu\u00e9ritos civis foram abertos na Procuradoria da Rep\u00fablica do Distrito Federal para apurar atos do governo Bolsonaro na \u00e1rea ambiental. Ser\u00e3o apurados: -militariza\u00e7\u00e3o de cargos de chefia no \u00e2mbito do IBAMA e mudan\u00e7as de regramento em preju\u00edzo \u00e0 sua fun\u00e7\u00e3o institucional. -divulga\u00e7\u00e3o pela Secretaria de Comunica\u00e7\u00e3o Social da Presid\u00eancia\u2026","rel":"","context":"Em &quot;Ambiente J\u00c1-MAT\u00c9RIA&quot;","block_context":{"text":"Ambiente J\u00c1-MAT\u00c9RIA","link":"https:\/\/www.jornalja.com.br\/ambiente\/category\/ambiente-geral\/"},"img":{"alt_text":"","src":"https:\/\/i0.wp.com\/www.jornalja.com.br\/ambiente\/wp-content\/uploads\/sites\/3\/2021\/08\/ibama-foto-rede-brasil-atual.jpeg?resize=350%2C200&ssl=1","width":350,"height":200,"srcset":"https:\/\/i0.wp.com\/www.jornalja.com.br\/ambiente\/wp-content\/uploads\/sites\/3\/2021\/08\/ibama-foto-rede-brasil-atual.jpeg?resize=350%2C200&ssl=1 1x, https:\/\/i0.wp.com\/www.jornalja.com.br\/ambiente\/wp-content\/uploads\/sites\/3\/2021\/08\/ibama-foto-rede-brasil-atual.jpeg?resize=525%2C300&ssl=1 1.5x, https:\/\/i0.wp.com\/www.jornalja.com.br\/ambiente\/wp-content\/uploads\/sites\/3\/2021\/08\/ibama-foto-rede-brasil-atual.jpeg?resize=700%2C400&ssl=1 2x"},"classes":[]},{"id":83482,"url":"https:\/\/www.jornalja.com.br\/ambiente\/ambientalistas-querem-comprometimento-do-brasil-com-desmatamento-zero-na-cop-26\/","url_meta":{"origin":82824,"position":4},"title":"Ambientalistas querem Brasil com desmatamento zero na COP-26","author":"S\u00e9rgio Lagranha","date":"27 de outubro de 2021","format":false,"excerpt":"A contribui\u00e7\u00e3o mais importante do Brasil na 26\u00aa edi\u00e7\u00e3o da Confer\u00eancia das Na\u00e7\u00f5es Unidas sobre Mudan\u00e7a Clim\u00e1tica (COP-26) \u00e9 o desmatamento zero, principalmente na Amaz\u00f4nia. Essa foi a conclus\u00e3o da comiss\u00e3o geral, quando a sess\u00e3o da C\u00e2mara dos Deputados se transforma para debater assunto relevante com a participa\u00e7\u00e3o de representantes\u2026","rel":"","context":"Em &quot;Ambiente J\u00c1-MAT\u00c9RIA&quot;","block_context":{"text":"Ambiente J\u00c1-MAT\u00c9RIA","link":"https:\/\/www.jornalja.com.br\/ambiente\/category\/ambiente-geral\/"},"img":{"alt_text":"Governo Bolsonaro ainda n\u00e3o informou como pretende cumprir a meta de zerar o desmatamento na regi\u00e3o amaz\u00f4nica \/ Divulga\u00e7\u00e3o Embrapa","src":"https:\/\/i0.wp.com\/www.jornalja.com.br\/ambiente\/wp-content\/uploads\/sites\/3\/2021\/10\/floresta-amazonica-divulgacao-embrapa.jpg?resize=350%2C200&ssl=1","width":350,"height":200,"srcset":"https:\/\/i0.wp.com\/www.jornalja.com.br\/ambiente\/wp-content\/uploads\/sites\/3\/2021\/10\/floresta-amazonica-divulgacao-embrapa.jpg?resize=350%2C200&ssl=1 1x, https:\/\/i0.wp.com\/www.jornalja.com.br\/ambiente\/wp-content\/uploads\/sites\/3\/2021\/10\/floresta-amazonica-divulgacao-embrapa.jpg?resize=525%2C300&ssl=1 1.5x, https:\/\/i0.wp.com\/www.jornalja.com.br\/ambiente\/wp-content\/uploads\/sites\/3\/2021\/10\/floresta-amazonica-divulgacao-embrapa.jpg?resize=700%2C400&ssl=1 2x"},"classes":[]},{"id":78581,"url":"https:\/\/www.jornalja.com.br\/ambiente\/greenpeace-protesta-em-brasilia-com-cenario-de-praia-suja-de-oleo\/","url_meta":{"origin":82824,"position":5},"title":"Greenpeace protesta em Bras\u00edlia com cen\u00e1rio de praia suja de \u00f3leo","author":"da Reda\u00e7\u00e3o","date":"23 de outubro de 2019","format":false,"excerpt":"Ativistas da organiza\u00e7\u00e3o Greenpeace protestaram hoje (23), em Bras\u00edlia, contra a neglig\u00eancia do governo federal em rela\u00e7\u00e3o ao maior desastre ambiental no litoral brasileiro: o \u00f3leo cru que se espalha pelas praias de nove estados do Nordeste.\u00a0At\u00e9 agora, o Minist\u00e9rio do Meio Ambiente desconhece as origens do \u00f3leo. \"Tampouco tem\u2026","rel":"","context":"Em &quot;Ambiente J\u00c1-MAT\u00c9RIA&quot;","block_context":{"text":"Ambiente J\u00c1-MAT\u00c9RIA","link":"https:\/\/www.jornalja.com.br\/ambiente\/category\/ambiente-geral\/"},"img":{"alt_text":"","src":"","width":0,"height":0},"classes":[]}],"jetpack_shortlink":"https:\/\/wp.me\/pbKnZo-lxS","jetpack_sharing_enabled":true,"_links":{"self":[{"href":"https:\/\/www.jornalja.com.br\/ambiente\/wp-json\/wp\/v2\/posts\/82824","targetHints":{"allow":["GET"]}}],"collection":[{"href":"https:\/\/www.jornalja.com.br\/ambiente\/wp-json\/wp\/v2\/posts"}],"about":[{"href":"https:\/\/www.jornalja.com.br\/ambiente\/wp-json\/wp\/v2\/types\/post"}],"author":[{"embeddable":true,"href":"https:\/\/www.jornalja.com.br\/ambiente\/wp-json\/wp\/v2\/users\/4"}],"replies":[{"embeddable":true,"href":"https:\/\/www.jornalja.com.br\/ambiente\/wp-json\/wp\/v2\/comments?post=82824"}],"version-history":[{"count":3,"href":"https:\/\/www.jornalja.com.br\/ambiente\/wp-json\/wp\/v2\/posts\/82824\/revisions"}],"predecessor-version":[{"id":82828,"href":"https:\/\/www.jornalja.com.br\/ambiente\/wp-json\/wp\/v2\/posts\/82824\/revisions\/82828"}],"wp:featuredmedia":[{"embeddable":true,"href":"https:\/\/www.jornalja.com.br\/ambiente\/wp-json\/wp\/v2\/media\/82825"}],"wp:attachment":[{"href":"https:\/\/www.jornalja.com.br\/ambiente\/wp-json\/wp\/v2\/media?parent=82824"}],"wp:term":[{"taxonomy":"category","embeddable":true,"href":"https:\/\/www.jornalja.com.br\/ambiente\/wp-json\/wp\/v2\/categories?post=82824"},{"taxonomy":"post_tag","embeddable":true,"href":"https:\/\/www.jornalja.com.br\/ambiente\/wp-json\/wp\/v2\/tags?post=82824"}],"curies":[{"name":"wp","href":"https:\/\/api.w.org\/{rel}","templated":true}]}}