{"id":82835,"date":"2021-01-26T19:58:51","date_gmt":"2021-01-26T22:58:51","guid":{"rendered":"https:\/\/www.jornalja.com.br\/ambiente\/?p=82835"},"modified":"2021-01-26T19:58:51","modified_gmt":"2021-01-26T22:58:51","slug":"combate-a-pandemia-afeta-saude-politica-da-alemanha","status":"publish","type":"post","link":"https:\/\/www.jornalja.com.br\/ambiente\/combate-a-pandemia-afeta-saude-politica-da-alemanha\/","title":{"rendered":"Combate \u00e0 pandemia afeta sa\u00fade pol\u00edtica da Alemanha"},"content":{"rendered":"<p><span style=\"font-weight: 400\">Desde 25 de Janeiro, passageiros que desembarcam na Alemanha devem apresentar um teste negativo para o Coronav\u00edrus. Ao chegar em solo alem\u00e3o, devem ainda fazer novo teste. Os que se negarem ser\u00e3o mandados de volta. Assim diz a portaria baixada no fim de semana pelo Minist\u00e9rio do Interior.<\/span><\/p>\n<p><span style=\"font-weight: 400\">A medida afeta pessoas viajando de 120 pa\u00edses, considerados de alto risco para o Coronav\u00edrus, como o Brasil. Ela \u00e9 parte do esfor\u00e7o do governo de Angela Merkel em busca de resultados no combate \u00e0 doen\u00e7a. H\u00e1 meses, apesar das medidas para reduzir drasticamente a circula\u00e7\u00e3o de gente, a m\u00e9dia de novas infec\u00e7\u00f5es oscila na casa dos 20 mil por dia. \u201cConseguimos estabilizar o n\u00famero de infectados, mas ele ainda \u00e9 muito alto\u201d, atesta Lothar Wieler, presidente do Robert Koch Institut, respons\u00e1vel pelo processamento e an\u00e1lise dos dados oficiais.<\/span><\/p>\n<p><strong>Educa\u00e7\u00e3o pand\u00eamica<\/strong><\/p>\n<p><span style=\"font-weight: 400\">Al\u00e9m do n\u00famero de doentes, o que inquieta \u00e9 o desgaste pol\u00edtico causado pelo aparente fracasso das medidas adotadas desde Outubro. \u201cPrecisamos manter a unidade das a\u00e7\u00f5es por s\u00f3 mais tr\u00eas semanas\u201d, apelou Franziska Giffey, ministra da fam\u00edlia do governo Merkel, em coletiva no dia 21 de Janeiro. Ela se referia ao principal furo na estrat\u00e9gia para a pandemia. O sistema de educa\u00e7\u00e3o. Professores, pais e alunos s\u00e3o un\u00e2nimes em avaliar o impacto negativo do confinamento no rendimento escolar. E isso, sem obter a propalada redu\u00e7\u00e3o do n\u00famero de doentes.\u00a0<\/span><\/p>\n<p><span style=\"font-weight: 400\">Um dia antes da coletiva de Giffey, sua chefe, a primeira-ministra Angela Merkel anunciou, ap\u00f3s debater por horas com os governadores, que o Lockdown seria prorrogado at\u00e9 15 de fevereiro. Mais uma vez, ela agradeceu o esfor\u00e7o de todos, e reiterou seu pedido de paci\u00eancia por \u201calgumas semanas\u201d. Longe de um consenso, a manuten\u00e7\u00e3o das medidas enfrenta crescente contesta\u00e7\u00e3o no parlamento em Berlim e nos estados. Sobre escolas e creches, por exemplo, Merkel conseguiu apenas fazer uma &#8220;recomenda\u00e7\u00e3o enf\u00e1tica\u201d para evitar aulas presenciais. Na pr\u00e1tica, cada estado, ou mesmo regi\u00e3o tem autonomia para definir sua pr\u00f3pria estrat\u00e9gia para o sistema de educa\u00e7\u00e3o.\u00a0<\/span><\/p>\n<p><span style=\"font-weight: 400\">\u00c0s v\u00e9speras do seu primeiro anivers\u00e1rio, a pandemia mostra que a incerteza se contrap\u00f5e \u00e0s duras e inflex\u00edveis medidas. Em outras palavras, pol\u00edticos e experts continuam tateando no escuro. Fica a d\u00favida de como sair do cabresto estat\u00edstico que embasa a pol\u00edtica do confinamento.\u00a0<\/span><\/p>\n<p><strong>N\u00fameros e interesses<\/strong><\/p>\n<p><span style=\"font-weight: 400\">Um outro n\u00famero que aprisiona o pa\u00eds \u00e9 o de \u00f3bitos. A barreira dos 1.000 mortos por dia foi ultrapassada em 29 de Dezembro de 2020 na Alemanha, dando o argumento final para as medidas que, na pr\u00e1tica, cancelaram a festa de Ano Novo no pa\u00eds. Desde ent\u00e3o, o n\u00famero varia, mas n\u00e3o cede, sobrecarregando o j\u00e1 estressado sistema de sa\u00fade. O \u00faltimo recorde foi registrado em 19 de Janeiro, com mais de 1.700 mortos em um \u00fanico dia. O ano tamb\u00e9m come\u00e7ou com os primeiros casos de \u201ctriagem\u201d de pacientes para tratamento intensivo, registrados no estado da Sax\u00f4nia. Tudo isso apesar do \u201clockdown light\u201d, adotado desde Outubro.<\/span><\/p>\n<figure id=\"attachment_82837\" aria-describedby=\"caption-attachment-82837\" style=\"width: 501px\" class=\"wp-caption alignleft\"><img decoding=\"async\" data-attachment-id=\"82837\" data-permalink=\"https:\/\/www.jornalja.com.br\/ambiente\/combate-a-pandemia-afeta-saude-politica-da-alemanha\/mortosscreenshot-2021-01-26\/\" data-orig-file=\"https:\/\/www.jornalja.com.br\/ambiente\/wp-content\/uploads\/sites\/3\/2021\/01\/mortosscreenshot-2021-01-26.png\" data-orig-size=\"792,446\" data-comments-opened=\"1\" data-image-meta=\"{&quot;aperture&quot;:&quot;0&quot;,&quot;credit&quot;:&quot;&quot;,&quot;camera&quot;:&quot;&quot;,&quot;caption&quot;:&quot;&quot;,&quot;created_timestamp&quot;:&quot;0&quot;,&quot;copyright&quot;:&quot;&quot;,&quot;focal_length&quot;:&quot;0&quot;,&quot;iso&quot;:&quot;0&quot;,&quot;shutter_speed&quot;:&quot;0&quot;,&quot;title&quot;:&quot;&quot;,&quot;orientation&quot;:&quot;0&quot;}\" data-image-title=\"MortosScreenshot 2021-01-26\" data-image-description=\"\" data-image-caption=\"&lt;p&gt;A estat\u00edstica do n\u00famero de mortos \u00e9 outra que forma o imagin\u00e1rio do Corona na Alemanha. Pelo gr\u00e1fico, \u00e9&lt;br \/&gt;\n\tposs\u00edvel ver que as medidas de confinamento s\u00f3 conseguiram estabilizar o j\u00e1 alto n\u00famero de \u00f3bitos em decorr\u00eancia do Covid-19.&lt;\/p&gt;\n\" data-large-file=\"https:\/\/www.jornalja.com.br\/ambiente\/wp-content\/uploads\/sites\/3\/2021\/01\/mortosscreenshot-2021-01-26.png\" class=\"wp-image-82837\" src=\"https:\/\/www.jornalja.com.br\/ambiente\/wp-content\/uploads\/sites\/3\/2021\/01\/mortosscreenshot-2021-01-26-300x169.png\" alt=\"\" width=\"501\" height=\"282\" srcset=\"https:\/\/www.jornalja.com.br\/ambiente\/wp-content\/uploads\/sites\/3\/2021\/01\/mortosscreenshot-2021-01-26-300x169.png 300w, https:\/\/www.jornalja.com.br\/ambiente\/wp-content\/uploads\/sites\/3\/2021\/01\/mortosscreenshot-2021-01-26-768x432.png 768w, https:\/\/www.jornalja.com.br\/ambiente\/wp-content\/uploads\/sites\/3\/2021\/01\/mortosscreenshot-2021-01-26.png 792w\" sizes=\"(max-width: 501px) 100vw, 501px\" \/><figcaption id=\"caption-attachment-82837\" class=\"wp-caption-text\">A estat\u00edstica do n\u00famero de mortos \u00e9 outra que forma o imagin\u00e1rio do Corona na Alemanha. Pelo gr\u00e1fico, \u00e9 poss\u00edvel ver que as medidas de confinamento s\u00f3 conseguiram estabilizar o j\u00e1 alto n\u00famero de \u00f3bitos em decorr\u00eancia do Covid-19.<\/figcaption><\/figure>\n<p><span style=\"font-weight: 400\">Marcada por contradi\u00e7\u00f5es e conflitos de interesse, a estrat\u00e9gia do governo teve sua credibilidade novamente comprometida depois que o minist\u00e9rio da sa\u00fade admitiu n\u00e3o ter encomendado quantidade suficiente de vacinas para os centros de imuniza\u00e7\u00e3o j\u00e1 montados. O ministro da sa\u00fade, Jens Spahn, em resposta, lembrou o que havia dito em Abril, no auge da primeira onda alem\u00e3:\u00a0 \u201c&#8230; nesta pandemia devemos estar preparados a perdoarmo-nos\u201d.\u00a0<\/span><\/p>\n<p><span style=\"font-weight: 400\">Quando, em Agosto, jornalistas do jornal Tagesspiegel ousaram noticiar em primeira p\u00e1gina a compra, pelo ministro e seu marido, de uma mans\u00e3o milion\u00e1ria em um bairro nobre da capital, Spahn n\u00e3o teve miseric\u00f3rdia. Processou os jornalistas, e obteve medida liminar proibindo a publica\u00e7\u00e3o de not\u00edcias relativas ao assunto, sob o argumento de uso pol\u00edtico da quest\u00e3o.\u00a0<\/span><\/p>\n<p><span style=\"font-weight: 400\">O jornal encarou a briga, e descobriu que o ministro havia adquirido, pelo menos, outros dois im\u00f3veis de alto valor em Berlim. Os rep\u00f3rteres do Tagesspiegel levantaram ainda, que o financiamento milion\u00e1rio dos im\u00f3veis havia sido feito pelo Sparkasse, a Caixa Econ\u00f4mica Federal dos alem\u00e3es, onde Spahn fora membro do conselho de administra\u00e7\u00e3o entre 2009 e 2015.\u00a0<\/span><\/p>\n<p><span style=\"font-weight: 400\">Um desenvolvimento natural para o homem que, junto com amigos, fundou em 2006 a Agentur Politas, empresa de lobby da ind\u00fastria farmac\u00eautica na Europa. O lobby \u00e9 legalizado no continente, e como no Brasil \u00e9 permitido o sigilo de ganhos privados dos parlamentares. Spahn vendeu sua parte na Politas em 2010, mas o fato de ter comprado durante a pandemia um im\u00f3vel de um diretor de empresa farmac\u00eautica, para a qual ele j\u00e1 atuara como lobista, compromete qualquer argumento que tente provar a inoc\u00eancia do ministro.\u00a0<\/span><\/p>\n<p><strong>Pa\u00eds das contradi\u00e7\u00f5es<\/strong><\/p>\n<p><span style=\"font-weight: 400\">Angela Merkel, colega de partido de Spahn, \u0155eage impass\u00edvel, colocando tudo na conta das teorias conspirat\u00f3rias, mas sem solucionar os dilemas que unem, pelo menos no discurso, duas for\u00e7as antag\u00f4nicas da oposi\u00e7\u00e3o: a esquerda coerente do die Linke, heran\u00e7a dos comunistas da DDR, e a direita atuante do AfD, principal representante dos radicais neo-nazistas.\u00a0<\/span><\/p>\n<p><span style=\"font-weight: 400\">No parlamento, essas duas for\u00e7as remam na mesma dire\u00e7\u00e3o: a do questionamento das medidas do governo da longeva Angela Merkel. \u201c\u00c9 o maior ataque aos direitos fundamentais dos cidad\u00e3os na hist\u00f3ria da Rep\u00fablica Federal da Alemanha\u201d, declarou a Dra. Alice Weidel, proeminente parlamentar do Alternartive f\u00fcr Deutschland (AfD), no Bundestag em 09 de Dezembro.<\/span><\/p>\n<p><span style=\"font-weight: 400\">Para Frau Weidel, a pol\u00edtica do governo est\u00e1 dividindo o pa\u00eds. \u201cVejam os policiais, est\u00e3o cada vez mais armados para repreender pessoas sem m\u00e1scaras nas ruas\u201d, disse ela, criticando a obrigatoriedade adotada pelo governo para o uso de m\u00e1scaras, mesmo ao ar livre. Segundo Weidel, durante a pandemia a Alemanha se tornou \u201cum pa\u00eds das contradi\u00e7\u00f5es\u201d.<\/span><\/p>\n<figure id=\"attachment_82836\" aria-describedby=\"caption-attachment-82836\" style=\"width: 300px\" class=\"wp-caption alignleft\"><img decoding=\"async\" data-attachment-id=\"82836\" data-permalink=\"https:\/\/www.jornalja.com.br\/ambiente\/combate-a-pandemia-afeta-saude-politica-da-alemanha\/sahra-wagenknecht-und-oskar-lafontaine-feiern-in-diesem-jahr-ihren-dritten-hochzeitstag\/\" data-orig-file=\"https:\/\/www.jornalja.com.br\/ambiente\/wp-content\/uploads\/sites\/3\/2021\/01\/sahra-wagenknecht-und-oskar-lafontaine-feiern-in-diesem-jahr-ihren-dritten-hochzeitstag.jpg\" data-orig-size=\"1200,677\" data-comments-opened=\"1\" data-image-meta=\"{&quot;aperture&quot;:&quot;0&quot;,&quot;credit&quot;:&quot;&quot;,&quot;camera&quot;:&quot;&quot;,&quot;caption&quot;:&quot;&quot;,&quot;created_timestamp&quot;:&quot;0&quot;,&quot;copyright&quot;:&quot;&quot;,&quot;focal_length&quot;:&quot;0&quot;,&quot;iso&quot;:&quot;0&quot;,&quot;shutter_speed&quot;:&quot;0&quot;,&quot;title&quot;:&quot;&quot;,&quot;orientation&quot;:&quot;0&quot;}\" data-image-title=\"sahra-wagenknecht-und-oskar-lafontaine-feiern-in-diesem-jahr-ihren-dritten-hochzeitstag-\" data-image-description=\"\" data-image-caption=\"&lt;p&gt;Sahra Wagenknecht, ex-l\u00edder do die Linke, partido de esquerda da Alemanha, ao lado do marido, Oskar Lafontaine.&lt;\/p&gt;\n\" data-large-file=\"https:\/\/www.jornalja.com.br\/ambiente\/wp-content\/uploads\/sites\/3\/2021\/01\/sahra-wagenknecht-und-oskar-lafontaine-feiern-in-diesem-jahr-ihren-dritten-hochzeitstag-1024x578.jpg\" class=\"size-medium wp-image-82836\" src=\"https:\/\/www.jornalja.com.br\/ambiente\/wp-content\/uploads\/sites\/3\/2021\/01\/sahra-wagenknecht-und-oskar-lafontaine-feiern-in-diesem-jahr-ihren-dritten-hochzeitstag-300x169.jpg\" alt=\"\" width=\"300\" height=\"169\" srcset=\"https:\/\/www.jornalja.com.br\/ambiente\/wp-content\/uploads\/sites\/3\/2021\/01\/sahra-wagenknecht-und-oskar-lafontaine-feiern-in-diesem-jahr-ihren-dritten-hochzeitstag-300x169.jpg 300w, https:\/\/www.jornalja.com.br\/ambiente\/wp-content\/uploads\/sites\/3\/2021\/01\/sahra-wagenknecht-und-oskar-lafontaine-feiern-in-diesem-jahr-ihren-dritten-hochzeitstag-1024x578.jpg 1024w, https:\/\/www.jornalja.com.br\/ambiente\/wp-content\/uploads\/sites\/3\/2021\/01\/sahra-wagenknecht-und-oskar-lafontaine-feiern-in-diesem-jahr-ihren-dritten-hochzeitstag-768x433.jpg 768w, https:\/\/www.jornalja.com.br\/ambiente\/wp-content\/uploads\/sites\/3\/2021\/01\/sahra-wagenknecht-und-oskar-lafontaine-feiern-in-diesem-jahr-ihren-dritten-hochzeitstag.jpg 1200w\" sizes=\"(max-width: 300px) 100vw, 300px\" \/><figcaption id=\"caption-attachment-82836\" class=\"wp-caption-text\">Sahra Wagenknecht, ex-l\u00edder do die Linke, partido de esquerda da Alemanha, ao lado do marido, Oskar Lafontaine.<\/figcaption><\/figure>\n<p><span style=\"font-weight: 400\">No lado oposto do espectro pol\u00edtico, aponta-se tamb\u00e9m para essas e outras contradi\u00e7\u00f5es. \u201cQuando um rem\u00e9dio n\u00e3o funciona para uma determinada doen\u00e7a, pode-se aumentar a dose. Mas pode ser tamb\u00e9m que o rem\u00e9dio n\u00e3o funcione, por n\u00e3o ser o rem\u00e9dio certo\u201d, provocou a tamb\u00e9m doutora, Sahra Wagenknecht, em analogia ao aumento das restri\u00e7\u00f5es do governo desde o final do ano. A ex-l\u00edder do die Linke, \u00fanico partido de esquerda representado no Bundestag, acha absurdo n\u00e3o haver \u201csequer o questionamento sobre a efic\u00e1cia das medidas\u201d.<\/span><\/p>\n<p><span style=\"font-weight: 400\">Apontando a incompreensibilidade da op\u00e7\u00e3o de parar todo o pa\u00eds, ao inv\u00e9s de focar na prote\u00e7\u00e3o do p\u00fablico idoso, correspondente a mais de 80% das mortes por covid, Wagenknecht defende uma mudan\u00e7a de rumo. &#8220;Transferimos o risco de infec\u00e7\u00e3o das lojas do pequeno com\u00e9rcio para os centros de log\u00edstica da Amazon, que lindo!\u201d, ironiza ela.<\/span><\/p>\n<p><strong>Inconsistente, il\u00f3gico, revoltante<\/strong><\/p>\n<p><span style=\"font-weight: 400\">Outras medidas como a limita\u00e7\u00e3o da locomo\u00e7\u00e3o das pessoas a no m\u00e1ximo 15 km da resid\u00eancia, determinadas ap\u00f3s o Natal, tamb\u00e9m carecem de l\u00f3gica e bom senso. \u201cAo mesmo tempo, \u00e0s empresas que continuam obrigando seus funcion\u00e1rios a irem ao escrit\u00f3rio trabalhar, a primeira ministra dirige apenas um pedido encarecido\u201d, alfineta a fil\u00f3sofa especializada em microeconomia.<\/span><\/p>\n<p><span style=\"font-weight: 400\">\u201c\u00c9 t\u00e3o inconsistente, t\u00e3o il\u00f3gico, t\u00e3o revoltante ver os mesmos respons\u00e1veis pelas medidas culparem a popula\u00e7\u00e3o pela inefici\u00eancia das suas decis\u00f5es, e depois ainda se surpreendem quando as pessoas j\u00e1 n\u00e3o acreditam em mais nada do que eles dizem\u201d, acrescenta Wagenknecht.\u00a0<\/span><\/p>\n<p><span style=\"font-weight: 400\">Nos \u00faltimos dias do ano, a norma era a esperan\u00e7a milagrosa, depositada na vacina. Mas estimativas do pr\u00f3prio Minist\u00e9rio da Sa\u00fade apontam que, \u201cna melhor das hip\u00f3teses\u201d, a imunidade de rebanho s\u00f3 ser\u00e1 atingida no ver\u00e3o. Como alternativa, o ministro Spahn anunciou, na \u00faltima semana de Janeiro, a compra de 300 mil doses do mesmo medicamento usado pelo ex-presidente Donald Trump, a chamada imunoterapia, outra menina dos olhos da ind\u00fastria farmac\u00eautica.\u00a0 O ministro parece ignorar os erros de sua pr\u00f3pria pol\u00edtica de combate da pandemia.<\/span><\/p>\n<p><span style=\"font-weight: 400\">\u00a0\u201cSabe quanto eu recebi do prometido \u201cb\u00f4nus do Corona\u201d? Nem um centavo. Mas meu marido, que \u00e9 policial, recebe\u201d, reclama Doris Sorgenfrei, enfermeira de um centro cl\u00ednico para doentes mentais no norte do pa\u00eds. Ela se refere ao b\u00f4nus salarial, anunciado ainda no in\u00edcio da pandemia, e dado a diversas categorias do servi\u00e7o p\u00fablico, mas especialmente aos servi\u00e7os essenciais e de emerg\u00eancia. \u201cMeu marido trabalha com computador e pap\u00e9is. \u00c9 um burocrata da pol\u00edcia. Eu cuido de gente todo o dia. Qual o sentido dessa pol\u00edtica?\u201d, pergunta ela, do alto dos seus 25 anos de profiss\u00e3o.<\/span><\/p>\n<p><span style=\"font-weight: 400\">Ap\u00f3s meses de confinamento, os alem\u00e3es desejam muito mais do que an\u00e1lises estat\u00edsticas. Necessitam de uma perspectiva que os liberte da escravidao dos n\u00fameros. A pandemia \u00e9 um caldeir\u00e3o de incertezas, onde a resposta mais f\u00e1cil apresentada pelas autoridades se resume a uma ou duas picadas de uma inje\u00e7\u00e3o, ainda n\u00e3o dispon\u00edvel. Al\u00e9m de convencer os c\u00e9ticos a serem vacinados, o governo precisa antes responder quest\u00f5es sobre a efic\u00e1cia da vacina para a \u00faltima muta\u00e7\u00e3o do v\u00edrus.<\/span><\/p>\n","protected":false},"excerpt":{"rendered":"<p>Desde 25 de Janeiro, passageiros que desembarcam na Alemanha devem apresentar um teste negativo para o Coronav\u00edrus. Ao chegar em solo alem\u00e3o, devem ainda fazer novo teste. Os que se negarem ser\u00e3o mandados de volta. Assim diz a portaria baixada no fim de semana pelo Minist\u00e9rio do Interior. A medida afeta pessoas viajando de 120 [&hellip;]<\/p>\n","protected":false},"author":22,"featured_media":82838,"comment_status":"open","ping_status":"open","sticky":false,"template":"","format":"standard","meta":{"jetpack_post_was_ever_published":false,"_jetpack_newsletter_access":"","_jetpack_dont_email_post_to_subs":false,"_jetpack_newsletter_tier_id":0,"_jetpack_memberships_contains_paywalled_content":false,"_jetpack_memberships_contains_paid_content":false,"footnotes":"","jetpack_publicize_message":"","jetpack_publicize_feature_enabled":true,"jetpack_social_post_already_shared":true,"jetpack_social_options":{"image_generator_settings":{"template":"highway","default_image_id":0,"font":"","enabled":false},"version":2}},"categories":[4],"tags":[161,162,219,215,220,171,138,201,141,8,205],"class_list":["post-82835","post","type-post","status-publish","format-standard","has-post-thumbnail","hentry","category-ambiente-geral","tag-alemanha","tag-angela-merkel","tag-conflitos-de-interesse","tag-covid-19","tag-europa","tag-finame","tag-governo","tag-pandemia","tag-rios","tag-saude","tag-sema"],"aioseo_notices":[],"jetpack_publicize_connections":[],"jetpack_featured_media_url":"https:\/\/www.jornalja.com.br\/ambiente\/wp-content\/uploads\/sites\/3\/2021\/01\/neuinfektionenscreenshot-2021-01-26.png","jetpack-related-posts":[{"id":82913,"url":"https:\/\/www.jornalja.com.br\/ambiente\/terceira-onda-chega-com-conta-politica-para-merkel\/","url_meta":{"origin":82835,"position":0},"title":"Terceira onda chega com conta pol\u00edtica para Merkel\u00a0","author":"Mariano Senna","date":"14 de mar\u00e7o de 2021","format":false,"excerpt":"\u201cA ci\u00eancia \u00e9 um dos quatro cantos da engana\u00e7\u00e3o, juntamente com a m\u00eddia, a pol\u00edtica e a religi\u00e3o\u201d, Noam Chomsky. No anivers\u00e1rio de um ano do primeiro Lockdown na Alemanha, sexta-feira, dia 12 de mar\u00e7o, o presidente do Robert-Koch Institut (RKI - www.rki.de), Lothar Wieler, respons\u00e1vel pela aferi\u00e7\u00e3o do n\u00famero\u2026","rel":"","context":"Em &quot;Ambiente J\u00c1-MAT\u00c9RIA&quot;","block_context":{"text":"Ambiente J\u00c1-MAT\u00c9RIA","link":"https:\/\/www.jornalja.com.br\/ambiente\/category\/ambiente-geral\/"},"img":{"alt_text":"","src":"https:\/\/i0.wp.com\/www.jornalja.com.br\/ambiente\/wp-content\/uploads\/sites\/3\/2021\/03\/protestoscorona2021.jpg?resize=350%2C200&ssl=1","width":350,"height":200,"srcset":"https:\/\/i0.wp.com\/www.jornalja.com.br\/ambiente\/wp-content\/uploads\/sites\/3\/2021\/03\/protestoscorona2021.jpg?resize=350%2C200&ssl=1 1x, https:\/\/i0.wp.com\/www.jornalja.com.br\/ambiente\/wp-content\/uploads\/sites\/3\/2021\/03\/protestoscorona2021.jpg?resize=525%2C300&ssl=1 1.5x, https:\/\/i0.wp.com\/www.jornalja.com.br\/ambiente\/wp-content\/uploads\/sites\/3\/2021\/03\/protestoscorona2021.jpg?resize=700%2C400&ssl=1 2x, https:\/\/i0.wp.com\/www.jornalja.com.br\/ambiente\/wp-content\/uploads\/sites\/3\/2021\/03\/protestoscorona2021.jpg?resize=1050%2C600&ssl=1 3x, https:\/\/i0.wp.com\/www.jornalja.com.br\/ambiente\/wp-content\/uploads\/sites\/3\/2021\/03\/protestoscorona2021.jpg?resize=1400%2C800&ssl=1 4x"},"classes":[]},{"id":82753,"url":"https:\/\/www.jornalja.com.br\/ambiente\/alemanha-amplia-poder-do-executivo-no-combate-da-pandemia\/","url_meta":{"origin":82835,"position":1},"title":"Alemanha amplia poder do executivo no combate da pandemia","author":"Mariano Senna","date":"18 de novembro de 2020","format":false,"excerpt":"A estrat\u00e9gia global de combate ao coronav\u00edrus est\u00e1 em cheque na Alemanha. Junto com ela, os pr\u00f3prios princ\u00edpios do s\u00f3lido sistema democr\u00e1tico parlamentarista do pa\u00eds, visto que a urg\u00eancia do v\u00edrus imp\u00f5e uma efici\u00eancia de autocracia. Enquanto aumenta o barulho da oposi\u00e7\u00e3o por conta do segundo lockdown, o governo move\u2026","rel":"","context":"Em &quot;Ambiente J\u00c1-MAT\u00c9RIA&quot;","block_context":{"text":"Ambiente J\u00c1-MAT\u00c9RIA","link":"https:\/\/www.jornalja.com.br\/ambiente\/category\/ambiente-geral\/"},"img":{"alt_text":"","src":"https:\/\/i0.wp.com\/www.jornalja.com.br\/ambiente\/wp-content\/uploads\/sites\/3\/2020\/11\/berlinprotest112020.jpeg?resize=350%2C200&ssl=1","width":350,"height":200,"srcset":"https:\/\/i0.wp.com\/www.jornalja.com.br\/ambiente\/wp-content\/uploads\/sites\/3\/2020\/11\/berlinprotest112020.jpeg?resize=350%2C200&ssl=1 1x, https:\/\/i0.wp.com\/www.jornalja.com.br\/ambiente\/wp-content\/uploads\/sites\/3\/2020\/11\/berlinprotest112020.jpeg?resize=525%2C300&ssl=1 1.5x, https:\/\/i0.wp.com\/www.jornalja.com.br\/ambiente\/wp-content\/uploads\/sites\/3\/2020\/11\/berlinprotest112020.jpeg?resize=700%2C400&ssl=1 2x, https:\/\/i0.wp.com\/www.jornalja.com.br\/ambiente\/wp-content\/uploads\/sites\/3\/2020\/11\/berlinprotest112020.jpeg?resize=1050%2C600&ssl=1 3x, https:\/\/i0.wp.com\/www.jornalja.com.br\/ambiente\/wp-content\/uploads\/sites\/3\/2020\/11\/berlinprotest112020.jpeg?resize=1400%2C800&ssl=1 4x"},"classes":[]},{"id":83023,"url":"https:\/\/www.jornalja.com.br\/ambiente\/impasses-no-combate-da-pandemia-aprofundam-crise-politica-na-alemanha\/","url_meta":{"origin":82835,"position":2},"title":"Impasses no combate da pandemia aprofundam crise na Alemanha\u00a0","author":"Mariano Senna","date":"17 de abril de 2021","format":false,"excerpt":"O fiasco da pol\u00edtica de combate da pandemia na Alemanha s\u00f3 piora. Ap\u00f3s a contra-ordem com pedido de desculpas da primeira-ministra, Angela Merkel (CDU), veio o cancelamento da Confer\u00eancia de Governadores, que acontecia semanalmente na sede da Chancelaria (Kanzleramt). Dias antes da reuni\u00e3o, marcada para Segunda-feira (12\/04), o gabinete de\u2026","rel":"","context":"Em &quot;Ambiente J\u00c1-MAT\u00c9RIA&quot;","block_context":{"text":"Ambiente J\u00c1-MAT\u00c9RIA","link":"https:\/\/www.jornalja.com.br\/ambiente\/category\/ambiente-geral\/"},"img":{"alt_text":"","src":"https:\/\/i0.wp.com\/www.jornalja.com.br\/ambiente\/wp-content\/uploads\/sites\/3\/2021\/04\/img-e0029-scaled.jpg?resize=350%2C200&ssl=1","width":350,"height":200,"srcset":"https:\/\/i0.wp.com\/www.jornalja.com.br\/ambiente\/wp-content\/uploads\/sites\/3\/2021\/04\/img-e0029-scaled.jpg?resize=350%2C200&ssl=1 1x, https:\/\/i0.wp.com\/www.jornalja.com.br\/ambiente\/wp-content\/uploads\/sites\/3\/2021\/04\/img-e0029-scaled.jpg?resize=525%2C300&ssl=1 1.5x, https:\/\/i0.wp.com\/www.jornalja.com.br\/ambiente\/wp-content\/uploads\/sites\/3\/2021\/04\/img-e0029-scaled.jpg?resize=700%2C400&ssl=1 2x, https:\/\/i0.wp.com\/www.jornalja.com.br\/ambiente\/wp-content\/uploads\/sites\/3\/2021\/04\/img-e0029-scaled.jpg?resize=1050%2C600&ssl=1 3x, https:\/\/i0.wp.com\/www.jornalja.com.br\/ambiente\/wp-content\/uploads\/sites\/3\/2021\/04\/img-e0029-scaled.jpg?resize=1400%2C800&ssl=1 4x"},"classes":[]},{"id":82684,"url":"https:\/\/www.jornalja.com.br\/ambiente\/novo-lockdown-atesta-ineficacia-de-medidas-alternativas-na-alemanha\/","url_meta":{"origin":82835,"position":3},"title":"Novo lockdown europeu atesta inefic\u00e1cia de medidas alternativas","author":"Mariano Senna","date":"1 de novembro de 2020","format":false,"excerpt":"Depois de lutar por semanas para evitar um novo confinamento, a Alemanha, tida como exemplo no combate da pandemia, se rendeu novamente ao Covid-19, e agora assiste impotente a forma\u00e7\u00e3o de uma tempestade perfeita. A Europa inteira foi sendo gradativamente fechada numa vers\u00e3o mais leve de confinamento, um lockdown-light. Em\u2026","rel":"","context":"Em &quot;Ambiente J\u00c1-MAT\u00c9RIA&quot;","block_context":{"text":"Ambiente J\u00c1-MAT\u00c9RIA","link":"https:\/\/www.jornalja.com.br\/ambiente\/category\/ambiente-geral\/"},"img":{"alt_text":"","src":"https:\/\/i0.wp.com\/www.jornalja.com.br\/ambiente\/wp-content\/uploads\/sites\/3\/2020\/11\/barcelonacontrapandemia102020.jpeg?resize=350%2C200&ssl=1","width":350,"height":200,"srcset":"https:\/\/i0.wp.com\/www.jornalja.com.br\/ambiente\/wp-content\/uploads\/sites\/3\/2020\/11\/barcelonacontrapandemia102020.jpeg?resize=350%2C200&ssl=1 1x, https:\/\/i0.wp.com\/www.jornalja.com.br\/ambiente\/wp-content\/uploads\/sites\/3\/2020\/11\/barcelonacontrapandemia102020.jpeg?resize=525%2C300&ssl=1 1.5x, https:\/\/i0.wp.com\/www.jornalja.com.br\/ambiente\/wp-content\/uploads\/sites\/3\/2020\/11\/barcelonacontrapandemia102020.jpeg?resize=700%2C400&ssl=1 2x, https:\/\/i0.wp.com\/www.jornalja.com.br\/ambiente\/wp-content\/uploads\/sites\/3\/2020\/11\/barcelonacontrapandemia102020.jpeg?resize=1050%2C600&ssl=1 3x, https:\/\/i0.wp.com\/www.jornalja.com.br\/ambiente\/wp-content\/uploads\/sites\/3\/2020\/11\/barcelonacontrapandemia102020.jpeg?resize=1400%2C800&ssl=1 4x"},"classes":[]},{"id":82614,"url":"https:\/\/www.jornalja.com.br\/ambiente\/danca-das-mascaras-ensaia-fiasco-na-alemanha-do-corona\/","url_meta":{"origin":82835,"position":4},"title":"Dan\u00e7a das m\u00e1scaras ensaia fiasco na Alemanha","author":"Mariano Senna","date":"5 de outubro de 2020","format":false,"excerpt":"\u201cA ci\u00eancia \u00e9 um dos quatro cantos da engana\u00e7\u00e3o, juntamente com a m\u00eddia, a pol\u00edtica e a religi\u00e3o\u201d Noam Chomsky, Democracy Now. Para al\u00e9m do tombo econ\u00f4mico, com recuo de pelo menos 5,2% no PIB global, h\u00e1 impactos da pandemia que ainda n\u00e3o mostraram a cara. M\u00e1scaras que outrora escondiam\u2026","rel":"","context":"Em &quot;Ambiente J\u00c1-MAT\u00c9RIA&quot;","block_context":{"text":"Ambiente J\u00c1-MAT\u00c9RIA","link":"https:\/\/www.jornalja.com.br\/ambiente\/category\/ambiente-geral\/"},"img":{"alt_text":"","src":"https:\/\/i0.wp.com\/www.jornalja.com.br\/ambiente\/wp-content\/uploads\/sites\/3\/2020\/10\/coronaleugners2020crop.jpg?resize=350%2C200&ssl=1","width":350,"height":200,"srcset":"https:\/\/i0.wp.com\/www.jornalja.com.br\/ambiente\/wp-content\/uploads\/sites\/3\/2020\/10\/coronaleugners2020crop.jpg?resize=350%2C200&ssl=1 1x, https:\/\/i0.wp.com\/www.jornalja.com.br\/ambiente\/wp-content\/uploads\/sites\/3\/2020\/10\/coronaleugners2020crop.jpg?resize=525%2C300&ssl=1 1.5x, https:\/\/i0.wp.com\/www.jornalja.com.br\/ambiente\/wp-content\/uploads\/sites\/3\/2020\/10\/coronaleugners2020crop.jpg?resize=700%2C400&ssl=1 2x"},"classes":[]},{"id":82948,"url":"https:\/\/www.jornalja.com.br\/ambiente\/saude-economia-e-politica-em-jogo-na-terceira-onda-do-corona\/","url_meta":{"origin":82835,"position":5},"title":"Sa\u00fade, economia e pol\u00edtica em jogo na terceira onda do Corona","author":"Mariano Senna","date":"3 de abril de 2021","format":false,"excerpt":"A Alemanha inicia abril na crista da terceira onda da pandemia do Corona. Al\u00e9m da sa\u00fade, a cat\u00e1strofe maior que se desenha no horizonte \u00e9 a da pol\u00edtica, arrastada pela da economia. A incid\u00eancia de infectados por semana era 139,6 por cem mil habitantes em 1 de Abril. Um dia\u2026","rel":"","context":"Em &quot;Ambiente J\u00c1-MAT\u00c9RIA&quot;","block_context":{"text":"Ambiente J\u00c1-MAT\u00c9RIA","link":"https:\/\/www.jornalja.com.br\/ambiente\/category\/ambiente-geral\/"},"img":{"alt_text":"","src":"https:\/\/i0.wp.com\/www.jornalja.com.br\/ambiente\/wp-content\/uploads\/sites\/3\/2021\/04\/deutschlandbananenrepublik032021-scaled.jpg?resize=350%2C200&ssl=1","width":350,"height":200,"srcset":"https:\/\/i0.wp.com\/www.jornalja.com.br\/ambiente\/wp-content\/uploads\/sites\/3\/2021\/04\/deutschlandbananenrepublik032021-scaled.jpg?resize=350%2C200&ssl=1 1x, https:\/\/i0.wp.com\/www.jornalja.com.br\/ambiente\/wp-content\/uploads\/sites\/3\/2021\/04\/deutschlandbananenrepublik032021-scaled.jpg?resize=525%2C300&ssl=1 1.5x, https:\/\/i0.wp.com\/www.jornalja.com.br\/ambiente\/wp-content\/uploads\/sites\/3\/2021\/04\/deutschlandbananenrepublik032021-scaled.jpg?resize=700%2C400&ssl=1 2x, https:\/\/i0.wp.com\/www.jornalja.com.br\/ambiente\/wp-content\/uploads\/sites\/3\/2021\/04\/deutschlandbananenrepublik032021-scaled.jpg?resize=1050%2C600&ssl=1 3x, https:\/\/i0.wp.com\/www.jornalja.com.br\/ambiente\/wp-content\/uploads\/sites\/3\/2021\/04\/deutschlandbananenrepublik032021-scaled.jpg?resize=1400%2C800&ssl=1 4x"},"classes":[]}],"jetpack_shortlink":"https:\/\/wp.me\/pbKnZo-ly3","jetpack_sharing_enabled":true,"_links":{"self":[{"href":"https:\/\/www.jornalja.com.br\/ambiente\/wp-json\/wp\/v2\/posts\/82835","targetHints":{"allow":["GET"]}}],"collection":[{"href":"https:\/\/www.jornalja.com.br\/ambiente\/wp-json\/wp\/v2\/posts"}],"about":[{"href":"https:\/\/www.jornalja.com.br\/ambiente\/wp-json\/wp\/v2\/types\/post"}],"author":[{"embeddable":true,"href":"https:\/\/www.jornalja.com.br\/ambiente\/wp-json\/wp\/v2\/users\/22"}],"replies":[{"embeddable":true,"href":"https:\/\/www.jornalja.com.br\/ambiente\/wp-json\/wp\/v2\/comments?post=82835"}],"version-history":[{"count":1,"href":"https:\/\/www.jornalja.com.br\/ambiente\/wp-json\/wp\/v2\/posts\/82835\/revisions"}],"predecessor-version":[{"id":82839,"href":"https:\/\/www.jornalja.com.br\/ambiente\/wp-json\/wp\/v2\/posts\/82835\/revisions\/82839"}],"wp:featuredmedia":[{"embeddable":true,"href":"https:\/\/www.jornalja.com.br\/ambiente\/wp-json\/wp\/v2\/media\/82838"}],"wp:attachment":[{"href":"https:\/\/www.jornalja.com.br\/ambiente\/wp-json\/wp\/v2\/media?parent=82835"}],"wp:term":[{"taxonomy":"category","embeddable":true,"href":"https:\/\/www.jornalja.com.br\/ambiente\/wp-json\/wp\/v2\/categories?post=82835"},{"taxonomy":"post_tag","embeddable":true,"href":"https:\/\/www.jornalja.com.br\/ambiente\/wp-json\/wp\/v2\/tags?post=82835"}],"curies":[{"name":"wp","href":"https:\/\/api.w.org\/{rel}","templated":true}]}}