{"id":82848,"date":"2021-02-23T09:21:54","date_gmt":"2021-02-23T12:21:54","guid":{"rendered":"https:\/\/www.jornalja.com.br\/ambiente\/?p=82848"},"modified":"2021-11-11T19:26:43","modified_gmt":"2021-11-11T22:26:43","slug":"energia-solar-no-brasil-deve-chegar-a-125-gw-quase-uma-itaipu-de-capacidade-instalada","status":"publish","type":"post","link":"https:\/\/www.jornalja.com.br\/ambiente\/energia-solar-no-brasil-deve-chegar-a-125-gw-quase-uma-itaipu-de-capacidade-instalada\/","title":{"rendered":"Energia Solar no Brasil deve chegar a 12,5 GW, quase uma Itaipu, de capacidade instalada"},"content":{"rendered":"<p>As empresas do setor de energia solar fotovoltaica trabalham com perspectivas otimistas em 2021.<\/p>\n<p>Estima-se que o Brasil deve atingir 12,56 gigawatts (GW) de capacidade instalada, o que representa um crescimento de 68% em rela\u00e7\u00e3o \u00e0 pot\u00eancia registrada no final de 2020, de 7,46 GW.<\/p>\n<p>Para dar uma ideia: a Itapiu, a segunda maior hidrel\u00e9trica do mundo (depois de &#8220;Tr\u00eas Gargantas&#8221;, na China) tem capacidade instalada de 14 GW.<\/p>\n<p>E os tr\u00eas Estados da regi\u00e3o Sul est\u00e3o entre os maiores em pot\u00eancia instalada: Rio Grande do Sul em terceiro lugar, Paran\u00e1 na quinta posi\u00e7\u00e3o e Santa Catarina na s\u00e9tima.<\/p>\n<p>A pot\u00eancia instalada dessa regi\u00e3o \u00e9 de 1,08 GW, o equivalente a 23,4% do total do pa\u00eds.<\/p>\n<p>O ranking dos 10 estados com maior pot\u00eancia instalada \u00e9 liderado por Minas Gerais com 862,9 MW.<\/p>\n<p>Em segundo lugar est\u00e1 S\u00e3o Paulo, com 585,1 MW que \u00e9 seguido de perto pelo Rio Grande do Sul, com 576,5 MW.<\/p>\n<p>Na sequ\u00eancia est\u00e3o: Mato Grosso com 345,6 MW, Paran\u00e1 com 284,6 MW, Goi\u00e1s com 246 MW, Santa Catarina com 227,3 MW, Rio de Janeiro com 187,8 MW, Cear\u00e1 com 161,5 MW e Bahia que com 156,1 MW fecha a lista.<\/p>\n<p>A procura por energia solar no pa\u00eds cresce m\u00eas a m\u00eas, mesmo durante a pandemia de Covid-19, tanto para uso residencial quanto para uso comercial e servi\u00e7os, segundo as empresas do setor.<\/p>\n<p>De forma geral, o primeiro impulso para o investimento na fonte renov\u00e1vel de energia vem de fatores econ\u00f4micos, com a redu\u00e7\u00e3o na conta de luz, mas \u00e9 seguido pela preocupa\u00e7\u00e3o ambiental de usar uma fonte de energia que n\u00e3o agrida o meio ambiente.<\/p>\n<p>Segundo Arthur Santini, diretor da Ecori Energia Solar, o fato da regi\u00e3o Sul ser\u00a0 destaque em pot\u00eancia instalada mostra a evolu\u00e7\u00e3o e o crescimento das instala\u00e7\u00f5es de sistemas fotovoltaicos por todo o pa\u00eds:<\/p>\n<p>\u201cO Rio Grande do Sul est\u00e1 localizado numa \u00e1rea com menor \u00edndice de insola\u00e7\u00e3o, mas \u00e9 o terceiro colocado do ranking nacional em pot\u00eancia instalada. Isso mostra a tend\u00eancia de crescimento do setor na regi\u00e3o Sul do pa\u00eds n\u00e3o somente no quesito econ\u00f4mico, mas tamb\u00e9m em termos ambientais e tecnol\u00f3gicos\u201d, diz ele.<\/p>\n<p>Com onze anos no mercado, a Ecori Energia Solar se prepara para participar\u00a0 do F\u00f3rum de Gera\u00e7\u00e3o Distribu\u00edda que realizar\u00e1 sua primeira edi\u00e7\u00e3o regional nos dias 3 e 4 de mar\u00e7o, em Canela (RS).<\/p>\n<p>\u201cO F\u00f3rum de Gera\u00e7\u00e3o Distribu\u00edda \u00e9 um evento muito importante que possibilita a troca de experi\u00eancias e promove a constru\u00e7\u00e3o de um debate positivo sobre o setor de energia solar. Por isso, n\u00e3o podemos deixar de apoiar e contribuir com essa conversa\u201d, afirma Leandro Martins, presidente da Ecori Energia Solar.<\/p>\n<p>&nbsp;<\/p>\n<p>&nbsp;<\/p>\n","protected":false},"excerpt":{"rendered":"<p>As empresas do setor de energia solar fotovoltaica trabalham com perspectivas otimistas em 2021. Estima-se que o Brasil deve atingir 12,56 gigawatts (GW) de capacidade instalada, o que representa um crescimento de 68% em rela\u00e7\u00e3o \u00e0 pot\u00eancia registrada no final de 2020, de 7,46 GW. Para dar uma ideia: a Itapiu, a segunda maior hidrel\u00e9trica [&hellip;]<\/p>\n","protected":false},"author":4,"featured_media":82862,"comment_status":"open","ping_status":"open","sticky":false,"template":"","format":"standard","meta":{"jetpack_post_was_ever_published":false,"_jetpack_newsletter_access":"","_jetpack_dont_email_post_to_subs":false,"_jetpack_newsletter_tier_id":0,"_jetpack_memberships_contains_paywalled_content":false,"_jetpack_memberships_contains_paid_content":false,"footnotes":"","jetpack_publicize_message":"","jetpack_publicize_feature_enabled":true,"jetpack_social_post_already_shared":true,"jetpack_social_options":{"image_generator_settings":{"template":"highway","default_image_id":0,"font":"","enabled":false},"version":2}},"categories":[4],"tags":[16,215,12,160,186,52,201,38,81,14],"class_list":["post-82848","post","type-post","status-publish","format-standard","has-post-thumbnail","hentry","category-ambiente-geral","tag-ambiente","tag-covid-19","tag-energia","tag-energia-solar","tag-geracao-distribuida","tag-meio-ambiente","tag-pandemia","tag-rio-grande-do-sul","tag-santa-catarina","tag-solar"],"aioseo_notices":[],"jetpack_publicize_connections":[],"jetpack_featured_media_url":"https:\/\/www.jornalja.com.br\/ambiente\/wp-content\/uploads\/sites\/3\/2021\/02\/jc-ministro-minas-e-energia-fernando-coelho-inaugura-usina-solar-predio-governo-federal-00211172016-scaled.jpg","jetpack-related-posts":[{"id":83720,"url":"https:\/\/www.jornalja.com.br\/ambiente\/geracao-de-energia-solar-vai-dobrar-em-um-ano-o-que-produziu-em-uma-decada\/","url_meta":{"origin":82848,"position":0},"title":"Energia solar vai dobrar este ano a capacidade de gera\u00e7\u00e3o acumulada em uma d\u00e9cada","author":"da Reda\u00e7\u00e3o","date":"12 de janeiro de 2022","format":false,"excerpt":"O ano de 2022 tem tudo para ser o melhor ano da energia solar no Brasil desde 2012. A Associa\u00e7\u00e3o Brasileira de Energia Solar Fotovoltaica, que congrega empresas e profissionais do setor, estima que, somente neste ano, esta fonte dever\u00e1 gerar mais de 357 mil novos empregos, por todas as\u2026","rel":"","context":"Em &quot;Ambiente J\u00c1-MAT\u00c9RIA&quot;","block_context":{"text":"Ambiente J\u00c1-MAT\u00c9RIA","link":"https:\/\/www.jornalja.com.br\/ambiente\/category\/ambiente-geral\/"},"img":{"alt_text":"","src":"https:\/\/i0.wp.com\/www.jornalja.com.br\/ambiente\/wp-content\/uploads\/sites\/3\/2022\/01\/pexels-vivint-solar-2850347-scaled.jpg?resize=350%2C200&ssl=1","width":350,"height":200,"srcset":"https:\/\/i0.wp.com\/www.jornalja.com.br\/ambiente\/wp-content\/uploads\/sites\/3\/2022\/01\/pexels-vivint-solar-2850347-scaled.jpg?resize=350%2C200&ssl=1 1x, https:\/\/i0.wp.com\/www.jornalja.com.br\/ambiente\/wp-content\/uploads\/sites\/3\/2022\/01\/pexels-vivint-solar-2850347-scaled.jpg?resize=525%2C300&ssl=1 1.5x, https:\/\/i0.wp.com\/www.jornalja.com.br\/ambiente\/wp-content\/uploads\/sites\/3\/2022\/01\/pexels-vivint-solar-2850347-scaled.jpg?resize=700%2C400&ssl=1 2x, https:\/\/i0.wp.com\/www.jornalja.com.br\/ambiente\/wp-content\/uploads\/sites\/3\/2022\/01\/pexels-vivint-solar-2850347-scaled.jpg?resize=1050%2C600&ssl=1 3x, https:\/\/i0.wp.com\/www.jornalja.com.br\/ambiente\/wp-content\/uploads\/sites\/3\/2022\/01\/pexels-vivint-solar-2850347-scaled.jpg?resize=1400%2C800&ssl=1 4x"},"classes":[]},{"id":85336,"url":"https:\/\/www.jornalja.com.br\/ambiente\/relatorio-ganhou-manchete-china-dispara-em-energia-solar-e-eolica\/","url_meta":{"origin":82848,"position":1},"title":"Relat\u00f3rio ganhou manchete: China dispara em energia solar e e\u00f3lica","author":"da Reda\u00e7\u00e3o","date":"11 de julho de 2024","format":false,"excerpt":"O Guardian destaca, nesta quinta-feira, um relat\u00f3rio da Global Energy Monitor (GEM) sobre a expans\u00e3o das energias e\u00f3lica e solar ao redor do mundo. Chama aten\u00e7\u00e3o a posi\u00e7\u00e3o da China que tem, segundo a pesquisa, 180 gigawatts (GW) de energia solar em constru\u00e7\u00e3o e 15 GW de energia e\u00f3lica. \"Isso\u2026","rel":"","context":"Em &quot;Ambiente J\u00c1-MAT\u00c9RIA&quot;","block_context":{"text":"Ambiente J\u00c1-MAT\u00c9RIA","link":"https:\/\/www.jornalja.com.br\/ambiente\/category\/ambiente-geral\/"},"img":{"alt_text":"","src":"https:\/\/i0.wp.com\/www.jornalja.com.br\/ambiente\/wp-content\/uploads\/sites\/3\/2024\/07\/china-e-a-energia-solar.png?resize=350%2C200&ssl=1","width":350,"height":200,"srcset":"https:\/\/i0.wp.com\/www.jornalja.com.br\/ambiente\/wp-content\/uploads\/sites\/3\/2024\/07\/china-e-a-energia-solar.png?resize=350%2C200&ssl=1 1x, https:\/\/i0.wp.com\/www.jornalja.com.br\/ambiente\/wp-content\/uploads\/sites\/3\/2024\/07\/china-e-a-energia-solar.png?resize=525%2C300&ssl=1 1.5x, https:\/\/i0.wp.com\/www.jornalja.com.br\/ambiente\/wp-content\/uploads\/sites\/3\/2024\/07\/china-e-a-energia-solar.png?resize=700%2C400&ssl=1 2x"},"classes":[]},{"id":84538,"url":"https:\/\/www.jornalja.com.br\/ambiente\/energia-solar-no-rs-r-11-bilhoes-em-dez-anos-e-presenca-em-todos-os-municipios\/","url_meta":{"origin":82848,"position":2},"title":"Energia solar no RS: R$ 11 bilh\u00f5es em dez anos e presen\u00e7a em todos os munic\u00edpios \u00a0","author":"da Reda\u00e7\u00e3o","date":"17 de maio de 2023","format":false,"excerpt":"O Rio Grande do Sul \u00e9 um dos tr\u00eas estados brasileiros com maior pot\u00eancia instalada de energia solar em telhados e pequenos terrenos. O Estado j\u00e1 ultrapassa os 2,1 gigawatts (GW) em opera\u00e7\u00e3o nas resid\u00eancias, com\u00e9rcios, ind\u00fastrias, propriedades rurais e pr\u00e9dios p\u00fablicos, segundo os n\u00fameros da Absolar. Segundo a entidade,\u2026","rel":"","context":"Em &quot;Ambiente J\u00c1-MAT\u00c9RIA&quot;","block_context":{"text":"Ambiente J\u00c1-MAT\u00c9RIA","link":"https:\/\/www.jornalja.com.br\/ambiente\/category\/ambiente-geral\/"},"img":{"alt_text":"","src":"https:\/\/i0.wp.com\/www.jornalja.com.br\/ambiente\/wp-content\/uploads\/sites\/3\/2023\/05\/energia-solar-mapa-rs.jpg?resize=350%2C200&ssl=1","width":350,"height":200,"srcset":"https:\/\/i0.wp.com\/www.jornalja.com.br\/ambiente\/wp-content\/uploads\/sites\/3\/2023\/05\/energia-solar-mapa-rs.jpg?resize=350%2C200&ssl=1 1x, https:\/\/i0.wp.com\/www.jornalja.com.br\/ambiente\/wp-content\/uploads\/sites\/3\/2023\/05\/energia-solar-mapa-rs.jpg?resize=525%2C300&ssl=1 1.5x"},"classes":[]},{"id":85166,"url":"https:\/\/www.jornalja.com.br\/ambiente\/energia-solar-grandes-usinas-atingem-11-gigawatts-com-investimentos-de-500-bilhoes-em-dez-anos\/","url_meta":{"origin":82848,"position":3},"title":"Energia solar: grandes usinas atingem 11 gigawatts, com investimentos de 500 bilh\u00f5es em dez anos","author":"da Reda\u00e7\u00e3o","date":"8 de dezembro de 2023","format":false,"excerpt":"O Brasil ultrapassou a marca de 11 gigawatts (GW) de pot\u00eancia operacional nas grandes usinas solares, de acordo com o mapeamento da Associa\u00e7\u00e3o Brasileira de Energia Solar Fotovoltaica (ABSOLAR). Segundo a entidade, desde 2012, o segmento j\u00e1 trouxe mais de R$ 49,1 bilh\u00f5es em novos investimentos e mais de 330,1\u2026","rel":"","context":"Em &quot;Ambiente J\u00c1-MAT\u00c9RIA&quot;","block_context":{"text":"Ambiente J\u00c1-MAT\u00c9RIA","link":"https:\/\/www.jornalja.com.br\/ambiente\/category\/ambiente-geral\/"},"img":{"alt_text":"","src":"https:\/\/i0.wp.com\/www.jornalja.com.br\/ambiente\/wp-content\/uploads\/sites\/3\/2023\/12\/energia-solar-divulgacao-absolar.jpg?resize=350%2C200&ssl=1","width":350,"height":200,"srcset":"https:\/\/i0.wp.com\/www.jornalja.com.br\/ambiente\/wp-content\/uploads\/sites\/3\/2023\/12\/energia-solar-divulgacao-absolar.jpg?resize=350%2C200&ssl=1 1x, https:\/\/i0.wp.com\/www.jornalja.com.br\/ambiente\/wp-content\/uploads\/sites\/3\/2023\/12\/energia-solar-divulgacao-absolar.jpg?resize=525%2C300&ssl=1 1.5x, https:\/\/i0.wp.com\/www.jornalja.com.br\/ambiente\/wp-content\/uploads\/sites\/3\/2023\/12\/energia-solar-divulgacao-absolar.jpg?resize=700%2C400&ssl=1 2x, https:\/\/i0.wp.com\/www.jornalja.com.br\/ambiente\/wp-content\/uploads\/sites\/3\/2023\/12\/energia-solar-divulgacao-absolar.jpg?resize=1050%2C600&ssl=1 3x"},"classes":[]},{"id":82147,"url":"https:\/\/www.jornalja.com.br\/ambiente\/uma-itaipu-movida-a-vento-brasil-completa-16gw-de-energia-eolica\/","url_meta":{"origin":82848,"position":4},"title":"Uma Itaipu movida a vento: Brasil completa 16 GW de energia e\u00f3lica","author":"da Reda\u00e7\u00e3o","date":"23 de junho de 2020","format":false,"excerpt":"Cleber Dioni Tentardini Os parques e\u00f3licos em funcionamento no Brasil garantiram a marca de 16 Gigawatts de capacidade instalada de energia e\u00f3lica, pot\u00eancia superior \u00e0 produ\u00e7\u00e3o da Usina Hidrel\u00e9trica de Itaipu, que \u00e9 de 14 GW. Desde o ano passado, a energia e\u00f3lica \u00e9 a segunda fonte da matriz el\u00e9trica\u2026","rel":"","context":"Em &quot;Ambiente J\u00c1-MAT\u00c9RIA&quot;","block_context":{"text":"Ambiente J\u00c1-MAT\u00c9RIA","link":"https:\/\/www.jornalja.com.br\/ambiente\/category\/ambiente-geral\/"},"img":{"alt_text":"","src":"https:\/\/i0.wp.com\/www.jornalja.com.br\/ambiente\/wp-content\/uploads\/sites\/3\/2020\/06\/Foto-Nelio-Chatarina-Pinto_Divulga%C3%A7%C3%A3o-DSC02908-scaled.jpg?resize=350%2C200&ssl=1","width":350,"height":200,"srcset":"https:\/\/i0.wp.com\/www.jornalja.com.br\/ambiente\/wp-content\/uploads\/sites\/3\/2020\/06\/Foto-Nelio-Chatarina-Pinto_Divulga%C3%A7%C3%A3o-DSC02908-scaled.jpg?resize=350%2C200&ssl=1 1x, https:\/\/i0.wp.com\/www.jornalja.com.br\/ambiente\/wp-content\/uploads\/sites\/3\/2020\/06\/Foto-Nelio-Chatarina-Pinto_Divulga%C3%A7%C3%A3o-DSC02908-scaled.jpg?resize=525%2C300&ssl=1 1.5x, https:\/\/i0.wp.com\/www.jornalja.com.br\/ambiente\/wp-content\/uploads\/sites\/3\/2020\/06\/Foto-Nelio-Chatarina-Pinto_Divulga%C3%A7%C3%A3o-DSC02908-scaled.jpg?resize=700%2C400&ssl=1 2x"},"classes":[]},{"id":82286,"url":"https:\/\/www.jornalja.com.br\/ambiente\/empresa-mineira-constroi-primeira-usina-solar-do-estado-em-uruguaiana\/","url_meta":{"origin":82848,"position":5},"title":"Empresa mineira pede licen\u00e7a para construir primeira usina solar do Estado, em Uruguaiana","author":"da Reda\u00e7\u00e3o","date":"14 de julho de 2020","format":false,"excerpt":"Entrou em an\u00e1lise na Funda\u00e7\u00e3o Estadual de Prote\u00e7\u00e3o Ambiental, pela primeira vez, um pedido de licen\u00e7a para a instala\u00e7\u00e3o de um empreendimento que gerar\u00e1 energia a partir da luz solar. At\u00e9 agora todos os projetos de energia solar eram de pequeno porte, sem necessidade de licen\u00e7a. A empresa mineira Solargrid\u2026","rel":"","context":"Em &quot;Ambiente J\u00c1-MAT\u00c9RIA&quot;","block_context":{"text":"Ambiente J\u00c1-MAT\u00c9RIA","link":"https:\/\/www.jornalja.com.br\/ambiente\/category\/ambiente-geral\/"},"img":{"alt_text":"","src":"https:\/\/i0.wp.com\/www.jornalja.com.br\/ambiente\/wp-content\/uploads\/sites\/3\/2020\/07\/energia-solar-fepam-divulgacao-scaled.jpg?resize=350%2C200&ssl=1","width":350,"height":200,"srcset":"https:\/\/i0.wp.com\/www.jornalja.com.br\/ambiente\/wp-content\/uploads\/sites\/3\/2020\/07\/energia-solar-fepam-divulgacao-scaled.jpg?resize=350%2C200&ssl=1 1x, https:\/\/i0.wp.com\/www.jornalja.com.br\/ambiente\/wp-content\/uploads\/sites\/3\/2020\/07\/energia-solar-fepam-divulgacao-scaled.jpg?resize=525%2C300&ssl=1 1.5x, https:\/\/i0.wp.com\/www.jornalja.com.br\/ambiente\/wp-content\/uploads\/sites\/3\/2020\/07\/energia-solar-fepam-divulgacao-scaled.jpg?resize=700%2C400&ssl=1 2x"},"classes":[]}],"jetpack_shortlink":"https:\/\/wp.me\/pbKnZo-lyg","jetpack_sharing_enabled":true,"_links":{"self":[{"href":"https:\/\/www.jornalja.com.br\/ambiente\/wp-json\/wp\/v2\/posts\/82848","targetHints":{"allow":["GET"]}}],"collection":[{"href":"https:\/\/www.jornalja.com.br\/ambiente\/wp-json\/wp\/v2\/posts"}],"about":[{"href":"https:\/\/www.jornalja.com.br\/ambiente\/wp-json\/wp\/v2\/types\/post"}],"author":[{"embeddable":true,"href":"https:\/\/www.jornalja.com.br\/ambiente\/wp-json\/wp\/v2\/users\/4"}],"replies":[{"embeddable":true,"href":"https:\/\/www.jornalja.com.br\/ambiente\/wp-json\/wp\/v2\/comments?post=82848"}],"version-history":[{"count":3,"href":"https:\/\/www.jornalja.com.br\/ambiente\/wp-json\/wp\/v2\/posts\/82848\/revisions"}],"predecessor-version":[{"id":82865,"href":"https:\/\/www.jornalja.com.br\/ambiente\/wp-json\/wp\/v2\/posts\/82848\/revisions\/82865"}],"wp:featuredmedia":[{"embeddable":true,"href":"https:\/\/www.jornalja.com.br\/ambiente\/wp-json\/wp\/v2\/media\/82862"}],"wp:attachment":[{"href":"https:\/\/www.jornalja.com.br\/ambiente\/wp-json\/wp\/v2\/media?parent=82848"}],"wp:term":[{"taxonomy":"category","embeddable":true,"href":"https:\/\/www.jornalja.com.br\/ambiente\/wp-json\/wp\/v2\/categories?post=82848"},{"taxonomy":"post_tag","embeddable":true,"href":"https:\/\/www.jornalja.com.br\/ambiente\/wp-json\/wp\/v2\/tags?post=82848"}],"curies":[{"name":"wp","href":"https:\/\/api.w.org\/{rel}","templated":true}]}}