{"id":82913,"date":"2021-03-14T22:54:20","date_gmt":"2021-03-15T01:54:20","guid":{"rendered":"https:\/\/www.jornalja.com.br\/ambiente\/?p=82913"},"modified":"2021-03-14T23:11:55","modified_gmt":"2021-03-15T02:11:55","slug":"terceira-onda-chega-com-conta-politica-para-merkel","status":"publish","type":"post","link":"https:\/\/www.jornalja.com.br\/ambiente\/terceira-onda-chega-com-conta-politica-para-merkel\/","title":{"rendered":"Terceira onda chega com conta pol\u00edtica para Merkel\u00a0"},"content":{"rendered":"<p><span style=\"font-weight: 400\">\u201cA ci\u00eancia \u00e9 um dos quatro cantos da engana\u00e7\u00e3o, juntamente com a m\u00eddia, a pol\u00edtica e a religi\u00e3o\u201d, <a href=\"https:\/\/www.democracynow.org\/2020\/4\/17\/noam_chomsky_coronavirus_trump_gaza_palestine?utm_source=Democracy+Now%21&amp;utm_campaign=eab30f4e49-Daily_Digest_COPY_01&amp;utm_medium=email&amp;utm_term=0_fa2346a853-eab30f4e49-191723809\">Noam Chomsky<\/a>. <\/span><\/p>\n<p><span style=\"font-weight: 400\">No anivers\u00e1rio de um ano do primeiro Lockdown na Alemanha, sexta-feira, dia 12 de mar\u00e7o, o presidente do Robert-Koch Institut (RKI &#8211; www.rki.de), Lothar Wieler, respons\u00e1vel pela aferi\u00e7\u00e3o do n\u00famero de infectados, anunciou que o pa\u00eds est\u00e1 entrando na terceira onda da Covid. \u201cVivemos um momento muito delicado\u201d, alertou Wieler. O principal motivo, segundo ele, \u00e9 a variante brit\u00e2nica do v\u00edrus. \u201cObservamos um aumento exponencial das infec\u00e7\u00f5es de pessoas mais jovens. N\u00e3o apenas abaixo de 65 anos, mas tamb\u00e9m de 15 a 6 anos\u201d, declarou.<\/span><\/p>\n<p><span style=\"font-weight: 400\">A informa\u00e7\u00e3o confirma, sobretudo, o <a href=\"https:\/\/www.jornalja.com.br\/ambiente\/danca-das-mascaras-ensaia-fiasco-na-alemanha-do-corona\/\">fiasco anunciado da pol\u00edtica de Angela Merkel<\/a><\/span><span style=\"font-weight: 400\">, e promete apresentar agora uma conta bem amarga para a mulher que est\u00e1 h\u00e1 16 anos no poder da principal nacao da Europa. Dois dias ap\u00f3s o an\u00fancio do in\u00edcio da terceira onda da gripe do Corona, o partido dela (CDU &#8211; www.cdu.de) sofreu uma derrota hist\u00f3rica nas elei\u00e7\u00f5es regionais. No pleito, ocorrido nos estados de Baden-Wurttenberg e Rheinland-Pfalz, os Cristaos Democratas foram os que mais cederam eleitores aos outros partidos.\u00a0<\/span><\/p>\n<p><span style=\"font-weight: 400\">Al\u00e9m da exaust\u00e3o por quatro meses de confinamento, a derrota \u00e9 apontada como um efeito dos esc\u00e2ndalos envolvendo deputados da coaliz\u00e3o no Bundestag. Dois deles, Nikolas L\u00f6bel (CDU) e Georg N\u00fc\u00dflein (CSU), perderam os mandatos e foram expulsos dos partidos na semana passada, por receberem comiss\u00e3o (200 mil e 600 mil Euros) pela compra de m\u00e1scaras do governo. \u201cA corrup\u00e7\u00e3o \u00e9 um veneno para a democracia\u201d, disse o presidente alem\u00e3o, Frank Walter Steinmeier (SPD), lembrando que o controle da atividade lobista \u00e9 fundamental. Como resposta, o governo parece que finalmente vai encaminhar a cria\u00e7\u00e3o de um registro de lobistas, mas sem criar a obrigatoriedade da declara\u00e7\u00e3o de renda para todos os pol\u00edticos.\u00a0<\/span><\/p>\n<p><span style=\"font-weight: 400\">A retrospectiva do primeiro ano da pandemia corrobora com a tese do fiasco pol\u00edtico da estrat\u00e9gia do governo em Berlim. Al\u00e9m do <a href=\"https:\/\/www.jornalja.com.br\/ambiente\/combate-a-pandemia-afeta-saude-politica-da-alemanha\/\">pedido de perd\u00e3o antecipado do ministro da Sa\u00fade, Jens Spahn (CDU)<\/a><\/span><span style=\"font-weight: 400\">, as idas e vindas com o uso e os tipos adequados de m\u00e1scaras, o an\u00fancio das vacinas que nao existem, a ociosidade dos centros de vacinacao constru\u00eddos \u00e0s pressas, a r\u00e1pida e generosa ajuda \u00e0s grandes empresas que agora iniciam o enxugamento de pessoal, e o excesso de cuidado para o acesso dos pequenos aos recursos. Sem explica\u00e7\u00f5es convincentes para esses e outros erros no combate da pandemia, o governo de Angela Merkel parece ter recebido s\u00f3 a primeira parte dessa conta. O resto ser\u00e1 cobrado em Setembro, na elei\u00e7\u00e3o que definir\u00e1 quem ocupar\u00e1 o seu lugar.<\/span><\/p>\n","protected":false},"excerpt":{"rendered":"<p>\u201cA ci\u00eancia \u00e9 um dos quatro cantos da engana\u00e7\u00e3o, juntamente com a m\u00eddia, a pol\u00edtica e a religi\u00e3o\u201d, Noam Chomsky. No anivers\u00e1rio de um ano do primeiro Lockdown na Alemanha, sexta-feira, dia 12 de mar\u00e7o, o presidente do Robert-Koch Institut (RKI &#8211; www.rki.de), Lothar Wieler, respons\u00e1vel pela aferi\u00e7\u00e3o do n\u00famero de infectados, anunciou que o [&hellip;]<\/p>\n","protected":false},"author":22,"featured_media":82916,"comment_status":"open","ping_status":"open","sticky":false,"template":"","format":"standard","meta":{"jetpack_post_was_ever_published":false,"_jetpack_newsletter_access":"","_jetpack_dont_email_post_to_subs":false,"_jetpack_newsletter_tier_id":0,"_jetpack_memberships_contains_paywalled_content":false,"_jetpack_memberships_contains_paid_content":false,"footnotes":"","jetpack_publicize_message":"","jetpack_publicize_feature_enabled":true,"jetpack_social_post_already_shared":true,"jetpack_social_options":{"image_generator_settings":{"template":"highway","default_image_id":0,"font":"","enabled":false},"version":2}},"categories":[4,18],"tags":[161,162,214,220,171,138,201,217,8,205],"class_list":["post-82913","post","type-post","status-publish","format-standard","has-post-thumbnail","hentry","category-ambiente-geral","category-notas-ambiente-ja","tag-alemanha","tag-angela-merkel","tag-coronavirus-na-alemanha","tag-europa","tag-finame","tag-governo","tag-pandemia","tag-politica-de-saude","tag-saude","tag-sema"],"aioseo_notices":[],"jetpack_publicize_connections":[],"jetpack_featured_media_url":"https:\/\/www.jornalja.com.br\/ambiente\/wp-content\/uploads\/sites\/3\/2021\/03\/protestoscorona2021.jpg","jetpack-related-posts":[{"id":82948,"url":"https:\/\/www.jornalja.com.br\/ambiente\/saude-economia-e-politica-em-jogo-na-terceira-onda-do-corona\/","url_meta":{"origin":82913,"position":0},"title":"Sa\u00fade, economia e pol\u00edtica em jogo na terceira onda do Corona","author":"Mariano Senna","date":"3 de abril de 2021","format":false,"excerpt":"A Alemanha inicia abril na crista da terceira onda da pandemia do Corona. Al\u00e9m da sa\u00fade, a cat\u00e1strofe maior que se desenha no horizonte \u00e9 a da pol\u00edtica, arrastada pela da economia. A incid\u00eancia de infectados por semana era 139,6 por cem mil habitantes em 1 de Abril. Um dia\u2026","rel":"","context":"Em &quot;Ambiente J\u00c1-MAT\u00c9RIA&quot;","block_context":{"text":"Ambiente J\u00c1-MAT\u00c9RIA","link":"https:\/\/www.jornalja.com.br\/ambiente\/category\/ambiente-geral\/"},"img":{"alt_text":"","src":"https:\/\/i0.wp.com\/www.jornalja.com.br\/ambiente\/wp-content\/uploads\/sites\/3\/2021\/04\/deutschlandbananenrepublik032021-scaled.jpg?resize=350%2C200&ssl=1","width":350,"height":200,"srcset":"https:\/\/i0.wp.com\/www.jornalja.com.br\/ambiente\/wp-content\/uploads\/sites\/3\/2021\/04\/deutschlandbananenrepublik032021-scaled.jpg?resize=350%2C200&ssl=1 1x, https:\/\/i0.wp.com\/www.jornalja.com.br\/ambiente\/wp-content\/uploads\/sites\/3\/2021\/04\/deutschlandbananenrepublik032021-scaled.jpg?resize=525%2C300&ssl=1 1.5x, https:\/\/i0.wp.com\/www.jornalja.com.br\/ambiente\/wp-content\/uploads\/sites\/3\/2021\/04\/deutschlandbananenrepublik032021-scaled.jpg?resize=700%2C400&ssl=1 2x, https:\/\/i0.wp.com\/www.jornalja.com.br\/ambiente\/wp-content\/uploads\/sites\/3\/2021\/04\/deutschlandbananenrepublik032021-scaled.jpg?resize=1050%2C600&ssl=1 3x, https:\/\/i0.wp.com\/www.jornalja.com.br\/ambiente\/wp-content\/uploads\/sites\/3\/2021\/04\/deutschlandbananenrepublik032021-scaled.jpg?resize=1400%2C800&ssl=1 4x"},"classes":[]},{"id":82835,"url":"https:\/\/www.jornalja.com.br\/ambiente\/combate-a-pandemia-afeta-saude-politica-da-alemanha\/","url_meta":{"origin":82913,"position":1},"title":"Combate \u00e0 pandemia afeta sa\u00fade pol\u00edtica da Alemanha","author":"Mariano Senna","date":"26 de janeiro de 2021","format":false,"excerpt":"Desde 25 de Janeiro, passageiros que desembarcam na Alemanha devem apresentar um teste negativo para o Coronav\u00edrus. Ao chegar em solo alem\u00e3o, devem ainda fazer novo teste. Os que se negarem ser\u00e3o mandados de volta. Assim diz a portaria baixada no fim de semana pelo Minist\u00e9rio do Interior. A medida\u2026","rel":"","context":"Em &quot;Ambiente J\u00c1-MAT\u00c9RIA&quot;","block_context":{"text":"Ambiente J\u00c1-MAT\u00c9RIA","link":"https:\/\/www.jornalja.com.br\/ambiente\/category\/ambiente-geral\/"},"img":{"alt_text":"","src":"https:\/\/i0.wp.com\/www.jornalja.com.br\/ambiente\/wp-content\/uploads\/sites\/3\/2021\/01\/neuinfektionenscreenshot-2021-01-26.png?resize=350%2C200&ssl=1","width":350,"height":200,"srcset":"https:\/\/i0.wp.com\/www.jornalja.com.br\/ambiente\/wp-content\/uploads\/sites\/3\/2021\/01\/neuinfektionenscreenshot-2021-01-26.png?resize=350%2C200&ssl=1 1x, https:\/\/i0.wp.com\/www.jornalja.com.br\/ambiente\/wp-content\/uploads\/sites\/3\/2021\/01\/neuinfektionenscreenshot-2021-01-26.png?resize=525%2C300&ssl=1 1.5x, https:\/\/i0.wp.com\/www.jornalja.com.br\/ambiente\/wp-content\/uploads\/sites\/3\/2021\/01\/neuinfektionenscreenshot-2021-01-26.png?resize=700%2C400&ssl=1 2x"},"classes":[]},{"id":83023,"url":"https:\/\/www.jornalja.com.br\/ambiente\/impasses-no-combate-da-pandemia-aprofundam-crise-politica-na-alemanha\/","url_meta":{"origin":82913,"position":2},"title":"Impasses no combate da pandemia aprofundam crise na Alemanha\u00a0","author":"Mariano Senna","date":"17 de abril de 2021","format":false,"excerpt":"O fiasco da pol\u00edtica de combate da pandemia na Alemanha s\u00f3 piora. Ap\u00f3s a contra-ordem com pedido de desculpas da primeira-ministra, Angela Merkel (CDU), veio o cancelamento da Confer\u00eancia de Governadores, que acontecia semanalmente na sede da Chancelaria (Kanzleramt). Dias antes da reuni\u00e3o, marcada para Segunda-feira (12\/04), o gabinete de\u2026","rel":"","context":"Em &quot;Ambiente J\u00c1-MAT\u00c9RIA&quot;","block_context":{"text":"Ambiente J\u00c1-MAT\u00c9RIA","link":"https:\/\/www.jornalja.com.br\/ambiente\/category\/ambiente-geral\/"},"img":{"alt_text":"","src":"https:\/\/i0.wp.com\/www.jornalja.com.br\/ambiente\/wp-content\/uploads\/sites\/3\/2021\/04\/img-e0029-scaled.jpg?resize=350%2C200&ssl=1","width":350,"height":200,"srcset":"https:\/\/i0.wp.com\/www.jornalja.com.br\/ambiente\/wp-content\/uploads\/sites\/3\/2021\/04\/img-e0029-scaled.jpg?resize=350%2C200&ssl=1 1x, https:\/\/i0.wp.com\/www.jornalja.com.br\/ambiente\/wp-content\/uploads\/sites\/3\/2021\/04\/img-e0029-scaled.jpg?resize=525%2C300&ssl=1 1.5x, https:\/\/i0.wp.com\/www.jornalja.com.br\/ambiente\/wp-content\/uploads\/sites\/3\/2021\/04\/img-e0029-scaled.jpg?resize=700%2C400&ssl=1 2x, https:\/\/i0.wp.com\/www.jornalja.com.br\/ambiente\/wp-content\/uploads\/sites\/3\/2021\/04\/img-e0029-scaled.jpg?resize=1050%2C600&ssl=1 3x, https:\/\/i0.wp.com\/www.jornalja.com.br\/ambiente\/wp-content\/uploads\/sites\/3\/2021\/04\/img-e0029-scaled.jpg?resize=1400%2C800&ssl=1 4x"},"classes":[]},{"id":83185,"url":"https:\/\/www.jornalja.com.br\/ambiente\/guru-alemao-da-pandemia-defende-renovacao-da-vacina-antes-de-2022\/","url_meta":{"origin":82913,"position":3},"title":"Guru alem\u00e3o da pandemia defende renova\u00e7\u00e3o da vacina antes de 2022","author":"Mariano Senna","date":"21 de maio de 2021","format":false,"excerpt":"Karl Lauterbach, \"o experte-Mor\" da pandemia para o mainstream midi\u00e1tico alem\u00e3o, j\u00e1 anunciou a receita da ind\u00fastria farmac\u00eautica mundial para o covid-19. \"O ideal \u00e9 atualizar a vacina a cada seis meses\", declarou ele na noite do dia 12 de maio, durante o programa do entrevistador Markus Lanz, na ZDF,\u2026","rel":"","context":"Em &quot;Ambiente J\u00c1-MAT\u00c9RIA&quot;","block_context":{"text":"Ambiente J\u00c1-MAT\u00c9RIA","link":"https:\/\/www.jornalja.com.br\/ambiente\/category\/ambiente-geral\/"},"img":{"alt_text":"","src":"https:\/\/i0.wp.com\/www.jornalja.com.br\/ambiente\/wp-content\/uploads\/sites\/3\/2021\/05\/gesundheitsminister-jens-spahn-ist-massiv-unter-be-202103171713-fulllauterbach.jpg?resize=350%2C200&ssl=1","width":350,"height":200,"srcset":"https:\/\/i0.wp.com\/www.jornalja.com.br\/ambiente\/wp-content\/uploads\/sites\/3\/2021\/05\/gesundheitsminister-jens-spahn-ist-massiv-unter-be-202103171713-fulllauterbach.jpg?resize=350%2C200&ssl=1 1x, https:\/\/i0.wp.com\/www.jornalja.com.br\/ambiente\/wp-content\/uploads\/sites\/3\/2021\/05\/gesundheitsminister-jens-spahn-ist-massiv-unter-be-202103171713-fulllauterbach.jpg?resize=525%2C300&ssl=1 1.5x, https:\/\/i0.wp.com\/www.jornalja.com.br\/ambiente\/wp-content\/uploads\/sites\/3\/2021\/05\/gesundheitsminister-jens-spahn-ist-massiv-unter-be-202103171713-fulllauterbach.jpg?resize=700%2C400&ssl=1 2x, https:\/\/i0.wp.com\/www.jornalja.com.br\/ambiente\/wp-content\/uploads\/sites\/3\/2021\/05\/gesundheitsminister-jens-spahn-ist-massiv-unter-be-202103171713-fulllauterbach.jpg?resize=1050%2C600&ssl=1 3x"},"classes":[]},{"id":83687,"url":"https:\/\/www.jornalja.com.br\/ambiente\/apesar-da-vacinacao-lockdown-avanca-na-europa\/","url_meta":{"origin":82913,"position":4},"title":"Apesar da vacina\u00e7\u00e3o, lockdown avan\u00e7a na Europa","author":"Mariano Senna","date":"19 de dezembro de 2021","format":false,"excerpt":"O social-democrata Karl Lauterbach, guru da pandemia e agora ministro da Sa\u00fade na Alemanha, mostrou a que veio j\u00e1 na sua primeira confer\u00eancia de imprensa como titular do cargo, dia 16\/12\/2021. \"Compramos 80 milh\u00f5es de doses para os pr\u00f3ximos meses\", anunciou ele em Berlin para os jornalistas na ocasi\u00e3o. O\u2026","rel":"","context":"Em &quot;Ambiente J\u00c1-MAT\u00c9RIA&quot;","block_context":{"text":"Ambiente J\u00c1-MAT\u00c9RIA","link":"https:\/\/www.jornalja.com.br\/ambiente\/category\/ambiente-geral\/"},"img":{"alt_text":"","src":"https:\/\/i0.wp.com\/www.jornalja.com.br\/ambiente\/wp-content\/uploads\/sites\/3\/2021\/12\/demo18122021contentgross.jpg?resize=350%2C200&ssl=1","width":350,"height":200,"srcset":"https:\/\/i0.wp.com\/www.jornalja.com.br\/ambiente\/wp-content\/uploads\/sites\/3\/2021\/12\/demo18122021contentgross.jpg?resize=350%2C200&ssl=1 1x, https:\/\/i0.wp.com\/www.jornalja.com.br\/ambiente\/wp-content\/uploads\/sites\/3\/2021\/12\/demo18122021contentgross.jpg?resize=525%2C300&ssl=1 1.5x"},"classes":[]},{"id":78047,"url":"https:\/\/www.jornalja.com.br\/ambiente\/recebido-com-frieza-salles-voltou-sem-a-garantia-dos-repasses-da-alemanha\/","url_meta":{"origin":82913,"position":5},"title":"Recebido com frieza, Salles voltou sem a garantia dos repasses da Alemanha","author":"da Reda\u00e7\u00e3o","date":"4 de outubro de 2019","format":false,"excerpt":"O ministro do Meio Ambiente, Ricardo Salles, deixou a Alemanha na quarta-feira (02\/10) sem conseguir qualquer concess\u00e3o do governo da chanceler federal, Angela Merkel, na quest\u00e3o da suspens\u00e3o de uma verba de 155 milh\u00f5es de reais para projetos de conserva\u00e7\u00e3o florestal no Brasil. Em agosto, em meio \u00e0 crise das\u2026","rel":"","context":"Em &quot;Ambiente J\u00c1-MAT\u00c9RIA&quot;","block_context":{"text":"Ambiente J\u00c1-MAT\u00c9RIA","link":"https:\/\/www.jornalja.com.br\/ambiente\/category\/ambiente-geral\/"},"img":{"alt_text":"","src":"https:\/\/i0.wp.com\/www.jornalja.com.br\/wp-content\/uploads\/2019\/10\/Ambiente-Alemanha-protesto-do-greenpeace-450x253.jpg?resize=350%2C200&ssl=1","width":350,"height":200},"classes":[]}],"jetpack_shortlink":"https:\/\/wp.me\/pbKnZo-lzj","jetpack_sharing_enabled":true,"_links":{"self":[{"href":"https:\/\/www.jornalja.com.br\/ambiente\/wp-json\/wp\/v2\/posts\/82913","targetHints":{"allow":["GET"]}}],"collection":[{"href":"https:\/\/www.jornalja.com.br\/ambiente\/wp-json\/wp\/v2\/posts"}],"about":[{"href":"https:\/\/www.jornalja.com.br\/ambiente\/wp-json\/wp\/v2\/types\/post"}],"author":[{"embeddable":true,"href":"https:\/\/www.jornalja.com.br\/ambiente\/wp-json\/wp\/v2\/users\/22"}],"replies":[{"embeddable":true,"href":"https:\/\/www.jornalja.com.br\/ambiente\/wp-json\/wp\/v2\/comments?post=82913"}],"version-history":[{"count":4,"href":"https:\/\/www.jornalja.com.br\/ambiente\/wp-json\/wp\/v2\/posts\/82913\/revisions"}],"predecessor-version":[{"id":82918,"href":"https:\/\/www.jornalja.com.br\/ambiente\/wp-json\/wp\/v2\/posts\/82913\/revisions\/82918"}],"wp:featuredmedia":[{"embeddable":true,"href":"https:\/\/www.jornalja.com.br\/ambiente\/wp-json\/wp\/v2\/media\/82916"}],"wp:attachment":[{"href":"https:\/\/www.jornalja.com.br\/ambiente\/wp-json\/wp\/v2\/media?parent=82913"}],"wp:term":[{"taxonomy":"category","embeddable":true,"href":"https:\/\/www.jornalja.com.br\/ambiente\/wp-json\/wp\/v2\/categories?post=82913"},{"taxonomy":"post_tag","embeddable":true,"href":"https:\/\/www.jornalja.com.br\/ambiente\/wp-json\/wp\/v2\/tags?post=82913"}],"curies":[{"name":"wp","href":"https:\/\/api.w.org\/{rel}","templated":true}]}}