{"id":83061,"date":"2021-04-21T10:20:29","date_gmt":"2021-04-21T13:20:29","guid":{"rendered":"https:\/\/www.jornalja.com.br\/ambiente\/?p=83061"},"modified":"2021-04-21T10:20:29","modified_gmt":"2021-04-21T13:20:29","slug":"descoberta-nova-especie-de-dinossauro-do-deserto-do-atacama-no-chile","status":"publish","type":"post","link":"https:\/\/www.jornalja.com.br\/ambiente\/descoberta-nova-especie-de-dinossauro-do-deserto-do-atacama-no-chile\/","title":{"rendered":"Descoberta nova esp\u00e9cie de dinossauro do deserto do Atacama, no Chile"},"content":{"rendered":"<p>O Chile apresentou na segunda-feira (19) o &#8220;Arackar licanantay&#8221;, uma esp\u00e9cie at\u00e9 ent\u00e3o desconhecida de dinossauro encontrado no deserto do Atacama, no norte do pa\u00eds, o terceiro &#8220;n\u00e3o avi\u00e1rio&#8221; descoberto no pa\u00eds.<\/p>\n<p>Este esp\u00e9cime, uma esp\u00e9cie de titanossauro &#8211; semelhante em forma ao &#8220;Diplodocus&#8221; &#8211; com cerca de 6,3 metros de comprimento, faz parte da fam\u00edlia dos &#8220;saur\u00f3podes, herb\u00edvoros de pesco\u00e7o comprido, cauda longa, suas extremidades pareciam colunas&#8221;, explicou em entrevista coletiva David Rubilar, chefe do setor de Paleontologia do Museu Nacional de Hist\u00f3ria Natural.<\/p>\n<p>Os restos mortais foram encontrados na d\u00e9cada de 1990 pelo ge\u00f3logo chileno Carlos Ar\u00e9valo, que recuperou algumas partes de um f\u00eamur, um \u00famero, o \u00edsquio e elementos vertebrais do pesco\u00e7o e do dorso.<\/p>\n<figure id=\"attachment_83063\" aria-describedby=\"caption-attachment-83063\" style=\"width: 780px\" class=\"wp-caption alignnone\"><img decoding=\"async\" data-attachment-id=\"83063\" data-permalink=\"https:\/\/www.jornalja.com.br\/ambiente\/descoberta-nova-especie-de-dinossauro-do-deserto-do-atacama-no-chile\/arackar-licanantay-atacama\/\" data-orig-file=\"https:\/\/www.jornalja.com.br\/ambiente\/wp-content\/uploads\/sites\/3\/2021\/04\/arackar-licanantay-atacama.jpg\" data-orig-size=\"780,470\" data-comments-opened=\"1\" data-image-meta=\"{&quot;aperture&quot;:&quot;0&quot;,&quot;credit&quot;:&quot;&quot;,&quot;camera&quot;:&quot;&quot;,&quot;caption&quot;:&quot;&quot;,&quot;created_timestamp&quot;:&quot;0&quot;,&quot;copyright&quot;:&quot;&quot;,&quot;focal_length&quot;:&quot;0&quot;,&quot;iso&quot;:&quot;0&quot;,&quot;shutter_speed&quot;:&quot;0&quot;,&quot;title&quot;:&quot;&quot;,&quot;orientation&quot;:&quot;0&quot;}\" data-image-title=\"Arackar-licanantay-Atacama\" data-image-description=\"\" data-image-caption=\"\" data-large-file=\"https:\/\/www.jornalja.com.br\/ambiente\/wp-content\/uploads\/sites\/3\/2021\/04\/arackar-licanantay-atacama.jpg\" class=\"wp-image-83063 size-full\" src=\"https:\/\/www.jornalja.com.br\/ambiente\/wp-content\/uploads\/sites\/3\/2021\/04\/arackar-licanantay-atacama.jpg\" alt=\"\" width=\"780\" height=\"470\" srcset=\"https:\/\/www.jornalja.com.br\/ambiente\/wp-content\/uploads\/sites\/3\/2021\/04\/arackar-licanantay-atacama.jpg 780w, https:\/\/www.jornalja.com.br\/ambiente\/wp-content\/uploads\/sites\/3\/2021\/04\/arackar-licanantay-atacama-300x181.jpg 300w, https:\/\/www.jornalja.com.br\/ambiente\/wp-content\/uploads\/sites\/3\/2021\/04\/arackar-licanantay-atacama-768x463.jpg 768w\" sizes=\"(max-width: 780px) 100vw, 780px\" \/><figcaption id=\"caption-attachment-83063\" class=\"wp-caption-text\">As dimens\u00f5es dos ossos encontrados sugerem que o esp\u00e9cime \u00e9 um \u201csubadulto&#8221;, com altura entre 6 a 8 metros<\/figcaption><\/figure>\n<p>Rubilar ressaltou durante a apresenta\u00e7\u00e3o dessa nova esp\u00e9cie que viveu na \u00e1rea que hoje corresponde \u00e0 regi\u00e3o de Copiap\u00f3, cerca de 600 km ao norte de Santiago, no per\u00edodo final do Cret\u00e1ceo, entre 66 e 80 milh\u00f5es de anos atr\u00e1s.<\/p>\n<p>&#8220;No per\u00edodo Cret\u00e1ceo, prosperou um novo grupo desses dinossauros, conhecidos como titanossauros. Esse esp\u00e9cime pertencia aos titanossauros, que eram herb\u00edvoros. Havia pequenos como era o caso do &#8216;Arackar licanantay&#8217;, com entre seis e oito metros de altura, mas tamb\u00e9m havia gigantes com mais de 30 metros&#8221;, explicou o cientista.<\/p>\n<p>As dimens\u00f5es dos ossos encontrados sugerem, segundo os cientistas, que o esp\u00e9cime encontrado desta nova esp\u00e9cie \u00e9 um &#8220;subadulto&#8221;.<\/p>\n<p class=\"intertit\">&#8220;Muito valioso&#8221;<\/p>\n<p>O especialista afirmou que esse tipo de dinossauro \u00e9 mais frequente de ser encontrado do outro lado da Cordilheira dos Andes, no Brasil ou na Argentina, raz\u00e3o pela qual o achado no Chile \u00e9 &#8220;muito valioso&#8221;.<\/p>\n<p>Rubilar fez parte das miss\u00f5es que entre os anos 2006 e 2011 percorreram o deserto do Atacama, o mais seco do mundo e situado a mais de 3.000 metros de altitude, para verificar e obter mais amostras \u00f3sseas do &#8216;Arackar licanantay&#8217;, sem sucesso, embora tenham encontrado restos de outro dinossauro que ainda n\u00e3o conseguiram classificar.<\/p>\n<p>Al\u00e9m dos restos, tamb\u00e9m obtiveram informa\u00e7\u00f5es sobre a \u00e1rea no per\u00edodo Cret\u00e1ceo, onde existia ent\u00e3o um lago e o clima era \u00famido e muito quente, em torno de 24 graus Celsius, semelhante ao atual.<\/p>\n<p>A vegeta\u00e7\u00e3o da zona, que hoje \u00e9 praticamente um deserto \u00e1rido de rochas e areia, caracterizava-se pela presen\u00e7a de algumas fam\u00edlias de plantas com flores, como lauraceae, e con\u00edferas, como arauc\u00e1ria e podocarpo, al\u00e9m de samambaias.<\/p>\n<p>&#8220;Antes da extin\u00e7\u00e3o desses dinossauros h\u00e1 66 milh\u00f5es de anos, a maioria dos titanossauros registrava uma diminui\u00e7\u00e3o no tamanho do corpo, coincidindo com as mudan\u00e7as ambientais&#8221;, explicou o pesquisador argentino Bernardo Gonz\u00e1lez, que destacou a import\u00e2ncia da Am\u00e9rica do Sul para essas esp\u00e9cies de titanossauros, das quais se conhecem cerca de 80 em todo o mundo, incluindo 55 do continente sul-americano.<\/p>\n<p><strong>Fonte: Museu Nacional de Hist\u00f3ria Natural da Universidade do Chile<\/strong><\/p>\n<p>&nbsp;<\/p>\n<p>&nbsp;<\/p>\n","protected":false},"excerpt":{"rendered":"<p>O Chile apresentou na segunda-feira (19) o &#8220;Arackar licanantay&#8221;, uma esp\u00e9cie at\u00e9 ent\u00e3o desconhecida de dinossauro encontrado no deserto do Atacama, no norte do pa\u00eds, o terceiro &#8220;n\u00e3o avi\u00e1rio&#8221; descoberto no pa\u00eds. Este esp\u00e9cime, uma esp\u00e9cie de titanossauro &#8211; semelhante em forma ao &#8220;Diplodocus&#8221; &#8211; com cerca de 6,3 metros de comprimento, faz parte da [&hellip;]<\/p>\n","protected":false},"author":2,"featured_media":83062,"comment_status":"open","ping_status":"open","sticky":false,"template":"","format":"standard","meta":{"jetpack_post_was_ever_published":false,"_jetpack_newsletter_access":"","_jetpack_dont_email_post_to_subs":false,"_jetpack_newsletter_tier_id":0,"_jetpack_memberships_contains_paywalled_content":false,"_jetpack_memberships_contains_paid_content":false,"footnotes":"","jetpack_publicize_message":"","jetpack_publicize_feature_enabled":true,"jetpack_social_post_already_shared":true,"jetpack_social_options":{"image_generator_settings":{"template":"highway","default_image_id":0,"font":"","enabled":false},"version":2}},"categories":[4],"tags":[83],"class_list":["post-83061","post","type-post","status-publish","format-standard","has-post-thumbnail","hentry","category-ambiente-geral","tag-extincao"],"aioseo_notices":[],"jetpack_publicize_connections":[],"jetpack_featured_media_url":"https:\/\/www.jornalja.com.br\/ambiente\/wp-content\/uploads\/sites\/3\/2021\/04\/118121524-48bf75bd-127f-4991-9a23-f84a31917a6b.jpg","jetpack-related-posts":[{"id":81804,"url":"https:\/\/www.jornalja.com.br\/ambiente\/carvao-china-aprova-mina-de-100-milhoes-de-toneladas-no-deserto-de-kumtag\/","url_meta":{"origin":83061,"position":0},"title":"Carv\u00e3o: China aprova mina de 100 milh\u00f5es de toneladas no deserto de Kumtag","author":"da Reda\u00e7\u00e3o","date":"20 de mar\u00e7o de 2020","format":false,"excerpt":"A Comiss\u00e3o Nacional de Desenvolvimento e Reforma aprovou o plano geral para a mina de Kumtag, dimensionada parae produzir 113 milh\u00f5es de toneladas de carv\u00e3o por ano. A informa\u00e7\u00e3o \u00e9 da Xinhua, a ag\u00eancia oficial do governo chin\u00eas. Kumtag \u00e9 uma \u00e1rea des\u00e9rtica no noroeste do pa\u00eds, na regi\u00e3o aut\u00f4noma\u2026","rel":"","context":"Em &quot;Ambiente J\u00c1-MAT\u00c9RIA&quot;","block_context":{"text":"Ambiente J\u00c1-MAT\u00c9RIA","link":"https:\/\/www.jornalja.com.br\/ambiente\/category\/ambiente-geral\/"},"img":{"alt_text":"","src":"https:\/\/i0.wp.com\/www.jornalja.com.br\/ambiente\/wp-content\/uploads\/sites\/3\/2020\/03\/Carv%C3%A3o-mina-de-Kumtag-foto-Xinhua-Ding-Lei.jpg?resize=350%2C200&ssl=1","width":350,"height":200,"srcset":"https:\/\/i0.wp.com\/www.jornalja.com.br\/ambiente\/wp-content\/uploads\/sites\/3\/2020\/03\/Carv%C3%A3o-mina-de-Kumtag-foto-Xinhua-Ding-Lei.jpg?resize=350%2C200&ssl=1 1x, https:\/\/i0.wp.com\/www.jornalja.com.br\/ambiente\/wp-content\/uploads\/sites\/3\/2020\/03\/Carv%C3%A3o-mina-de-Kumtag-foto-Xinhua-Ding-Lei.jpg?resize=525%2C300&ssl=1 1.5x, https:\/\/i0.wp.com\/www.jornalja.com.br\/ambiente\/wp-content\/uploads\/sites\/3\/2020\/03\/Carv%C3%A3o-mina-de-Kumtag-foto-Xinhua-Ding-Lei.jpg?resize=700%2C400&ssl=1 2x"},"classes":[]},{"id":83744,"url":"https:\/\/www.jornalja.com.br\/ambiente\/especie-rara-de-ave-de-rapina-e-recuperada-e-devolvida-a-natureza-na-serra-gaucha\/","url_meta":{"origin":83061,"position":1},"title":"Esp\u00e9cie rara de ave de rapina \u00e9 recuperada e devolvida \u00e0 natureza na serra ga\u00facha\u00a0","author":"Cleber Dioni Tentardini","date":"21 de fevereiro de 2022","format":false,"excerpt":"Gavi\u00e3o-pega-macaco (Spizaetus tyrannus), esp\u00e9cie extremamente rara, chegou ao Vale dos Falc\u00f5es no dia 3 de outubro de 2021.\u00a0\u00a0Foi resgatado na pr\u00f3pria cidade de S\u00e3o Francisco de Paula, debaixo de uma casa, segundo o bi\u00f3logo Gustavo Trainini, \u00e0 frente do complexo tur\u00edstico voltado para conserva\u00e7\u00e3o e educa\u00e7\u00e3o ambiental dedicado \u00e0s aves\u2026","rel":"","context":"Em &quot;Ambiente J\u00c1-MAT\u00c9RIA&quot;","block_context":{"text":"Ambiente J\u00c1-MAT\u00c9RIA","link":"https:\/\/www.jornalja.com.br\/ambiente\/category\/ambiente-geral\/"},"img":{"alt_text":"","src":"https:\/\/i0.wp.com\/www.jornalja.com.br\/ambiente\/wp-content\/uploads\/sites\/3\/2022\/02\/gustavo-e-o-gaviao-pega-macaco.jpeg?resize=350%2C200&ssl=1","width":350,"height":200,"srcset":"https:\/\/i0.wp.com\/www.jornalja.com.br\/ambiente\/wp-content\/uploads\/sites\/3\/2022\/02\/gustavo-e-o-gaviao-pega-macaco.jpeg?resize=350%2C200&ssl=1 1x, https:\/\/i0.wp.com\/www.jornalja.com.br\/ambiente\/wp-content\/uploads\/sites\/3\/2022\/02\/gustavo-e-o-gaviao-pega-macaco.jpeg?resize=525%2C300&ssl=1 1.5x, https:\/\/i0.wp.com\/www.jornalja.com.br\/ambiente\/wp-content\/uploads\/sites\/3\/2022\/02\/gustavo-e-o-gaviao-pega-macaco.jpeg?resize=700%2C400&ssl=1 2x"},"classes":[]},{"id":81717,"url":"https:\/\/www.jornalja.com.br\/ambiente\/china-anuncia-plano-de-contingencia-contra-ameaca-de-gafanhotos\/","url_meta":{"origin":83061,"position":2},"title":"China anuncia plano de conting\u00eancia contra amea\u00e7a de gafanhotos","author":"da Reda\u00e7\u00e3o","date":"10 de mar\u00e7o de 2020","format":false,"excerpt":"A China emitiu na segunda-feira um plano de conting\u00eancia para monitorar e controlar a propaga\u00e7\u00e3o de gafanhotos no pa\u00eds e no exterior, com fim de \"garantir a produ\u00e7\u00e3o de gr\u00e3os e a seguran\u00e7a ecol\u00f3gica\". O Miinist\u00e9rio da Agricultura e dos Assuntos Rurais explicou que o objetivo do plano \u00e9 garantir\u2026","rel":"","context":"Em &quot;Ambiente J\u00c1-MAT\u00c9RIA&quot;","block_context":{"text":"Ambiente J\u00c1-MAT\u00c9RIA","link":"https:\/\/www.jornalja.com.br\/ambiente\/category\/ambiente-geral\/"},"img":{"alt_text":"","src":"https:\/\/i0.wp.com\/www.jornalja.com.br\/ambiente\/wp-content\/uploads\/sites\/3\/2020\/02\/Coronavirus-agricultura.jpg?resize=350%2C200&ssl=1","width":350,"height":200,"srcset":"https:\/\/i0.wp.com\/www.jornalja.com.br\/ambiente\/wp-content\/uploads\/sites\/3\/2020\/02\/Coronavirus-agricultura.jpg?resize=350%2C200&ssl=1 1x, https:\/\/i0.wp.com\/www.jornalja.com.br\/ambiente\/wp-content\/uploads\/sites\/3\/2020\/02\/Coronavirus-agricultura.jpg?resize=525%2C300&ssl=1 1.5x, https:\/\/i0.wp.com\/www.jornalja.com.br\/ambiente\/wp-content\/uploads\/sites\/3\/2020\/02\/Coronavirus-agricultura.jpg?resize=700%2C400&ssl=1 2x"},"classes":[]},{"id":84419,"url":"https:\/\/www.jornalja.com.br\/ambiente\/biologa-encontra-caramujos-africanos-em-porto-alegre-e-alerta-para-os-riscos-a-saude-e-ao-meio-ambiente\/","url_meta":{"origin":83061,"position":3},"title":"Bi\u00f3loga encontra caramujos africanos em Porto Alegre e alerta para os riscos \u00e0 sa\u00fade e ao meio ambiente","author":"Cleber Dioni Tentardini","date":"16 de fevereiro de 2023","format":false,"excerpt":"Por Cleber Dioni Tentardini A bi\u00f3loga Janine Arruda, especialista em moluscos do Museu de Ci\u00eancias Naturais do Rio Grande do Sul\/SEMA, encontrou nesta quinta-feira, 16, v\u00e1rios exemplares do caramujo gigante africano Achatina fulica, no bairro Cristal, em Porto Alegre. Janine gravou um v\u00eddeo no instante em que localizou os caramujos\u2026","rel":"","context":"Em &quot;Ambiente J\u00c1-MAT\u00c9RIA&quot;","block_context":{"text":"Ambiente J\u00c1-MAT\u00c9RIA","link":"https:\/\/www.jornalja.com.br\/ambiente\/category\/ambiente-geral\/"},"img":{"alt_text":"","src":"https:\/\/i0.wp.com\/www.jornalja.com.br\/ambiente\/wp-content\/uploads\/sites\/3\/2023\/02\/2023-02-16-9.jpg?resize=350%2C200&ssl=1","width":350,"height":200},"classes":[]},{"id":79288,"url":"https:\/\/www.jornalja.com.br\/ambiente\/o-triste-fim-da-tartaruga-gigante-na-praia-do-cassino\/","url_meta":{"origin":83061,"position":4},"title":"O triste fim da tartaruga gigante na praia do Cassino","author":"da Reda\u00e7\u00e3o","date":"18 de novembro de 2019","format":false,"excerpt":"Ela pesava 215 quilos e morreu ap\u00f3s muita agonia por ter os intestinos obstru\u00eddos por ter ingerido pl\u00e1sticos no oceano. Era uma tartaruga-de-couro, conhecida como tartaruga-gigante. Foi encontrada j\u00e1 moribunda, quase sem reflexos, na praia do Cassino, no munic\u00edpio portu\u00e1rio de Rio Grande, no litoral sul ga\u00facho. O animal foi\u2026","rel":"","context":"Em &quot;Ambiente J\u00c1-MAT\u00c9RIA&quot;","block_context":{"text":"Ambiente J\u00c1-MAT\u00c9RIA","link":"https:\/\/www.jornalja.com.br\/ambiente\/category\/ambiente-geral\/"},"img":{"alt_text":"","src":"","width":0,"height":0},"classes":[]},{"id":78204,"url":"https:\/\/www.jornalja.com.br\/ambiente\/uiracu-passaro-considerado-extinto-e-encontrado-no-parque-estadual-do-turvo\/","url_meta":{"origin":83061,"position":5},"title":"Uira\u00e7u, a rara \u00e1guia das florestas reaparece no Parque Estadual do Turvo","author":"da Reda\u00e7\u00e3o","date":"10 de outubro de 2019","format":false,"excerpt":"O Parque Estadual do Turvo registrou a presen\u00e7a de um visitante raro: um exemplar da ave uira\u00e7u. A esp\u00e9cie \u00e9 considerada a mais rara das \u00e1guias florestais da regi\u00e3o neotropical, de acordo com o bi\u00f3logo Dante Andres Meller, que avistou o p\u00e1ssaro durante uma incurs\u00e3o ao parque, em setembro. \u201cObservar\u2026","rel":"","context":"Em &quot;Ambiente J\u00c1-MAT\u00c9RIA&quot;","block_context":{"text":"Ambiente J\u00c1-MAT\u00c9RIA","link":"https:\/\/www.jornalja.com.br\/ambiente\/category\/ambiente-geral\/"},"img":{"alt_text":"","src":"","width":0,"height":0},"classes":[]}],"jetpack_shortlink":"https:\/\/wp.me\/pbKnZo-lBH","jetpack_sharing_enabled":true,"_links":{"self":[{"href":"https:\/\/www.jornalja.com.br\/ambiente\/wp-json\/wp\/v2\/posts\/83061","targetHints":{"allow":["GET"]}}],"collection":[{"href":"https:\/\/www.jornalja.com.br\/ambiente\/wp-json\/wp\/v2\/posts"}],"about":[{"href":"https:\/\/www.jornalja.com.br\/ambiente\/wp-json\/wp\/v2\/types\/post"}],"author":[{"embeddable":true,"href":"https:\/\/www.jornalja.com.br\/ambiente\/wp-json\/wp\/v2\/users\/2"}],"replies":[{"embeddable":true,"href":"https:\/\/www.jornalja.com.br\/ambiente\/wp-json\/wp\/v2\/comments?post=83061"}],"version-history":[{"count":2,"href":"https:\/\/www.jornalja.com.br\/ambiente\/wp-json\/wp\/v2\/posts\/83061\/revisions"}],"predecessor-version":[{"id":83065,"href":"https:\/\/www.jornalja.com.br\/ambiente\/wp-json\/wp\/v2\/posts\/83061\/revisions\/83065"}],"wp:featuredmedia":[{"embeddable":true,"href":"https:\/\/www.jornalja.com.br\/ambiente\/wp-json\/wp\/v2\/media\/83062"}],"wp:attachment":[{"href":"https:\/\/www.jornalja.com.br\/ambiente\/wp-json\/wp\/v2\/media?parent=83061"}],"wp:term":[{"taxonomy":"category","embeddable":true,"href":"https:\/\/www.jornalja.com.br\/ambiente\/wp-json\/wp\/v2\/categories?post=83061"},{"taxonomy":"post_tag","embeddable":true,"href":"https:\/\/www.jornalja.com.br\/ambiente\/wp-json\/wp\/v2\/tags?post=83061"}],"curies":[{"name":"wp","href":"https:\/\/api.w.org\/{rel}","templated":true}]}}