{"id":83132,"date":"2021-05-10T06:30:53","date_gmt":"2021-05-10T09:30:53","guid":{"rendered":"https:\/\/www.jornalja.com.br\/ambiente\/?p=83132"},"modified":"2021-11-11T18:58:15","modified_gmt":"2021-11-11T21:58:15","slug":"procurador-pede-investigacao-sobre-contrato-com-cais-embarcadero","status":"publish","type":"post","link":"https:\/\/www.jornalja.com.br\/ambiente\/procurador-pede-investigacao-sobre-contrato-com-cais-embarcadero\/","title":{"rendered":"Procurador pede investiga\u00e7\u00e3o sobre contrato com Cais Embarcadero"},"content":{"rendered":"<p class=\"assina\">Elmar Bones<\/p>\n<p>O procurador-geral do Minist\u00e9rio P\u00fablico de Contas, Geraldo Da Camino, pediu uma investiga\u00e7\u00e3o para apurar se o contrato assinado, em nome do Estado, pela Superintend\u00eancia do Porto de Rio Grande com o empreendimento Cais Embarcadero recebeu um anexo que \u201cextrapola os objetivos estabelecidos\u201d.<\/p>\n<p>Da Camino protocolou na semana passada uma representa\u00e7\u00e3o ao Tribunal de Contas do Estado (TCE) pedindo que \u201cseja suspensa a contrata\u00e7\u00e3o, subcontrata\u00e7\u00e3o, execu\u00e7\u00e3o de obra e instala\u00e7\u00e3o de empresas com objeto distinto ao previsto no contrato do governo do Estado com o empreendimento Embarcadero, no Cais Mau\u00e1\u201d.<\/p>\n<p>A representa\u00e7\u00e3o do procurador foi motivada por uma not\u00edcia de jornal, sobre a instala\u00e7\u00e3o de uma loja da rede Pompeia para venda de \u201cprodutos de moda para o p\u00fablico feminino, masculino e infantil, al\u00e9m de linha de beleza e maquiagem.\u201d<\/p>\n<figure id=\"attachment_83139\" aria-describedby=\"caption-attachment-83139\" style=\"width: 199px\" class=\"wp-caption alignleft\"><img decoding=\"async\" data-attachment-id=\"83139\" data-permalink=\"https:\/\/www.jornalja.com.br\/ambiente\/procurador-pede-investigacao-sobre-contrato-com-cais-embarcadero\/procurador-geral-do-ministerio-publico-de-contas-geraldo-da-camino\/\" data-orig-file=\"https:\/\/www.jornalja.com.br\/ambiente\/wp-content\/uploads\/sites\/3\/2021\/05\/procurador-geral-do-ministerio-publico-de-contas-geraldo-da-camino.jpg\" data-orig-size=\"680,1024\" data-comments-opened=\"1\" data-image-meta=\"{&quot;aperture&quot;:&quot;0&quot;,&quot;credit&quot;:&quot;&quot;,&quot;camera&quot;:&quot;&quot;,&quot;caption&quot;:&quot;&quot;,&quot;created_timestamp&quot;:&quot;0&quot;,&quot;copyright&quot;:&quot;&quot;,&quot;focal_length&quot;:&quot;0&quot;,&quot;iso&quot;:&quot;0&quot;,&quot;shutter_speed&quot;:&quot;0&quot;,&quot;title&quot;:&quot;&quot;,&quot;orientation&quot;:&quot;0&quot;}\" data-image-title=\"procurador-geral do Minist\u00e9rio P\u00fablico de Contas, Geraldo Da Camino\" data-image-description=\"\" data-image-caption=\"&lt;p&gt;Procurador do MPC, Geraldo Da Camino&lt;\/p&gt;\n\" data-large-file=\"https:\/\/www.jornalja.com.br\/ambiente\/wp-content\/uploads\/sites\/3\/2021\/05\/procurador-geral-do-ministerio-publico-de-contas-geraldo-da-camino.jpg\" class=\"wp-image-83139 size-medium\" src=\"https:\/\/www.jornalja.com.br\/ambiente\/wp-content\/uploads\/sites\/3\/2021\/05\/procurador-geral-do-ministerio-publico-de-contas-geraldo-da-camino-199x300.jpg\" alt=\"\" width=\"199\" height=\"300\" srcset=\"https:\/\/www.jornalja.com.br\/ambiente\/wp-content\/uploads\/sites\/3\/2021\/05\/procurador-geral-do-ministerio-publico-de-contas-geraldo-da-camino-199x300.jpg 199w, https:\/\/www.jornalja.com.br\/ambiente\/wp-content\/uploads\/sites\/3\/2021\/05\/procurador-geral-do-ministerio-publico-de-contas-geraldo-da-camino.jpg 680w\" sizes=\"(max-width: 199px) 100vw, 199px\" \/><figcaption id=\"caption-attachment-83139\" class=\"wp-caption-text\">Procurador Geraldo Da Camino. Foto: MP-RS<\/figcaption><\/figure>\n<p>O procurador diz que \u201ccaso mantida a execu\u00e7\u00e3o do contrato com a inclus\u00e3o de empresas de ramos de atividade n\u00e3o previstos inicialmente, emergiria a necessidade de que fossem apresentados os estudos demonstrando que somente a Embarcadero possuiria t\u00e9cnica para explorar a \u00e1rea mediante presta\u00e7\u00e3o de servi\u00e7o e atividade comercial\u201d.<\/p>\n<p>\u201cAdemais, a altera\u00e7\u00e3o na destina\u00e7\u00e3o das \u00e1reas apresenta potencial reflexo sobre a modelagem econ\u00f4mica, com prov\u00e1vel repercuss\u00e3o sobre os valores a serem percebidos pelo Estado\u201d.<\/p>\n<p>Da Camino pediu, tamb\u00e9m, que o presidente do TCE determine \u00e0 Dire\u00e7\u00e3o de Controle e Fiscaliza\u00e7\u00e3o para que instaure processo de apura\u00e7\u00e3o especial para fins de apurar integralmente as quest\u00f5es referidas, \u201cabarcando aquelas j\u00e1 suscitadas na Instru\u00e7\u00e3o T\u00e9cnica no 017\/2021 (Processo no 020200-0200\/18-1)\u201d<\/p>\n<p>A instru\u00e7\u00e3o t\u00e9cnica a que se refere o procurador foi \u201cinstaurada para analisar os desdobramentos da denominada \u201crevitaliza\u00e7\u00e3o do Cais Mau\u00e1\u201d.<\/p>\n<p>Conforme Da Camino, \u201ch\u00e1 aspectos que est\u00e3o sendo objeto de a\u00e7\u00f5es judiciais e que est\u00e3o em acompanhamento pelo Tribunal de Contas\u201d. Isso inclui o contrato firmado com o governo do Estado cedendo ao Embarcadero uma \u00e1rea de 19,3 hectares no Ca\u00eds Mau\u00e1, sem licita\u00e7\u00e3o.<\/p>\n<figure id=\"attachment_82329\" aria-describedby=\"caption-attachment-82329\" style=\"width: 1024px\" class=\"wp-caption alignnone\"><img decoding=\"async\" data-attachment-id=\"82329\" data-permalink=\"https:\/\/www.jornalja.com.br\/ambiente\/embarcadeiro8_fotocleberdionitentardiniok\/\" data-orig-file=\"https:\/\/www.jornalja.com.br\/ambiente\/wp-content\/uploads\/sites\/3\/2020\/07\/embarcadeiro8-fotocleberdionitentardiniok-scaled.jpg\" data-orig-size=\"1024,497\" data-comments-opened=\"1\" data-image-meta=\"{&quot;aperture&quot;:&quot;2.2&quot;,&quot;credit&quot;:&quot;&quot;,&quot;camera&quot;:&quot;SM-A305GT&quot;,&quot;caption&quot;:&quot;&quot;,&quot;created_timestamp&quot;:&quot;1588178048&quot;,&quot;copyright&quot;:&quot;&quot;,&quot;focal_length&quot;:&quot;1.13&quot;,&quot;iso&quot;:&quot;40&quot;,&quot;shutter_speed&quot;:&quot;0.000916590284143&quot;,&quot;title&quot;:&quot;&quot;,&quot;orientation&quot;:&quot;1&quot;}\" data-image-title=\"Embarcadeiro8_fotocleberdionitentardiniOK\" data-image-description=\"\" data-image-caption=\"&lt;p&gt;\u00c1rea do Embarcadero ao lado da Usina do Gas\u00f4metro \/Cleber Dioni Tentardini&lt;\/p&gt;\n\" data-large-file=\"https:\/\/www.jornalja.com.br\/ambiente\/wp-content\/uploads\/sites\/3\/2020\/07\/embarcadeiro8-fotocleberdionitentardiniok-1024x497.jpg\" class=\"size-full wp-image-82329\" src=\"https:\/\/www.jornalja.com.br\/ambiente\/wp-content\/uploads\/sites\/3\/2020\/07\/embarcadeiro8-fotocleberdionitentardiniok-scaled.jpg\" alt=\"\" width=\"1024\" height=\"497\" srcset=\"https:\/\/www.jornalja.com.br\/ambiente\/wp-content\/uploads\/sites\/3\/2020\/07\/embarcadeiro8-fotocleberdionitentardiniok-scaled.jpg 1024w, https:\/\/www.jornalja.com.br\/ambiente\/wp-content\/uploads\/sites\/3\/2020\/07\/embarcadeiro8-fotocleberdionitentardiniok-300x146.jpg 300w, https:\/\/www.jornalja.com.br\/ambiente\/wp-content\/uploads\/sites\/3\/2020\/07\/embarcadeiro8-fotocleberdionitentardiniok-768x373.jpg 768w, https:\/\/www.jornalja.com.br\/ambiente\/wp-content\/uploads\/sites\/3\/2020\/07\/embarcadeiro8-fotocleberdionitentardiniok-1536x746.jpg 1536w, https:\/\/www.jornalja.com.br\/ambiente\/wp-content\/uploads\/sites\/3\/2020\/07\/embarcadeiro8-fotocleberdionitentardiniok-2048x995.jpg 2048w, https:\/\/www.jornalja.com.br\/ambiente\/wp-content\/uploads\/sites\/3\/2020\/07\/embarcadeiro8-fotocleberdionitentardiniok-1200x583.jpg 1200w\" sizes=\"(max-width: 1024px) 100vw, 1024px\" \/><figcaption id=\"caption-attachment-82329\" class=\"wp-caption-text\">\u00c1rea do Embarcadero ao lado da Usina do Gas\u00f4metro \/Cleber Dioni Tentardini<\/figcaption><\/figure>\n<p>\u201cA mat\u00e9ria est\u00e1 sendo objeto de an\u00e1lise no \u00e2mbito dos processos mencionados inicialmente, n\u00e3o sendo poss\u00edvel externar posicionamento preliminar neste momento\u201d,\u00a0 disse o procurador em resposta aos questionamentos do Jornal J\u00c1.<\/p>\n<p>Em sua representa\u00e7\u00e3o, Da Camino questiona, inclusive, a modelagem financeira do projeto que consta do contrato, analisada por t\u00e9cnicos do MPC. O contrato \u00e9 tempor\u00e1rio e prev\u00ea que em quatro anos o empreendedor ter\u00e1 seu investimento remunerado. O procurador conclui: \u201c Com base nesses estudos, pode-se afirmar que o projeto previsto para ser executado a partir do Protocolo de Inten\u00e7\u00f5es (Pe\u00e7a n\u00ba 2876688) \u00e9 invi\u00e1vel economicamente dentro do prazo m\u00ednimo acordado de quatro anos\u201d.<\/p>\n<p><a href=\"https:\/\/www.jornalja.com.br\/ambiente\/wp-content\/uploads\/sites\/3\/2021\/05\/cais-maua-mpc-embarcadero.pdf\">Leia a \u00edntegra da representa\u00e7\u00e3o do MPC sobre Cais Embarcadero<\/a><\/p>\n","protected":false},"excerpt":{"rendered":"<p>Elmar Bones O procurador-geral do Minist\u00e9rio P\u00fablico de Contas, Geraldo Da Camino, pediu uma investiga\u00e7\u00e3o para apurar se o contrato assinado, em nome do Estado, pela Superintend\u00eancia do Porto de Rio Grande com o empreendimento Cais Embarcadero recebeu um anexo que \u201cextrapola os objetivos estabelecidos\u201d. Da Camino protocolou na semana passada uma representa\u00e7\u00e3o ao Tribunal [&hellip;]<\/p>\n","protected":false},"author":5,"featured_media":82989,"comment_status":"open","ping_status":"open","sticky":false,"template":"","format":"standard","meta":{"jetpack_post_was_ever_published":false,"_jetpack_newsletter_access":"","_jetpack_dont_email_post_to_subs":false,"_jetpack_newsletter_tier_id":0,"_jetpack_memberships_contains_paywalled_content":false,"_jetpack_memberships_contains_paid_content":false,"footnotes":"","jetpack_publicize_message":"","jetpack_publicize_feature_enabled":true,"jetpack_social_post_already_shared":true,"jetpack_social_options":{"image_generator_settings":{"template":"highway","default_image_id":0,"font":"","enabled":false},"version":2}},"categories":[4],"tags":[138,205],"class_list":["post-83132","post","type-post","status-publish","format-standard","has-post-thumbnail","hentry","category-ambiente-geral","tag-governo","tag-sema"],"aioseo_notices":[],"jetpack_publicize_connections":[],"jetpack_featured_media_url":"https:\/\/www.jornalja.com.br\/ambiente\/wp-content\/uploads\/sites\/3\/2021\/04\/20210411-193423.jpg","jetpack-related-posts":[{"id":82815,"url":"https:\/\/www.jornalja.com.br\/ambiente\/cais-maua-projeto-embarcadero-deve-ser-inaugurado-em-marco\/","url_meta":{"origin":83132,"position":0},"title":"Cais Mau\u00e1: projeto Embarcadero deve ser inaugurado em mar\u00e7o","author":"da Reda\u00e7\u00e3o","date":"5 de janeiro de 2021","format":false,"excerpt":"Com a assinatura do contrato de concess\u00e3o entre o governo do Estado e a Embarcadero Empreendimentos nesta ter\u00e7a-feira (5\/1), o trecho compreendido entre a Usina do Gas\u00f4metro e o Armaz\u00e9m A7 se tornar\u00e1 um complexo de restaurantes, bares, parque n\u00e1utico e espa\u00e7os de entretenimento que dever\u00e1 ser inaugurado em mar\u00e7o.\u2026","rel":"","context":"Em &quot;Ambiente J\u00c1-MAT\u00c9RIA&quot;","block_context":{"text":"Ambiente J\u00c1-MAT\u00c9RIA","link":"https:\/\/www.jornalja.com.br\/ambiente\/category\/ambiente-geral\/"},"img":{"alt_text":"","src":"https:\/\/i0.wp.com\/www.jornalja.com.br\/ambiente\/wp-content\/uploads\/sites\/3\/2020\/08\/20200731-154701-scaled.jpg?resize=350%2C200&ssl=1","width":350,"height":200,"srcset":"https:\/\/i0.wp.com\/www.jornalja.com.br\/ambiente\/wp-content\/uploads\/sites\/3\/2020\/08\/20200731-154701-scaled.jpg?resize=350%2C200&ssl=1 1x, https:\/\/i0.wp.com\/www.jornalja.com.br\/ambiente\/wp-content\/uploads\/sites\/3\/2020\/08\/20200731-154701-scaled.jpg?resize=525%2C300&ssl=1 1.5x, https:\/\/i0.wp.com\/www.jornalja.com.br\/ambiente\/wp-content\/uploads\/sites\/3\/2020\/08\/20200731-154701-scaled.jpg?resize=700%2C400&ssl=1 2x"},"classes":[]},{"id":82358,"url":"https:\/\/www.jornalja.com.br\/ambiente\/governo-prepara-novo-projeto-de-revitalizacao-do-cais-maua\/","url_meta":{"origin":83132,"position":1},"title":"Governo prepara novo projeto de revitaliza\u00e7\u00e3o do Cais Mau\u00e1","author":"da Reda\u00e7\u00e3o","date":"3 de agosto de 2020","format":false,"excerpt":"Cleber Dioni Tentardini texto e fotos O Governo do Estado do Rio Grande do Sul montou uma for\u00e7a-tarefa com representantes da Superintend\u00eancia do Porto de Rio Grande (SUPRG), Procuradoria-Geral do Estado (PGE), e das secretarias do Planejamento e de Log\u00edstica e Transportes para formatar o novo projeto de revitaliza\u00e7\u00e3o do\u2026","rel":"","context":"Em &quot;Ambiente J\u00c1-MAT\u00c9RIA&quot;","block_context":{"text":"Ambiente J\u00c1-MAT\u00c9RIA","link":"https:\/\/www.jornalja.com.br\/ambiente\/category\/ambiente-geral\/"},"img":{"alt_text":"","src":"https:\/\/i0.wp.com\/www.jornalja.com.br\/ambiente\/wp-content\/uploads\/sites\/3\/2020\/08\/20200731-151249-scaled.jpg?resize=350%2C200&ssl=1","width":350,"height":200,"srcset":"https:\/\/i0.wp.com\/www.jornalja.com.br\/ambiente\/wp-content\/uploads\/sites\/3\/2020\/08\/20200731-151249-scaled.jpg?resize=350%2C200&ssl=1 1x, https:\/\/i0.wp.com\/www.jornalja.com.br\/ambiente\/wp-content\/uploads\/sites\/3\/2020\/08\/20200731-151249-scaled.jpg?resize=525%2C300&ssl=1 1.5x, https:\/\/i0.wp.com\/www.jornalja.com.br\/ambiente\/wp-content\/uploads\/sites\/3\/2020\/08\/20200731-151249-scaled.jpg?resize=700%2C400&ssl=1 2x"},"classes":[]},{"id":82286,"url":"https:\/\/www.jornalja.com.br\/ambiente\/empresa-mineira-constroi-primeira-usina-solar-do-estado-em-uruguaiana\/","url_meta":{"origin":83132,"position":2},"title":"Empresa mineira pede licen\u00e7a para construir primeira usina solar do Estado, em Uruguaiana","author":"da Reda\u00e7\u00e3o","date":"14 de julho de 2020","format":false,"excerpt":"Entrou em an\u00e1lise na Funda\u00e7\u00e3o Estadual de Prote\u00e7\u00e3o Ambiental, pela primeira vez, um pedido de licen\u00e7a para a instala\u00e7\u00e3o de um empreendimento que gerar\u00e1 energia a partir da luz solar. At\u00e9 agora todos os projetos de energia solar eram de pequeno porte, sem necessidade de licen\u00e7a. A empresa mineira Solargrid\u2026","rel":"","context":"Em &quot;Ambiente J\u00c1-MAT\u00c9RIA&quot;","block_context":{"text":"Ambiente J\u00c1-MAT\u00c9RIA","link":"https:\/\/www.jornalja.com.br\/ambiente\/category\/ambiente-geral\/"},"img":{"alt_text":"","src":"https:\/\/i0.wp.com\/www.jornalja.com.br\/ambiente\/wp-content\/uploads\/sites\/3\/2020\/07\/energia-solar-fepam-divulgacao-scaled.jpg?resize=350%2C200&ssl=1","width":350,"height":200,"srcset":"https:\/\/i0.wp.com\/www.jornalja.com.br\/ambiente\/wp-content\/uploads\/sites\/3\/2020\/07\/energia-solar-fepam-divulgacao-scaled.jpg?resize=350%2C200&ssl=1 1x, https:\/\/i0.wp.com\/www.jornalja.com.br\/ambiente\/wp-content\/uploads\/sites\/3\/2020\/07\/energia-solar-fepam-divulgacao-scaled.jpg?resize=525%2C300&ssl=1 1.5x, https:\/\/i0.wp.com\/www.jornalja.com.br\/ambiente\/wp-content\/uploads\/sites\/3\/2020\/07\/energia-solar-fepam-divulgacao-scaled.jpg?resize=700%2C400&ssl=1 2x"},"classes":[]},{"id":76720,"url":"https:\/\/www.jornalja.com.br\/ambiente\/jornal-do-para-anunciou-dia-do-fogo-patrocinado-produtores-e-grileiros\/","url_meta":{"origin":83132,"position":3},"title":"Jornal do Par\u00e1 anunciou &quot;Dia do Fogo&quot; patrocinado produtores e grileiros","author":"da Reda\u00e7\u00e3o","date":"27 de agosto de 2019","format":false,"excerpt":"A policia federal investiga den\u00fancias de que h\u00e1 \"um mercado de queimadas\" em certas regi\u00f5es da Amaz\u00f4nia: atear fogo em uma \u00e1rea de mil hectares em certas regi\u00f5es da Amaz\u00f4nia custa cerca 1 milh\u00e3o de reais nesse mercado negro. A informa\u00e7\u00e3o \u00e9 do Elpa\u00eds, em reportagem especial nesta segunda-feira. \"O\u2026","rel":"","context":"Em &quot;Ambiente J\u00c1-MAT\u00c9RIA&quot;","block_context":{"text":"Ambiente J\u00c1-MAT\u00c9RIA","link":"https:\/\/www.jornalja.com.br\/ambiente\/category\/ambiente-geral\/"},"img":{"alt_text":"","src":"","width":0,"height":0},"classes":[]},{"id":78438,"url":"https:\/\/www.jornalja.com.br\/ambiente\/eolica-e-solar-representam-um-terco-da-energia-comprada-no-leilao-da-aneel\/","url_meta":{"origin":83132,"position":4},"title":"E\u00f3lica e solar representam um ter\u00e7o da energia contratada no leil\u00e3o da Aneel","author":"da Reda\u00e7\u00e3o","date":"20 de outubro de 2019","format":false,"excerpt":"Contratos de R$ 44 bilh\u00f5es foram firmados na sexta-feira, 18, no leil\u00e3o da Ag\u00eancia de Energia El\u00e9trica, envolvendo projetos que v\u00e3o acrescentar ao sistema el\u00e9trico brasileiro cerca de 1,7 mil megawatts para atender \u00e0 demanda a partir de 2025. A maioria, quase a metade dos 91 projetos contratados, s\u00e3o de\u2026","rel":"","context":"Em &quot;Ambiente J\u00c1-MAT\u00c9RIA&quot;","block_context":{"text":"Ambiente J\u00c1-MAT\u00c9RIA","link":"https:\/\/www.jornalja.com.br\/ambiente\/category\/ambiente-geral\/"},"img":{"alt_text":"","src":"","width":0,"height":0},"classes":[]},{"id":82030,"url":"https:\/\/www.jornalja.com.br\/ambiente\/atividades-do-museu-de-ciencias-jardim-botanico-e-zoologico-estao-mantidas-garante-titular-da-sema\/","url_meta":{"origin":83132,"position":5},"title":"Atividades do Museu de Ci\u00eancias, Jardim Bot\u00e2nico e Zool\u00f3gico est\u00e3o mantidas, garante titular da\u00a0SEMA","author":"Cleber Dioni Tentardini","date":"20 de maio de 2020","format":false,"excerpt":"Por Cleber Dioni Tentardini A Funda\u00e7\u00e3o Zoobot\u00e2nica foi extinta na semana passada, mas o Museu de Ci\u00eancias Naturais (MCN), o Jardim Bot\u00e2nico de Porto Alegre (JB) e o Parque Zool\u00f3gico mant\u00eam suas atividades funcionando normalmente, levando em conta as restri\u00e7\u00f5es sanit\u00e1rias neste momento de pandemia. A garantia \u00e9 do secret\u00e1rio\u2026","rel":"","context":"Em &quot;Ambiente J\u00c1-MAT\u00c9RIA&quot;","block_context":{"text":"Ambiente J\u00c1-MAT\u00c9RIA","link":"https:\/\/www.jornalja.com.br\/ambiente\/category\/ambiente-geral\/"},"img":{"alt_text":"","src":"https:\/\/i0.wp.com\/www.jornalja.com.br\/ambiente\/wp-content\/uploads\/sites\/3\/2020\/05\/Bi%C3%B3logas-Tatiana-Trigo-e-Marcia-Jardim-com-bolsistas-no-Ref%C3%BAgio-da-Vida-Silvestre-Banhado-dos-Pachecos-em-Viam%C3%A3o-foto-Mariano-Pairett.jpg?resize=350%2C200&ssl=1","width":350,"height":200,"srcset":"https:\/\/i0.wp.com\/www.jornalja.com.br\/ambiente\/wp-content\/uploads\/sites\/3\/2020\/05\/Bi%C3%B3logas-Tatiana-Trigo-e-Marcia-Jardim-com-bolsistas-no-Ref%C3%BAgio-da-Vida-Silvestre-Banhado-dos-Pachecos-em-Viam%C3%A3o-foto-Mariano-Pairett.jpg?resize=350%2C200&ssl=1 1x, https:\/\/i0.wp.com\/www.jornalja.com.br\/ambiente\/wp-content\/uploads\/sites\/3\/2020\/05\/Bi%C3%B3logas-Tatiana-Trigo-e-Marcia-Jardim-com-bolsistas-no-Ref%C3%BAgio-da-Vida-Silvestre-Banhado-dos-Pachecos-em-Viam%C3%A3o-foto-Mariano-Pairett.jpg?resize=525%2C300&ssl=1 1.5x, https:\/\/i0.wp.com\/www.jornalja.com.br\/ambiente\/wp-content\/uploads\/sites\/3\/2020\/05\/Bi%C3%B3logas-Tatiana-Trigo-e-Marcia-Jardim-com-bolsistas-no-Ref%C3%BAgio-da-Vida-Silvestre-Banhado-dos-Pachecos-em-Viam%C3%A3o-foto-Mariano-Pairett.jpg?resize=700%2C400&ssl=1 2x"},"classes":[]}],"jetpack_shortlink":"https:\/\/wp.me\/pbKnZo-lCQ","jetpack_sharing_enabled":true,"_links":{"self":[{"href":"https:\/\/www.jornalja.com.br\/ambiente\/wp-json\/wp\/v2\/posts\/83132","targetHints":{"allow":["GET"]}}],"collection":[{"href":"https:\/\/www.jornalja.com.br\/ambiente\/wp-json\/wp\/v2\/posts"}],"about":[{"href":"https:\/\/www.jornalja.com.br\/ambiente\/wp-json\/wp\/v2\/types\/post"}],"author":[{"embeddable":true,"href":"https:\/\/www.jornalja.com.br\/ambiente\/wp-json\/wp\/v2\/users\/5"}],"replies":[{"embeddable":true,"href":"https:\/\/www.jornalja.com.br\/ambiente\/wp-json\/wp\/v2\/comments?post=83132"}],"version-history":[{"count":5,"href":"https:\/\/www.jornalja.com.br\/ambiente\/wp-json\/wp\/v2\/posts\/83132\/revisions"}],"predecessor-version":[{"id":83182,"href":"https:\/\/www.jornalja.com.br\/ambiente\/wp-json\/wp\/v2\/posts\/83132\/revisions\/83182"}],"wp:featuredmedia":[{"embeddable":true,"href":"https:\/\/www.jornalja.com.br\/ambiente\/wp-json\/wp\/v2\/media\/82989"}],"wp:attachment":[{"href":"https:\/\/www.jornalja.com.br\/ambiente\/wp-json\/wp\/v2\/media?parent=83132"}],"wp:term":[{"taxonomy":"category","embeddable":true,"href":"https:\/\/www.jornalja.com.br\/ambiente\/wp-json\/wp\/v2\/categories?post=83132"},{"taxonomy":"post_tag","embeddable":true,"href":"https:\/\/www.jornalja.com.br\/ambiente\/wp-json\/wp\/v2\/tags?post=83132"}],"curies":[{"name":"wp","href":"https:\/\/api.w.org\/{rel}","templated":true}]}}