{"id":83333,"date":"2021-08-11T16:43:17","date_gmt":"2021-08-11T19:43:17","guid":{"rendered":"https:\/\/www.jornalja.com.br\/ambiente\/?p=83333"},"modified":"2021-08-11T17:11:29","modified_gmt":"2021-08-11T20:11:29","slug":"prefeitura-prepara-concessao-unica-para-a-coleta-do-lixo-em-porto-alegre","status":"publish","type":"post","link":"https:\/\/www.jornalja.com.br\/ambiente\/prefeitura-prepara-concessao-unica-para-a-coleta-do-lixo-em-porto-alegre\/","title":{"rendered":"Prefeitura prepara concess\u00e3o \u00fanica para a coleta do lixo em Porto Alegre"},"content":{"rendered":"<p>A Prefeitura prepara um edital de PMI (Procedimentos de Manifesta\u00e7\u00e3o de Interesse)para o sistema de coleta de Lixo na cidade de Porto Alegre, que ser\u00e1 lan\u00e7ado at\u00e9 o fim do ano.<\/p>\n<p>O governo ainda est\u00e1 estudando o modelo a ser adotado.<\/p>\n<p>A ideia \u00e9 contratar uma \u00fanica empresa \u00fanica que\u00a0 fa\u00e7a desde a coleta nas resid\u00eancias at\u00e9 o transporte para o aterro sanit\u00e1rio, incluindo\u00a0 a separa\u00e7\u00e3o dos res\u00edduos org\u00e2nicos e recicl\u00e1veis e o envio para as unidades de triagem.<\/p>\n<p>\u201cO modelo que queremos adotar \u00e9 de concess\u00e3o total, um contrato vai cuidar de todo o res\u00edduo s\u00f3lido de Porto Alegre,\u201d afirmou a secret\u00e1ria de Parcerias, Ana Pellini.<\/p>\n<p>Segundo ela, os contratos j\u00e1 existentes seriam absorvidos pelo cons\u00f3rcio vencedor. A inten\u00e7\u00e3o \u00e9 manter estrutura atual, aprimorando\u00a0 a quest\u00e3o das rotas,\u00a0 a fim de eliminar as coletas clandestinas.<\/p>\n<p>Instalar ecopontos em cada bairro, investir em educa\u00e7\u00e3o ambiental atrav\u00e9s de campanhas, far\u00e3o parte do contrato.<\/p>\n<p>A taxa de lixo n\u00e3o ser\u00e1 mais cobrada pelo munic\u00edpio e sim pelo concession\u00e1rio, mas segundo Pellini este n\u00e3o poder\u00e1 aumentar a taxa, conforme estar\u00e1 previsto no contrato.<\/p>\n<p>O DMLU ter\u00e1 a fun\u00e7\u00e3o de fiscalizar, coordenar e atestar o servi\u00e7o privado que ser\u00e1 realizado. \u201cSer\u00e1 muito melhor ao inv\u00e9s de cuidar de dezenas de contratos como \u00e9 feito hoje, ele ter\u00e1 que cuidar de um\u201d,\u00a0 reiterou a secret\u00e1ria.<\/p>\n<p>A Prefeitura n\u00e3o gastar\u00e1 nenhum recurso, a empresa vencedora receber\u00e1 os recursos provenientes da taxa do Lixo. Atualmente esse imposto gera em torno de R$ 230 milh\u00f5es por ano aos cofres p\u00fablicos mas a Prefeitura gasta R$260 milh\u00f5es com a coleta e destina\u00e7\u00e3o do lixo.<\/p>\n<p>O PMI ainda ter\u00e1 de ser aprovado pelo Conselho Gestor antes de ser lan\u00e7ado. Depois disso ser\u00e1 feito o edital para a concess\u00e3o. Dependendo do edital, o projeto pode passar pela C\u00e2mara, assim como deve ocorrer com o DMAE, caso o governo fa\u00e7a o mesmo na quest\u00e3o da \u00e1gua.<\/p>\n<p>\u201cO processo todo deve ocorrer em dois anos e meio\u201d explicou Ana Pellini referindo-se a esse e aos outros oito PMIS que j\u00e1 foram aprovados pelo Conselho Gestor do governo.<\/p>\n<p>S\u00e3o eles:<\/p>\n<p><strong>Trecho 2 da Orla &#8211;<\/strong>\u00a0Complementa\u00e7\u00e3o dos estudos existentes para o Trecho 2 Orla do Gua\u00edba, com inser\u00e7\u00e3o obrigat\u00f3ria de Marina P\u00fablica.<\/p>\n<p><strong>Aerom\u00f3vel &#8211;<\/strong>\u00a0Estudo para concess\u00e3o de uso das \u00e1reas verdes e equipamentos p\u00fablicos, incluindo revitaliza\u00e7\u00e3o, manuten\u00e7\u00e3o e explora\u00e7\u00e3o comercial e tur\u00edstica da estrutura atual do Aerom\u00f3vel.<\/p>\n<p><strong>Hospital Materno Infantil Presidente Vargas (HMIPV) &#8211;<\/strong>\u00a0Parceria p\u00fablico-privada, na modalidade de concess\u00e3o administrativa para a constru\u00e7\u00e3o, fornecimento de equipamentos, opera\u00e7\u00e3o e manuten\u00e7\u00e3o do novo HMIPV em outra localidade, em substitui\u00e7\u00e3o \u00e0 sede atual.<\/p>\n<p><strong>Hospital de Pronto Socorro (HPS) &#8211;<\/strong>\u00a0Parceria P\u00fablico-Privada, na modalidade de concess\u00e3o administrativa, para a constru\u00e7\u00e3o, fornecimento de equipamentos, opera\u00e7\u00e3o e manuten\u00e7\u00e3o do novo HPS.<\/p>\n<p><strong>Habita\u00e7\u00e3o &#8211;<\/strong>\u00a0Estudos para PPP em condom\u00ednios de interesse social sustent\u00e1vel com solu\u00e7\u00e3o combinada de conjunto habitacional e open mall.<\/p>\n<p><strong>Energia fotovoltaica &#8211;<\/strong> Estudo de modelagem de PPP para implementa\u00e7\u00e3o de usinas fotovoltaicas para atender com energia renov\u00e1vel a demanda dos pr\u00f3prios municipais.<\/p>\n<p><strong>Usina do Gas\u00f4metro &#8211;<\/strong>\u00a0Complementa\u00e7\u00e3o dos estudos para concess\u00e3o de uso incluindo a manuten\u00e7\u00e3o e explora\u00e7\u00e3o comercial da usina, tendo a previs\u00e3o de reservas de datas para o uso do munic\u00edpio.<\/p>\n<p><strong>Museu Joaquim Felizardo &#8211;<\/strong>\u00a0Estudos para concess\u00e3o de uso da \u00e1rea externa do museu com investimentos na revitaliza\u00e7\u00e3o e constru\u00e7\u00e3o de pr\u00e9dio anexo.<\/p>\n","protected":false},"excerpt":{"rendered":"<p>A Prefeitura prepara um edital de PMI (Procedimentos de Manifesta\u00e7\u00e3o de Interesse)para o sistema de coleta de Lixo na cidade de Porto Alegre, que ser\u00e1 lan\u00e7ado at\u00e9 o fim do ano. O governo ainda est\u00e1 estudando o modelo a ser adotado. A ideia \u00e9 contratar uma \u00fanica empresa \u00fanica que\u00a0 fa\u00e7a desde a coleta nas [&hellip;]<\/p>\n","protected":false},"author":83,"featured_media":83334,"comment_status":"open","ping_status":"open","sticky":false,"template":"","format":"standard","meta":{"jetpack_post_was_ever_published":false,"_jetpack_newsletter_access":"","_jetpack_dont_email_post_to_subs":false,"_jetpack_newsletter_tier_id":0,"_jetpack_memberships_contains_paywalled_content":false,"_jetpack_memberships_contains_paid_content":false,"footnotes":"","jetpack_publicize_message":"","jetpack_publicize_feature_enabled":true,"jetpack_social_post_already_shared":true,"jetpack_social_options":{"image_generator_settings":{"template":"highway","default_image_id":0,"font":"","enabled":false},"version":2}},"categories":[4],"tags":[59,12,173,138,146,105,57,58,150,141],"class_list":["post-83333","post","type-post","status-publish","format-standard","has-post-thumbnail","hentry","category-ambiente-geral","tag-agua","tag-energia","tag-energia-renovavel","tag-governo","tag-lixo","tag-organicos","tag-porto-alegre","tag-prefeitura","tag-residuos","tag-rios"],"aioseo_notices":[],"jetpack_publicize_connections":[],"jetpack_featured_media_url":"https:\/\/www.jornalja.com.br\/ambiente\/wp-content\/uploads\/sites\/3\/2021\/08\/190116-cristinerochol-pmpa-007.jpg","jetpack-related-posts":[{"id":83932,"url":"https:\/\/www.jornalja.com.br\/ambiente\/semana-lixo-zero-e-lei-ainda-distante-da-realidade\/","url_meta":{"origin":83333,"position":0},"title":"Semana &#8220;Lixo Zero&#8221; \u00e9 lei, ainda distante da realidade","author":"da Reda\u00e7\u00e3o","date":"23 de outubro de 2022","format":false,"excerpt":"Come\u00e7a nesta segunda feira, 24,\u00a0 a \"Semana Lixo Zero\"\u00a0 em Porto Alegre, com atividades de educa\u00e7\u00e3o ambiental promovidas pelo Departamento Municipal de Limpeza Urbana (DMLU). A Semana Lixo Zero foi inclu\u00edda no calend\u00e1rio de eventos de Porto Alegre atrav\u00e9s da Lei 12.849, de 20 de julho de 2021. Est\u00e1 na\u2026","rel":"","context":"Em &quot;Ambiente J\u00c1-MAT\u00c9RIA&quot;","block_context":{"text":"Ambiente J\u00c1-MAT\u00c9RIA","link":"https:\/\/www.jornalja.com.br\/ambiente\/category\/ambiente-geral\/"},"img":{"alt_text":"","src":"","width":0,"height":0},"classes":[]},{"id":82660,"url":"https:\/\/www.jornalja.com.br\/ambiente\/semana-lixo-zero-tera-123-atividades-gratuitas-abertas-a-populacao\/","url_meta":{"origin":83333,"position":1},"title":"Semana Lixo Zero ter\u00e1 123 atividades gratuitas abertas \u00e0 popula\u00e7\u00e3o","author":"da Reda\u00e7\u00e3o","date":"23 de outubro de 2020","format":false,"excerpt":"De hoje a primeiro de novembro acontece a sexta edi\u00e7\u00e3o da Semana Lixo Zero. O tema deste ano \u00e9 \"O Lixo Zero inspira a minha cidade a...\". Ser\u00e3o 123 atividades gratuitas abertas \u00e0 popula\u00e7\u00e3o, a maior parte delas de modo virtual, devido \u00e0 pandemia da Covid-19. S\u00e3o palestras, rodas de\u2026","rel":"","context":"Em &quot;Ambiente J\u00c1-MAT\u00c9RIA&quot;","block_context":{"text":"Ambiente J\u00c1-MAT\u00c9RIA","link":"https:\/\/www.jornalja.com.br\/ambiente\/category\/ambiente-geral\/"},"img":{"alt_text":"","src":"","width":0,"height":0},"classes":[]},{"id":85058,"url":"https:\/\/www.jornalja.com.br\/ambiente\/apos-decisao-judicial-governo-vai-rever-edital-de-concessao-do-jardim-botanico\/","url_meta":{"origin":83333,"position":2},"title":"Ap\u00f3s decis\u00e3o judicial, governo vai rever edital de concess\u00e3o do Jardim Bot\u00e2nico","author":"da Reda\u00e7\u00e3o","date":"31 de outubro de 2023","format":false,"excerpt":"Cleber Dioni Tentardini A Secretaria de Parcerias e Concess\u00f5es do Governo do Estado adiou por tempo indeterminado a publica\u00e7\u00e3o de edital de concess\u00e3o do Jardim Bot\u00e2nico de Porto Alegre \u00e0 iniciativa privada. A abertura da concorr\u00eancia estava prevista para este m\u00eas de outubro, mas a decis\u00e3o da Justi\u00e7a em acolher\u2026","rel":"","context":"Em &quot;Ambiente J\u00c1-MAT\u00c9RIA&quot;","block_context":{"text":"Ambiente J\u00c1-MAT\u00c9RIA","link":"https:\/\/www.jornalja.com.br\/ambiente\/category\/ambiente-geral\/"},"img":{"alt_text":"","src":"https:\/\/i0.wp.com\/www.jornalja.com.br\/ambiente\/wp-content\/uploads\/sites\/3\/2022\/05\/educacao-ambiental-jb-mariano-pairet.jpg?resize=350%2C200&ssl=1","width":350,"height":200,"srcset":"https:\/\/i0.wp.com\/www.jornalja.com.br\/ambiente\/wp-content\/uploads\/sites\/3\/2022\/05\/educacao-ambiental-jb-mariano-pairet.jpg?resize=350%2C200&ssl=1 1x, https:\/\/i0.wp.com\/www.jornalja.com.br\/ambiente\/wp-content\/uploads\/sites\/3\/2022\/05\/educacao-ambiental-jb-mariano-pairet.jpg?resize=525%2C300&ssl=1 1.5x, https:\/\/i0.wp.com\/www.jornalja.com.br\/ambiente\/wp-content\/uploads\/sites\/3\/2022\/05\/educacao-ambiental-jb-mariano-pairet.jpg?resize=700%2C400&ssl=1 2x, https:\/\/i0.wp.com\/www.jornalja.com.br\/ambiente\/wp-content\/uploads\/sites\/3\/2022\/05\/educacao-ambiental-jb-mariano-pairet.jpg?resize=1050%2C600&ssl=1 3x"},"classes":[]},{"id":82358,"url":"https:\/\/www.jornalja.com.br\/ambiente\/governo-prepara-novo-projeto-de-revitalizacao-do-cais-maua\/","url_meta":{"origin":83333,"position":3},"title":"Governo prepara novo projeto de revitaliza\u00e7\u00e3o do Cais Mau\u00e1","author":"da Reda\u00e7\u00e3o","date":"3 de agosto de 2020","format":false,"excerpt":"Cleber Dioni Tentardini texto e fotos O Governo do Estado do Rio Grande do Sul montou uma for\u00e7a-tarefa com representantes da Superintend\u00eancia do Porto de Rio Grande (SUPRG), Procuradoria-Geral do Estado (PGE), e das secretarias do Planejamento e de Log\u00edstica e Transportes para formatar o novo projeto de revitaliza\u00e7\u00e3o do\u2026","rel":"","context":"Em &quot;Ambiente J\u00c1-MAT\u00c9RIA&quot;","block_context":{"text":"Ambiente J\u00c1-MAT\u00c9RIA","link":"https:\/\/www.jornalja.com.br\/ambiente\/category\/ambiente-geral\/"},"img":{"alt_text":"","src":"https:\/\/i0.wp.com\/www.jornalja.com.br\/ambiente\/wp-content\/uploads\/sites\/3\/2020\/08\/20200731-151249-scaled.jpg?resize=350%2C200&ssl=1","width":350,"height":200,"srcset":"https:\/\/i0.wp.com\/www.jornalja.com.br\/ambiente\/wp-content\/uploads\/sites\/3\/2020\/08\/20200731-151249-scaled.jpg?resize=350%2C200&ssl=1 1x, https:\/\/i0.wp.com\/www.jornalja.com.br\/ambiente\/wp-content\/uploads\/sites\/3\/2020\/08\/20200731-151249-scaled.jpg?resize=525%2C300&ssl=1 1.5x, https:\/\/i0.wp.com\/www.jornalja.com.br\/ambiente\/wp-content\/uploads\/sites\/3\/2020\/08\/20200731-151249-scaled.jpg?resize=700%2C400&ssl=1 2x"},"classes":[]},{"id":82527,"url":"https:\/\/www.jornalja.com.br\/ambiente\/pesquisa-mostra-que-meio-ambiente-ainda-nao-e-prioridade-para-os-gauchos\/","url_meta":{"origin":83333,"position":4},"title":"Pesquisa mostra que meio ambiente ainda n\u00e3o \u00e9 prioridade para os ga\u00fachos","author":"da Reda\u00e7\u00e3o","date":"11 de setembro de 2020","format":false,"excerpt":"A Companhia Rio-Grandense de Valoriza\u00e7\u00e3o de Res\u00edduos (CRVR) fez uma pesquisa para entender o comportamento dos ga\u00fachos em rela\u00e7\u00e3o ao meio ambiente e constatou que o tema n\u00e3o est\u00e1 entre as suas seis principais preocupa\u00e7\u00f5es, apesar da sa\u00fade ser a n\u00famero um e ter uma rela\u00e7\u00e3o direta. A pesquisa mostra\u2026","rel":"","context":"Em &quot;Ambiente J\u00c1-MAT\u00c9RIA&quot;","block_context":{"text":"Ambiente J\u00c1-MAT\u00c9RIA","link":"https:\/\/www.jornalja.com.br\/ambiente\/category\/ambiente-geral\/"},"img":{"alt_text":"Semin\u00e1rio Caminhos da Sustentabilidade","src":"https:\/\/i0.wp.com\/www.jornalja.com.br\/ambiente\/wp-content\/uploads\/sites\/3\/2020\/09\/seminario-caminhos-da-sustentabilidade.jpg?resize=350%2C200&ssl=1","width":350,"height":200,"srcset":"https:\/\/i0.wp.com\/www.jornalja.com.br\/ambiente\/wp-content\/uploads\/sites\/3\/2020\/09\/seminario-caminhos-da-sustentabilidade.jpg?resize=350%2C200&ssl=1 1x, https:\/\/i0.wp.com\/www.jornalja.com.br\/ambiente\/wp-content\/uploads\/sites\/3\/2020\/09\/seminario-caminhos-da-sustentabilidade.jpg?resize=525%2C300&ssl=1 1.5x, https:\/\/i0.wp.com\/www.jornalja.com.br\/ambiente\/wp-content\/uploads\/sites\/3\/2020\/09\/seminario-caminhos-da-sustentabilidade.jpg?resize=700%2C400&ssl=1 2x, https:\/\/i0.wp.com\/www.jornalja.com.br\/ambiente\/wp-content\/uploads\/sites\/3\/2020\/09\/seminario-caminhos-da-sustentabilidade.jpg?resize=1050%2C600&ssl=1 3x"},"classes":[]},{"id":82805,"url":"https:\/\/www.jornalja.com.br\/ambiente\/bndes-vai-realizar-estudo-para-concessao-de-servicos-no-jardim-botanico-de-porto-alegre\/","url_meta":{"origin":83333,"position":5},"title":"BNDES vai realizar estudo para concess\u00e3o de servi\u00e7os no Jardim Bot\u00e2nico de Porto Alegre \u00a0\u00a0","author":"Cleber Dioni Tentardini","date":"29 de dezembro de 2020","format":false,"excerpt":"A Secretaria do Meio Ambiente e Infraestrutura (SEMAI) contratou o Banco Nacional de Desenvolvimento Econ\u00f4mico e Social (BNDES) para realizar estudos visando \u00e0 concess\u00e3o de servi\u00e7os p\u00fablicos no Jardim Bot\u00e2nico de Porto Alegre e dos parques estaduais do Caracol, Delta do Jacu\u00ed, do Tainhas e do Turvo. A informa\u00e7\u00e3o foi\u2026","rel":"","context":"Em &quot;Ambiente J\u00c1-MAT\u00c9RIA&quot;","block_context":{"text":"Ambiente J\u00c1-MAT\u00c9RIA","link":"https:\/\/www.jornalja.com.br\/ambiente\/category\/ambiente-geral\/"},"img":{"alt_text":"","src":"https:\/\/i0.wp.com\/www.jornalja.com.br\/ambiente\/wp-content\/uploads\/sites\/3\/2020\/12\/jardim-botanico-foto-cmpa-e1609268514545.jpg?resize=350%2C200&ssl=1","width":350,"height":200,"srcset":"https:\/\/i0.wp.com\/www.jornalja.com.br\/ambiente\/wp-content\/uploads\/sites\/3\/2020\/12\/jardim-botanico-foto-cmpa-e1609268514545.jpg?resize=350%2C200&ssl=1 1x, https:\/\/i0.wp.com\/www.jornalja.com.br\/ambiente\/wp-content\/uploads\/sites\/3\/2020\/12\/jardim-botanico-foto-cmpa-e1609268514545.jpg?resize=525%2C300&ssl=1 1.5x"},"classes":[]}],"jetpack_shortlink":"https:\/\/wp.me\/pbKnZo-lG5","jetpack_sharing_enabled":true,"_links":{"self":[{"href":"https:\/\/www.jornalja.com.br\/ambiente\/wp-json\/wp\/v2\/posts\/83333","targetHints":{"allow":["GET"]}}],"collection":[{"href":"https:\/\/www.jornalja.com.br\/ambiente\/wp-json\/wp\/v2\/posts"}],"about":[{"href":"https:\/\/www.jornalja.com.br\/ambiente\/wp-json\/wp\/v2\/types\/post"}],"author":[{"embeddable":true,"href":"https:\/\/www.jornalja.com.br\/ambiente\/wp-json\/wp\/v2\/users\/83"}],"replies":[{"embeddable":true,"href":"https:\/\/www.jornalja.com.br\/ambiente\/wp-json\/wp\/v2\/comments?post=83333"}],"version-history":[{"count":3,"href":"https:\/\/www.jornalja.com.br\/ambiente\/wp-json\/wp\/v2\/posts\/83333\/revisions"}],"predecessor-version":[{"id":83337,"href":"https:\/\/www.jornalja.com.br\/ambiente\/wp-json\/wp\/v2\/posts\/83333\/revisions\/83337"}],"wp:featuredmedia":[{"embeddable":true,"href":"https:\/\/www.jornalja.com.br\/ambiente\/wp-json\/wp\/v2\/media\/83334"}],"wp:attachment":[{"href":"https:\/\/www.jornalja.com.br\/ambiente\/wp-json\/wp\/v2\/media?parent=83333"}],"wp:term":[{"taxonomy":"category","embeddable":true,"href":"https:\/\/www.jornalja.com.br\/ambiente\/wp-json\/wp\/v2\/categories?post=83333"},{"taxonomy":"post_tag","embeddable":true,"href":"https:\/\/www.jornalja.com.br\/ambiente\/wp-json\/wp\/v2\/tags?post=83333"}],"curies":[{"name":"wp","href":"https:\/\/api.w.org\/{rel}","templated":true}]}}