{"id":83360,"date":"2021-08-19T15:28:48","date_gmt":"2021-08-19T18:28:48","guid":{"rendered":"https:\/\/www.jornalja.com.br\/ambiente\/?p=83360"},"modified":"2021-09-01T09:34:25","modified_gmt":"2021-09-01T12:34:25","slug":"produzido-sem-carvao-aco-verde-entra-em-teste-comercial-na-suecia","status":"publish","type":"post","link":"https:\/\/www.jornalja.com.br\/ambiente\/produzido-sem-carvao-aco-verde-entra-em-teste-comercial-na-suecia\/","title":{"rendered":"Produzido sem carv\u00e3o, &#8220;a\u00e7o verde&#8221; entra em teste comercial na Su\u00e9cia"},"content":{"rendered":"<p>A empresa sueca Hybrit anunciou a entrega do primeiro lote\u00a0 de \u201ca\u00e7o verde\u201d, produzido sem o uso de carv\u00e3o, \u00e0 f\u00e1brica Volvo AB, de caminh\u00f5es.<\/p>\n<p>Trata-se de teste numa planta piloto que\u00a0 prev\u00ea alcan\u00e7ar a produ\u00e7\u00e3o comercial plena em 2026.<\/p>\n<p>A Volvo informou que j\u00e1 em 2021 iniciar\u00e1 a produ\u00e7\u00e3o de prot\u00f3tipos e componentes com o a\u00e7o verde.<\/p>\n<p>H\u00e1 um ano a Hybrit iniciou os testes para produ\u00e7\u00e3o do a\u00e7o sem carv\u00e3o em uma planta piloto em Lulea, no norte da Su\u00e9cia.<\/p>\n<p>O novo processo substitui o carv\u00e3o de coque, usado na produ\u00e7\u00e3o de a\u00e7o por eletricidade e hidrog\u00eanio.<\/p>\n<p>Oito por cento das emiss\u00f5es de gases de efeito estufa resultam da produ\u00e7\u00e3o de a\u00e7o com carv\u00e3o.<\/p>\n<p>Uma das empresas que financiam o projeto da Hybrit \u00e9 a sider\u00fargica SSAB, respons\u00e1vel por 10% das emiss\u00f5es de di\u00f3xido de carbono da Su\u00e9cia e 7% da Finl\u00e2ndia.<\/p>\n<p>O hidrog\u00eanio \u00e9 uma parte fundamental do plano da Uni\u00e3o Europ\u00e9ia para atingir as emiss\u00f5es l\u00edquidas zero de gases de efeito estufa at\u00e9 2050.<\/p>\n<p><strong>(Com informa\u00e7\u00f5es do Guardian)<\/strong><\/p>\n","protected":false},"excerpt":{"rendered":"<p>A empresa sueca Hybrit anunciou a entrega do primeiro lote\u00a0 de \u201ca\u00e7o verde\u201d, produzido sem o uso de carv\u00e3o, \u00e0 f\u00e1brica Volvo AB, de caminh\u00f5es. Trata-se de teste numa planta piloto que\u00a0 prev\u00ea alcan\u00e7ar a produ\u00e7\u00e3o comercial plena em 2026. A Volvo informou que j\u00e1 em 2021 iniciar\u00e1 a produ\u00e7\u00e3o de prot\u00f3tipos e componentes com [&hellip;]<\/p>\n","protected":false},"author":4,"featured_media":83361,"comment_status":"open","ping_status":"open","sticky":false,"template":"","format":"standard","meta":{"jetpack_post_was_ever_published":false,"_jetpack_newsletter_access":"","_jetpack_dont_email_post_to_subs":false,"_jetpack_newsletter_tier_id":0,"_jetpack_memberships_contains_paywalled_content":false,"_jetpack_memberships_contains_paid_content":false,"footnotes":"","jetpack_publicize_message":"","jetpack_publicize_feature_enabled":true,"jetpack_social_post_already_shared":true,"jetpack_social_options":{"image_generator_settings":{"template":"highway","default_image_id":0,"font":"","enabled":false},"version":2}},"categories":[4],"tags":[227,40,63,163,194,228],"class_list":["post-83360","post","type-post","status-publish","format-standard","has-post-thumbnail","hentry","category-ambiente-geral","tag-aco-verde","tag-carvao","tag-efeito-estufa","tag-emissoes","tag-hidrogenio","tag-siderurgica"],"aioseo_notices":[],"jetpack_publicize_connections":[],"jetpack_featured_media_url":"https:\/\/www.jornalja.com.br\/ambiente\/wp-content\/uploads\/sites\/3\/2021\/08\/aco-verde.jpg","jetpack-related-posts":[{"id":83892,"url":"https:\/\/www.jornalja.com.br\/ambiente\/inventario-das-termeletricas-pouca-energia-e-muita-poluicao-nas-usinas-a-carvao\/","url_meta":{"origin":83360,"position":0},"title":"Invent\u00e1rio das termel\u00e9tricas: pouca energia e muita polui\u00e7\u00e3o nas usinas a carv\u00e3o","author":"da Reda\u00e7\u00e3o","date":"29 de junho de 2022","format":false,"excerpt":"Entre as dez usinas termel\u00e9tricas com maior taxa de emiss\u00e3o de gases de efeito estufa (GEE) no Brasil, cinco est\u00e3o localizadas na regi\u00e3o Sul, mostra o in\u00e9dito \u201cInvent\u00e1rio de Emiss\u00f5es Atmosf\u00e9ricas em Usinas Termel\u00e9tricas\u201d, estudo do Instituto de Energia e Meio Ambiente (IEMA) lan\u00e7ado nesta quinta, 30 de junho. O\u2026","rel":"","context":"Em &quot;Ambiente J\u00c1-MAT\u00c9RIA&quot;","block_context":{"text":"Ambiente J\u00c1-MAT\u00c9RIA","link":"https:\/\/www.jornalja.com.br\/ambiente\/category\/ambiente-geral\/"},"img":{"alt_text":"","src":"https:\/\/i0.wp.com\/www.jornalja.com.br\/ambiente\/wp-content\/uploads\/sites\/3\/2022\/06\/carvao-candiota.jpg?resize=350%2C200&ssl=1","width":350,"height":200,"srcset":"https:\/\/i0.wp.com\/www.jornalja.com.br\/ambiente\/wp-content\/uploads\/sites\/3\/2022\/06\/carvao-candiota.jpg?resize=350%2C200&ssl=1 1x, https:\/\/i0.wp.com\/www.jornalja.com.br\/ambiente\/wp-content\/uploads\/sites\/3\/2022\/06\/carvao-candiota.jpg?resize=525%2C300&ssl=1 1.5x, https:\/\/i0.wp.com\/www.jornalja.com.br\/ambiente\/wp-content\/uploads\/sites\/3\/2022\/06\/carvao-candiota.jpg?resize=700%2C400&ssl=1 2x, https:\/\/i0.wp.com\/www.jornalja.com.br\/ambiente\/wp-content\/uploads\/sites\/3\/2022\/06\/carvao-candiota.jpg?resize=1050%2C600&ssl=1 3x, https:\/\/i0.wp.com\/www.jornalja.com.br\/ambiente\/wp-content\/uploads\/sites\/3\/2022\/06\/carvao-candiota.jpg?resize=1400%2C800&ssl=1 4x"},"classes":[]},{"id":81313,"url":"https:\/\/www.jornalja.com.br\/ambiente\/china-retoma-producao-de-carvao-1274-minas-ja-voltaram-a-operacao-normal\/","url_meta":{"origin":83360,"position":1},"title":"China retoma produ\u00e7\u00e3o de carv\u00e3o; 1274 minas j\u00e1 voltaram \u00e0 opera\u00e7\u00e3o normal","author":"da Reda\u00e7\u00e3o","date":"19 de fevereiro de 2020","format":false,"excerpt":"A China retomou 70,2% da sua capacidade de produ\u00e7\u00e3o de carv\u00e3o, que foi reduzida por causa da epidemia do novo coronav\u00edrus, informou hoje a Administra\u00e7\u00e3o Nacional de Energia (ANE). Desde a segunda-feira, 1.274 minas em todo o pa\u00eds haviam retomado a produ\u00e7\u00e3o,\u00a0 atingindo 7,12 milh\u00f5es de toneladas por dia, ultrapassando\u2026","rel":"","context":"Em &quot;Ambiente J\u00c1-MAT\u00c9RIA&quot;","block_context":{"text":"Ambiente J\u00c1-MAT\u00c9RIA","link":"https:\/\/www.jornalja.com.br\/ambiente\/category\/ambiente-geral\/"},"img":{"alt_text":"","src":"https:\/\/i0.wp.com\/www.jornalja.com.br\/ambiente\/wp-content\/uploads\/sites\/3\/2020\/02\/Coronavirus-governo-estimula-retomada-da-produ%C3%A7%C3%A3o.jpg?resize=350%2C200&ssl=1","width":350,"height":200,"srcset":"https:\/\/i0.wp.com\/www.jornalja.com.br\/ambiente\/wp-content\/uploads\/sites\/3\/2020\/02\/Coronavirus-governo-estimula-retomada-da-produ%C3%A7%C3%A3o.jpg?resize=350%2C200&ssl=1 1x, https:\/\/i0.wp.com\/www.jornalja.com.br\/ambiente\/wp-content\/uploads\/sites\/3\/2020\/02\/Coronavirus-governo-estimula-retomada-da-produ%C3%A7%C3%A3o.jpg?resize=525%2C300&ssl=1 1.5x, https:\/\/i0.wp.com\/www.jornalja.com.br\/ambiente\/wp-content\/uploads\/sites\/3\/2020\/02\/Coronavirus-governo-estimula-retomada-da-produ%C3%A7%C3%A3o.jpg?resize=700%2C400&ssl=1 2x"},"classes":[]},{"id":80925,"url":"https:\/\/www.jornalja.com.br\/ambiente\/japao-planeja-construir-22-usinas-a-carvao\/","url_meta":{"origin":83360,"position":2},"title":"Jap\u00e3o planeja construir 22 usinas a carv\u00e3o","author":"da Reda\u00e7\u00e3o","date":"4 de fevereiro de 2020","format":false,"excerpt":"Do New York Times \u00c9 uma conseq\u00fc\u00eancia n\u00e3o intencional do desastre nuclear de Fukushima h\u00e1 quase uma d\u00e9cada, que for\u00e7ou o Jap\u00e3o a encerrar seu programa de energia nuclear. O Jap\u00e3o agora planeja construir at\u00e9 22 novas usinas de queima de carv\u00e3o - uma das fontes mais sujas de eletricidade\u2026","rel":"","context":"Em &quot;Ambiente J\u00c1-MAT\u00c9RIA&quot;","block_context":{"text":"Ambiente J\u00c1-MAT\u00c9RIA","link":"https:\/\/www.jornalja.com.br\/ambiente\/category\/ambiente-geral\/"},"img":{"alt_text":"","src":"https:\/\/i0.wp.com\/www.jornalja.com.br\/ambiente\/wp-content\/uploads\/sites\/3\/2020\/02\/Usinas-a-carv%C3%A3o-no-Jap%C3%A3o-Foto-de-Noriko-Hayashi-para-o-New-York-Times.jpg?resize=350%2C200&ssl=1","width":350,"height":200,"srcset":"https:\/\/i0.wp.com\/www.jornalja.com.br\/ambiente\/wp-content\/uploads\/sites\/3\/2020\/02\/Usinas-a-carv%C3%A3o-no-Jap%C3%A3o-Foto-de-Noriko-Hayashi-para-o-New-York-Times.jpg?resize=350%2C200&ssl=1 1x, https:\/\/i0.wp.com\/www.jornalja.com.br\/ambiente\/wp-content\/uploads\/sites\/3\/2020\/02\/Usinas-a-carv%C3%A3o-no-Jap%C3%A3o-Foto-de-Noriko-Hayashi-para-o-New-York-Times.jpg?resize=525%2C300&ssl=1 1.5x, https:\/\/i0.wp.com\/www.jornalja.com.br\/ambiente\/wp-content\/uploads\/sites\/3\/2020\/02\/Usinas-a-carv%C3%A3o-no-Jap%C3%A3o-Foto-de-Noriko-Hayashi-para-o-New-York-Times.jpg?resize=700%2C400&ssl=1 2x, https:\/\/i0.wp.com\/www.jornalja.com.br\/ambiente\/wp-content\/uploads\/sites\/3\/2020\/02\/Usinas-a-carv%C3%A3o-no-Jap%C3%A3o-Foto-de-Noriko-Hayashi-para-o-New-York-Times.jpg?resize=1050%2C600&ssl=1 3x"},"classes":[]},{"id":85540,"url":"https:\/\/www.jornalja.com.br\/ambiente\/transicao-energetica-por-hidrogenio-verde-avanca-no-rio-grande-do-sul\/","url_meta":{"origin":83360,"position":3},"title":"Transi\u00e7\u00e3o energ\u00e9tica por Hidrog\u00eanio Verde avan\u00e7a no Rio Grande do Sul","author":"S\u00e9rgio Lagranha","date":"2 de abril de 2025","format":false,"excerpt":"A transi\u00e7\u00e3o energ\u00e9tica atrav\u00e9s do Hidrog\u00eanio Verde (H2V) est\u00e1 avan\u00e7ando no Rio Grande do Sul. Produzido principalmente por meio da eletr\u00f3lise da \u00e1gua, \u00e9 um processo que separa as mol\u00e9culas de hidrog\u00eanio (H\u2082) e oxig\u00eanio (O\u2082) utilizando eletricidade. Para que o hidrog\u00eanio seja considerado \"verde\", a eletricidade usada nesse processo\u2026","rel":"","context":"Em &quot;Ambiente J\u00c1-MAT\u00c9RIA&quot;","block_context":{"text":"Ambiente J\u00c1-MAT\u00c9RIA","link":"https:\/\/www.jornalja.com.br\/ambiente\/category\/ambiente-geral\/"},"img":{"alt_text":"","src":"https:\/\/i0.wp.com\/www.jornalja.com.br\/ambiente\/wp-content\/uploads\/sites\/3\/2025\/04\/20250402-170240-rotated.jpg?resize=350%2C200&ssl=1","width":350,"height":200,"srcset":"https:\/\/i0.wp.com\/www.jornalja.com.br\/ambiente\/wp-content\/uploads\/sites\/3\/2025\/04\/20250402-170240-rotated.jpg?resize=350%2C200&ssl=1 1x, https:\/\/i0.wp.com\/www.jornalja.com.br\/ambiente\/wp-content\/uploads\/sites\/3\/2025\/04\/20250402-170240-rotated.jpg?resize=525%2C300&ssl=1 1.5x, https:\/\/i0.wp.com\/www.jornalja.com.br\/ambiente\/wp-content\/uploads\/sites\/3\/2025\/04\/20250402-170240-rotated.jpg?resize=700%2C400&ssl=1 2x, https:\/\/i0.wp.com\/www.jornalja.com.br\/ambiente\/wp-content\/uploads\/sites\/3\/2025\/04\/20250402-170240-rotated.jpg?resize=1050%2C600&ssl=1 3x, https:\/\/i0.wp.com\/www.jornalja.com.br\/ambiente\/wp-content\/uploads\/sites\/3\/2025\/04\/20250402-170240-rotated.jpg?resize=1400%2C800&ssl=1 4x"},"classes":[]},{"id":74520,"url":"https:\/\/www.jornalja.com.br\/ambiente\/o-carvao-pode-ser-a-chave-de-um-novo-ciclo\/","url_meta":{"origin":83360,"position":4},"title":"O carv\u00e3o pode ser a chave de um novo ciclo?","author":"Geraldo Hasse","date":"14 de maio de 2019","format":false,"excerpt":"\u201cExplorar a riqueza do carv\u00e3o para erradicar a pobreza\u201d, eis o novo mote lan\u00e7ado pelo presidente da\u00a0Sociedade de Engenharia do Rio Grande do Sul (SERGS), Luiz Roberto Ponte, para defender novos aproveitamentos das jazidas do mineral ga\u00facho, cujo potencial energ\u00e9tico seria equivalente a tr\u00eas pr\u00e9-sal. Sem esquecer de mencionar a\u2026","rel":"","context":"Em &quot;Ambiente J\u00c1-MAT\u00c9RIA&quot;","block_context":{"text":"Ambiente J\u00c1-MAT\u00c9RIA","link":"https:\/\/www.jornalja.com.br\/ambiente\/category\/ambiente-geral\/"},"img":{"alt_text":"","src":"","width":0,"height":0},"classes":[]},{"id":81804,"url":"https:\/\/www.jornalja.com.br\/ambiente\/carvao-china-aprova-mina-de-100-milhoes-de-toneladas-no-deserto-de-kumtag\/","url_meta":{"origin":83360,"position":5},"title":"Carv\u00e3o: China aprova mina de 100 milh\u00f5es de toneladas no deserto de Kumtag","author":"da Reda\u00e7\u00e3o","date":"20 de mar\u00e7o de 2020","format":false,"excerpt":"A Comiss\u00e3o Nacional de Desenvolvimento e Reforma aprovou o plano geral para a mina de Kumtag, dimensionada parae produzir 113 milh\u00f5es de toneladas de carv\u00e3o por ano. A informa\u00e7\u00e3o \u00e9 da Xinhua, a ag\u00eancia oficial do governo chin\u00eas. Kumtag \u00e9 uma \u00e1rea des\u00e9rtica no noroeste do pa\u00eds, na regi\u00e3o aut\u00f4noma\u2026","rel":"","context":"Em &quot;Ambiente J\u00c1-MAT\u00c9RIA&quot;","block_context":{"text":"Ambiente J\u00c1-MAT\u00c9RIA","link":"https:\/\/www.jornalja.com.br\/ambiente\/category\/ambiente-geral\/"},"img":{"alt_text":"","src":"https:\/\/i0.wp.com\/www.jornalja.com.br\/ambiente\/wp-content\/uploads\/sites\/3\/2020\/03\/Carv%C3%A3o-mina-de-Kumtag-foto-Xinhua-Ding-Lei.jpg?resize=350%2C200&ssl=1","width":350,"height":200,"srcset":"https:\/\/i0.wp.com\/www.jornalja.com.br\/ambiente\/wp-content\/uploads\/sites\/3\/2020\/03\/Carv%C3%A3o-mina-de-Kumtag-foto-Xinhua-Ding-Lei.jpg?resize=350%2C200&ssl=1 1x, https:\/\/i0.wp.com\/www.jornalja.com.br\/ambiente\/wp-content\/uploads\/sites\/3\/2020\/03\/Carv%C3%A3o-mina-de-Kumtag-foto-Xinhua-Ding-Lei.jpg?resize=525%2C300&ssl=1 1.5x, https:\/\/i0.wp.com\/www.jornalja.com.br\/ambiente\/wp-content\/uploads\/sites\/3\/2020\/03\/Carv%C3%A3o-mina-de-Kumtag-foto-Xinhua-Ding-Lei.jpg?resize=700%2C400&ssl=1 2x"},"classes":[]}],"jetpack_shortlink":"https:\/\/wp.me\/pbKnZo-lGw","jetpack_sharing_enabled":true,"_links":{"self":[{"href":"https:\/\/www.jornalja.com.br\/ambiente\/wp-json\/wp\/v2\/posts\/83360","targetHints":{"allow":["GET"]}}],"collection":[{"href":"https:\/\/www.jornalja.com.br\/ambiente\/wp-json\/wp\/v2\/posts"}],"about":[{"href":"https:\/\/www.jornalja.com.br\/ambiente\/wp-json\/wp\/v2\/types\/post"}],"author":[{"embeddable":true,"href":"https:\/\/www.jornalja.com.br\/ambiente\/wp-json\/wp\/v2\/users\/4"}],"replies":[{"embeddable":true,"href":"https:\/\/www.jornalja.com.br\/ambiente\/wp-json\/wp\/v2\/comments?post=83360"}],"version-history":[{"count":3,"href":"https:\/\/www.jornalja.com.br\/ambiente\/wp-json\/wp\/v2\/posts\/83360\/revisions"}],"predecessor-version":[{"id":83364,"href":"https:\/\/www.jornalja.com.br\/ambiente\/wp-json\/wp\/v2\/posts\/83360\/revisions\/83364"}],"wp:featuredmedia":[{"embeddable":true,"href":"https:\/\/www.jornalja.com.br\/ambiente\/wp-json\/wp\/v2\/media\/83361"}],"wp:attachment":[{"href":"https:\/\/www.jornalja.com.br\/ambiente\/wp-json\/wp\/v2\/media?parent=83360"}],"wp:term":[{"taxonomy":"category","embeddable":true,"href":"https:\/\/www.jornalja.com.br\/ambiente\/wp-json\/wp\/v2\/categories?post=83360"},{"taxonomy":"post_tag","embeddable":true,"href":"https:\/\/www.jornalja.com.br\/ambiente\/wp-json\/wp\/v2\/tags?post=83360"}],"curies":[{"name":"wp","href":"https:\/\/api.w.org\/{rel}","templated":true}]}}