{"id":83368,"date":"2021-08-23T14:45:34","date_gmt":"2021-08-23T17:45:34","guid":{"rendered":"https:\/\/www.jornalja.com.br\/ambiente\/?p=83368"},"modified":"2021-08-23T14:45:34","modified_gmt":"2021-08-23T17:45:34","slug":"a-cada-ano-brasil-queima-area-maior-que-a-inglaterra","status":"publish","type":"post","link":"https:\/\/www.jornalja.com.br\/ambiente\/a-cada-ano-brasil-queima-area-maior-que-a-inglaterra\/","title":{"rendered":"A cada ano, Brasil queima\u00a0\u00e1rea\u00a0maior que a Inglaterra"},"content":{"rendered":"<p>Um levantamento in\u00e9dito, feito pelo Projeto MapBiomas ap\u00f3s analisar imagens de sat\u00e9lite entre 1985 e 2020, mostra o impacto do fogo sobre o territ\u00f3rio nacional.<\/p>\n<p>A cada um desses 36 anos o Brasil queimou uma \u00e1rea maior que a da Inglaterra: foram 150.957 km\u00b2 por ano, ou 1,8% territ\u00f3rio brasileiro.<\/p>\n<p>O acumulado do per\u00edodo chega a praticamente um quinto do territ\u00f3rio nacional: 1.672.142\u00a0km\u00b2,\u00a0ou 19,6% do Brasil, sendo que 65% do total da \u00e1rea queimada foi de vegeta\u00e7\u00e3o nativa.<\/p>\n<p>O estado de Mato Grosso apresentou maior ocorr\u00eancia de fogo, seguido pelo Par\u00e1 e Tocantins.<\/p>\n<p>Embora os grandes picos de \u00e1rea queimada no Brasil tenham ocorrido principalmente em anos impactados por eventos de seca extrema (1987, 1988, 1993, 1998, 1999, 2007, 2010, 2017), altas taxas de desmatamento principalmente antes de 2005 e depois de 2019 tiveram um grande impacto no aumento da \u00e1rea queimada nesses per\u00edodos.<\/p>\n<p>A esta\u00e7\u00e3o seca, entre julho e outubro, concentra 83% das queimadas e inc\u00eandios no pa\u00eds.<\/p>\n<p>Parte da s\u00e9rie Brasil Revelado, do estudo do MapBiomar, mostra que, de 1985-2020, existe uma tend\u00eancia de redu\u00e7\u00e3o da superfi\u0301cie de a\u0301gua em oito das doze regi\u00f5es hidrogr\u00e1ficas e em todos os biomas do pa\u00eds.<\/p>\n<p>O Mato Grosso do Sul\u00a0\u00e9\u00a0o estado com maior\u00a0\u00edndice de subtra\u00e7\u00e3o, 57%. Foram analisadas imagens de sat\u00e9lite de todo o territ\u00f3rio nacional entre 1985 e 2020.<\/p>\n<p>Em 1991, a superf\u00edcie coberta por \u00e1gua do Brasil era de 19,7 milh\u00f5es de hectares. J\u00e1 no ano passado, diminuiu para 16,6 milh\u00f5es de hectares. Houve, portanto, uma redu\u00e7\u00e3o de 15,7% no pa\u00eds. A perda de 3,1 milh\u00f5es de hectares em 30 anos equivale a mais de uma vez e meia a superf\u00edcie de \u00e1gua da regi\u00e3o nordeste em 2020.<\/p>\n<p>Entre os cinco biomas brasileiros, nenhum foi t\u00e3o atingido como o Pantanal: 57% de seu territ\u00f3rio foi queimado pelo menos uma vez entre 1985 e 2020.\u00a0 A vegeta\u00e7\u00e3o campestre \u00e9 a mais afetada no bioma, durante os per\u00edodos \u00famidos as plantas acumulam biomassa e no per\u00edodo seco, a vegeta\u00e7\u00e3o seca vira combust\u00edvel para o fogo. \u201cEssas caracter\u00edsticas do bioma, associadas a eventos clim\u00e1ticos de seca e fortes ventos, torna o fogo um problema a ser controlado.<\/p>\n<p>Quest\u00f5es relativas ao uso do fogo como forma de manejo, em condi\u00e7\u00f5es inadequadas, podem levar a ocorr\u00eancia de inc\u00eandios descontrolados por extensas \u00e1reas\u201d, alerta o coordenador do MapBiomas Pantanal, Eduardo Reis Rosa.<\/p>\n<p>O pesquisador explica que o Pantanal tem uma vegeta\u00e7\u00e3o adaptada ao fogo, no entanto, a alta frequ\u00eancia pode torn\u00e1-lo prejudicial \u00e0 biodiversidade de fauna e flora.<\/p>\n<p>\u201cQuest\u00f5es relativas ao uso do fogo devem ser integradas \u00e0s condi\u00e7\u00f5es de uso das pastagens, de forma preventiva, controlada e seguindo os ciclos do Pantanal e condi\u00e7\u00f5es meteorol\u00f3gicas adequadas, com o objetivo de proteger o bioma\u201d.<\/p>\n<p>O mapeamento \u00e9 in\u00e9dito e revela todo peda\u00e7o de territ\u00f3rio brasileiro nos \u00faltimos 36 anos que sofreu com o fogo. Para Ane Alencar, coordenadora do MapBiomas Fogo, sabendo onde foi queimado \u00e9 poss\u00edvel entender a din\u00e2mica do fogo e quais as \u00e1reas que est\u00e3o mais vulner\u00e1veis no futuro.<\/p>\n<p>Assim, o mapeamento \u00e9 fundamental para entender a frequ\u00eancia, intensidade do fogo, para o planejamento do combate e apontar \u00e1reas de maior risco\u201d.<\/p>\n<p>Cerrado e Amaz\u00f4nia representam 85% da \u00e1rea queimada nesses \u00faltimos 36 anos. &#8220;A Amaz\u00f4nia n\u00e3o \u00e9 um bioma do qual o fogo faz parte da din\u00e2mica natural do ecossistema, diferente do Cerrado onde o fogo natural faz parte de sua din\u00e2mica evolutiva. \u201d, destaca a pesquisadora.<\/p>\n<p>Para chegar a esses n\u00fameros, a equipe do MapBiomas processou mais de 150 mil imagens geradas pelos sat\u00e9lites Landsat 5, 7 e 8 de 1985 a 2020.<\/p>\n<p>Com a ajuda de intelig\u00eancia artificial, foi analisada a \u00e1rea queimada em cada pixel de 30m X 30m dos mais de 8,5 milh\u00f5es de quil\u00f4metros quadrados do territ\u00f3rio brasileiro ao longo dos 36 anos entre 1985 e 2020, independente do uso e cobertura do solo.<\/p>\n<p>Ao todo, foram 108 terabytes de imagens processadas para mostrar \u00e1reas, anos e meses de maior e menor incid\u00eancia do fogo.<\/p>\n<p>A resolu\u00e7\u00e3o \u00e9 de 30m, com indica\u00e7\u00e3o do tipo de cobertura e uso do solo que queimou, permitindo recortes territoriais e fundi\u00e1rios por bioma, estado, munic\u00edpio, bacia hidrogr\u00e1fica, unidade de conserva\u00e7\u00e3o, terra ind\u00edgena, assentamentos e \u00e1reas com Cadastro Ambiental Rural (CAR).<\/p>\n<p>O Projeto de Mapeamento Anual do Uso e Cobertura da Terra no Brasil \u00e9 uma iniciativa que envolve uma rede colaborativa com especialistas nos biomas, usos da terra, sensoriamento remoto, SIG e ci\u00eancia da computa\u00e7\u00e3o que utiliza processamento em nuvem e classificadores automatizados desenvolvidos e operados a partir da plataforma Google Earth Engine para gerar uma s\u00e9rie hist\u00f3rica de mapas anuais de uso e cobertura da terra do Brasil.<\/p>\n<p>&nbsp;<\/p>\n<p>&nbsp;<\/p>\n","protected":false},"excerpt":{"rendered":"<p>Um levantamento in\u00e9dito, feito pelo Projeto MapBiomas ap\u00f3s analisar imagens de sat\u00e9lite entre 1985 e 2020, mostra o impacto do fogo sobre o territ\u00f3rio nacional. A cada um desses 36 anos o Brasil queimou uma \u00e1rea maior que a da Inglaterra: foram 150.957 km\u00b2 por ano, ou 1,8% territ\u00f3rio brasileiro. O acumulado do per\u00edodo chega [&hellip;]<\/p>\n","protected":false},"author":9,"featured_media":82558,"comment_status":"open","ping_status":"open","sticky":false,"template":"","format":"standard","meta":{"jetpack_post_was_ever_published":false,"_jetpack_newsletter_access":"","_jetpack_dont_email_post_to_subs":false,"_jetpack_newsletter_tier_id":0,"_jetpack_memberships_contains_paywalled_content":false,"_jetpack_memberships_contains_paid_content":false,"footnotes":"","jetpack_publicize_message":"","jetpack_publicize_feature_enabled":true,"jetpack_social_post_already_shared":true,"jetpack_social_options":{"image_generator_settings":{"template":"highway","default_image_id":0,"font":"","enabled":false},"version":2}},"categories":[4],"tags":[59,50,82,112,51,84,85,210,107,141],"class_list":["post-83368","post","type-post","status-publish","format-standard","has-post-thumbnail","hentry","category-ambiente-geral","tag-agua","tag-amazonia","tag-biodiversidade","tag-cerrado","tag-desmatamento","tag-fauna","tag-flora","tag-pantanal","tag-queimadas","tag-rios"],"aioseo_notices":[],"jetpack_publicize_connections":[],"jetpack_featured_media_url":"https:\/\/www.jornalja.com.br\/ambiente\/wp-content\/uploads\/sites\/3\/2020\/09\/ambiente-queimadas-mapa-inpe.jpg","jetpack-related-posts":[{"id":83320,"url":"https:\/\/www.jornalja.com.br\/ambiente\/tres-inqueritos-vao-investigar-acoes-do-governo-bolsonaro-na-area-ambiental\/","url_meta":{"origin":83368,"position":0},"title":"Tr\u00eas inqu\u00e9ritos v\u00e3o investigar a\u00e7\u00f5es do governo Bolsonaro na \u00e1rea ambiental","author":"da Reda\u00e7\u00e3o","date":"5 de agosto de 2021","format":false,"excerpt":"Tr\u00eas inqu\u00e9ritos civis foram abertos na Procuradoria da Rep\u00fablica do Distrito Federal para apurar atos do governo Bolsonaro na \u00e1rea ambiental. Ser\u00e3o apurados: -militariza\u00e7\u00e3o de cargos de chefia no \u00e2mbito do IBAMA e mudan\u00e7as de regramento em preju\u00edzo \u00e0 sua fun\u00e7\u00e3o institucional. -divulga\u00e7\u00e3o pela Secretaria de Comunica\u00e7\u00e3o Social da Presid\u00eancia\u2026","rel":"","context":"Em &quot;Ambiente J\u00c1-MAT\u00c9RIA&quot;","block_context":{"text":"Ambiente J\u00c1-MAT\u00c9RIA","link":"https:\/\/www.jornalja.com.br\/ambiente\/category\/ambiente-geral\/"},"img":{"alt_text":"","src":"https:\/\/i0.wp.com\/www.jornalja.com.br\/ambiente\/wp-content\/uploads\/sites\/3\/2021\/08\/ibama-foto-rede-brasil-atual.jpeg?resize=350%2C200&ssl=1","width":350,"height":200,"srcset":"https:\/\/i0.wp.com\/www.jornalja.com.br\/ambiente\/wp-content\/uploads\/sites\/3\/2021\/08\/ibama-foto-rede-brasil-atual.jpeg?resize=350%2C200&ssl=1 1x, https:\/\/i0.wp.com\/www.jornalja.com.br\/ambiente\/wp-content\/uploads\/sites\/3\/2021\/08\/ibama-foto-rede-brasil-atual.jpeg?resize=525%2C300&ssl=1 1.5x, https:\/\/i0.wp.com\/www.jornalja.com.br\/ambiente\/wp-content\/uploads\/sites\/3\/2021\/08\/ibama-foto-rede-brasil-atual.jpeg?resize=700%2C400&ssl=1 2x"},"classes":[]},{"id":76570,"url":"https:\/\/www.jornalja.com.br\/ambiente\/queimadas-no-brasil-aumentam-82-em-relacao-a-2018\/","url_meta":{"origin":83368,"position":1},"title":"Queimadas no Brasil aumentam 82% em rela\u00e7\u00e3o a 2018","author":"Carlos Matsubara","date":"21 de agosto de 2019","format":false,"excerpt":"Entre janeiro e agosto foram registrados 71.497 focos de queimadas, o maior n\u00famero dos \u00faltimos sete anos, apontam dados do Inpe. Mato Grosso \u00e9 o estado com mais ocorr\u00eancias. Dados do Instituto Nacional de Pesquisas Espaciais (Inpe) divulgados nesta segunda-feira (19\/08) apontam que as queimadas no Brasil aumentaram 82% quando\u2026","rel":"","context":"Em &quot;Ambiente J\u00c1-MAT\u00c9RIA&quot;","block_context":{"text":"Ambiente J\u00c1-MAT\u00c9RIA","link":"https:\/\/www.jornalja.com.br\/ambiente\/category\/ambiente-geral\/"},"img":{"alt_text":"","src":"","width":0,"height":0},"classes":[]},{"id":76613,"url":"https:\/\/www.jornalja.com.br\/ambiente\/animais-carbonizados-e-silencio-no-lugar-do-verde-e-som-de-passaros-biologo-descreve-cenario-apos-queimadas\/","url_meta":{"origin":83368,"position":2},"title":"&#039;Animais carbonizados e sil\u00eancio no lugar do verde e som de p\u00e1ssaros&#039;: bi\u00f3logo descreve cen\u00e1rio ap\u00f3s queimadas","author":"Carlos Matsubara","date":"22 de agosto de 2019","format":false,"excerpt":"O bi\u00f3logo Izar Aximoff estudou a recomposi\u00e7\u00e3o de florestas no Rio de Janeiro ap\u00f3s queimadas. Testemunhou \u00e1reas verdes se transformarem em p\u00f3 preto e o rico som das florestas, em sil\u00eancio. \"\u00c9 muito triste ver a floresta totalmente dizimada. Aquele cen\u00e1rio colorido, com flores, sons de animais, p\u00e1ssaros cantando, bichos\u2026","rel":"","context":"Em &quot;Ambiente J\u00c1-MAT\u00c9RIA&quot;","block_context":{"text":"Ambiente J\u00c1-MAT\u00c9RIA","link":"https:\/\/www.jornalja.com.br\/ambiente\/category\/ambiente-geral\/"},"img":{"alt_text":"","src":"https:\/\/i0.wp.com\/www.jornalja.com.br\/wp-content\/uploads\/2019\/08\/15664876615d5eb46d1c750_1566487661_3x4_md-338x450.jpg?resize=350%2C200&ssl=1","width":350,"height":200},"classes":[]},{"id":82596,"url":"https:\/\/www.jornalja.com.br\/ambiente\/onda-de-calor-faz-aumentar-as-queimadas-no-pantanal\/","url_meta":{"origin":83368,"position":3},"title":"Onda de calor faz aumentar as queimadas no Pantanal","author":"da Reda\u00e7\u00e3o","date":"2 de outubro de 2020","format":false,"excerpt":"O fogo j\u00e1 queimou 3,4 milh\u00f5es de hectares no Pantanal, segundo balan\u00e7o que o governo do Mato Grosso do Sul divulgou na tarde desta quinta (1). S\u00f3 nesse estado o bioma j\u00e1 perdeu 1,4\u00a0 milh\u00e3o de hectares. No vizinho Mato Grosso, as chamas consumiram outros 2,053 milh\u00f5es de hectares. Cada\u2026","rel":"","context":"Em &quot;Ambiente J\u00c1-MAT\u00c9RIA&quot;","block_context":{"text":"Ambiente J\u00c1-MAT\u00c9RIA","link":"https:\/\/www.jornalja.com.br\/ambiente\/category\/ambiente-geral\/"},"img":{"alt_text":"","src":"https:\/\/i0.wp.com\/www.jornalja.com.br\/ambiente\/wp-content\/uploads\/sites\/3\/2020\/10\/ambiente-queimadas-no-pantanal.jpg?resize=350%2C200&ssl=1","width":350,"height":200},"classes":[]},{"id":83922,"url":"https:\/\/www.jornalja.com.br\/ambiente\/area-devastada-pelo-garimpo-dobra-em-dez-anos-maior-parte-em-terras-indigenas\/","url_meta":{"origin":83368,"position":4},"title":"\u00c1rea devastada pelo garimpo dobra em dez anos; maior parte em terras ind\u00edgenas","author":"da Reda\u00e7\u00e3o","date":"27 de setembro de 2022","format":false,"excerpt":"Em dez anos, o garimpo devastou quase 100 mil hectares de florestas no Brasil. \u00c9 o que mostra um relat\u00f3rio divulgado nesta ter\u00e7a-feira, 27, pelo MapBiomas, projeto de monitoramento ambiental. Em 2010, as \u00e1reas abertas pelos garimbeiros chegavam a 99 mil hectares. No relat\u00f3rio divulgado agora, com dados de 2021,\u2026","rel":"","context":"Em &quot;Ambiente J\u00c1-MAT\u00c9RIA&quot;","block_context":{"text":"Ambiente J\u00c1-MAT\u00c9RIA","link":"https:\/\/www.jornalja.com.br\/ambiente\/category\/ambiente-geral\/"},"img":{"alt_text":"","src":"https:\/\/i0.wp.com\/www.jornalja.com.br\/ambiente\/wp-content\/uploads\/sites\/3\/2022\/09\/garimpo-e-mineracao-completo.png?resize=350%2C200&ssl=1","width":350,"height":200},"classes":[]},{"id":82545,"url":"https:\/\/www.jornalja.com.br\/ambiente\/nao-pode-ser-acidente-diz-delegado-sobre-fogo-no-pantanal\/","url_meta":{"origin":83368,"position":5},"title":"&#8220;N\u00e3o pode ser acidente&#8221;, diz delegado sobre fogo no Pantanal","author":"da Reda\u00e7\u00e3o","date":"15 de setembro de 2020","format":false,"excerpt":"Ontem (14\/9), a Pol\u00edcia Federal come\u00e7ou a cumprir dez mandados de busca e apreens\u00e3o no Mato Grosso do Sul, em Corumb\u00e1 e Campo Grande, em endere\u00e7os de cinco fazendeiros que teriam se organizado para atear fogo intencionalmente na vegeta\u00e7\u00e3o de suas\u00a0fazendas em \u00e1reas remotas do Pantanal. At\u00e9 a noite, havia\u2026","rel":"","context":"Em &quot;Ambiente J\u00c1-MAT\u00c9RIA&quot;","block_context":{"text":"Ambiente J\u00c1-MAT\u00c9RIA","link":"https:\/\/www.jornalja.com.br\/ambiente\/category\/ambiente-geral\/"},"img":{"alt_text":"","src":"https:\/\/i0.wp.com\/www.jornalja.com.br\/ambiente\/wp-content\/uploads\/sites\/3\/2020\/09\/pantanal-mayketoscano-secommt-09-09-2020.jpg?resize=350%2C200&ssl=1","width":350,"height":200,"srcset":"https:\/\/i0.wp.com\/www.jornalja.com.br\/ambiente\/wp-content\/uploads\/sites\/3\/2020\/09\/pantanal-mayketoscano-secommt-09-09-2020.jpg?resize=350%2C200&ssl=1 1x, https:\/\/i0.wp.com\/www.jornalja.com.br\/ambiente\/wp-content\/uploads\/sites\/3\/2020\/09\/pantanal-mayketoscano-secommt-09-09-2020.jpg?resize=525%2C300&ssl=1 1.5x, https:\/\/i0.wp.com\/www.jornalja.com.br\/ambiente\/wp-content\/uploads\/sites\/3\/2020\/09\/pantanal-mayketoscano-secommt-09-09-2020.jpg?resize=700%2C400&ssl=1 2x, https:\/\/i0.wp.com\/www.jornalja.com.br\/ambiente\/wp-content\/uploads\/sites\/3\/2020\/09\/pantanal-mayketoscano-secommt-09-09-2020.jpg?resize=1050%2C600&ssl=1 3x"},"classes":[]}],"jetpack_shortlink":"https:\/\/wp.me\/pbKnZo-lGE","jetpack_sharing_enabled":true,"_links":{"self":[{"href":"https:\/\/www.jornalja.com.br\/ambiente\/wp-json\/wp\/v2\/posts\/83368","targetHints":{"allow":["GET"]}}],"collection":[{"href":"https:\/\/www.jornalja.com.br\/ambiente\/wp-json\/wp\/v2\/posts"}],"about":[{"href":"https:\/\/www.jornalja.com.br\/ambiente\/wp-json\/wp\/v2\/types\/post"}],"author":[{"embeddable":true,"href":"https:\/\/www.jornalja.com.br\/ambiente\/wp-json\/wp\/v2\/users\/9"}],"replies":[{"embeddable":true,"href":"https:\/\/www.jornalja.com.br\/ambiente\/wp-json\/wp\/v2\/comments?post=83368"}],"version-history":[{"count":1,"href":"https:\/\/www.jornalja.com.br\/ambiente\/wp-json\/wp\/v2\/posts\/83368\/revisions"}],"predecessor-version":[{"id":83369,"href":"https:\/\/www.jornalja.com.br\/ambiente\/wp-json\/wp\/v2\/posts\/83368\/revisions\/83369"}],"wp:featuredmedia":[{"embeddable":true,"href":"https:\/\/www.jornalja.com.br\/ambiente\/wp-json\/wp\/v2\/media\/82558"}],"wp:attachment":[{"href":"https:\/\/www.jornalja.com.br\/ambiente\/wp-json\/wp\/v2\/media?parent=83368"}],"wp:term":[{"taxonomy":"category","embeddable":true,"href":"https:\/\/www.jornalja.com.br\/ambiente\/wp-json\/wp\/v2\/categories?post=83368"},{"taxonomy":"post_tag","embeddable":true,"href":"https:\/\/www.jornalja.com.br\/ambiente\/wp-json\/wp\/v2\/tags?post=83368"}],"curies":[{"name":"wp","href":"https:\/\/api.w.org\/{rel}","templated":true}]}}