{"id":83379,"date":"2021-08-29T23:41:42","date_gmt":"2021-08-30T02:41:42","guid":{"rendered":"https:\/\/www.jornalja.com.br\/ambiente\/?p=83379"},"modified":"2021-08-31T08:43:18","modified_gmt":"2021-08-31T11:43:18","slug":"sindicato-dos-engenheiros-apresenta-contraponto-tecnico-a-privatizacao-da-corsan","status":"publish","type":"post","link":"https:\/\/www.jornalja.com.br\/ambiente\/sindicato-dos-engenheiros-apresenta-contraponto-tecnico-a-privatizacao-da-corsan\/","title":{"rendered":"Sindicato dos Engenheiros apresenta &#8220;contraponto t\u00e9cnico&#8221; \u00e0 privatiza\u00e7\u00e3o da Corsan"},"content":{"rendered":"<p>O projeto que autoriza o governador Eduardo Leite a privatizar a Companhia Riograndense de Saneamento (Corsan) tramita em regime de urg\u00eancia na Assembl\u00e9ia e vai \u00e0 vota\u00e7\u00e3o nesta ter\u00e7a-feira.<\/p>\n<p>A empresa atende\u00a0 317 dos 497 munic\u00edpios ga\u00fachos, com redes de \u00e1gua e esgoto. \u00c9 uma companhia mista com 99% das a\u00e7\u00f5es do governo do Estado, lucrativa e eficiente, com 55 anos de servi\u00e7os.<\/p>\n<p>\u00c9 decisiva para que o Rio Grande do Sul tenha quase 100% de sua popula\u00e7\u00e3o atendida por \u00e1gua tratada e mais de 42% por redes de esgoto e \u00e9 uma empresa com resultados de mais de 400 milh\u00f5es de reais por ano.<\/p>\n<p>O principal argumento do governo do Estado para privatiz\u00e1-la \u00e9: a companhia n\u00e3o conseguir\u00e1 fazer frente \u00e0s exig\u00eancias do novo Marco Regulat\u00f3rio que transferiu aos Estados a gest\u00e3o e as metas do saneamento b\u00e1sico.<\/p>\n<p>No caso da Corsan, nem ela, nem o governo do Estado, seu controlador, teriam os recursos necess\u00e1rios para atingir as metas estabelecidas.<\/p>\n<p>\u201cTeremos at\u00e9 2033 para ter 90% das casas com tratamento de esgoto e 99% com abastecimento de \u00e1gua.\u00a0 Atualmente, a Corsan investe, em m\u00e9dia, R$ 300 milh\u00f5es por ano e para atingir esses n\u00fameros \u00e9 necess\u00e1rio cerca de R$ 1 bilh\u00e3o anuais em investimentos\u201d, repetiu o chefe da Casa Civil, Artur Lemos J\u00fanior, numa s\u00e9rie de encontros com prefeitos.<\/p>\n<p>O tema \u00e9 pol\u00eamico.<\/p>\n<p>Nesta segunda-feira, \u00e0s 18 horas, \u00a0o Sindicato dos Engenheiros do Rio Grande do Sul (Senge-RS) promoveu, por meio digital,\u00a0 um debate sobre o processo de privatiza\u00e7\u00e3o da Companhia Riograndense de Saneamento (Corsan).<\/p>\n<p>O programa \u201cUniversaliza\u00e7\u00e3o do Saneamento: contraponto t\u00e9cnico \u00e0 privatiza\u00e7\u00e3o da Corsan\u201d foi transmitido pelas redes sociais do sindicato.<\/p>\n<p>Teve a participa\u00e7\u00e3o de Eduardo Carvalho, diretor do Senge e ex-diretor da CORSAN, e de Anderson Etter, secret\u00e1rio do Meio Ambiente de S\u00e3o Leopoldo, com a media\u00e7\u00e3o do engenheiro Luiz Antonio Timm Grassi, membro do Conselho T\u00e9cnico Consultivo do sindicato.<\/p>\n<p>O debate integra o conjunto de iniciativas promovidas pelo Senge em defesa da Corsan e do controle p\u00fablico do saneamento no RS, tendo o objetivo de apontar as inconsist\u00eancias do projeto de desestatiza\u00e7\u00e3o e de regionaliza\u00e7\u00e3o do servi\u00e7o estadual de saneamento.<\/p>\n<p>\u201cObjetiva ainda destacar a qualidade do trabalho, dos resultados, dos projetos e a capacidade da Corsan em realizar os investimentos previsto no Marco Regulat\u00f3rio\u201d, diz a chamada do Senge para o evento.<\/p>\n<p>Eduardo Carvalho \u00e9 engenheiro qu\u00edmico com especializa\u00e7\u00e3o nas \u00e1reas de Saneamento B\u00e1sico, Seguran\u00e7a do Trabalho e Gest\u00e3o Empresarial, com 35 anos de experi\u00eancia na \u00e1rea de saneamento. Anderson Etter \u00e9 t\u00e9cnico em Administra\u00e7\u00e3o de Empresas e p\u00f3s graduado em Saneamento Ambiental e Gest\u00e3o de Recursos H\u00eddricos. J\u00e1 dirigiu o Servi\u00e7o Municipal de \u00c1gua e Esgotos (Semae) de S\u00e3o Leopoldo.<\/p>\n","protected":false},"excerpt":{"rendered":"<p>O projeto que autoriza o governador Eduardo Leite a privatizar a Companhia Riograndense de Saneamento (Corsan) tramita em regime de urg\u00eancia na Assembl\u00e9ia e vai \u00e0 vota\u00e7\u00e3o nesta ter\u00e7a-feira. A empresa atende\u00a0 317 dos 497 munic\u00edpios ga\u00fachos, com redes de \u00e1gua e esgoto. \u00c9 uma companhia mista com 99% das a\u00e7\u00f5es do governo do Estado, [&hellip;]<\/p>\n","protected":false},"author":4,"featured_media":83380,"comment_status":"open","ping_status":"open","sticky":false,"template":"","format":"standard","meta":{"jetpack_post_was_ever_published":false,"_jetpack_newsletter_access":"","_jetpack_dont_email_post_to_subs":false,"_jetpack_newsletter_tier_id":0,"_jetpack_memberships_contains_paywalled_content":false,"_jetpack_memberships_contains_paid_content":false,"footnotes":"","jetpack_publicize_message":"","jetpack_publicize_feature_enabled":true,"jetpack_social_post_already_shared":true,"jetpack_social_options":{"image_generator_settings":{"template":"highway","default_image_id":0,"font":"","enabled":false},"version":2}},"categories":[4],"tags":[59,16,138,52,147,80,115,38,141,205],"class_list":["post-83379","post","type-post","status-publish","format-standard","has-post-thumbnail","hentry","category-ambiente-geral","tag-agua","tag-ambiente","tag-governo","tag-meio-ambiente","tag-pet","tag-recursos-hidricos","tag-redes-sociais","tag-rio-grande-do-sul","tag-rios","tag-sema"],"aioseo_notices":[],"jetpack_publicize_connections":[],"jetpack_featured_media_url":"https:\/\/www.jornalja.com.br\/ambiente\/wp-content\/uploads\/sites\/3\/2021\/08\/corsan-privatizacao.png","jetpack-related-posts":[{"id":81772,"url":"https:\/\/www.jornalja.com.br\/ambiente\/corsan-diz-que-nao-provocou-coloracao-esverdeada-na-lagoa\/","url_meta":{"origin":83379,"position":0},"title":"Corsan diz que n\u00e3o provocou &#8216;colora\u00e7\u00e3o esverdeada\u2019 na Lagoa dos Barros","author":"Cleber Dioni Tentardini","date":"15 de mar\u00e7o de 2020","format":false,"excerpt":"Ap\u00f3s reuni\u00e3o realizada na sexta-feira (13) entre representantes da Secretaria do Meio Ambiente e Infraestrutura ( SEMA) e suas duas vinculadas - Corsan e Fepam - e o Minist\u00e9rio Publico Estadual, a Companhia de Saneamento divulgou nota onde nega ter responsabilidade sobre \u201co epis\u00f3dio da colora\u00e7\u00e3o esverdeada na Lagoa dos\u2026","rel":"","context":"Em &quot;Ambiente J\u00c1-MAT\u00c9RIA&quot;","block_context":{"text":"Ambiente J\u00c1-MAT\u00c9RIA","link":"https:\/\/www.jornalja.com.br\/ambiente\/category\/ambiente-geral\/"},"img":{"alt_text":"","src":"https:\/\/i0.wp.com\/www.jornalja.com.br\/ambiente\/wp-content\/uploads\/sites\/3\/2020\/03\/Lagoa-dos-Barros_Foto-do-Valter-Souza.jpg?resize=350%2C200&ssl=1","width":350,"height":200},"classes":[]},{"id":76049,"url":"https:\/\/www.jornalja.com.br\/ambiente\/agua-desperdicada-no-pais-equivale-a-quase-sete-sistemas-cantareira\/","url_meta":{"origin":83379,"position":1},"title":"\u00c1gua desperdi\u00e7ada no pa\u00eds equivale a quase sete sistemas Cantareira","author":"Carlos Matsubara","date":"7 de agosto de 2019","format":false,"excerpt":"O volume de \u00e1gua que \u00e9 perdida no sistema de abastecimento vem crescendo no Brasil e chega a mais de 6,5 bilh\u00f5es de metros c\u00fabicos (m\u00b3) por ano, segundo estudo divulgado dia 05\/06 pelo Instituto Trata Brasil e a consultoria GO Associados. A quantidade de \u00e1gua \u00e9 equivalente a quase\u2026","rel":"","context":"Em &quot;Ambiente J\u00c1-MAT\u00c9RIA&quot;","block_context":{"text":"Ambiente J\u00c1-MAT\u00c9RIA","link":"https:\/\/www.jornalja.com.br\/ambiente\/category\/ambiente-geral\/"},"img":{"alt_text":"","src":"","width":0,"height":0},"classes":[]},{"id":82070,"url":"https:\/\/www.jornalja.com.br\/ambiente\/maior-seca-em-20-anos-ameaca-abastecimento-de-agua-em-sao-paulo\/","url_meta":{"origin":83379,"position":2},"title":"Maior seca em 20 anos amea\u00e7a abastecimento de \u00e1gua em S\u00e3o Paulo","author":"da Reda\u00e7\u00e3o","date":"3 de junho de 2020","format":false,"excerpt":"S\u00e3o Paulo passa pelo outono mais seco em 20 anos e o alerta para uma nova crise de falta de \u00e1gua em toda a regi\u00e3o metropolitana est\u00e1 aceso. Os \u00faltimos dados da Sabesp,\u00a0 registram pouco mais da metade da m\u00e9dia hist\u00f3rica de chuva\u00a0 para o m\u00eas de mar\u00e7o . J\u00e1\u2026","rel":"","context":"Em &quot;Ambiente J\u00c1-MAT\u00c9RIA&quot;","block_context":{"text":"Ambiente J\u00c1-MAT\u00c9RIA","link":"https:\/\/www.jornalja.com.br\/ambiente\/category\/ambiente-geral\/"},"img":{"alt_text":"","src":"https:\/\/i0.wp.com\/www.jornalja.com.br\/ambiente\/wp-content\/uploads\/sites\/3\/2020\/06\/Desmatamento-e-falta-dagua-em-sao-paulo.jpg?resize=350%2C200&ssl=1","width":350,"height":200,"srcset":"https:\/\/i0.wp.com\/www.jornalja.com.br\/ambiente\/wp-content\/uploads\/sites\/3\/2020\/06\/Desmatamento-e-falta-dagua-em-sao-paulo.jpg?resize=350%2C200&ssl=1 1x, https:\/\/i0.wp.com\/www.jornalja.com.br\/ambiente\/wp-content\/uploads\/sites\/3\/2020\/06\/Desmatamento-e-falta-dagua-em-sao-paulo.jpg?resize=525%2C300&ssl=1 1.5x, https:\/\/i0.wp.com\/www.jornalja.com.br\/ambiente\/wp-content\/uploads\/sites\/3\/2020\/06\/Desmatamento-e-falta-dagua-em-sao-paulo.jpg?resize=700%2C400&ssl=1 2x"},"classes":[]},{"id":82815,"url":"https:\/\/www.jornalja.com.br\/ambiente\/cais-maua-projeto-embarcadero-deve-ser-inaugurado-em-marco\/","url_meta":{"origin":83379,"position":3},"title":"Cais Mau\u00e1: projeto Embarcadero deve ser inaugurado em mar\u00e7o","author":"da Reda\u00e7\u00e3o","date":"5 de janeiro de 2021","format":false,"excerpt":"Com a assinatura do contrato de concess\u00e3o entre o governo do Estado e a Embarcadero Empreendimentos nesta ter\u00e7a-feira (5\/1), o trecho compreendido entre a Usina do Gas\u00f4metro e o Armaz\u00e9m A7 se tornar\u00e1 um complexo de restaurantes, bares, parque n\u00e1utico e espa\u00e7os de entretenimento que dever\u00e1 ser inaugurado em mar\u00e7o.\u2026","rel":"","context":"Em &quot;Ambiente J\u00c1-MAT\u00c9RIA&quot;","block_context":{"text":"Ambiente J\u00c1-MAT\u00c9RIA","link":"https:\/\/www.jornalja.com.br\/ambiente\/category\/ambiente-geral\/"},"img":{"alt_text":"","src":"https:\/\/i0.wp.com\/www.jornalja.com.br\/ambiente\/wp-content\/uploads\/sites\/3\/2020\/08\/20200731-154701-scaled.jpg?resize=350%2C200&ssl=1","width":350,"height":200,"srcset":"https:\/\/i0.wp.com\/www.jornalja.com.br\/ambiente\/wp-content\/uploads\/sites\/3\/2020\/08\/20200731-154701-scaled.jpg?resize=350%2C200&ssl=1 1x, https:\/\/i0.wp.com\/www.jornalja.com.br\/ambiente\/wp-content\/uploads\/sites\/3\/2020\/08\/20200731-154701-scaled.jpg?resize=525%2C300&ssl=1 1.5x, https:\/\/i0.wp.com\/www.jornalja.com.br\/ambiente\/wp-content\/uploads\/sites\/3\/2020\/08\/20200731-154701-scaled.jpg?resize=700%2C400&ssl=1 2x"},"classes":[]},{"id":85540,"url":"https:\/\/www.jornalja.com.br\/ambiente\/transicao-energetica-por-hidrogenio-verde-avanca-no-rio-grande-do-sul\/","url_meta":{"origin":83379,"position":4},"title":"Transi\u00e7\u00e3o energ\u00e9tica por Hidrog\u00eanio Verde avan\u00e7a no Rio Grande do Sul","author":"S\u00e9rgio Lagranha","date":"2 de abril de 2025","format":false,"excerpt":"A transi\u00e7\u00e3o energ\u00e9tica atrav\u00e9s do Hidrog\u00eanio Verde (H2V) est\u00e1 avan\u00e7ando no Rio Grande do Sul. Produzido principalmente por meio da eletr\u00f3lise da \u00e1gua, \u00e9 um processo que separa as mol\u00e9culas de hidrog\u00eanio (H\u2082) e oxig\u00eanio (O\u2082) utilizando eletricidade. Para que o hidrog\u00eanio seja considerado \"verde\", a eletricidade usada nesse processo\u2026","rel":"","context":"Em &quot;Ambiente J\u00c1-MAT\u00c9RIA&quot;","block_context":{"text":"Ambiente J\u00c1-MAT\u00c9RIA","link":"https:\/\/www.jornalja.com.br\/ambiente\/category\/ambiente-geral\/"},"img":{"alt_text":"","src":"https:\/\/i0.wp.com\/www.jornalja.com.br\/ambiente\/wp-content\/uploads\/sites\/3\/2025\/04\/20250402-170240-rotated.jpg?resize=350%2C200&ssl=1","width":350,"height":200,"srcset":"https:\/\/i0.wp.com\/www.jornalja.com.br\/ambiente\/wp-content\/uploads\/sites\/3\/2025\/04\/20250402-170240-rotated.jpg?resize=350%2C200&ssl=1 1x, https:\/\/i0.wp.com\/www.jornalja.com.br\/ambiente\/wp-content\/uploads\/sites\/3\/2025\/04\/20250402-170240-rotated.jpg?resize=525%2C300&ssl=1 1.5x, https:\/\/i0.wp.com\/www.jornalja.com.br\/ambiente\/wp-content\/uploads\/sites\/3\/2025\/04\/20250402-170240-rotated.jpg?resize=700%2C400&ssl=1 2x, https:\/\/i0.wp.com\/www.jornalja.com.br\/ambiente\/wp-content\/uploads\/sites\/3\/2025\/04\/20250402-170240-rotated.jpg?resize=1050%2C600&ssl=1 3x, https:\/\/i0.wp.com\/www.jornalja.com.br\/ambiente\/wp-content\/uploads\/sites\/3\/2025\/04\/20250402-170240-rotated.jpg?resize=1400%2C800&ssl=1 4x"},"classes":[]},{"id":83905,"url":"https:\/\/www.jornalja.com.br\/ambiente\/associacao-dos-servidores-da-fepam-rebate-candidatos-ao-governo-gaucho\/","url_meta":{"origin":83379,"position":5},"title":"Associa\u00e7\u00e3o dos Servidores da FEPAM rebate candidatos ao governo ga\u00facho\u00a0","author":"Cleber Dioni Tentardini","date":"15 de agosto de 2022","format":false,"excerpt":"NOTA DE ESCLARECIMENTO \u00c0 SOCIEDADE GA\u00daCHA QUANTO \u00c0S CITA\u00c7\u00d5ES SOBRE A FEPAM NO DEBATE ENTRE OS CANDIDATOS AO GOVERNO DO ESTADO DO RIO GRANDE DO SUL Considerando as cita\u00e7\u00f5es \u00e0 FEPAM durante Debate entre os candidatos ao Governo do Estado do Rio Grande do Sul, na emissora Band\/RS, ocorrido no\u2026","rel":"","context":"Em &quot;Ambiente J\u00c1-NOTAS&quot;","block_context":{"text":"Ambiente J\u00c1-NOTAS","link":"https:\/\/www.jornalja.com.br\/ambiente\/category\/notas-ambiente-ja\/"},"img":{"alt_text":"","src":"","width":0,"height":0},"classes":[]}],"jetpack_shortlink":"https:\/\/wp.me\/pbKnZo-lGP","jetpack_sharing_enabled":true,"_links":{"self":[{"href":"https:\/\/www.jornalja.com.br\/ambiente\/wp-json\/wp\/v2\/posts\/83379","targetHints":{"allow":["GET"]}}],"collection":[{"href":"https:\/\/www.jornalja.com.br\/ambiente\/wp-json\/wp\/v2\/posts"}],"about":[{"href":"https:\/\/www.jornalja.com.br\/ambiente\/wp-json\/wp\/v2\/types\/post"}],"author":[{"embeddable":true,"href":"https:\/\/www.jornalja.com.br\/ambiente\/wp-json\/wp\/v2\/users\/4"}],"replies":[{"embeddable":true,"href":"https:\/\/www.jornalja.com.br\/ambiente\/wp-json\/wp\/v2\/comments?post=83379"}],"version-history":[{"count":5,"href":"https:\/\/www.jornalja.com.br\/ambiente\/wp-json\/wp\/v2\/posts\/83379\/revisions"}],"predecessor-version":[{"id":83386,"href":"https:\/\/www.jornalja.com.br\/ambiente\/wp-json\/wp\/v2\/posts\/83379\/revisions\/83386"}],"wp:featuredmedia":[{"embeddable":true,"href":"https:\/\/www.jornalja.com.br\/ambiente\/wp-json\/wp\/v2\/media\/83380"}],"wp:attachment":[{"href":"https:\/\/www.jornalja.com.br\/ambiente\/wp-json\/wp\/v2\/media?parent=83379"}],"wp:term":[{"taxonomy":"category","embeddable":true,"href":"https:\/\/www.jornalja.com.br\/ambiente\/wp-json\/wp\/v2\/categories?post=83379"},{"taxonomy":"post_tag","embeddable":true,"href":"https:\/\/www.jornalja.com.br\/ambiente\/wp-json\/wp\/v2\/tags?post=83379"}],"curies":[{"name":"wp","href":"https:\/\/api.w.org\/{rel}","templated":true}]}}