{"id":83393,"date":"2021-09-03T13:00:31","date_gmt":"2021-09-03T16:00:31","guid":{"rendered":"https:\/\/www.jornalja.com.br\/ambiente\/?p=83393"},"modified":"2021-09-03T13:00:31","modified_gmt":"2021-09-03T16:00:31","slug":"justica-autoriza-forca-nacional-para-combater-crimes-ambientais-na-amazonia","status":"publish","type":"post","link":"https:\/\/www.jornalja.com.br\/ambiente\/justica-autoriza-forca-nacional-para-combater-crimes-ambientais-na-amazonia\/","title":{"rendered":"Justi\u00e7a autoriza For\u00e7a Nacional para combater crimes ambientais na Amaz\u00f4nia"},"content":{"rendered":"<p>O Minist\u00e9rio da Justi\u00e7a e Seguran\u00e7a P\u00fablica autorizou o emprego de agentes da For\u00e7a Nacional de Seguran\u00e7a P\u00fablica nos combates a queimadas e inc\u00eandios florestais no Amazonas e em Mato Grosso.<\/p>\n<p>Duas portarias, publicadas no Di\u00e1rio Oficial da Uni\u00e3o de hoje (3), estabelecem que os agentes empregados nas a\u00e7\u00f5es atuar\u00e3o tamb\u00e9m em \u201catividades de defesa civil, defesa do meio ambiente e nos servi\u00e7os imprescind\u00edveis \u00e0 preserva\u00e7\u00e3o da ordem p\u00fablica e da incolumidade [seguran\u00e7a] das pessoas e do patrim\u00f4nio\u201d.<\/p>\n<p>No Amazonas, os agentes atuar\u00e3o at\u00e9 o dia 11 de novembro, nas cidades de Humait\u00e1, L\u00e1brea, Apu\u00ed e Boca do Acre.<\/p>\n<p>J\u00e1 em Mato Grosso, a For\u00e7a Nacional atuar\u00e1 em todo o territ\u00f3rio estadual, at\u00e9 o dia 2 de outubro, conforme determina a\u00a0Portaria n\u00ba 372. Nos dois casos, os prazos podem ser prorrogados, conforme a necessidade.<\/p>\n<p><strong>Guardi\u00f5es do Bioma<\/strong><br \/>\nCom as duas novas autoriza\u00e7\u00f5es de emprego da For\u00e7a Nacional, sobe para 17 o n\u00famero de a\u00e7\u00f5es em que os agentes da tropa federal est\u00e3o participando na Amaz\u00f4nia Legal.<\/p>\n<p>Parte destas a\u00e7\u00f5es integra a chamada Opera\u00e7\u00e3o Guardi\u00f5es do Bioma.<\/p>\n<p>Deflagrada no fim de julho, a opera\u00e7\u00e3o \u00e9 parte do Plano Estrat\u00e9gico Operacional de Atua\u00e7\u00e3o Integrada no Combate a Inc\u00eandios Florestais, cujo objetivo \u00e9 combater crimes ambientais na Amaz\u00f4nia, Cerrado e no Pantanal, segundo demanda dos governos estaduais.<\/p>\n<p>De acordo com o Minist\u00e9rio da Justi\u00e7a e Seguran\u00e7a P\u00fablica, s\u00f3 durante o m\u00eas de agosto, os servidores que participam da Opera\u00e7\u00e3o Guardi\u00f5es do Bioma combateram mais de 5,5 mil inc\u00eandios florestais no Acre, Amap\u00e1, Amazonas, Goi\u00e1s, Maranh\u00e3o, Mato Grosso, Mato Grosso do Sul, Par\u00e1, Rond\u00f4nia, Roraima e Tocantins. As a\u00e7\u00f5es integradas tamb\u00e9m resultaram, no mesmo per\u00edodo, na pris\u00e3o de 237 pessoas acusadas pela pr\u00e1tica de crimes ambientais.<\/p>\n","protected":false},"excerpt":{"rendered":"<p>O Minist\u00e9rio da Justi\u00e7a e Seguran\u00e7a P\u00fablica autorizou o emprego de agentes da For\u00e7a Nacional de Seguran\u00e7a P\u00fablica nos combates a queimadas e inc\u00eandios florestais no Amazonas e em Mato Grosso. Duas portarias, publicadas no Di\u00e1rio Oficial da Uni\u00e3o de hoje (3), estabelecem que os agentes empregados nas a\u00e7\u00f5es atuar\u00e3o tamb\u00e9m em \u201catividades de defesa [&hellip;]<\/p>\n","protected":false},"author":4,"featured_media":0,"comment_status":"open","ping_status":"open","sticky":false,"template":"","format":"standard","meta":{"jetpack_post_was_ever_published":false,"_jetpack_newsletter_access":"","_jetpack_dont_email_post_to_subs":false,"_jetpack_newsletter_tier_id":0,"_jetpack_memberships_contains_paywalled_content":false,"_jetpack_memberships_contains_paid_content":false,"footnotes":"","jetpack_publicize_message":"","jetpack_publicize_feature_enabled":true,"jetpack_social_post_already_shared":true,"jetpack_social_options":{"image_generator_settings":{"template":"highway","default_image_id":0,"font":"","enabled":false},"version":2}},"categories":[18],"tags":[50,16,112,158,110,69,180,138,143,52,210,107],"class_list":["post-83393","post","type-post","status-publish","format-standard","hentry","category-notas-ambiente-ja","tag-amazonia","tag-ambiente","tag-cerrado","tag-crimes","tag-crimes-ambientais","tag-floresta","tag-forca-nacional","tag-governo","tag-incendios-florestais","tag-meio-ambiente","tag-pantanal","tag-queimadas"],"aioseo_notices":[],"jetpack_publicize_connections":[],"jetpack_featured_media_url":"","jetpack-related-posts":[{"id":77714,"url":"https:\/\/www.jornalja.com.br\/ambiente\/operacao-verde-brasil-multas-na-amazonia-somam-r-36-milhoes\/","url_meta":{"origin":83393,"position":0},"title":"Opera\u00e7\u00e3o Verde Brasil: multas na Amaz\u00f4nia somam R$ 36 milh\u00f5es","author":"da Reda\u00e7\u00e3o","date":"24 de setembro de 2019","format":false,"excerpt":"A Opera\u00e7\u00e3o Verde Brasil contabilizou, no primeiro m\u00eas de opera\u00e7\u00f5es, 112 termos de infra\u00e7\u00e3o aplicados, que totalizam R$ 36,37 milh\u00f5es em multas, de acordo com balan\u00e7o divulgado hoje (23) pelo Minist\u00e9rio da Defesa. Os recursos s\u00e3o destinados ao Tesouro Nacional. As multas foram aplicadas principalmente pelo Instituto Brasileiro do Meio\u2026","rel":"","context":"Em &quot;Ambiente J\u00c1-MAT\u00c9RIA&quot;","block_context":{"text":"Ambiente J\u00c1-MAT\u00c9RIA","link":"https:\/\/www.jornalja.com.br\/ambiente\/category\/ambiente-geral\/"},"img":{"alt_text":"","src":"","width":0,"height":0},"classes":[]},{"id":76720,"url":"https:\/\/www.jornalja.com.br\/ambiente\/jornal-do-para-anunciou-dia-do-fogo-patrocinado-produtores-e-grileiros\/","url_meta":{"origin":83393,"position":1},"title":"Jornal do Par\u00e1 anunciou &quot;Dia do Fogo&quot; patrocinado produtores e grileiros","author":"da Reda\u00e7\u00e3o","date":"27 de agosto de 2019","format":false,"excerpt":"A policia federal investiga den\u00fancias de que h\u00e1 \"um mercado de queimadas\" em certas regi\u00f5es da Amaz\u00f4nia: atear fogo em uma \u00e1rea de mil hectares em certas regi\u00f5es da Amaz\u00f4nia custa cerca 1 milh\u00e3o de reais nesse mercado negro. A informa\u00e7\u00e3o \u00e9 do Elpa\u00eds, em reportagem especial nesta segunda-feira. \"O\u2026","rel":"","context":"Em &quot;Ambiente J\u00c1-MAT\u00c9RIA&quot;","block_context":{"text":"Ambiente J\u00c1-MAT\u00c9RIA","link":"https:\/\/www.jornalja.com.br\/ambiente\/category\/ambiente-geral\/"},"img":{"alt_text":"","src":"","width":0,"height":0},"classes":[]},{"id":76808,"url":"https:\/\/www.jornalja.com.br\/ambiente\/governo-faz-balanco-de-acoes-na-amazonia-e-diz-que-focos-de-incendio-diminuiram\/","url_meta":{"origin":83393,"position":2},"title":"Governo faz balan\u00e7o de a\u00e7\u00f5es na Amaz\u00f4nia e diz que focos de inc\u00eandio diminuiram","author":"da Reda\u00e7\u00e3o","date":"28 de agosto de 2019","format":false,"excerpt":"Por Marcelo Brand\u00e3o \u2013 da Ag\u00eancia Brasil A Opera\u00e7\u00e3o Verde Brasil, que reuniu v\u00e1rias ag\u00eancias em torno do combate aos inc\u00eandios na Amaz\u00f4nia Legal, registrou diminui\u00e7\u00e3o nos focos de inc\u00eandio nos \u00faltimos dias. Embora ainda n\u00e3o haja confirma\u00e7\u00e3o de tend\u00eancia de extin\u00e7\u00e3o do fogo nos pr\u00f3ximos dias, a avalia\u00e7\u00e3o do\u2026","rel":"","context":"Em &quot;Ambiente J\u00c1-MAT\u00c9RIA&quot;","block_context":{"text":"Ambiente J\u00c1-MAT\u00c9RIA","link":"https:\/\/www.jornalja.com.br\/ambiente\/category\/ambiente-geral\/"},"img":{"alt_text":"","src":"","width":0,"height":0},"classes":[]},{"id":76942,"url":"https:\/\/www.jornalja.com.br\/ambiente\/projetos-que-visam-a-aumentar-protecao-a-amazonia-estao-parados-no-congresso\/","url_meta":{"origin":83393,"position":3},"title":"Projetos que visam a aumentar prote\u00e7\u00e3o \u00e0 Amaz\u00f4nia est\u00e3o parados no Congresso","author":"Carlos Matsubara","date":"2 de setembro de 2019","format":false,"excerpt":"Projetos que poderiam ter refor\u00e7ado a prote\u00e7\u00e3o da Amaz\u00f4nia e freado o desmatamento ilegal na regi\u00e3o est\u00e3o parados no Congresso, que, nos primeiros oito meses do ano, priorizou agendas econ\u00f4micas e de seguran\u00e7a. A quest\u00e3o da destrui\u00e7\u00e3o da floresta ganhou for\u00e7a nas \u00faltimas semanas, desde que dados do Inpe (Instituto\u2026","rel":"","context":"Em &quot;Ambiente J\u00c1-MAT\u00c9RIA&quot;","block_context":{"text":"Ambiente J\u00c1-MAT\u00c9RIA","link":"https:\/\/www.jornalja.com.br\/ambiente\/category\/ambiente-geral\/"},"img":{"alt_text":"","src":"","width":0,"height":0},"classes":[]},{"id":81879,"url":"https:\/\/www.jornalja.com.br\/ambiente\/mais-uma-lideranca-indigena-assassinada-no-maranhao\/","url_meta":{"origin":83393,"position":4},"title":"Mais uma lideran\u00e7a ind\u00edgena assassinada no Maranh\u00e3o","author":"da Reda\u00e7\u00e3o","date":"1 de abril de 2020","format":false,"excerpt":"Um professor da rede p\u00fablica que denunciava invas\u00f5es e extra\u00e7\u00e3o ilegal de madeira da Terra Ind\u00edgena Arariboia, no Maranh\u00e3o, foi morto a tiros nesta ter\u00e7a-feira, 31. Zezico Rodrigues Guajajara era diretor do Centro de Educa\u00e7\u00e3o Escolar Ind\u00edgena Azuru e vivia na aldeia Zut\u00edua, a cerca de 270 quil\u00f4metros de Imperatriz\u2026","rel":"","context":"Em &quot;Ambiente J\u00c1-MAT\u00c9RIA&quot;","block_context":{"text":"Ambiente J\u00c1-MAT\u00c9RIA","link":"https:\/\/www.jornalja.com.br\/ambiente\/category\/ambiente-geral\/"},"img":{"alt_text":"","src":"","width":0,"height":0},"classes":[]},{"id":79849,"url":"https:\/\/www.jornalja.com.br\/ambiente\/depois-de-tres-guajajaras-mortos-moro-autoriza-forca-nacional-de-seguranca\/","url_meta":{"origin":83393,"position":5},"title":"Depois de tr\u00eas guajajaras mortos, Moro autoriza For\u00e7a Nacional de Seguran\u00e7a","author":"da Reda\u00e7\u00e3o","date":"10 de dezembro de 2019","format":false,"excerpt":"O ministro S\u00e9rgio Moro autorizou\u00a0 nesta segunda-feira,9, o envio da For\u00e7a Nacional de Seguran\u00e7a P\u00fablica em apoio \u00e0 Funai, nas a\u00e7\u00f5es de seguran\u00e7a p\u00fablica, na Terra Ind\u00edgena Cana Brava Guajajara, no Maranh\u00e3o. No s\u00e1bado, dois ind\u00edgenas da etnia guajajara foram assassinados \u00e0s margens da BR-226, no munic\u00edpio de Jenipapo das\u2026","rel":"","context":"Em &quot;Ambiente J\u00c1-MAT\u00c9RIA&quot;","block_context":{"text":"Ambiente J\u00c1-MAT\u00c9RIA","link":"https:\/\/www.jornalja.com.br\/ambiente\/category\/ambiente-geral\/"},"img":{"alt_text":"","src":"","width":0,"height":0},"classes":[]}],"jetpack_shortlink":"https:\/\/wp.me\/pbKnZo-lH3","jetpack_sharing_enabled":true,"_links":{"self":[{"href":"https:\/\/www.jornalja.com.br\/ambiente\/wp-json\/wp\/v2\/posts\/83393","targetHints":{"allow":["GET"]}}],"collection":[{"href":"https:\/\/www.jornalja.com.br\/ambiente\/wp-json\/wp\/v2\/posts"}],"about":[{"href":"https:\/\/www.jornalja.com.br\/ambiente\/wp-json\/wp\/v2\/types\/post"}],"author":[{"embeddable":true,"href":"https:\/\/www.jornalja.com.br\/ambiente\/wp-json\/wp\/v2\/users\/4"}],"replies":[{"embeddable":true,"href":"https:\/\/www.jornalja.com.br\/ambiente\/wp-json\/wp\/v2\/comments?post=83393"}],"version-history":[{"count":1,"href":"https:\/\/www.jornalja.com.br\/ambiente\/wp-json\/wp\/v2\/posts\/83393\/revisions"}],"predecessor-version":[{"id":83394,"href":"https:\/\/www.jornalja.com.br\/ambiente\/wp-json\/wp\/v2\/posts\/83393\/revisions\/83394"}],"wp:attachment":[{"href":"https:\/\/www.jornalja.com.br\/ambiente\/wp-json\/wp\/v2\/media?parent=83393"}],"wp:term":[{"taxonomy":"category","embeddable":true,"href":"https:\/\/www.jornalja.com.br\/ambiente\/wp-json\/wp\/v2\/categories?post=83393"},{"taxonomy":"post_tag","embeddable":true,"href":"https:\/\/www.jornalja.com.br\/ambiente\/wp-json\/wp\/v2\/tags?post=83393"}],"curies":[{"name":"wp","href":"https:\/\/api.w.org\/{rel}","templated":true}]}}