{"id":83612,"date":"2021-11-21T21:22:35","date_gmt":"2021-11-22T00:22:35","guid":{"rendered":"https:\/\/www.jornalja.com.br\/ambiente\/?p=83612"},"modified":"2021-11-21T23:24:25","modified_gmt":"2021-11-22T02:24:25","slug":"novo-lockdown-reabre-debate-da-vacina-obrigatoria-na-europa","status":"publish","type":"post","link":"https:\/\/www.jornalja.com.br\/ambiente\/novo-lockdown-reabre-debate-da-vacina-obrigatoria-na-europa\/","title":{"rendered":"Novo lockdown reabre debate da vacina obrigat\u00f3ria na Europa"},"content":{"rendered":"<p>&nbsp;<\/p>\n<p><span style=\"font-weight: 400\">A Europa est\u00e1 sendo arrastada pela quarta onda da pandemia para um novo confinamento. Depois de adotar restri\u00e7\u00f5es a n\u00e3o vacinados, pa\u00edses como \u00c1ustria e Holanda j\u00e1 decretaram lockdown na \u00faltima semana. Na Alemanha, entra em vigor a vers\u00e3o &#8220;light&#8221; das medidas para reduzir a circula\u00e7\u00e3o de pessoas. N\u00e3o vacinados est\u00e3o proibidos de fazer qualquer atividade s\u00f3cio-cultural e desportiva, e podem receber, no m\u00e1ximo, outras quatro pessoas n\u00e3o vacinadas em seu ambiente privado. Quem for vacinado est\u00e1 liberado, mas deve apresentar um teste v\u00e1lido a cada ocasi\u00e3o.\u00a0\u00a0<\/span><\/p>\n<p><span style=\"font-weight: 400\">Com o n\u00famero de testes positivos batendo recorde h\u00e1 10 dias, a Alemanha tem 87% da capacidade para tratamento intensivo comprometida. Logo ap\u00f3s a \u00c1ustria iniciar seu lockdown e anunciar a obrigatoriedade da vacina a partir de fevereiro, Bav\u00e1ria e Sax\u00f4nia decretaram toque de recolher e cancelaram seus mercados de Natal. A incid\u00eancia semanal j\u00e1 ultrapassou 300 por 100 mil habitantes em n\u00edvel nacional e chega a 1.000 em diversas regi\u00f5es.<\/span><\/p>\n<p class=\"intertit\"><span style=\"font-weight: 400\">Vacina\u00e7\u00e3o obrigat\u00f3ria<\/span><\/p>\n<figure id=\"attachment_83616\" aria-describedby=\"caption-attachment-83616\" style=\"width: 300px\" class=\"wp-caption aligncenter\"><img decoding=\"async\" data-attachment-id=\"83616\" data-permalink=\"https:\/\/www.jornalja.com.br\/ambiente\/novo-lockdown-reabre-debate-da-vacina-obrigatoria-na-europa\/marcussoder2021\/\" data-orig-file=\"https:\/\/www.jornalja.com.br\/ambiente\/wp-content\/uploads\/sites\/3\/2021\/11\/marcussoder2021-1.jpg\" data-orig-size=\"300,462\" data-comments-opened=\"1\" data-image-meta=\"{&quot;aperture&quot;:&quot;0&quot;,&quot;credit&quot;:&quot;&quot;,&quot;camera&quot;:&quot;&quot;,&quot;caption&quot;:&quot;&quot;,&quot;created_timestamp&quot;:&quot;0&quot;,&quot;copyright&quot;:&quot;&quot;,&quot;focal_length&quot;:&quot;0&quot;,&quot;iso&quot;:&quot;0&quot;,&quot;shutter_speed&quot;:&quot;0&quot;,&quot;title&quot;:&quot;&quot;,&quot;orientation&quot;:&quot;0&quot;}\" data-image-title=\"marcusS\u00f6der2021\" data-image-description=\"\" data-image-caption=\"&lt;p&gt;Markus S\u00f6der, governador da Bav\u00e1ria, prop\u00f5e vacina\u00e7\u00e3o obrigat\u00f3ria at\u00e9 fevereiro para evitar quinta onda.&lt;\/p&gt;\n\" data-large-file=\"https:\/\/www.jornalja.com.br\/ambiente\/wp-content\/uploads\/sites\/3\/2021\/11\/marcussoder2021-1.jpg\" class=\"wp-image-83616 size-full\" src=\"https:\/\/www.jornalja.com.br\/ambiente\/wp-content\/uploads\/sites\/3\/2021\/11\/marcussoder2021-1.jpg\" alt=\"\" width=\"300\" height=\"462\" srcset=\"https:\/\/www.jornalja.com.br\/ambiente\/wp-content\/uploads\/sites\/3\/2021\/11\/marcussoder2021-1.jpg 300w, https:\/\/www.jornalja.com.br\/ambiente\/wp-content\/uploads\/sites\/3\/2021\/11\/marcussoder2021-1-195x300.jpg 195w\" sizes=\"(max-width: 300px) 100vw, 300px\" \/><figcaption id=\"caption-attachment-83616\" class=\"wp-caption-text\">Markus S\u00f6der, governador da Bav\u00e1ria, prop\u00f5e vacina\u00e7\u00e3o obrigat\u00f3ria at\u00e9 fevereiro para evitar quinta onda.<\/figcaption><\/figure>\n<p><span style=\"font-weight: 400\">&#8220;Verificamos nas \u00faltimas semanas uma m\u00e9dia de 0,8% de mortos por n\u00famero de casos. Isso significa que, dos 52 mil infectados oficiais de hoje, mais de 400 irao morrer&#8221;, avisou Lothar Wieler, presidente do <a href=\"https:\/\/www.rki.de\/EN\/Home\/homepage_node.html\">Robert-Koch-Institut<\/a>, em apelo \u00e0 nacao durante <a href=\"https:\/\/www.spiegel.de\/wissenschaft\/coronavirus-rki-chef-lothar-wieler-mit-deutlichen-worten-a-17666b98-7cff-4f22-95c3-e6674e3be0ac\">uma live<\/a> promovida pelo governador da Sax\u00f4nia, <a href=\"https:\/\/www.michaelkretschmer.de\/\">Michael Kretschmer<\/a> (CDU). &#8220;Temos tr\u00eas milh\u00f5es de n\u00e3o vacinados acima de 60 anos. Se s\u00f3 eles contra\u00edssem o v\u00edrus, j\u00e1 seria suficiente para ocupar todas as nossas camas de UTIs&#8230; Ao todo s\u00e3o 15 milh\u00f5es de n\u00e3o vacinados, \u00e9 demais se queremos evitar um desastre no Natal&#8221;, alerta Wieler.\u00a0\u00a0<\/span><\/p>\n<p><span style=\"font-weight: 400\">No final de semana, o n\u00famero de infectados na Alemanha chegou a 65 mil\/dia, enquanto <a href=\"https:\/\/www.youtube.com\/watch?v=Fl9UJp8xuJ4\">a Organiza\u00e7\u00e3o Mundial da Sa\u00fade previu 450 mil mortos para todo o continente durante o inverno<\/a>. No enfrentamento dos n\u00fameros f\u00fanebres, o pr\u00f3ximo assunto \u00e9 a recorrente &#8220;vacina obrigat\u00f3ria&#8221;. &#8220;Se queremos evitar a quinta onda, precisamos da obrigatoriedade antes de Fevereiro&#8221;, defendeu o governador da Bav\u00e1ria, Markus S\u00f6der (CSU).<\/span><\/p>\n<p class=\"intertit\"><span style=\"font-weight: 400\">Assunto ignorado<\/span><\/p>\n<p><span style=\"font-weight: 400\">A atual pol\u00edtica de combate \u00e0 pandemia inflama os europeus. <a href=\"https:\/\/www.youtube.com\/watch?v=-M6Dld6LxQI\">Protestos e confrontos se espalharam pela \u00c1ustria, B\u00e9lgica e Holanda<\/a><\/span><span style=\"font-weight: 400\">. A grande m\u00eddia d\u00e1 destaque \u00e0s agita\u00e7\u00f5es, mas est\u00e1 longe de explicar o que h\u00e1 por tr\u00e1s do fen\u00f4meno.<\/span><\/p>\n<figure id=\"attachment_83618\" aria-describedby=\"caption-attachment-83618\" style=\"width: 1024px\" class=\"wp-caption alignleft\"><img decoding=\"async\" data-attachment-id=\"83618\" data-permalink=\"https:\/\/www.jornalja.com.br\/ambiente\/novo-lockdown-reabre-debate-da-vacina-obrigatoria-na-europa\/rotterdam-143__v-gross20x9\/\" data-orig-file=\"https:\/\/www.jornalja.com.br\/ambiente\/wp-content\/uploads\/sites\/3\/2021\/11\/rotterdam-143-v-gross20x9.jpg\" data-orig-size=\"1024,460\" data-comments-opened=\"1\" data-image-meta=\"{&quot;aperture&quot;:&quot;0&quot;,&quot;credit&quot;:&quot;&quot;,&quot;camera&quot;:&quot;&quot;,&quot;caption&quot;:&quot;&quot;,&quot;created_timestamp&quot;:&quot;0&quot;,&quot;copyright&quot;:&quot;&quot;,&quot;focal_length&quot;:&quot;0&quot;,&quot;iso&quot;:&quot;0&quot;,&quot;shutter_speed&quot;:&quot;0&quot;,&quot;title&quot;:&quot;&quot;,&quot;orientation&quot;:&quot;0&quot;}\" data-image-title=\"rotterdam-143__v-gross20x9\" data-image-description=\"\" data-image-caption=\"&lt;p&gt;Rotterdamm foi uma das cidades com protestos violentos durante o fim de semana (https:\/\/www.tagesschau.de\/ausland\/europa\/rotterdam-proteste-101.html)&lt;\/p&gt;\n\" data-large-file=\"https:\/\/www.jornalja.com.br\/ambiente\/wp-content\/uploads\/sites\/3\/2021\/11\/rotterdam-143-v-gross20x9.jpg\" class=\"size-full wp-image-83618\" src=\"https:\/\/www.jornalja.com.br\/ambiente\/wp-content\/uploads\/sites\/3\/2021\/11\/rotterdam-143-v-gross20x9.jpg\" alt=\"\" width=\"1024\" height=\"460\" srcset=\"https:\/\/www.jornalja.com.br\/ambiente\/wp-content\/uploads\/sites\/3\/2021\/11\/rotterdam-143-v-gross20x9.jpg 1024w, https:\/\/www.jornalja.com.br\/ambiente\/wp-content\/uploads\/sites\/3\/2021\/11\/rotterdam-143-v-gross20x9-300x135.jpg 300w, https:\/\/www.jornalja.com.br\/ambiente\/wp-content\/uploads\/sites\/3\/2021\/11\/rotterdam-143-v-gross20x9-768x345.jpg 768w\" sizes=\"(max-width: 1024px) 100vw, 1024px\" \/><figcaption id=\"caption-attachment-83618\" class=\"wp-caption-text\">Rotterdamm foi uma das cidades com protestos violentos durante o fim de semana (https:\/\/www.tagesschau.de\/ausland\/europa\/rotterdam-proteste-101.html)<\/figcaption><\/figure>\n<p><span style=\"font-weight: 400\">Uma das dimensoes racionais dele, diz respeito ao debate sobre os efeitos colaterais causados pela imuniza\u00e7\u00e3o contra a Covid-19. O notici\u00e1rio das grandes redes p\u00fablicas ou privadas praticamente ignora o assunto. Essa cobertura vem sendo feita por profissionais independentes nas redes sociais.<\/span><\/p>\n<p class=\"intertit\"><span style=\"font-weight: 400\">Gosto na boca<\/span><\/p>\n<p><span style=\"font-weight: 400\">Nikk \u00e9 uma enfermeira em Kent, condado do sudeste da Inglaterra. Em fevereiro ela recebeu a primeira dose da vacina, produzida pela AstraZeneca.<\/span><\/p>\n<p><span style=\"font-weight: 400\">&#8220;No momento em que a agulha entrou no meu bra\u00e7o senti instantaneamente um forte gosto qu\u00edmico na boca&#8221;, conta ela em <a href=\"https:\/\/www.youtube.com\/watch?v=lB5oR2gFQEw\">entrevista ao podcast do Dr. John Campbell<\/a>. Sintomas como n\u00e1usea, tosse e dor de cabe\u00e7a foram sentidos ainda nos primeiros momentos ap\u00f3s a inje\u00e7\u00e3o. &#8220;Sentia arrepios subindo e descendo por todo o meu corpo, enquanto meu nariz corria, como se eu estivesse gripada&#8221;, lembra Nikk.<\/span><\/p>\n<p class=\"intertit\"><span style=\"font-weight: 400\">Incrivelmente desidratada<\/span><\/p>\n<p><span style=\"font-weight: 400\">Mandada para casa, a enfermeira de 50 anos recebeu do m\u00e9dico que a vacinou uma receita de paracetamol. &#8220;A maior preocupa\u00e7\u00e3o deles parecia ser o meu sistema respirat\u00f3rio, que dava sinais de bloqueio. Eu me senti horr\u00edvel todo o resto do dia&#8221;, relata. A noite tamb\u00e9m foi dif\u00edcil, com arrepios e calafrios at\u00e9 a manh\u00e3 do dia seguinte. &#8220;Parecia um ataque de convuls\u00e3o em alguns momentos. Nunca tinha sentido isso&#8221;, diz.<\/span><\/p>\n<p><span style=\"font-weight: 400\">No dia seguinte seus rins estavam doendo, enquanto ela tomava litros e litros de \u00e1gua. &#8220;Me sentia incrivelmente desidratada, mesmo sem ter suado&#8221;, conta, reiterando o ineditismo da experi\u00eancia. Quando tentava levantar-se tinha a sensa\u00e7\u00e3o de que o mundo desabava sobre ela. &#8220;Parecia b\u00eabada, caindo e levantando. Tentando me agarrar \u00e0s coisas, que tamb\u00e9m ca\u00edam. Como em um navio enfrentando uma tempestade em alto mar&#8221;. Nikk acrescenta que em termos de percep\u00e7\u00e3o, todas as coisas pareciam confusas. &#8220;Por semanas n\u00e3o tive coragem de dirigir meu carro&#8221;, exemplifica.<\/span><\/p>\n<p class=\"intertit\"><span style=\"font-weight: 400\">Casos documentados<\/span><\/p>\n<p><span style=\"font-weight: 400\">At\u00e9 hoje ela tem dificuldades para se locomover por conta das dores nos rins e no peito, al\u00e9m de outros sintomas adversos sentidos ap\u00f3s a vacina, como tinnitus. E mais importante, nenhum m\u00e9dico sabe dizer ao certo a causa, ou o rem\u00e9dio para os problemas que ela enfrenta. Ela conta que ainda n\u00e3o foi examinada por nenhum cardiologista e nenhum neurologista. O sistema de sa\u00fade do seu pa\u00eds parece prejudicar esse tipo de investiga\u00e7\u00e3o sobre efeitos colaterais da aplica\u00e7\u00e3o de medicamentos e vacinas.<\/span><\/p>\n<p><span style=\"font-weight: 400\">O caso de Nikk \u00e9 s\u00f3 mais um, entre muitos documentados pela <a href=\"https:\/\/www.c19vaxreactions.com\/\">iniciativa C19 Vax Reactions<\/a> . Segundo a pr\u00f3pria descri\u00e7\u00e3o do site, um grupo de pessoas afetadas pelas vacinas contra a Covid-19 hoje no mercado (Pfizer, Moderna, J&amp;J e AstraZeneca). &#8220;Os m\u00e9dicos t\u00eam dito a n\u00f3s que se isso estivesse ocorrendo, eles seriam informados dessas reacoes adversas pelos \u00f3rgaos reguladores e pelas empresas farmac\u00eauticas&#8221;, diz um trecho da <a href=\"https:\/\/www.c19vaxreactions.com\/uploads\/1\/3\/7\/7\/137732232\/letter_to_us_government.pdf\">carta aberta<\/a>.<\/span><\/p>\n<p><span style=\"font-weight: 400\">Formado inicialmente por profissionais da sa\u00fade que se apresentaram como volunt\u00e1rios para testar as vacinas nos primeiros meses do ano, o grupo representado no site reclama da resposta dada at\u00e9 agora pelas fabricantes e autoridades. &#8220;Eles negam que isso esteja realmente acontecendo&#8221;, traz outro trecho da carta.<\/span><\/p>\n<p class=\"intertit\"><span style=\"font-weight: 400\">Falsas informacoes<\/span><\/p>\n<p><span style=\"font-weight: 400\">A vers\u00e3o \u00e9 corroborada na quase totalidade dos <a href=\"https:\/\/www.jornalja.com.br\/ambiente\/incompreensoes-marcam-a-quarta-onda-do-corona-na-europa\/\">depoimentos colhidos pela m\u00eddia oficial<\/a>. Dr. Erik Sander, chefe do Laborat\u00f3rio de doen\u00e7as Infecto-respirat\u00f3rias da Charit\u00e9-Berlim, defende a vacina\u00e7\u00e3o de crian\u00e7as a partir dos 5 anos, apesar de admitir n\u00e3o haver estudos sobre os efeitos da vacina nas pessoas dessa faixa et\u00e1ria. &#8220;Temos um problema de informa\u00e7\u00f5es falsas circulando. N\u00f3s n\u00e3o temos nenhuma evid\u00eancia de efeitos colaterais de longo prazo relacionados \u00e0 vacina&#8221;, <a href=\"https:\/\/www.youtube.com\/watch?v=Jgr4l9onrYw\">declarou ele, defendendo a imuniza\u00e7\u00e3o obrigat\u00f3ria, logo no come\u00e7o da crise<\/a>.<\/span><\/p>\n<p><span style=\"font-weight: 400\">Na Alemanha h\u00e1 um protocolo vacinal autorizado pelo governo para imunizar crian\u00e7as a partir de 12 anos contra o v\u00edrus Corona. No momento a Stiko (St\u00e4ndige Impfkomission), comiss\u00e3o respons\u00e1vel pela regulamenta\u00e7\u00e3o de vacinas, analisa o pedido para iniciar a vacina\u00e7\u00e3o de crian\u00e7as a partir de 5 anos.<\/span><\/p>\n<figure id=\"attachment_83617\" aria-describedby=\"caption-attachment-83617\" style=\"width: 660px\" class=\"wp-caption alignleft\"><img decoding=\"async\" data-attachment-id=\"83617\" data-permalink=\"https:\/\/www.jornalja.com.br\/ambiente\/novo-lockdown-reabre-debate-da-vacina-obrigatoria-na-europa\/wien-proteste\/\" data-orig-file=\"https:\/\/www.jornalja.com.br\/ambiente\/wp-content\/uploads\/sites\/3\/2021\/11\/wien-proteste.jpg\" data-orig-size=\"660,538\" data-comments-opened=\"1\" data-image-meta=\"{&quot;aperture&quot;:&quot;0&quot;,&quot;credit&quot;:&quot;&quot;,&quot;camera&quot;:&quot;&quot;,&quot;caption&quot;:&quot;&quot;,&quot;created_timestamp&quot;:&quot;0&quot;,&quot;copyright&quot;:&quot;&quot;,&quot;focal_length&quot;:&quot;0&quot;,&quot;iso&quot;:&quot;0&quot;,&quot;shutter_speed&quot;:&quot;0&quot;,&quot;title&quot;:&quot;&quot;,&quot;orientation&quot;:&quot;0&quot;}\" data-image-title=\"wien-proteste\" data-image-description=\"\" data-image-caption=\"&lt;p&gt;Em Viena, dezenas de milhares de pessoas foram \u00e0s ruas protestar contra as \u00faltimas medidas do governo austr\u00edaco, incluindo o Lockdown e a vacina obrigat\u00f3ria. &amp;#8220;Tirem as m\u00e3os das nossas criancas&amp;#8221;, diz o cartaz no protesto do partido de extrema-direita, FP\u00d6 (Vadim Ghirda \/ DPA) &lt;\/p&gt;\n\" data-large-file=\"https:\/\/www.jornalja.com.br\/ambiente\/wp-content\/uploads\/sites\/3\/2021\/11\/wien-proteste.jpg\" class=\"size-full wp-image-83617\" src=\"https:\/\/www.jornalja.com.br\/ambiente\/wp-content\/uploads\/sites\/3\/2021\/11\/wien-proteste.jpg\" alt=\"\" width=\"660\" height=\"538\" srcset=\"https:\/\/www.jornalja.com.br\/ambiente\/wp-content\/uploads\/sites\/3\/2021\/11\/wien-proteste.jpg 660w, https:\/\/www.jornalja.com.br\/ambiente\/wp-content\/uploads\/sites\/3\/2021\/11\/wien-proteste-300x245.jpg 300w\" sizes=\"(max-width: 660px) 100vw, 660px\" \/><figcaption id=\"caption-attachment-83617\" class=\"wp-caption-text\">Em Viena, dezenas de milhares de pessoas foram \u00e0s ruas protestar contra as \u00faltimas medidas do governo austr\u00edaco, incluindo o Lockdown e a vacina obrigat\u00f3ria. &#8220;Tirem as m\u00e3os das nossas criancas&#8221;, diz o cartaz no protesto do partido de extrema-direita, FP\u00d6 (Vadim Ghirda \/ DPA)<\/figcaption><\/figure>\n<p class=\"intertit\"><span style=\"font-weight: 400\">Risco desconhecido<\/span><\/p>\n<p><span style=\"font-weight: 400\">&#8220;Eu n\u00e3o vacino crian\u00e7as contra a Covid-19&#8221;, afirma Dra. Ilona Ziethen-Borkhoni, pediatra que h\u00e1 30 anos atende crian\u00e7as de todas as idades no bairro de Wilmersdorf, da capital Berlim. &#8220;Elas (as crian\u00e7as) n\u00e3o precisam de imuniza\u00e7\u00e3o para uma doen\u00e7a que, na imensa maioria dos casos, n\u00e3o \u00e9 perigosa para elas&#8221;, justifica a m\u00e9dica.\u00a0<\/span><\/p>\n<p><span style=\"font-weight: 400\">Vacinada duplamente com o imunizante da Pfizer, Dra. Ziethen-Borkhoni explica que se existe um risco, ele \u00e9 desconhecido. &#8220;Tudo isso \u00e9 muito novo ainda, muito incerto. N\u00e3o vale a pena arriscar com a sa\u00fade das criancas&#8221;, acredita, ponderando que respeita a posi\u00e7\u00e3o divergente de outros colegas.<\/span><\/p>\n<p class=\"intertit\"><span style=\"font-weight: 400\">Transpar\u00eancia ajuda<\/span><\/p>\n<p><span style=\"font-weight: 400\">A posi\u00e7\u00e3o da pediatra \u00e9 na pr\u00e1tica o contr\u00e1rio do que pregam as autoridades alem\u00e3s. A principal a\u00e7\u00e3o do governo \u00e9 ainda a terceira dose para todas as pessoas acima dos 18 anos. &#8220;Mais de sete bilh\u00f5es de doses j\u00e1 foram aplicadas no mundo, muitas delas em ambientes muito controlados, por um per\u00edodo de mais de um ano. Isso demonstra sua seguranca&#8221;, <a href=\"https:\/\/www.youtube.com\/watch?v=nt-KQSE9QKk\">argumenta a vir\u00f3loga Ulrike Protzer, diretora do Instituto de Virologia da Universidade T\u00e9cnica de Munique<\/a>.<\/span><\/p>\n<p><span style=\"font-weight: 400\">Na <a href=\"https:\/\/www.youtube.com\/watch?v=Sy54I6fGFEA&amp;t=499s\">an\u00e1lise met\u00f3dica do Dr. John Campbell<\/a>, quest\u00f5es importantes continuam sem resposta, atrapalhando a conquista da confian\u00e7a do p\u00fablico que resiste \u00e0 vacina. &#8220;Empresas que est\u00e3o ganhando muito dinheiro controlam todo o processo&#8221;, cita,\u00a0 ao lembrar que os estudos oficiais de avalia\u00e7\u00e3o das vacinas para a Covid-19 s\u00e3o feitos pelas pr\u00f3prias fabricantes, e elas n\u00e3o disponibilizam abertamente seus dados. &#8220;Mais transpar\u00eancia s\u00f3 ajudaria&#8221;, diz ele.<\/span><\/p>\n<p class=\"intertit\"><span style=\"font-weight: 400\">Muito raro<\/span><\/p>\n<p><span style=\"font-weight: 400\">Ao entrevistar <a href=\"https:\/\/www.youtube.com\/watch?v=7rZZTPp-eYU\">outras pessoas afetadas<\/a>, profissionais e pesquisadores, Dr.Campbell aponta tamb\u00e9m den\u00fancias de problemas na consist\u00eancia dos dados usados para aprovar as vacinas nos EUA e Europa. &#8220;S\u00e3o perguntas em aberto. Os documentos oficiais n\u00e3o especificam um percentual de efeitos adversos, por exemplo. Falam apenas que eles &#8220;s\u00e3o muito raros&#8221;. Mas quanto \u00e9 &#8220;muito raro?&#8221;, indaga o professor aposentado de Enfermagem.\u00a0<\/span><\/p>\n<p><span style=\"font-weight: 400\">Na opini\u00e3o dele, o mais sensato agora seria trabalhar para esclarecer todas as d\u00favidas da popula\u00e7\u00e3o. &#8220;S\u00f3 assim para cada um calcular o seu risco, seja com a vacina, ou sem ela&#8221;, ensina.\u00a0\u00a0<\/span><\/p>\n","protected":false},"excerpt":{"rendered":"<p>&nbsp; A Europa est\u00e1 sendo arrastada pela quarta onda da pandemia para um novo confinamento. Depois de adotar restri\u00e7\u00f5es a n\u00e3o vacinados, pa\u00edses como \u00c1ustria e Holanda j\u00e1 decretaram lockdown na \u00faltima semana. Na Alemanha, entra em vigor a vers\u00e3o &#8220;light&#8221; das medidas para reduzir a circula\u00e7\u00e3o de pessoas. N\u00e3o vacinados est\u00e3o proibidos de fazer [&hellip;]<\/p>\n","protected":false},"author":22,"featured_media":83614,"comment_status":"open","ping_status":"open","sticky":false,"template":"","format":"standard","meta":{"jetpack_post_was_ever_published":false,"_jetpack_newsletter_access":"","_jetpack_dont_email_post_to_subs":false,"_jetpack_newsletter_tier_id":0,"_jetpack_memberships_contains_paywalled_content":false,"_jetpack_memberships_contains_paid_content":false,"footnotes":"","jetpack_publicize_message":"","jetpack_publicize_feature_enabled":true,"jetpack_social_post_already_shared":true,"jetpack_social_options":{"image_generator_settings":{"template":"highway","default_image_id":0,"font":"","enabled":false},"version":2}},"categories":[4],"tags":[59,161,16,214,215,220,171,138,201,217,114,115,141,8,205],"class_list":["post-83612","post","type-post","status-publish","format-standard","has-post-thumbnail","hentry","category-ambiente-geral","tag-agua","tag-alemanha","tag-ambiente","tag-coronavirus-na-alemanha","tag-covid-19","tag-europa","tag-finame","tag-governo","tag-pandemia","tag-politica-de-saude","tag-protestos","tag-redes-sociais","tag-rios","tag-saude","tag-sema"],"aioseo_notices":[],"jetpack_publicize_connections":[],"jetpack_featured_media_url":"https:\/\/www.jornalja.com.br\/ambiente\/wp-content\/uploads\/sites\/3\/2021\/11\/coronavirusprotests112021.jpg","jetpack-related-posts":[{"id":83687,"url":"https:\/\/www.jornalja.com.br\/ambiente\/apesar-da-vacinacao-lockdown-avanca-na-europa\/","url_meta":{"origin":83612,"position":0},"title":"Apesar da vacina\u00e7\u00e3o, lockdown avan\u00e7a na Europa","author":"Mariano Senna","date":"19 de dezembro de 2021","format":false,"excerpt":"O social-democrata Karl Lauterbach, guru da pandemia e agora ministro da Sa\u00fade na Alemanha, mostrou a que veio j\u00e1 na sua primeira confer\u00eancia de imprensa como titular do cargo, dia 16\/12\/2021. \"Compramos 80 milh\u00f5es de doses para os pr\u00f3ximos meses\", anunciou ele em Berlin para os jornalistas na ocasi\u00e3o. O\u2026","rel":"","context":"Em &quot;Ambiente J\u00c1-MAT\u00c9RIA&quot;","block_context":{"text":"Ambiente J\u00c1-MAT\u00c9RIA","link":"https:\/\/www.jornalja.com.br\/ambiente\/category\/ambiente-geral\/"},"img":{"alt_text":"","src":"https:\/\/i0.wp.com\/www.jornalja.com.br\/ambiente\/wp-content\/uploads\/sites\/3\/2021\/12\/demo18122021contentgross.jpg?resize=350%2C200&ssl=1","width":350,"height":200,"srcset":"https:\/\/i0.wp.com\/www.jornalja.com.br\/ambiente\/wp-content\/uploads\/sites\/3\/2021\/12\/demo18122021contentgross.jpg?resize=350%2C200&ssl=1 1x, https:\/\/i0.wp.com\/www.jornalja.com.br\/ambiente\/wp-content\/uploads\/sites\/3\/2021\/12\/demo18122021contentgross.jpg?resize=525%2C300&ssl=1 1.5x"},"classes":[]},{"id":83577,"url":"https:\/\/www.jornalja.com.br\/ambiente\/incompreensoes-marcam-a-quarta-onda-do-corona-na-europa\/","url_meta":{"origin":83612,"position":1},"title":"Incompreens\u00f5es marcam a quarta onda do Corona na Europa","author":"Mariano Senna","date":"4 de novembro de 2021","format":false,"excerpt":"Na Alemanha, a discuss\u00e3o sobre o passaporte da vacina do Corona \u00e9 antiga. Em junho passado, in\u00edcio da temporada de ver\u00e3o, o governo lan\u00e7ou o atestado digital de vacina\u00e7\u00e3o, batizado \"CovPass-app\". \"Com ele ser\u00e1 mais f\u00e1cil viajar, pelo menos dentro da Europa\", disse na \u00e9poca o ministro da Sa\u00fade, Jens\u2026","rel":"","context":"Em &quot;Ambiente J\u00c1-MAT\u00c9RIA&quot;","block_context":{"text":"Ambiente J\u00c1-MAT\u00c9RIA","link":"https:\/\/www.jornalja.com.br\/ambiente\/category\/ambiente-geral\/"},"img":{"alt_text":"","src":"https:\/\/i0.wp.com\/www.jornalja.com.br\/ambiente\/wp-content\/uploads\/sites\/3\/2021\/11\/gesundheitsminister-jens-spahn-rki-praesident-lothar-wieler-199705h.jpg?resize=350%2C200&ssl=1","width":350,"height":200,"srcset":"https:\/\/i0.wp.com\/www.jornalja.com.br\/ambiente\/wp-content\/uploads\/sites\/3\/2021\/11\/gesundheitsminister-jens-spahn-rki-praesident-lothar-wieler-199705h.jpg?resize=350%2C200&ssl=1 1x, https:\/\/i0.wp.com\/www.jornalja.com.br\/ambiente\/wp-content\/uploads\/sites\/3\/2021\/11\/gesundheitsminister-jens-spahn-rki-praesident-lothar-wieler-199705h.jpg?resize=525%2C300&ssl=1 1.5x, https:\/\/i0.wp.com\/www.jornalja.com.br\/ambiente\/wp-content\/uploads\/sites\/3\/2021\/11\/gesundheitsminister-jens-spahn-rki-praesident-lothar-wieler-199705h.jpg?resize=700%2C400&ssl=1 2x"},"classes":[]},{"id":83653,"url":"https:\/\/www.jornalja.com.br\/ambiente\/lockdown-dos-nao-vacinados-inicia-a-troca-de-poder-na-alemanha\/","url_meta":{"origin":83612,"position":2},"title":"Lockdown dos n\u00e3o vacinados inicia a troca de poder na Alemanha","author":"Mariano Senna","date":"6 de dezembro de 2021","format":false,"excerpt":"\"Um ato de solidariedade nacional\", definiu Angela Merkel, ainda primeira-ministra, com rela\u00e7\u00e3o ao novo pacote de medidas para enfrentar a quarta onda da pandemia na Alemanha. \"A situa\u00e7\u00e3o \u00e9 muito s\u00e9ria\", justificou ela em sua \u00faltima confer\u00eancia de imprensa como chefe de estado na quinta-feira (02\/12\/2021). N\u00e3o vacinados est\u00e3o oficialmente\u2026","rel":"","context":"Em &quot;Ambiente J\u00c1-MAT\u00c9RIA&quot;","block_context":{"text":"Ambiente J\u00c1-MAT\u00c9RIA","link":"https:\/\/www.jornalja.com.br\/ambiente\/category\/ambiente-geral\/"},"img":{"alt_text":"","src":"https:\/\/i0.wp.com\/www.jornalja.com.br\/ambiente\/wp-content\/uploads\/sites\/3\/2021\/12\/merkelolaf2021.jpg?resize=350%2C200&ssl=1","width":350,"height":200,"srcset":"https:\/\/i0.wp.com\/www.jornalja.com.br\/ambiente\/wp-content\/uploads\/sites\/3\/2021\/12\/merkelolaf2021.jpg?resize=350%2C200&ssl=1 1x, https:\/\/i0.wp.com\/www.jornalja.com.br\/ambiente\/wp-content\/uploads\/sites\/3\/2021\/12\/merkelolaf2021.jpg?resize=525%2C300&ssl=1 1.5x, https:\/\/i0.wp.com\/www.jornalja.com.br\/ambiente\/wp-content\/uploads\/sites\/3\/2021\/12\/merkelolaf2021.jpg?resize=700%2C400&ssl=1 2x, https:\/\/i0.wp.com\/www.jornalja.com.br\/ambiente\/wp-content\/uploads\/sites\/3\/2021\/12\/merkelolaf2021.jpg?resize=1050%2C600&ssl=1 3x, https:\/\/i0.wp.com\/www.jornalja.com.br\/ambiente\/wp-content\/uploads\/sites\/3\/2021\/12\/merkelolaf2021.jpg?resize=1400%2C800&ssl=1 4x"},"classes":[]},{"id":83642,"url":"https:\/\/www.jornalja.com.br\/ambiente\/omicron-aumenta-pressao-por-vacina-ultrapassada-na-europa\/","url_meta":{"origin":83612,"position":3},"title":"Omicron aumenta press\u00e3o por vacina\u00e7\u00e3o na Europa","author":"Mariano Senna","date":"1 de dezembro de 2021","format":false,"excerpt":"A chegada da variante Omicron, do v\u00edrus Corona, sacudiu a j\u00e1 abalada pol\u00edtica de combate da quarta onda da pandemia na Rep\u00fablica Federal da Alemanha. Antes da \"nova variante\", estados como a Bav\u00e1ria estavam sendo obrigados a transferir pacientes a pa\u00edses vizinhos devido \u00e0 superlota\u00e7\u00e3o de hospitais. Ao mesmo tempo,\u2026","rel":"","context":"Em &quot;Ambiente J\u00c1-MAT\u00c9RIA&quot;","block_context":{"text":"Ambiente J\u00c1-MAT\u00c9RIA","link":"https:\/\/www.jornalja.com.br\/ambiente\/category\/ambiente-geral\/"},"img":{"alt_text":"","src":"https:\/\/i0.wp.com\/www.jornalja.com.br\/ambiente\/wp-content\/uploads\/sites\/3\/2021\/12\/wdrforyou-corona-impfung-bei-kindern-100-v-gseapremiumxl.jpg?resize=350%2C200&ssl=1","width":350,"height":200,"srcset":"https:\/\/i0.wp.com\/www.jornalja.com.br\/ambiente\/wp-content\/uploads\/sites\/3\/2021\/12\/wdrforyou-corona-impfung-bei-kindern-100-v-gseapremiumxl.jpg?resize=350%2C200&ssl=1 1x, https:\/\/i0.wp.com\/www.jornalja.com.br\/ambiente\/wp-content\/uploads\/sites\/3\/2021\/12\/wdrforyou-corona-impfung-bei-kindern-100-v-gseapremiumxl.jpg?resize=525%2C300&ssl=1 1.5x, https:\/\/i0.wp.com\/www.jornalja.com.br\/ambiente\/wp-content\/uploads\/sites\/3\/2021\/12\/wdrforyou-corona-impfung-bei-kindern-100-v-gseapremiumxl.jpg?resize=700%2C400&ssl=1 2x"},"classes":[]},{"id":83665,"url":"https:\/\/www.jornalja.com.br\/ambiente\/obrigatoriedade-radicaliza-opositores-da-vacina-na-europa\/","url_meta":{"origin":83612,"position":4},"title":"Obrigatoriedade radicaliza opositores da vacina na Europa","author":"Mariano Senna","date":"15 de dezembro de 2021","format":false,"excerpt":"Em paralelo \u00e0 massiva campanha de vacina\u00e7\u00e3o, a Alemanha se confronta \u00e0s v\u00e9speras do Natal com a \"radicaliza\u00e7\u00e3o\" dos grupos opostos \u00e0 pol\u00edtica de combate da pandemia. \"Eu dividiria em tr\u00eas grupos: radicais de direita e inimigos da democracia, negacionistas e crentes de teorias conspiracionistas, paran\u00f3icos e pessoas com medos\u2026","rel":"","context":"Em &quot;Ambiente J\u00c1-MAT\u00c9RIA&quot;","block_context":{"text":"Ambiente J\u00c1-MAT\u00c9RIA","link":"https:\/\/www.jornalja.com.br\/ambiente\/category\/ambiente-geral\/"},"img":{"alt_text":"","src":"https:\/\/i0.wp.com\/www.jornalja.com.br\/ambiente\/wp-content\/uploads\/sites\/3\/2021\/12\/thuringenspazierengangs122021.jpeg?resize=350%2C200&ssl=1","width":350,"height":200,"srcset":"https:\/\/i0.wp.com\/www.jornalja.com.br\/ambiente\/wp-content\/uploads\/sites\/3\/2021\/12\/thuringenspazierengangs122021.jpeg?resize=350%2C200&ssl=1 1x, https:\/\/i0.wp.com\/www.jornalja.com.br\/ambiente\/wp-content\/uploads\/sites\/3\/2021\/12\/thuringenspazierengangs122021.jpeg?resize=525%2C300&ssl=1 1.5x, https:\/\/i0.wp.com\/www.jornalja.com.br\/ambiente\/wp-content\/uploads\/sites\/3\/2021\/12\/thuringenspazierengangs122021.jpeg?resize=700%2C400&ssl=1 2x, https:\/\/i0.wp.com\/www.jornalja.com.br\/ambiente\/wp-content\/uploads\/sites\/3\/2021\/12\/thuringenspazierengangs122021.jpeg?resize=1050%2C600&ssl=1 3x"},"classes":[]},{"id":81823,"url":"https:\/\/www.jornalja.com.br\/ambiente\/vacina-para-tuberculose-sera-testada-para-o-coronavirus\/","url_meta":{"origin":83612,"position":5},"title":"Vacina para tuberculose ser\u00e1 testada em infectados pelo coronavirus","author":"da Reda\u00e7\u00e3o","date":"27 de mar\u00e7o de 2020","format":false,"excerpt":"Uma equipe\u00a0de pesquisadores\u00a0do Instituto Murdoch, na Austr\u00e1lia, anunciou que vai testar em profissionais de sa\u00fade afetados\u00a0pelo covid-19\u00a0uma vacina utilizada para tratar a tuberculose. O objetivo \u00e9 verificar a efic\u00e1cia na redu\u00e7\u00e3o\u00a0dos sintomas da doen\u00e7a. \u201cEmbora originalmente tenha\u00a0sido desenvolvido para tratar a tuberculose e de ainda ser administrado a mais de\u2026","rel":"","context":"Em &quot;Ambiente J\u00c1-MAT\u00c9RIA&quot;","block_context":{"text":"Ambiente J\u00c1-MAT\u00c9RIA","link":"https:\/\/www.jornalja.com.br\/ambiente\/category\/ambiente-geral\/"},"img":{"alt_text":"","src":"","width":0,"height":0},"classes":[]}],"jetpack_shortlink":"https:\/\/wp.me\/pbKnZo-lKA","jetpack_sharing_enabled":true,"_links":{"self":[{"href":"https:\/\/www.jornalja.com.br\/ambiente\/wp-json\/wp\/v2\/posts\/83612","targetHints":{"allow":["GET"]}}],"collection":[{"href":"https:\/\/www.jornalja.com.br\/ambiente\/wp-json\/wp\/v2\/posts"}],"about":[{"href":"https:\/\/www.jornalja.com.br\/ambiente\/wp-json\/wp\/v2\/types\/post"}],"author":[{"embeddable":true,"href":"https:\/\/www.jornalja.com.br\/ambiente\/wp-json\/wp\/v2\/users\/22"}],"replies":[{"embeddable":true,"href":"https:\/\/www.jornalja.com.br\/ambiente\/wp-json\/wp\/v2\/comments?post=83612"}],"version-history":[{"count":1,"href":"https:\/\/www.jornalja.com.br\/ambiente\/wp-json\/wp\/v2\/posts\/83612\/revisions"}],"predecessor-version":[{"id":83619,"href":"https:\/\/www.jornalja.com.br\/ambiente\/wp-json\/wp\/v2\/posts\/83612\/revisions\/83619"}],"wp:featuredmedia":[{"embeddable":true,"href":"https:\/\/www.jornalja.com.br\/ambiente\/wp-json\/wp\/v2\/media\/83614"}],"wp:attachment":[{"href":"https:\/\/www.jornalja.com.br\/ambiente\/wp-json\/wp\/v2\/media?parent=83612"}],"wp:term":[{"taxonomy":"category","embeddable":true,"href":"https:\/\/www.jornalja.com.br\/ambiente\/wp-json\/wp\/v2\/categories?post=83612"},{"taxonomy":"post_tag","embeddable":true,"href":"https:\/\/www.jornalja.com.br\/ambiente\/wp-json\/wp\/v2\/tags?post=83612"}],"curies":[{"name":"wp","href":"https:\/\/api.w.org\/{rel}","templated":true}]}}