{"id":83627,"date":"2021-11-30T00:10:10","date_gmt":"2021-11-30T03:10:10","guid":{"rendered":"https:\/\/www.jornalja.com.br\/ambiente\/?p=83627"},"modified":"2021-11-30T00:10:10","modified_gmt":"2021-11-30T03:10:10","slug":"governo-abre-concurso-para-preencher-56-vagas-na-fundacao-de-protecao-ambiental","status":"publish","type":"post","link":"https:\/\/www.jornalja.com.br\/ambiente\/governo-abre-concurso-para-preencher-56-vagas-na-fundacao-de-protecao-ambiental\/","title":{"rendered":"Governo abre concurso para preencher 56 vagas na Funda\u00e7\u00e3o de Prote\u00e7\u00e3o Ambiental"},"content":{"rendered":"<p>A Funda\u00e7\u00e3o Estadual de Prote\u00e7\u00e3o Ambiental (Fepam) vai realizar concurso p\u00fablico para o preenchimento de 56 vagas do quadro permanente de funcion\u00e1rios.<\/p>\n<p>Dos 56 cargos a serem ocupados, est\u00e3o previstas 38 vagas para analistas, 6 para agentes t\u00e9cnicos e 12 para agentes administrativos. Os novos servidores dever\u00e3o integrar as equipes respons\u00e1veis pelo licenciamento ambiental, fiscaliza\u00e7\u00e3o e \u00e1rea administrativa.<\/p>\n<p>&#8220;A Fepam passa por um processo de transforma\u00e7\u00e3o e precisa dar respostas a uma demanda crescente em antigas e novas \u00e1reas de atua\u00e7\u00e3o. Embora tenhamos qualificado os procedimentos licenciat\u00f3rios com o objetivo de dinamizar os processos, tamb\u00e9m \u00e9 preciso que o corpo de servidores seja capaz de dar vaz\u00e3o a essa demanda, de forma eficiente, em todas as suas formas de atua\u00e7\u00e3o, sejam os mesmos ligados a \u00e1rea fim ou meio da institui\u00e7\u00e3o&#8221;, afirma a presidente da Fepam, Marjorie Kauffmann.<\/p>\n<p>O \u00faltimo concurso realizado pelo \u00f3rg\u00e3o foi em 2015. Diretor administrativo, Almir Azeredo refor\u00e7a que o acr\u00e9scimo de pessoal deve compensar a sa\u00edda de funcion\u00e1rios ocorrida nos \u00faltimos anos, por aposentadoria ou desligamento volunt\u00e1rio, e acarretar\u00e1 em aumento da capacidade de processamento de documentos licenciat\u00f3rios.<\/p>\n<p>&#8220;A entrada de novos t\u00e9cnicos ir\u00e1 qualificar ainda mais nosso resultado no licenciamento, na fiscaliza\u00e7\u00e3o, no desenvolvimento de estudos e de pesquisas, bem como na execu\u00e7\u00e3o de programas e projetos com vistas \u00e0 Pol\u00edtica Estadual do Meio Ambiente, para assegurar a prote\u00e7\u00e3o e a preserva\u00e7\u00e3o no Estado do Rio Grande do Sul&#8221;, refor\u00e7a Azeredo.<\/p>\n<p>A partir da autoriza\u00e7\u00e3o do governo, a diretoria ir\u00e1 encaminhar os detalhes para a contrata\u00e7\u00e3o da empresa respons\u00e1vel pela realiza\u00e7\u00e3o do concurso. As datas para as inscri\u00e7\u00f5es e aplica\u00e7\u00e3o das provas ser\u00e3o divulgadas antecipadamente pelos canais oficiais da Fepam<\/p>\n","protected":false},"excerpt":{"rendered":"<p>A Funda\u00e7\u00e3o Estadual de Prote\u00e7\u00e3o Ambiental (Fepam) vai realizar concurso p\u00fablico para o preenchimento de 56 vagas do quadro permanente de funcion\u00e1rios. Dos 56 cargos a serem ocupados, est\u00e3o previstas 38 vagas para analistas, 6 para agentes t\u00e9cnicos e 12 para agentes administrativos. Os novos servidores dever\u00e3o integrar as equipes respons\u00e1veis pelo licenciamento ambiental, fiscaliza\u00e7\u00e3o [&hellip;]<\/p>\n","protected":false},"author":4,"featured_media":0,"comment_status":"open","ping_status":"open","sticky":false,"template":"","format":"standard","meta":{"jetpack_post_was_ever_published":false,"_jetpack_newsletter_access":"","_jetpack_dont_email_post_to_subs":false,"_jetpack_newsletter_tier_id":0,"_jetpack_memberships_contains_paywalled_content":false,"_jetpack_memberships_contains_paid_content":false,"footnotes":"","jetpack_publicize_message":"","jetpack_publicize_feature_enabled":true,"jetpack_social_post_already_shared":true,"jetpack_social_options":{"image_generator_settings":{"template":"highway","default_image_id":0,"font":"","enabled":false},"version":2}},"categories":[18],"tags":[16,184,138,52,38,141],"class_list":["post-83627","post","type-post","status-publish","format-standard","hentry","category-notas-ambiente-ja","tag-ambiente","tag-fepam","tag-governo","tag-meio-ambiente","tag-rio-grande-do-sul","tag-rios"],"aioseo_notices":[],"jetpack_publicize_connections":[],"jetpack_featured_media_url":"","jetpack-related-posts":[{"id":83707,"url":"https:\/\/www.jornalja.com.br\/ambiente\/funcionarios-da-fepam-denunciam-ataque-sem-precedentes-a-protecao-ambiental-no-rio-grande-do-sul\/","url_meta":{"origin":83627,"position":0},"title":"Funcion\u00e1rios da Fepam denunciam &#8220;ataque sem precedentes \u00e0 prote\u00e7\u00e3o ambiental no Rio Grande do Sul&#8221;","author":"da Reda\u00e7\u00e3o","date":"7 de janeiro de 2022","format":false,"excerpt":"Em nota oficial,\u00a0 assinada por sua presidente Paula Rodrigues Tavares, a \u00a0Associa\u00e7\u00e3o dos Servidores da Funda\u00e7\u00e3o Estadual de Prote\u00e7\u00e3o Ambiental\u00a0 \u00a0\"denuncia e repudia\"\u00a0 o que considera uma \"tentativa de desmoralizar o licenciamento ambiental no Rio Grande do Sul\". A nota se refere \u00e0 Instru\u00e7\u00e3o Normativa n\u00famero 01\/2022 publicada no Di\u00e1rio\u2026","rel":"","context":"Em &quot;Ambiente J\u00c1-MAT\u00c9RIA&quot;","block_context":{"text":"Ambiente J\u00c1-MAT\u00c9RIA","link":"https:\/\/www.jornalja.com.br\/ambiente\/category\/ambiente-geral\/"},"img":{"alt_text":"APA do Banhado Grande \/ Foto SemaRS","src":"https:\/\/i0.wp.com\/www.jornalja.com.br\/ambiente\/wp-content\/uploads\/sites\/3\/2022\/01\/apa-do-banhando-grande-sema.jpg?resize=350%2C200&ssl=1","width":350,"height":200,"srcset":"https:\/\/i0.wp.com\/www.jornalja.com.br\/ambiente\/wp-content\/uploads\/sites\/3\/2022\/01\/apa-do-banhando-grande-sema.jpg?resize=350%2C200&ssl=1 1x, https:\/\/i0.wp.com\/www.jornalja.com.br\/ambiente\/wp-content\/uploads\/sites\/3\/2022\/01\/apa-do-banhando-grande-sema.jpg?resize=525%2C300&ssl=1 1.5x, https:\/\/i0.wp.com\/www.jornalja.com.br\/ambiente\/wp-content\/uploads\/sites\/3\/2022\/01\/apa-do-banhando-grande-sema.jpg?resize=700%2C400&ssl=1 2x"},"classes":[]},{"id":83905,"url":"https:\/\/www.jornalja.com.br\/ambiente\/associacao-dos-servidores-da-fepam-rebate-candidatos-ao-governo-gaucho\/","url_meta":{"origin":83627,"position":1},"title":"Associa\u00e7\u00e3o dos Servidores da FEPAM rebate candidatos ao governo ga\u00facho\u00a0","author":"Cleber Dioni Tentardini","date":"15 de agosto de 2022","format":false,"excerpt":"NOTA DE ESCLARECIMENTO \u00c0 SOCIEDADE GA\u00daCHA QUANTO \u00c0S CITA\u00c7\u00d5ES SOBRE A FEPAM NO DEBATE ENTRE OS CANDIDATOS AO GOVERNO DO ESTADO DO RIO GRANDE DO SUL Considerando as cita\u00e7\u00f5es \u00e0 FEPAM durante Debate entre os candidatos ao Governo do Estado do Rio Grande do Sul, na emissora Band\/RS, ocorrido no\u2026","rel":"","context":"Em &quot;Ambiente J\u00c1-NOTAS&quot;","block_context":{"text":"Ambiente J\u00c1-NOTAS","link":"https:\/\/www.jornalja.com.br\/ambiente\/category\/notas-ambiente-ja\/"},"img":{"alt_text":"","src":"","width":0,"height":0},"classes":[]},{"id":78671,"url":"https:\/\/www.jornalja.com.br\/ambiente\/entidades-repudiam-agressoes-a-ex-titular-do-meio-ambiente\/","url_meta":{"origin":83627,"position":2},"title":"Entidades repudiam agress\u00f5es a ex-titular do Meio Ambiente","author":"Cleber Dioni Tentardini","date":"28 de outubro de 2019","format":false,"excerpt":"O Semapi Sindicato e a Associa\u00e7\u00e3o dos Servidores da Fepam assinam nota, publicada nos jornais nesta segunda-feira, 28, em que repudiam as agress\u00f5es sofridas pelo analista ambiental da Fepam, Jos\u00e9 Alberto Wenzel, por seguran\u00e7as da Assembleia Legislativa, durante audi\u00eancia p\u00fablica sobre o novo c\u00f3digo ambiental, e criticam as propostas de\u2026","rel":"","context":"Em &quot;Ambiente J\u00c1-MAT\u00c9RIA&quot;","block_context":{"text":"Ambiente J\u00c1-MAT\u00c9RIA","link":"https:\/\/www.jornalja.com.br\/ambiente\/category\/ambiente-geral\/"},"img":{"alt_text":"","src":"https:\/\/i0.wp.com\/www.jornalja.com.br\/wp-content\/uploads\/2019\/10\/WhatsApp-Image-2019-10-28-at-12.04.24.jpeg?resize=350%2C200&ssl=1","width":350,"height":200,"srcset":"https:\/\/i0.wp.com\/www.jornalja.com.br\/wp-content\/uploads\/2019\/10\/WhatsApp-Image-2019-10-28-at-12.04.24.jpeg?resize=350%2C200&ssl=1 1x, https:\/\/i0.wp.com\/www.jornalja.com.br\/wp-content\/uploads\/2019\/10\/WhatsApp-Image-2019-10-28-at-12.04.24.jpeg?resize=525%2C300&ssl=1 1.5x, https:\/\/i0.wp.com\/www.jornalja.com.br\/wp-content\/uploads\/2019\/10\/WhatsApp-Image-2019-10-28-at-12.04.24.jpeg?resize=700%2C400&ssl=1 2x"},"classes":[]},{"id":82991,"url":"https:\/\/www.jornalja.com.br\/ambiente\/ministerio-publico-estadual-investiga-devastacao-ambiental-em-arambare\/","url_meta":{"origin":83627,"position":3},"title":"Minist\u00e9rio P\u00fablico Estadual investiga devasta\u00e7\u00e3o ambiental em Arambar\u00e9","author":"Cleber Dioni Tentardini","date":"13 de abril de 2021","format":false,"excerpt":"A Promotoria de Justi\u00e7a Especializada de Camaqu\u00e3, do Minist\u00e9rio P\u00fablico Estadual (MPE), investiga o corte de vegeta\u00e7\u00e3o e queimadas em \u00e1reas de restinga no bairro Caramuru, \u00e0s margens da Lagoa dos Patos, em Arambar\u00e9. A promotora de Justi\u00e7a Fabiane Rios informa que o processo NF.01604.000.061\/2021 est\u00e1 em fase de instru\u00e7\u00e3o.\u2026","rel":"","context":"Em &quot;Ambiente J\u00c1-MAT\u00c9RIA&quot;","block_context":{"text":"Ambiente J\u00c1-MAT\u00c9RIA","link":"https:\/\/www.jornalja.com.br\/ambiente\/category\/ambiente-geral\/"},"img":{"alt_text":"","src":"https:\/\/i0.wp.com\/www.jornalja.com.br\/ambiente\/wp-content\/uploads\/sites\/3\/2021\/04\/corte-de-butia-butia-odorata-especie-ameacada-de-extincao-junto-com-outras-especies-raras-e-caracteristicas-de-restingas-arambare-divulgacao-e1618319360737.jpg?resize=350%2C200&ssl=1","width":350,"height":200,"srcset":"https:\/\/i0.wp.com\/www.jornalja.com.br\/ambiente\/wp-content\/uploads\/sites\/3\/2021\/04\/corte-de-butia-butia-odorata-especie-ameacada-de-extincao-junto-com-outras-especies-raras-e-caracteristicas-de-restingas-arambare-divulgacao-e1618319360737.jpg?resize=350%2C200&ssl=1 1x, https:\/\/i0.wp.com\/www.jornalja.com.br\/ambiente\/wp-content\/uploads\/sites\/3\/2021\/04\/corte-de-butia-butia-odorata-especie-ameacada-de-extincao-junto-com-outras-especies-raras-e-caracteristicas-de-restingas-arambare-divulgacao-e1618319360737.jpg?resize=525%2C300&ssl=1 1.5x, https:\/\/i0.wp.com\/www.jornalja.com.br\/ambiente\/wp-content\/uploads\/sites\/3\/2021\/04\/corte-de-butia-butia-odorata-especie-ameacada-de-extincao-junto-com-outras-especies-raras-e-caracteristicas-de-restingas-arambare-divulgacao-e1618319360737.jpg?resize=700%2C400&ssl=1 2x"},"classes":[]},{"id":85892,"url":"https:\/\/www.jornalja.com.br\/ambiente\/mpf-recomenda-suspender-licenciamento-de-industria-de-celulose-da-cpmc-em-barra-do-ribeiro\/","url_meta":{"origin":83627,"position":4},"title":"MPF recomenda suspender licenciamento de ind\u00fastria de celulose da CPMC em Barra do Ribeiro","author":"da Reda\u00e7\u00e3o","date":"2 de mar\u00e7o de 2026","format":false,"excerpt":"O Minist\u00e9rio P\u00fablico Federal (MPF) recomendou, nesta segunda-feira, 2 de mar\u00e7o, a suspens\u00e3o imediata do licenciamento ambiental do \"Projeto Natureza\", da empresa CMPC, em Barra do Ribeiro (RS), at\u00e9 que as comunidades ind\u00edgenas locais sejam devidamente ouvidas. As recomenda\u00e7\u00f5es foram expedidas ao Minist\u00e9rio dos Povos Ind\u00edgenas (MPI), \u00e0 Funda\u00e7\u00e3o Nacional\u2026","rel":"","context":"Em &quot;Ambiente J\u00c1-MAT\u00c9RIA&quot;","block_context":{"text":"Ambiente J\u00c1-MAT\u00c9RIA","link":"https:\/\/www.jornalja.com.br\/ambiente\/category\/ambiente-geral\/"},"img":{"alt_text":"","src":"https:\/\/i0.wp.com\/www.jornalja.com.br\/ambiente\/wp-content\/uploads\/sites\/3\/2026\/02\/foto-industrial.png?resize=350%2C200&ssl=1","width":350,"height":200,"srcset":"https:\/\/i0.wp.com\/www.jornalja.com.br\/ambiente\/wp-content\/uploads\/sites\/3\/2026\/02\/foto-industrial.png?resize=350%2C200&ssl=1 1x, https:\/\/i0.wp.com\/www.jornalja.com.br\/ambiente\/wp-content\/uploads\/sites\/3\/2026\/02\/foto-industrial.png?resize=525%2C300&ssl=1 1.5x, https:\/\/i0.wp.com\/www.jornalja.com.br\/ambiente\/wp-content\/uploads\/sites\/3\/2026\/02\/foto-industrial.png?resize=700%2C400&ssl=1 2x"},"classes":[]},{"id":81995,"url":"https:\/\/www.jornalja.com.br\/ambiente\/fundacao-zoobotanica-do-rio-grande-do-sul-esta-oficialmente-extinta\/","url_meta":{"origin":83627,"position":5},"title":"Funda\u00e7\u00e3o Zoobot\u00e2nica do Rio Grande do Sul est\u00e1 oficialmente extinta","author":"da Reda\u00e7\u00e3o","date":"18 de maio de 2020","format":false,"excerpt":"Cleber Dioni Tentardini A Funda\u00e7\u00e3o Zoobot\u00e2nica do Rio Grande do Sul, uma das institui\u00e7\u00f5es de pesquisa em meio ambiente mais respeitadas do Brasil, foi oficialmente extinta na manh\u00e3 desta sexta-feira pela Receita Federal. O \u00f3rg\u00e3o deu baixa no CNPJ - Cadastro Nacional de Pessoa Jur\u00eddica \u2013 n\u00ba 87.912.929\/0001-75, registrado h\u00e1\u2026","rel":"","context":"Em &quot;Ambiente J\u00c1-MAT\u00c9RIA&quot;","block_context":{"text":"Ambiente J\u00c1-MAT\u00c9RIA","link":"https:\/\/www.jornalja.com.br\/ambiente\/category\/ambiente-geral\/"},"img":{"alt_text":"","src":"https:\/\/i0.wp.com\/www.jornalja.com.br\/ambiente\/wp-content\/uploads\/sites\/3\/2020\/05\/Funda%C3%A7%C3%A3o-Zoobot%C3%A2nica.jpg?resize=350%2C200&ssl=1","width":350,"height":200,"srcset":"https:\/\/i0.wp.com\/www.jornalja.com.br\/ambiente\/wp-content\/uploads\/sites\/3\/2020\/05\/Funda%C3%A7%C3%A3o-Zoobot%C3%A2nica.jpg?resize=350%2C200&ssl=1 1x, https:\/\/i0.wp.com\/www.jornalja.com.br\/ambiente\/wp-content\/uploads\/sites\/3\/2020\/05\/Funda%C3%A7%C3%A3o-Zoobot%C3%A2nica.jpg?resize=525%2C300&ssl=1 1.5x, https:\/\/i0.wp.com\/www.jornalja.com.br\/ambiente\/wp-content\/uploads\/sites\/3\/2020\/05\/Funda%C3%A7%C3%A3o-Zoobot%C3%A2nica.jpg?resize=700%2C400&ssl=1 2x"},"classes":[]}],"jetpack_shortlink":"https:\/\/wp.me\/pbKnZo-lKP","jetpack_sharing_enabled":true,"_links":{"self":[{"href":"https:\/\/www.jornalja.com.br\/ambiente\/wp-json\/wp\/v2\/posts\/83627","targetHints":{"allow":["GET"]}}],"collection":[{"href":"https:\/\/www.jornalja.com.br\/ambiente\/wp-json\/wp\/v2\/posts"}],"about":[{"href":"https:\/\/www.jornalja.com.br\/ambiente\/wp-json\/wp\/v2\/types\/post"}],"author":[{"embeddable":true,"href":"https:\/\/www.jornalja.com.br\/ambiente\/wp-json\/wp\/v2\/users\/4"}],"replies":[{"embeddable":true,"href":"https:\/\/www.jornalja.com.br\/ambiente\/wp-json\/wp\/v2\/comments?post=83627"}],"version-history":[{"count":2,"href":"https:\/\/www.jornalja.com.br\/ambiente\/wp-json\/wp\/v2\/posts\/83627\/revisions"}],"predecessor-version":[{"id":83629,"href":"https:\/\/www.jornalja.com.br\/ambiente\/wp-json\/wp\/v2\/posts\/83627\/revisions\/83629"}],"wp:attachment":[{"href":"https:\/\/www.jornalja.com.br\/ambiente\/wp-json\/wp\/v2\/media?parent=83627"}],"wp:term":[{"taxonomy":"category","embeddable":true,"href":"https:\/\/www.jornalja.com.br\/ambiente\/wp-json\/wp\/v2\/categories?post=83627"},{"taxonomy":"post_tag","embeddable":true,"href":"https:\/\/www.jornalja.com.br\/ambiente\/wp-json\/wp\/v2\/tags?post=83627"}],"curies":[{"name":"wp","href":"https:\/\/api.w.org\/{rel}","templated":true}]}}